{"id":965,"date":"2022-02-01T09:54:05","date_gmt":"2022-02-01T08:54:05","guid":{"rendered":"https:\/\/www.isoleolie.it\/eolie\/?p=965"},"modified":"2022-02-01T09:54:47","modified_gmt":"2022-02-01T08:54:47","slug":"ue-da-domani-green-pass-per-viaggiare-vale-9-mesi","status":"publish","type":"post","link":"https:\/\/www.isoleolie.it\/eolie\/ue-da-domani-green-pass-per-viaggiare-vale-9-mesi\/eolie-news\/","title":{"rendered":"Ue: da oggi 1\u00b0 febbraio Green pass per viaggiare vale 9 mesi"},"content":{"rendered":"<h1>Entrano in vigore dal primo febbraio,\u00a0 le nuove regole Ue sulla validit\u00e0 del Green pass per i viaggi in Europa concordate tra i capi di Stato e di governo nel dicembre scorso.<\/h1>\n<p><span style=\"font-size: 14pt;\">I certificati avranno un periodo di validit\u00e0 di 9 mesi (270 giorni) dal completamento del ciclo primario di vaccinazione.<\/span><\/p>\n<p><span style=\"font-size: 14pt;\">\u201cGli Stati membri non dovrebbero prevedere un periodo di accettazione diverso ai fini dei viaggi all\u2019interno dell\u2019Unione europea\u201d, evidenzia la Commissione, precisando che il periodo standard di 9 mesi scatta dalla seconda dose mentre non \u00e8 stata fissata la validit\u00e0 del pass dopo il booster.<\/span><\/p>\n<p><strong><span style=\"font-size: 14pt;\">Le regole valgono solo per i certificati di vaccinazione utilizzati per viaggiare nell\u2019Ue. <\/span><\/strong><\/p>\n<p><span style=\"font-size: 14pt;\">\u201cGli Stati membri possono applicare norme diverse quando utilizzano il Green pass in un contesto nazionale, ma sono invitati ad allinearsi al periodo di accettazione fissato a livello dell\u2019Ue\u201d, sottolinea Bruxelles. <\/span><\/p>\n<p><span style=\"font-size: 14pt;\">Dal primo febbraio entra in vigore anche il nuovo sistema di codifica delle dosi booster: i richiami saranno indicati come 3\/3 per una dose di richiamo a seguito di una vaccinazione primaria a 2 dosi (con AstraZeneca, Moderna e Pfizer-BioNTech) e 2\/1 per una dose di richiamo dopo una vaccinazione a dose singola (Johnson&amp;Johnson) o una dose somministrata a una persona guarita dal Covid.<\/span><\/p>\n<p><span style=\"font-size: 14pt;\">Intanto, Franco Gattinoni, presidente della Federazione Turismo Organizzato di Confcommercio, chiede al ministro della Salute, Roberto Speranza, di correggere la validit\u00e0 del green pass per chi non ha ancora il booster: <\/span><\/p>\n<p><span style=\"font-size: 14pt;\">\u201ci sei mesi di durata che scattano domani \u2013 ha detto Gattinoni \u2013 ci disallineano dalle raccomandazioni Ue che pongono l\u2019asticella a nove mesi e stanno causando migliaia di cancellazioni di viaggi e presenze in Italia, con un grave danno per il turismo organizzato\u201d.\u00a0<\/span><\/p>\n<p>Fonte: travelnostop.com<br \/>\n<script async src=\"https:\/\/pagead2.googlesyndication.com\/pagead\/js\/adsbygoogle.js?client=ca-pub-0374348204273382\" crossorigin=\"anonymous\"><\/script><br \/>\n<ins class=\"adsbygoogle\" style=\"display: block; text-align: center;\" data-ad-layout=\"in-article\" data-ad-format=\"fluid\" data-ad-client=\"ca-pub-0374348204273382\" data-ad-slot=\"7701142189\"><\/ins><br \/>\n<script>\n     (adsbygoogle = window.adsbygoogle || []).push({});\n<\/script><\/p>\n","protected":false},"excerpt":{"rendered":"<p>Entrano in vigore dal primo febbraio,\u00a0 le nuove regole Ue sulla validit\u00e0 del Green pass per i viaggi in Europa concordate tra i capi di Stato e di governo nel dicembre scorso. I certificati avranno un periodo di validit\u00e0 di 9 mesi (270 giorni) dal completamento del ciclo primario di vaccinazione. \u201cGli Stati membri non [&hellip;]<\/p>\n","protected":false},"author":1,"featured_media":962,"comment_status":"closed","ping_status":"closed","sticky":false,"template":"","format":"standard","meta":{"footnotes":""},"categories":[22],"tags":[],"class_list":["post-965","post","type-post","status-publish","format-standard","has-post-thumbnail","hentry","category-eolie-news"],"yoast_head":"<!-- This site is optimized with the Yoast SEO plugin v27.5 - https:\/\/yoast.com\/product\/yoast-seo-wordpress\/ -->\r\n<title>Ue: da oggi 1\u00b0 febbraio Green pass per viaggiare vale 9 mesi - ISOLE EOLIE Turismo e Vacanze Hotel B&amp;B Residence Case Vacanza<\/title>\r\n<meta name=\"description\" content=\"Le regole valgono solo per i certificati di vaccinazione utilizzati per viaggiare nell\u2019Ue.\u201cGli Stati membri possono applicare norme diverse quando utilizzano il Green pass in un contesto nazionale, ma sono invitati ad allinearsi al periodo di accettazione fissato a livello dell\u2019Ue\u201d, sottolinea Bruxelles.\" \/>\r\n<meta name=\"robots\" content=\"index, follow, max-snippet:-1, max-image-preview:large, max-video-preview:-1\" \/>\r\n<link rel=\"canonical\" href=\"https:\/\/www.isoleolie.it\/eolie\/ue-da-domani-green-pass-per-viaggiare-vale-9-mesi\/eolie-news\/\" \/>\r\n<meta property=\"og:locale\" content=\"it_IT\" \/>\r\n<meta property=\"og:type\" content=\"article\" \/>\r\n<meta property=\"og:title\" content=\"Ue: da oggi 1\u00b0 febbraio Green pass per viaggiare vale 9 mesi - ISOLE EOLIE Turismo e Vacanze Hotel B&amp;B Residence Case Vacanza\" \/>\r\n<meta property=\"og:description\" content=\"Le regole valgono solo per i certificati di vaccinazione utilizzati per viaggiare nell\u2019Ue.\u201cGli Stati membri possono applicare norme diverse quando utilizzano il Green pass in un contesto nazionale, ma sono invitati ad allinearsi al periodo di accettazione fissato a livello dell\u2019Ue\u201d, sottolinea Bruxelles.\" \/>\r\n<meta property=\"og:url\" content=\"https:\/\/www.isoleolie.it\/eolie\/ue-da-domani-green-pass-per-viaggiare-vale-9-mesi\/eolie-news\/\" \/>\r\n<meta property=\"og:site_name\" content=\"ISOLE EOLIE Turismo e Vacanze Hotel B&amp;B Residence Case Vacanza\" \/>\r\n<meta property=\"article:published_time\" content=\"2022-02-01T08:54:05+00:00\" \/>\r\n<meta property=\"article:modified_time\" content=\"2022-02-01T08:54:47+00:00\" \/>\r\n<meta property=\"og:image\" content=\"https:\/\/www.isoleolie.it\/eolie\/wp-content\/uploads\/2022\/02\/passeggeri-covid-610x3661-1.jpg\" \/>\r\n\t<meta property=\"og:image:width\" content=\"610\" \/>\r\n\t<meta property=\"og:image:height\" content=\"366\" \/>\r\n\t<meta property=\"og:image:type\" content=\"image\/jpeg\" \/>\r\n<meta name=\"author\" content=\"Tourism Manager\" \/>\r\n<meta name=\"twitter:card\" content=\"summary_large_image\" \/>\r\n<meta name=\"twitter:label1\" content=\"Scritto da\" \/>\n\t<meta name=\"twitter:data1\" content=\"Tourism Manager\" \/>\n\t<meta name=\"twitter:label2\" content=\"Tempo di lettura stimato\" \/>\n\t<meta name=\"twitter:data2\" content=\"1 minuto\" \/>\r\n<script type=\"application\/ld+json\" class=\"yoast-schema-graph\">{\"@context\":\"https:\\\/\\\/schema.org\",\"@graph\":[{\"@type\":\"Article\",\"@id\":\"https:\\\/\\\/www.isoleolie.it\\\/eolie\\\/ue-da-domani-green-pass-per-viaggiare-vale-9-mesi\\\/eolie-news\\\/#article\",\"isPartOf\":{\"@id\":\"https:\\\/\\\/www.isoleolie.it\\\/eolie\\\/ue-da-domani-green-pass-per-viaggiare-vale-9-mesi\\\/eolie-news\\\/\"},\"author\":{\"name\":\"Tourism Manager\",\"@id\":\"https:\\\/\\\/www.isoleolie.it\\\/eolie\\\/#\\\/schema\\\/person\\\/4c400db26884d9f212712636db6c1746\"},\"headline\":\"Ue: da oggi 1\u00b0 febbraio Green pass per viaggiare vale 9 mesi\",\"datePublished\":\"2022-02-01T08:54:05+00:00\",\"dateModified\":\"2022-02-01T08:54:47+00:00\",\"mainEntityOfPage\":{\"@id\":\"https:\\\/\\\/www.isoleolie.it\\\/eolie\\\/ue-da-domani-green-pass-per-viaggiare-vale-9-mesi\\\/eolie-news\\\/\"},\"wordCount\":290,\"publisher\":{\"@id\":\"https:\\\/\\\/www.isoleolie.it\\\/eolie\\\/#organization\"},\"image\":{\"@id\":\"https:\\\/\\\/www.isoleolie.it\\\/eolie\\\/ue-da-domani-green-pass-per-viaggiare-vale-9-mesi\\\/eolie-news\\\/#primaryimage\"},\"thumbnailUrl\":\"https:\\\/\\\/www.isoleolie.it\\\/eolie\\\/wp-content\\\/uploads\\\/2022\\\/02\\\/passeggeri-covid-610x3661-1.jpg\",\"articleSection\":[\"NEWS\"],\"inLanguage\":\"it-IT\"},{\"@type\":\"WebPage\",\"@id\":\"https:\\\/\\\/www.isoleolie.it\\\/eolie\\\/ue-da-domani-green-pass-per-viaggiare-vale-9-mesi\\\/eolie-news\\\/\",\"url\":\"https:\\\/\\\/www.isoleolie.it\\\/eolie\\\/ue-da-domani-green-pass-per-viaggiare-vale-9-mesi\\\/eolie-news\\\/\",\"name\":\"Ue: da oggi 1\u00b0 febbraio Green pass per viaggiare vale 9 mesi - ISOLE EOLIE Turismo e Vacanze Hotel B&amp;B Residence Case Vacanza\",\"isPartOf\":{\"@id\":\"https:\\\/\\\/www.isoleolie.it\\\/eolie\\\/#website\"},\"primaryImageOfPage\":{\"@id\":\"https:\\\/\\\/www.isoleolie.it\\\/eolie\\\/ue-da-domani-green-pass-per-viaggiare-vale-9-mesi\\\/eolie-news\\\/#primaryimage\"},\"image\":{\"@id\":\"https:\\\/\\\/www.isoleolie.it\\\/eolie\\\/ue-da-domani-green-pass-per-viaggiare-vale-9-mesi\\\/eolie-news\\\/#primaryimage\"},\"thumbnailUrl\":\"https:\\\/\\\/www.isoleolie.it\\\/eolie\\\/wp-content\\\/uploads\\\/2022\\\/02\\\/passeggeri-covid-610x3661-1.jpg\",\"datePublished\":\"2022-02-01T08:54:05+00:00\",\"dateModified\":\"2022-02-01T08:54:47+00:00\",\"description\":\"Le regole valgono solo per i certificati di vaccinazione utilizzati per viaggiare nell\u2019Ue.\u201cGli Stati membri possono applicare norme diverse quando utilizzano il Green pass in un contesto nazionale, ma sono invitati ad allinearsi al periodo di accettazione fissato a livello dell\u2019Ue\u201d, sottolinea Bruxelles.\",\"breadcrumb\":{\"@id\":\"https:\\\/\\\/www.isoleolie.it\\\/eolie\\\/ue-da-domani-green-pass-per-viaggiare-vale-9-mesi\\\/eolie-news\\\/#breadcrumb\"},\"inLanguage\":\"it-IT\",\"potentialAction\":[{\"@type\":\"ReadAction\",\"target\":[\"https:\\\/\\\/www.isoleolie.it\\\/eolie\\\/ue-da-domani-green-pass-per-viaggiare-vale-9-mesi\\\/eolie-news\\\/\"]}]},{\"@type\":\"ImageObject\",\"inLanguage\":\"it-IT\",\"@id\":\"https:\\\/\\\/www.isoleolie.it\\\/eolie\\\/ue-da-domani-green-pass-per-viaggiare-vale-9-mesi\\\/eolie-news\\\/#primaryimage\",\"url\":\"https:\\\/\\\/www.isoleolie.it\\\/eolie\\\/wp-content\\\/uploads\\\/2022\\\/02\\\/passeggeri-covid-610x3661-1.jpg\",\"contentUrl\":\"https:\\\/\\\/www.isoleolie.it\\\/eolie\\\/wp-content\\\/uploads\\\/2022\\\/02\\\/passeggeri-covid-610x3661-1.jpg\",\"width\":610,\"height\":366,\"caption\":\"Green pass UE\"},{\"@type\":\"BreadcrumbList\",\"@id\":\"https:\\\/\\\/www.isoleolie.it\\\/eolie\\\/ue-da-domani-green-pass-per-viaggiare-vale-9-mesi\\\/eolie-news\\\/#breadcrumb\",\"itemListElement\":[{\"@type\":\"ListItem\",\"position\":1,\"name\":\"Home\",\"item\":\"https:\\\/\\\/www.isoleolie.it\\\/eolie\\\/\"},{\"@type\":\"ListItem\",\"position\":2,\"name\":\"Ue: da oggi 1\u00b0 febbraio Green pass per viaggiare vale 9 mesi\"}]},{\"@type\":\"WebSite\",\"@id\":\"https:\\\/\\\/www.isoleolie.it\\\/eolie\\\/#website\",\"url\":\"https:\\\/\\\/www.isoleolie.it\\\/eolie\\\/\",\"name\":\"ISOLE EOLIE Turismo e Vacanze alle Isole Eolie Hotel B&B Residence Case Vacanza\",\"description\":\"The first and official tourism site for the Aeolian Islands\",\"publisher\":{\"@id\":\"https:\\\/\\\/www.isoleolie.it\\\/eolie\\\/#organization\"},\"potentialAction\":[{\"@type\":\"SearchAction\",\"target\":{\"@type\":\"EntryPoint\",\"urlTemplate\":\"https:\\\/\\\/www.isoleolie.it\\\/eolie\\\/?s={search_term_string}\"},\"query-input\":{\"@type\":\"PropertyValueSpecification\",\"valueRequired\":true,\"valueName\":\"search_term_string\"}}],\"inLanguage\":\"it-IT\"},{\"@type\":\"Organization\",\"@id\":\"https:\\\/\\\/www.isoleolie.it\\\/eolie\\\/#organization\",\"name\":\"ISOLE EOLIE\",\"url\":\"https:\\\/\\\/www.isoleolie.it\\\/eolie\\\/\",\"logo\":{\"@type\":\"ImageObject\",\"inLanguage\":\"it-IT\",\"@id\":\"https:\\\/\\\/www.isoleolie.it\\\/eolie\\\/#\\\/schema\\\/logo\\\/image\\\/\",\"url\":\"https:\\\/\\\/www.isoleolie.it\\\/eolie\\\/wp-content\\\/uploads\\\/2024\\\/11\\\/oMv8p0-4_400x400.jpg\",\"contentUrl\":\"https:\\\/\\\/www.isoleolie.it\\\/eolie\\\/wp-content\\\/uploads\\\/2024\\\/11\\\/oMv8p0-4_400x400.jpg\",\"width\":400,\"height\":400,\"caption\":\"ISOLE EOLIE\"},\"image\":{\"@id\":\"https:\\\/\\\/www.isoleolie.it\\\/eolie\\\/#\\\/schema\\\/logo\\\/image\\\/\"}},{\"@type\":\"Person\",\"@id\":\"https:\\\/\\\/www.isoleolie.it\\\/eolie\\\/#\\\/schema\\\/person\\\/4c400db26884d9f212712636db6c1746\",\"name\":\"Tourism Manager\",\"image\":{\"@type\":\"ImageObject\",\"inLanguage\":\"it-IT\",\"@id\":\"https:\\\/\\\/secure.gravatar.com\\\/avatar\\\/3446a46a5f1bdb4055f313474780b529660445bd2d0364f2472d83fd63ed9bbc?s=96&d=mm&r=g\",\"url\":\"https:\\\/\\\/secure.gravatar.com\\\/avatar\\\/3446a46a5f1bdb4055f313474780b529660445bd2d0364f2472d83fd63ed9bbc?s=96&d=mm&r=g\",\"contentUrl\":\"https:\\\/\\\/secure.gravatar.com\\\/avatar\\\/3446a46a5f1bdb4055f313474780b529660445bd2d0364f2472d83fd63ed9bbc?s=96&d=mm&r=g\",\"caption\":\"Tourism Manager\"},\"description\":\"Che cos'\u00e8 un manager del turismo? Tecnicamente, un manager del turismo \u00e8 un nome dato a qualsiasi professionista della gestione che lavora in un'azienda collegata all'industria del turismo. Ci\u00f2 include i direttori generali, che si assumono la responsabilit\u00e0 generale di garantire che le operazioni quotidiane si svolgano senza intoppi, ma includono anche i singoli responsabili di reparto all'interno delle aziende. Il ruolo di manager del turismo implica la supervisione delle operazioni all'interno di un'impresa o organizzazione turistica. \u00c8 una posizione di alto livello, che richiede una comprensione approfondita dei concetti di gestione e dell'industria nel suo insieme.\",\"sameAs\":[\"https:\\\/\\\/www.isoleolie.it\\\/\"],\"url\":\"https:\\\/\\\/www.isoleolie.it\\\/eolie\\\/author\\\/isoleolie_2\\\/\"}]}<\/script>\r\n<!-- \/ Yoast SEO plugin. -->","yoast_head_json":{"title":"Ue: da oggi 1\u00b0 febbraio Green pass per viaggiare vale 9 mesi - ISOLE EOLIE Turismo e Vacanze Hotel B&amp;B Residence Case Vacanza","description":"Le regole valgono solo per i certificati di vaccinazione utilizzati per viaggiare nell\u2019Ue.\u201cGli Stati membri possono applicare norme diverse quando utilizzano il Green pass in un contesto nazionale, ma sono invitati ad allinearsi al periodo di accettazione fissato a livello dell\u2019Ue\u201d, sottolinea Bruxelles.","robots":{"index":"index","follow":"follow","max-snippet":"max-snippet:-1","max-image-preview":"max-image-preview:large","max-video-preview":"max-video-preview:-1"},"canonical":"https:\/\/www.isoleolie.it\/eolie\/ue-da-domani-green-pass-per-viaggiare-vale-9-mesi\/eolie-news\/","og_locale":"it_IT","og_type":"article","og_title":"Ue: da oggi 1\u00b0 febbraio Green pass per viaggiare vale 9 mesi - ISOLE EOLIE Turismo e Vacanze Hotel B&amp;B Residence Case Vacanza","og_description":"Le regole valgono solo per i certificati di vaccinazione utilizzati per viaggiare nell\u2019Ue.\u201cGli Stati membri possono applicare norme diverse quando utilizzano il Green pass in un contesto nazionale, ma sono invitati ad allinearsi al periodo di accettazione fissato a livello dell\u2019Ue\u201d, sottolinea Bruxelles.","og_url":"https:\/\/www.isoleolie.it\/eolie\/ue-da-domani-green-pass-per-viaggiare-vale-9-mesi\/eolie-news\/","og_site_name":"ISOLE EOLIE Turismo e Vacanze Hotel B&amp;B Residence Case Vacanza","article_published_time":"2022-02-01T08:54:05+00:00","article_modified_time":"2022-02-01T08:54:47+00:00","og_image":[{"width":610,"height":366,"url":"https:\/\/www.isoleolie.it\/eolie\/wp-content\/uploads\/2022\/02\/passeggeri-covid-610x3661-1.jpg","type":"image\/jpeg"}],"author":"Tourism Manager","twitter_card":"summary_large_image","twitter_misc":{"Scritto da":"Tourism Manager","Tempo di lettura stimato":"1 minuto"},"schema":{"@context":"https:\/\/schema.org","@graph":[{"@type":"Article","@id":"https:\/\/www.isoleolie.it\/eolie\/ue-da-domani-green-pass-per-viaggiare-vale-9-mesi\/eolie-news\/#article","isPartOf":{"@id":"https:\/\/www.isoleolie.it\/eolie\/ue-da-domani-green-pass-per-viaggiare-vale-9-mesi\/eolie-news\/"},"author":{"name":"Tourism Manager","@id":"https:\/\/www.isoleolie.it\/eolie\/#\/schema\/person\/4c400db26884d9f212712636db6c1746"},"headline":"Ue: da oggi 1\u00b0 febbraio Green pass per viaggiare vale 9 mesi","datePublished":"2022-02-01T08:54:05+00:00","dateModified":"2022-02-01T08:54:47+00:00","mainEntityOfPage":{"@id":"https:\/\/www.isoleolie.it\/eolie\/ue-da-domani-green-pass-per-viaggiare-vale-9-mesi\/eolie-news\/"},"wordCount":290,"publisher":{"@id":"https:\/\/www.isoleolie.it\/eolie\/#organization"},"image":{"@id":"https:\/\/www.isoleolie.it\/eolie\/ue-da-domani-green-pass-per-viaggiare-vale-9-mesi\/eolie-news\/#primaryimage"},"thumbnailUrl":"https:\/\/www.isoleolie.it\/eolie\/wp-content\/uploads\/2022\/02\/passeggeri-covid-610x3661-1.jpg","articleSection":["NEWS"],"inLanguage":"it-IT"},{"@type":"WebPage","@id":"https:\/\/www.isoleolie.it\/eolie\/ue-da-domani-green-pass-per-viaggiare-vale-9-mesi\/eolie-news\/","url":"https:\/\/www.isoleolie.it\/eolie\/ue-da-domani-green-pass-per-viaggiare-vale-9-mesi\/eolie-news\/","name":"Ue: da oggi 1\u00b0 febbraio Green pass per viaggiare vale 9 mesi - ISOLE EOLIE Turismo e Vacanze Hotel B&amp;B Residence Case Vacanza","isPartOf":{"@id":"https:\/\/www.isoleolie.it\/eolie\/#website"},"primaryImageOfPage":{"@id":"https:\/\/www.isoleolie.it\/eolie\/ue-da-domani-green-pass-per-viaggiare-vale-9-mesi\/eolie-news\/#primaryimage"},"image":{"@id":"https:\/\/www.isoleolie.it\/eolie\/ue-da-domani-green-pass-per-viaggiare-vale-9-mesi\/eolie-news\/#primaryimage"},"thumbnailUrl":"https:\/\/www.isoleolie.it\/eolie\/wp-content\/uploads\/2022\/02\/passeggeri-covid-610x3661-1.jpg","datePublished":"2022-02-01T08:54:05+00:00","dateModified":"2022-02-01T08:54:47+00:00","description":"Le regole valgono solo per i certificati di vaccinazione utilizzati per viaggiare nell\u2019Ue.\u201cGli Stati membri possono applicare norme diverse quando utilizzano il Green pass in un contesto nazionale, ma sono invitati ad allinearsi al periodo di accettazione fissato a livello dell\u2019Ue\u201d, sottolinea Bruxelles.","breadcrumb":{"@id":"https:\/\/www.isoleolie.it\/eolie\/ue-da-domani-green-pass-per-viaggiare-vale-9-mesi\/eolie-news\/#breadcrumb"},"inLanguage":"it-IT","potentialAction":[{"@type":"ReadAction","target":["https:\/\/www.isoleolie.it\/eolie\/ue-da-domani-green-pass-per-viaggiare-vale-9-mesi\/eolie-news\/"]}]},{"@type":"ImageObject","inLanguage":"it-IT","@id":"https:\/\/www.isoleolie.it\/eolie\/ue-da-domani-green-pass-per-viaggiare-vale-9-mesi\/eolie-news\/#primaryimage","url":"https:\/\/www.isoleolie.it\/eolie\/wp-content\/uploads\/2022\/02\/passeggeri-covid-610x3661-1.jpg","contentUrl":"https:\/\/www.isoleolie.it\/eolie\/wp-content\/uploads\/2022\/02\/passeggeri-covid-610x3661-1.jpg","width":610,"height":366,"caption":"Green pass UE"},{"@type":"BreadcrumbList","@id":"https:\/\/www.isoleolie.it\/eolie\/ue-da-domani-green-pass-per-viaggiare-vale-9-mesi\/eolie-news\/#breadcrumb","itemListElement":[{"@type":"ListItem","position":1,"name":"Home","item":"https:\/\/www.isoleolie.it\/eolie\/"},{"@type":"ListItem","position":2,"name":"Ue: da oggi 1\u00b0 febbraio Green pass per viaggiare vale 9 mesi"}]},{"@type":"WebSite","@id":"https:\/\/www.isoleolie.it\/eolie\/#website","url":"https:\/\/www.isoleolie.it\/eolie\/","name":"ISOLE EOLIE Turismo e Vacanze alle Isole Eolie Hotel B&B Residence Case Vacanza","description":"The first and official tourism site for the Aeolian Islands","publisher":{"@id":"https:\/\/www.isoleolie.it\/eolie\/#organization"},"potentialAction":[{"@type":"SearchAction","target":{"@type":"EntryPoint","urlTemplate":"https:\/\/www.isoleolie.it\/eolie\/?s={search_term_string}"},"query-input":{"@type":"PropertyValueSpecification","valueRequired":true,"valueName":"search_term_string"}}],"inLanguage":"it-IT"},{"@type":"Organization","@id":"https:\/\/www.isoleolie.it\/eolie\/#organization","name":"ISOLE EOLIE","url":"https:\/\/www.isoleolie.it\/eolie\/","logo":{"@type":"ImageObject","inLanguage":"it-IT","@id":"https:\/\/www.isoleolie.it\/eolie\/#\/schema\/logo\/image\/","url":"https:\/\/www.isoleolie.it\/eolie\/wp-content\/uploads\/2024\/11\/oMv8p0-4_400x400.jpg","contentUrl":"https:\/\/www.isoleolie.it\/eolie\/wp-content\/uploads\/2024\/11\/oMv8p0-4_400x400.jpg","width":400,"height":400,"caption":"ISOLE EOLIE"},"image":{"@id":"https:\/\/www.isoleolie.it\/eolie\/#\/schema\/logo\/image\/"}},{"@type":"Person","@id":"https:\/\/www.isoleolie.it\/eolie\/#\/schema\/person\/4c400db26884d9f212712636db6c1746","name":"Tourism Manager","image":{"@type":"ImageObject","inLanguage":"it-IT","@id":"https:\/\/secure.gravatar.com\/avatar\/3446a46a5f1bdb4055f313474780b529660445bd2d0364f2472d83fd63ed9bbc?s=96&d=mm&r=g","url":"https:\/\/secure.gravatar.com\/avatar\/3446a46a5f1bdb4055f313474780b529660445bd2d0364f2472d83fd63ed9bbc?s=96&d=mm&r=g","contentUrl":"https:\/\/secure.gravatar.com\/avatar\/3446a46a5f1bdb4055f313474780b529660445bd2d0364f2472d83fd63ed9bbc?s=96&d=mm&r=g","caption":"Tourism Manager"},"description":"Che cos'\u00e8 un manager del turismo? Tecnicamente, un manager del turismo \u00e8 un nome dato a qualsiasi professionista della gestione che lavora in un'azienda collegata all'industria del turismo. Ci\u00f2 include i direttori generali, che si assumono la responsabilit\u00e0 generale di garantire che le operazioni quotidiane si svolgano senza intoppi, ma includono anche i singoli responsabili di reparto all'interno delle aziende. Il ruolo di manager del turismo implica la supervisione delle operazioni all'interno di un'impresa o organizzazione turistica. \u00c8 una posizione di alto livello, che richiede una comprensione approfondita dei concetti di gestione e dell'industria nel suo insieme.","sameAs":["https:\/\/www.isoleolie.it\/"],"url":"https:\/\/www.isoleolie.it\/eolie\/author\/isoleolie_2\/"}]}},"_links":{"self":[{"href":"https:\/\/www.isoleolie.it\/eolie\/wp-json\/wp\/v2\/posts\/965","targetHints":{"allow":["GET"]}}],"collection":[{"href":"https:\/\/www.isoleolie.it\/eolie\/wp-json\/wp\/v2\/posts"}],"about":[{"href":"https:\/\/www.isoleolie.it\/eolie\/wp-json\/wp\/v2\/types\/post"}],"author":[{"embeddable":true,"href":"https:\/\/www.isoleolie.it\/eolie\/wp-json\/wp\/v2\/users\/1"}],"replies":[{"embeddable":true,"href":"https:\/\/www.isoleolie.it\/eolie\/wp-json\/wp\/v2\/comments?post=965"}],"version-history":[{"count":2,"href":"https:\/\/www.isoleolie.it\/eolie\/wp-json\/wp\/v2\/posts\/965\/revisions"}],"predecessor-version":[{"id":967,"href":"https:\/\/www.isoleolie.it\/eolie\/wp-json\/wp\/v2\/posts\/965\/revisions\/967"}],"wp:featuredmedia":[{"embeddable":true,"href":"https:\/\/www.isoleolie.it\/eolie\/wp-json\/wp\/v2\/media\/962"}],"wp:attachment":[{"href":"https:\/\/www.isoleolie.it\/eolie\/wp-json\/wp\/v2\/media?parent=965"}],"wp:term":[{"taxonomy":"category","embeddable":true,"href":"https:\/\/www.isoleolie.it\/eolie\/wp-json\/wp\/v2\/categories?post=965"},{"taxonomy":"post_tag","embeddable":true,"href":"https:\/\/www.isoleolie.it\/eolie\/wp-json\/wp\/v2\/tags?post=965"}],"curies":[{"name":"wp","href":"https:\/\/api.w.org\/{rel}","templated":true}]}}