{"id":836,"date":"2021-12-16T10:44:23","date_gmt":"2021-12-16T09:44:23","guid":{"rendered":"https:\/\/www.isoleolie.it\/eolie\/?p=836"},"modified":"2021-12-16T11:16:26","modified_gmt":"2021-12-16T10:16:26","slug":"gli-usa-mettono-litalia-nella-blacklist-dei-viaggi-e-polemica","status":"publish","type":"post","link":"https:\/\/www.isoleolie.it\/eolie\/gli-usa-mettono-litalia-nella-blacklist-dei-viaggi-e-polemica\/eolie-news\/","title":{"rendered":"Gli Usa mettono l\u2019Italia nella blacklist dei viaggi, \u00e8 polemica"},"content":{"rendered":"<h1>La variante Omicron del coronavirus si sta diffondendo ad una velocit\u00e0 mai vista prima e sta creando \u201cuno tsunami\u201d di contagi nel mondo.<\/h1>\n<p><span style=\"font-size: 14pt;\">In Europa, in particolare, \u00e8 destinata a diventare dominante nelle prossime settimane, con un trend di crescita analogo in tutti i Paesi. <\/span><\/p>\n<p><span style=\"font-size: 14pt;\">Non a caso la Francia studia misure per rafforzare i controlli ai confini con la Gran Bretagna mentre la Norvegia e la Danimarca chiudono le scuole e promuovono lo smart-working, l\u2019Austria consiglia la terza dose anche ai giovani dai 12 e i 18 anni e l\u2019Olanda ha deciso di anticipare al 20 dicembre la chiusura delle scuole elementari per le vacanze di Natale e prolungare fino al 14 gennaio il lockdown notturno.<\/span><\/p>\n<p><span style=\"font-size: 14pt;\">Intanto, l\u2019Italia \u00e8 stata inserita dal Centers for Disease and Prevention degli Stati Uniti nella lista di Paesi sconsigliati per i viaggi assieme a Germania, Francia, Portogallo e Polonia. \u201cUna decisione che non meritiamo\u201d, sbotta il presidente di Federalberghi, Bernab\u00f2 Bocca. \u201cL\u2019Italia \u2013 sottolinea Bocca interpellato dall\u2019ANSA \u2013 \u00e8 di gran lunga il Paese messo meglio in Europa. <\/span><\/p>\n<p><span style=\"font-size: 14pt;\">Gli altri per\u00f2 raccontano meno di noi, evitano i toni allarmistici: in Gran Bretagna, in Francia, dove la situazione \u00e8 decisamente peggiore, non c\u2019\u00e8 la pubblicit\u00e0 negativa che stiamo facendo noi. Dovremmo essere un po\u2019 meno autolesionisti. Finire nella lista nera \u00e8 veramente paradossale. <\/span><\/p>\n<p><span style=\"font-size: 14pt;\">Siamo un Paese che vive di turismo straniero: la spesa media di un turista per il 20% va agli hotel, per l\u201980% alle altre attivit\u00e0, se quindi i turisti non vengono \u00e8 un problema non soltanto per gli albergatori, ma per tutto il sistema\u201d.<\/span><\/p>\n<p><span style=\"font-size: 14pt;\">Preoccupata dello sconsiglio americano anche Coldiretti: \u201cLa decisione del Centers for Disease and Prevention di sconsigliare agli americani i viaggi in Italia \u00e8 destinata ad avere pesanti ripercussioni sul flusso turistico di Natale. Un 2021 senza americani significa per l\u2019Italia la perdita di oltre 3,5 milioni di turisti con 4 miliardi di spesa in meno. <\/span><\/p>\n<p><span style=\"font-size: 14pt;\">Le mete pi\u00f9 penalizzate sono le citt\u00e0 d\u2019arte che risentono notevolmente della loro mancanza, ma gli americani prestano anche particolare attenzione alla qualit\u00e0 dell\u2019alimentazione per la quale destinano una quota elevata della spesa durante la vacanza\u201d.<\/span><\/p>\n<p><span style=\"font-size: 14pt;\">Londra ha invece deciso di rimuovere tutti gli 11 Paesi dalla \u2018lista rossa\u2019 del divieto di viaggio in Inghilterra, che vi erano stati inseriti per contenere la diffusione internazionale della variante Omicron del coronavirus. <\/span><\/p>\n<p><span style=\"font-size: 14pt;\">Il ministro della Sanit\u00e0 britannico, Sajid Javid, ha spiegato che mentre la nuova variante si sta diffondendo rapidamente nel Regno Unito, le rigide restrizioni su chi arriva dagli 11 Paesi africani inseriti nella lista non hanno ormai pi\u00f9 utilit\u00e0. I viaggiatori di quelle nazioni non sono quindi pi\u00f9 obbligati alla quarantena in hotel una volta arrivati in Inghilterra.\u00a0<\/span><\/p>\n<p>Fonte: travelnostop.com\/<br \/>\n<script async src=\"https:\/\/pagead2.googlesyndication.com\/pagead\/js\/adsbygoogle.js?client=ca-pub-0374348204273382\"\n     crossorigin=\"anonymous\"><\/script><br \/>\n<ins class=\"adsbygoogle\"\n     style=\"display:block; text-align:center;\"\n     data-ad-layout=\"in-article\"\n     data-ad-format=\"fluid\"\n     data-ad-client=\"ca-pub-0374348204273382\"\n     data-ad-slot=\"7701142189\"><\/ins><br \/>\n<script>\n     (adsbygoogle = window.adsbygoogle || []).push({});\n<\/script><\/p>\n","protected":false},"excerpt":{"rendered":"<p>La variante Omicron del coronavirus si sta diffondendo ad una velocit\u00e0 mai vista prima e sta creando \u201cuno tsunami\u201d di contagi nel mondo. In Europa, in particolare, \u00e8 destinata a diventare dominante nelle prossime settimane, con un trend di crescita analogo in tutti i Paesi. Non a caso la Francia studia misure per rafforzare i [&hellip;]<\/p>\n","protected":false},"author":1,"featured_media":837,"comment_status":"closed","ping_status":"closed","sticky":false,"template":"","format":"standard","meta":{"footnotes":""},"categories":[22],"tags":[41],"class_list":["post-836","post","type-post","status-publish","format-standard","has-post-thumbnail","hentry","category-eolie-news","tag-trasporti"],"yoast_head":"<!-- This site is optimized with the Yoast SEO plugin v27.5 - https:\/\/yoast.com\/product\/yoast-seo-wordpress\/ -->\r\n<title>Gli Usa mettono l\u2019Italia nella blacklist dei viaggi, \u00e8 polemica - ISOLE EOLIE Turismo e Vacanze Hotel B&amp;B Residence Case Vacanza<\/title>\r\n<meta name=\"robots\" content=\"index, follow, max-snippet:-1, max-image-preview:large, max-video-preview:-1\" \/>\r\n<link rel=\"canonical\" href=\"https:\/\/www.isoleolie.it\/eolie\/gli-usa-mettono-litalia-nella-blacklist-dei-viaggi-e-polemica\/eolie-news\/\" \/>\r\n<meta property=\"og:locale\" content=\"it_IT\" \/>\r\n<meta property=\"og:type\" content=\"article\" \/>\r\n<meta property=\"og:title\" content=\"Gli Usa mettono l\u2019Italia nella blacklist dei viaggi, \u00e8 polemica - ISOLE EOLIE Turismo e Vacanze Hotel B&amp;B Residence Case Vacanza\" \/>\r\n<meta property=\"og:description\" content=\"La variante Omicron del coronavirus si sta diffondendo ad una velocit\u00e0 mai vista prima e sta creando \u201cuno tsunami\u201d di contagi nel mondo. In Europa, in particolare, \u00e8 destinata a diventare dominante nelle prossime settimane, con un trend di crescita analogo in tutti i Paesi. Non a caso la Francia studia misure per rafforzare i [&hellip;]\" \/>\r\n<meta property=\"og:url\" content=\"https:\/\/www.isoleolie.it\/eolie\/gli-usa-mettono-litalia-nella-blacklist-dei-viaggi-e-polemica\/eolie-news\/\" \/>\r\n<meta property=\"og:site_name\" content=\"ISOLE EOLIE Turismo e Vacanze Hotel B&amp;B Residence Case Vacanza\" \/>\r\n<meta property=\"article:published_time\" content=\"2021-12-16T09:44:23+00:00\" \/>\r\n<meta property=\"article:modified_time\" content=\"2021-12-16T10:16:26+00:00\" \/>\r\n<meta property=\"og:image\" content=\"https:\/\/www.isoleolie.it\/eolie\/wp-content\/uploads\/2021\/12\/usa-610x3661-1.jpg\" \/>\r\n\t<meta property=\"og:image:width\" content=\"610\" \/>\r\n\t<meta property=\"og:image:height\" content=\"366\" \/>\r\n\t<meta property=\"og:image:type\" content=\"image\/jpeg\" \/>\r\n<meta name=\"author\" content=\"Tourism Manager\" \/>\r\n<meta name=\"twitter:card\" content=\"summary_large_image\" \/>\r\n<meta name=\"twitter:label1\" content=\"Scritto da\" \/>\n\t<meta name=\"twitter:data1\" content=\"Tourism Manager\" \/>\n\t<meta name=\"twitter:label2\" content=\"Tempo di lettura stimato\" \/>\n\t<meta name=\"twitter:data2\" content=\"3 minuti\" \/>\r\n<script type=\"application\/ld+json\" class=\"yoast-schema-graph\">{\"@context\":\"https:\\\/\\\/schema.org\",\"@graph\":[{\"@type\":\"Article\",\"@id\":\"https:\\\/\\\/www.isoleolie.it\\\/eolie\\\/gli-usa-mettono-litalia-nella-blacklist-dei-viaggi-e-polemica\\\/eolie-news\\\/#article\",\"isPartOf\":{\"@id\":\"https:\\\/\\\/www.isoleolie.it\\\/eolie\\\/gli-usa-mettono-litalia-nella-blacklist-dei-viaggi-e-polemica\\\/eolie-news\\\/\"},\"author\":{\"name\":\"Tourism Manager\",\"@id\":\"https:\\\/\\\/www.isoleolie.it\\\/eolie\\\/#\\\/schema\\\/person\\\/4c400db26884d9f212712636db6c1746\"},\"headline\":\"Gli Usa mettono l\u2019Italia nella blacklist dei viaggi, \u00e8 polemica\",\"datePublished\":\"2021-12-16T09:44:23+00:00\",\"dateModified\":\"2021-12-16T10:16:26+00:00\",\"mainEntityOfPage\":{\"@id\":\"https:\\\/\\\/www.isoleolie.it\\\/eolie\\\/gli-usa-mettono-litalia-nella-blacklist-dei-viaggi-e-polemica\\\/eolie-news\\\/\"},\"wordCount\":448,\"publisher\":{\"@id\":\"https:\\\/\\\/www.isoleolie.it\\\/eolie\\\/#organization\"},\"image\":{\"@id\":\"https:\\\/\\\/www.isoleolie.it\\\/eolie\\\/gli-usa-mettono-litalia-nella-blacklist-dei-viaggi-e-polemica\\\/eolie-news\\\/#primaryimage\"},\"thumbnailUrl\":\"https:\\\/\\\/www.isoleolie.it\\\/eolie\\\/wp-content\\\/uploads\\\/2021\\\/12\\\/usa-610x3661-1.jpg\",\"keywords\":[\"TRASPORTI\"],\"articleSection\":[\"NEWS\"],\"inLanguage\":\"it-IT\"},{\"@type\":\"WebPage\",\"@id\":\"https:\\\/\\\/www.isoleolie.it\\\/eolie\\\/gli-usa-mettono-litalia-nella-blacklist-dei-viaggi-e-polemica\\\/eolie-news\\\/\",\"url\":\"https:\\\/\\\/www.isoleolie.it\\\/eolie\\\/gli-usa-mettono-litalia-nella-blacklist-dei-viaggi-e-polemica\\\/eolie-news\\\/\",\"name\":\"Gli Usa mettono l\u2019Italia nella blacklist dei viaggi, \u00e8 polemica - ISOLE EOLIE Turismo e Vacanze Hotel B&amp;B Residence Case Vacanza\",\"isPartOf\":{\"@id\":\"https:\\\/\\\/www.isoleolie.it\\\/eolie\\\/#website\"},\"primaryImageOfPage\":{\"@id\":\"https:\\\/\\\/www.isoleolie.it\\\/eolie\\\/gli-usa-mettono-litalia-nella-blacklist-dei-viaggi-e-polemica\\\/eolie-news\\\/#primaryimage\"},\"image\":{\"@id\":\"https:\\\/\\\/www.isoleolie.it\\\/eolie\\\/gli-usa-mettono-litalia-nella-blacklist-dei-viaggi-e-polemica\\\/eolie-news\\\/#primaryimage\"},\"thumbnailUrl\":\"https:\\\/\\\/www.isoleolie.it\\\/eolie\\\/wp-content\\\/uploads\\\/2021\\\/12\\\/usa-610x3661-1.jpg\",\"datePublished\":\"2021-12-16T09:44:23+00:00\",\"dateModified\":\"2021-12-16T10:16:26+00:00\",\"breadcrumb\":{\"@id\":\"https:\\\/\\\/www.isoleolie.it\\\/eolie\\\/gli-usa-mettono-litalia-nella-blacklist-dei-viaggi-e-polemica\\\/eolie-news\\\/#breadcrumb\"},\"inLanguage\":\"it-IT\",\"potentialAction\":[{\"@type\":\"ReadAction\",\"target\":[\"https:\\\/\\\/www.isoleolie.it\\\/eolie\\\/gli-usa-mettono-litalia-nella-blacklist-dei-viaggi-e-polemica\\\/eolie-news\\\/\"]}]},{\"@type\":\"ImageObject\",\"inLanguage\":\"it-IT\",\"@id\":\"https:\\\/\\\/www.isoleolie.it\\\/eolie\\\/gli-usa-mettono-litalia-nella-blacklist-dei-viaggi-e-polemica\\\/eolie-news\\\/#primaryimage\",\"url\":\"https:\\\/\\\/www.isoleolie.it\\\/eolie\\\/wp-content\\\/uploads\\\/2021\\\/12\\\/usa-610x3661-1.jpg\",\"contentUrl\":\"https:\\\/\\\/www.isoleolie.it\\\/eolie\\\/wp-content\\\/uploads\\\/2021\\\/12\\\/usa-610x3661-1.jpg\",\"width\":610,\"height\":366},{\"@type\":\"BreadcrumbList\",\"@id\":\"https:\\\/\\\/www.isoleolie.it\\\/eolie\\\/gli-usa-mettono-litalia-nella-blacklist-dei-viaggi-e-polemica\\\/eolie-news\\\/#breadcrumb\",\"itemListElement\":[{\"@type\":\"ListItem\",\"position\":1,\"name\":\"Home\",\"item\":\"https:\\\/\\\/www.isoleolie.it\\\/eolie\\\/\"},{\"@type\":\"ListItem\",\"position\":2,\"name\":\"Gli Usa mettono l\u2019Italia nella blacklist dei viaggi, \u00e8 polemica\"}]},{\"@type\":\"WebSite\",\"@id\":\"https:\\\/\\\/www.isoleolie.it\\\/eolie\\\/#website\",\"url\":\"https:\\\/\\\/www.isoleolie.it\\\/eolie\\\/\",\"name\":\"ISOLE EOLIE Turismo e Vacanze alle Isole Eolie Hotel B&B Residence Case Vacanza\",\"description\":\"The first and official tourism site for the Aeolian Islands\",\"publisher\":{\"@id\":\"https:\\\/\\\/www.isoleolie.it\\\/eolie\\\/#organization\"},\"potentialAction\":[{\"@type\":\"SearchAction\",\"target\":{\"@type\":\"EntryPoint\",\"urlTemplate\":\"https:\\\/\\\/www.isoleolie.it\\\/eolie\\\/?s={search_term_string}\"},\"query-input\":{\"@type\":\"PropertyValueSpecification\",\"valueRequired\":true,\"valueName\":\"search_term_string\"}}],\"inLanguage\":\"it-IT\"},{\"@type\":\"Organization\",\"@id\":\"https:\\\/\\\/www.isoleolie.it\\\/eolie\\\/#organization\",\"name\":\"ISOLE EOLIE\",\"url\":\"https:\\\/\\\/www.isoleolie.it\\\/eolie\\\/\",\"logo\":{\"@type\":\"ImageObject\",\"inLanguage\":\"it-IT\",\"@id\":\"https:\\\/\\\/www.isoleolie.it\\\/eolie\\\/#\\\/schema\\\/logo\\\/image\\\/\",\"url\":\"https:\\\/\\\/www.isoleolie.it\\\/eolie\\\/wp-content\\\/uploads\\\/2024\\\/11\\\/oMv8p0-4_400x400.jpg\",\"contentUrl\":\"https:\\\/\\\/www.isoleolie.it\\\/eolie\\\/wp-content\\\/uploads\\\/2024\\\/11\\\/oMv8p0-4_400x400.jpg\",\"width\":400,\"height\":400,\"caption\":\"ISOLE EOLIE\"},\"image\":{\"@id\":\"https:\\\/\\\/www.isoleolie.it\\\/eolie\\\/#\\\/schema\\\/logo\\\/image\\\/\"}},{\"@type\":\"Person\",\"@id\":\"https:\\\/\\\/www.isoleolie.it\\\/eolie\\\/#\\\/schema\\\/person\\\/4c400db26884d9f212712636db6c1746\",\"name\":\"Tourism Manager\",\"image\":{\"@type\":\"ImageObject\",\"inLanguage\":\"it-IT\",\"@id\":\"https:\\\/\\\/secure.gravatar.com\\\/avatar\\\/3446a46a5f1bdb4055f313474780b529660445bd2d0364f2472d83fd63ed9bbc?s=96&d=mm&r=g\",\"url\":\"https:\\\/\\\/secure.gravatar.com\\\/avatar\\\/3446a46a5f1bdb4055f313474780b529660445bd2d0364f2472d83fd63ed9bbc?s=96&d=mm&r=g\",\"contentUrl\":\"https:\\\/\\\/secure.gravatar.com\\\/avatar\\\/3446a46a5f1bdb4055f313474780b529660445bd2d0364f2472d83fd63ed9bbc?s=96&d=mm&r=g\",\"caption\":\"Tourism Manager\"},\"description\":\"Che cos'\u00e8 un manager del turismo? Tecnicamente, un manager del turismo \u00e8 un nome dato a qualsiasi professionista della gestione che lavora in un'azienda collegata all'industria del turismo. Ci\u00f2 include i direttori generali, che si assumono la responsabilit\u00e0 generale di garantire che le operazioni quotidiane si svolgano senza intoppi, ma includono anche i singoli responsabili di reparto all'interno delle aziende. Il ruolo di manager del turismo implica la supervisione delle operazioni all'interno di un'impresa o organizzazione turistica. \u00c8 una posizione di alto livello, che richiede una comprensione approfondita dei concetti di gestione e dell'industria nel suo insieme.\",\"sameAs\":[\"https:\\\/\\\/www.isoleolie.it\\\/\"],\"url\":\"https:\\\/\\\/www.isoleolie.it\\\/eolie\\\/author\\\/isoleolie_2\\\/\"}]}<\/script>\r\n<!-- \/ Yoast SEO plugin. -->","yoast_head_json":{"title":"Gli Usa mettono l\u2019Italia nella blacklist dei viaggi, \u00e8 polemica - ISOLE EOLIE Turismo e Vacanze Hotel B&amp;B Residence Case Vacanza","robots":{"index":"index","follow":"follow","max-snippet":"max-snippet:-1","max-image-preview":"max-image-preview:large","max-video-preview":"max-video-preview:-1"},"canonical":"https:\/\/www.isoleolie.it\/eolie\/gli-usa-mettono-litalia-nella-blacklist-dei-viaggi-e-polemica\/eolie-news\/","og_locale":"it_IT","og_type":"article","og_title":"Gli Usa mettono l\u2019Italia nella blacklist dei viaggi, \u00e8 polemica - ISOLE EOLIE Turismo e Vacanze Hotel B&amp;B Residence Case Vacanza","og_description":"La variante Omicron del coronavirus si sta diffondendo ad una velocit\u00e0 mai vista prima e sta creando \u201cuno tsunami\u201d di contagi nel mondo. In Europa, in particolare, \u00e8 destinata a diventare dominante nelle prossime settimane, con un trend di crescita analogo in tutti i Paesi. Non a caso la Francia studia misure per rafforzare i [&hellip;]","og_url":"https:\/\/www.isoleolie.it\/eolie\/gli-usa-mettono-litalia-nella-blacklist-dei-viaggi-e-polemica\/eolie-news\/","og_site_name":"ISOLE EOLIE Turismo e Vacanze Hotel B&amp;B Residence Case Vacanza","article_published_time":"2021-12-16T09:44:23+00:00","article_modified_time":"2021-12-16T10:16:26+00:00","og_image":[{"width":610,"height":366,"url":"https:\/\/www.isoleolie.it\/eolie\/wp-content\/uploads\/2021\/12\/usa-610x3661-1.jpg","type":"image\/jpeg"}],"author":"Tourism Manager","twitter_card":"summary_large_image","twitter_misc":{"Scritto da":"Tourism Manager","Tempo di lettura stimato":"3 minuti"},"schema":{"@context":"https:\/\/schema.org","@graph":[{"@type":"Article","@id":"https:\/\/www.isoleolie.it\/eolie\/gli-usa-mettono-litalia-nella-blacklist-dei-viaggi-e-polemica\/eolie-news\/#article","isPartOf":{"@id":"https:\/\/www.isoleolie.it\/eolie\/gli-usa-mettono-litalia-nella-blacklist-dei-viaggi-e-polemica\/eolie-news\/"},"author":{"name":"Tourism Manager","@id":"https:\/\/www.isoleolie.it\/eolie\/#\/schema\/person\/4c400db26884d9f212712636db6c1746"},"headline":"Gli Usa mettono l\u2019Italia nella blacklist dei viaggi, \u00e8 polemica","datePublished":"2021-12-16T09:44:23+00:00","dateModified":"2021-12-16T10:16:26+00:00","mainEntityOfPage":{"@id":"https:\/\/www.isoleolie.it\/eolie\/gli-usa-mettono-litalia-nella-blacklist-dei-viaggi-e-polemica\/eolie-news\/"},"wordCount":448,"publisher":{"@id":"https:\/\/www.isoleolie.it\/eolie\/#organization"},"image":{"@id":"https:\/\/www.isoleolie.it\/eolie\/gli-usa-mettono-litalia-nella-blacklist-dei-viaggi-e-polemica\/eolie-news\/#primaryimage"},"thumbnailUrl":"https:\/\/www.isoleolie.it\/eolie\/wp-content\/uploads\/2021\/12\/usa-610x3661-1.jpg","keywords":["TRASPORTI"],"articleSection":["NEWS"],"inLanguage":"it-IT"},{"@type":"WebPage","@id":"https:\/\/www.isoleolie.it\/eolie\/gli-usa-mettono-litalia-nella-blacklist-dei-viaggi-e-polemica\/eolie-news\/","url":"https:\/\/www.isoleolie.it\/eolie\/gli-usa-mettono-litalia-nella-blacklist-dei-viaggi-e-polemica\/eolie-news\/","name":"Gli Usa mettono l\u2019Italia nella blacklist dei viaggi, \u00e8 polemica - ISOLE EOLIE Turismo e Vacanze Hotel B&amp;B Residence Case Vacanza","isPartOf":{"@id":"https:\/\/www.isoleolie.it\/eolie\/#website"},"primaryImageOfPage":{"@id":"https:\/\/www.isoleolie.it\/eolie\/gli-usa-mettono-litalia-nella-blacklist-dei-viaggi-e-polemica\/eolie-news\/#primaryimage"},"image":{"@id":"https:\/\/www.isoleolie.it\/eolie\/gli-usa-mettono-litalia-nella-blacklist-dei-viaggi-e-polemica\/eolie-news\/#primaryimage"},"thumbnailUrl":"https:\/\/www.isoleolie.it\/eolie\/wp-content\/uploads\/2021\/12\/usa-610x3661-1.jpg","datePublished":"2021-12-16T09:44:23+00:00","dateModified":"2021-12-16T10:16:26+00:00","breadcrumb":{"@id":"https:\/\/www.isoleolie.it\/eolie\/gli-usa-mettono-litalia-nella-blacklist-dei-viaggi-e-polemica\/eolie-news\/#breadcrumb"},"inLanguage":"it-IT","potentialAction":[{"@type":"ReadAction","target":["https:\/\/www.isoleolie.it\/eolie\/gli-usa-mettono-litalia-nella-blacklist-dei-viaggi-e-polemica\/eolie-news\/"]}]},{"@type":"ImageObject","inLanguage":"it-IT","@id":"https:\/\/www.isoleolie.it\/eolie\/gli-usa-mettono-litalia-nella-blacklist-dei-viaggi-e-polemica\/eolie-news\/#primaryimage","url":"https:\/\/www.isoleolie.it\/eolie\/wp-content\/uploads\/2021\/12\/usa-610x3661-1.jpg","contentUrl":"https:\/\/www.isoleolie.it\/eolie\/wp-content\/uploads\/2021\/12\/usa-610x3661-1.jpg","width":610,"height":366},{"@type":"BreadcrumbList","@id":"https:\/\/www.isoleolie.it\/eolie\/gli-usa-mettono-litalia-nella-blacklist-dei-viaggi-e-polemica\/eolie-news\/#breadcrumb","itemListElement":[{"@type":"ListItem","position":1,"name":"Home","item":"https:\/\/www.isoleolie.it\/eolie\/"},{"@type":"ListItem","position":2,"name":"Gli Usa mettono l\u2019Italia nella blacklist dei viaggi, \u00e8 polemica"}]},{"@type":"WebSite","@id":"https:\/\/www.isoleolie.it\/eolie\/#website","url":"https:\/\/www.isoleolie.it\/eolie\/","name":"ISOLE EOLIE Turismo e Vacanze alle Isole Eolie Hotel B&B Residence Case Vacanza","description":"The first and official tourism site for the Aeolian Islands","publisher":{"@id":"https:\/\/www.isoleolie.it\/eolie\/#organization"},"potentialAction":[{"@type":"SearchAction","target":{"@type":"EntryPoint","urlTemplate":"https:\/\/www.isoleolie.it\/eolie\/?s={search_term_string}"},"query-input":{"@type":"PropertyValueSpecification","valueRequired":true,"valueName":"search_term_string"}}],"inLanguage":"it-IT"},{"@type":"Organization","@id":"https:\/\/www.isoleolie.it\/eolie\/#organization","name":"ISOLE EOLIE","url":"https:\/\/www.isoleolie.it\/eolie\/","logo":{"@type":"ImageObject","inLanguage":"it-IT","@id":"https:\/\/www.isoleolie.it\/eolie\/#\/schema\/logo\/image\/","url":"https:\/\/www.isoleolie.it\/eolie\/wp-content\/uploads\/2024\/11\/oMv8p0-4_400x400.jpg","contentUrl":"https:\/\/www.isoleolie.it\/eolie\/wp-content\/uploads\/2024\/11\/oMv8p0-4_400x400.jpg","width":400,"height":400,"caption":"ISOLE EOLIE"},"image":{"@id":"https:\/\/www.isoleolie.it\/eolie\/#\/schema\/logo\/image\/"}},{"@type":"Person","@id":"https:\/\/www.isoleolie.it\/eolie\/#\/schema\/person\/4c400db26884d9f212712636db6c1746","name":"Tourism Manager","image":{"@type":"ImageObject","inLanguage":"it-IT","@id":"https:\/\/secure.gravatar.com\/avatar\/3446a46a5f1bdb4055f313474780b529660445bd2d0364f2472d83fd63ed9bbc?s=96&d=mm&r=g","url":"https:\/\/secure.gravatar.com\/avatar\/3446a46a5f1bdb4055f313474780b529660445bd2d0364f2472d83fd63ed9bbc?s=96&d=mm&r=g","contentUrl":"https:\/\/secure.gravatar.com\/avatar\/3446a46a5f1bdb4055f313474780b529660445bd2d0364f2472d83fd63ed9bbc?s=96&d=mm&r=g","caption":"Tourism Manager"},"description":"Che cos'\u00e8 un manager del turismo? Tecnicamente, un manager del turismo \u00e8 un nome dato a qualsiasi professionista della gestione che lavora in un'azienda collegata all'industria del turismo. Ci\u00f2 include i direttori generali, che si assumono la responsabilit\u00e0 generale di garantire che le operazioni quotidiane si svolgano senza intoppi, ma includono anche i singoli responsabili di reparto all'interno delle aziende. Il ruolo di manager del turismo implica la supervisione delle operazioni all'interno di un'impresa o organizzazione turistica. \u00c8 una posizione di alto livello, che richiede una comprensione approfondita dei concetti di gestione e dell'industria nel suo insieme.","sameAs":["https:\/\/www.isoleolie.it\/"],"url":"https:\/\/www.isoleolie.it\/eolie\/author\/isoleolie_2\/"}]}},"_links":{"self":[{"href":"https:\/\/www.isoleolie.it\/eolie\/wp-json\/wp\/v2\/posts\/836","targetHints":{"allow":["GET"]}}],"collection":[{"href":"https:\/\/www.isoleolie.it\/eolie\/wp-json\/wp\/v2\/posts"}],"about":[{"href":"https:\/\/www.isoleolie.it\/eolie\/wp-json\/wp\/v2\/types\/post"}],"author":[{"embeddable":true,"href":"https:\/\/www.isoleolie.it\/eolie\/wp-json\/wp\/v2\/users\/1"}],"replies":[{"embeddable":true,"href":"https:\/\/www.isoleolie.it\/eolie\/wp-json\/wp\/v2\/comments?post=836"}],"version-history":[{"count":2,"href":"https:\/\/www.isoleolie.it\/eolie\/wp-json\/wp\/v2\/posts\/836\/revisions"}],"predecessor-version":[{"id":839,"href":"https:\/\/www.isoleolie.it\/eolie\/wp-json\/wp\/v2\/posts\/836\/revisions\/839"}],"wp:featuredmedia":[{"embeddable":true,"href":"https:\/\/www.isoleolie.it\/eolie\/wp-json\/wp\/v2\/media\/837"}],"wp:attachment":[{"href":"https:\/\/www.isoleolie.it\/eolie\/wp-json\/wp\/v2\/media?parent=836"}],"wp:term":[{"taxonomy":"category","embeddable":true,"href":"https:\/\/www.isoleolie.it\/eolie\/wp-json\/wp\/v2\/categories?post=836"},{"taxonomy":"post_tag","embeddable":true,"href":"https:\/\/www.isoleolie.it\/eolie\/wp-json\/wp\/v2\/tags?post=836"}],"curies":[{"name":"wp","href":"https:\/\/api.w.org\/{rel}","templated":true}]}}