{"id":806,"date":"2021-12-06T14:42:16","date_gmt":"2021-12-06T13:42:16","guid":{"rendered":"https:\/\/www.isoleolie.it\/eolie\/?p=806"},"modified":"2021-12-06T14:42:16","modified_gmt":"2021-12-06T13:42:16","slug":"scatta-il-super-green-pass-tutte-le-restrizioni-per-i-no-vax","status":"publish","type":"post","link":"https:\/\/www.isoleolie.it\/eolie\/scatta-il-super-green-pass-tutte-le-restrizioni-per-i-no-vax\/eolie-news\/","title":{"rendered":"Scatta il Super green pass: tutte le restrizioni per i no-vax"},"content":{"rendered":"<h1>Da oggi, luned\u00ec 6 dicembre, scatta il Super Green Pass valido fino al 15 gennaio 2022 :<\/h1>\n<p><span style=\"font-size: 14pt;\">chi \u00e8 vaccinato o \u00e8 guarito dal Covid negli ultimi 6 mesi sar\u00e0 libero di andare al ristorante, al cinema, allo stadio. Ma non sar\u00e0 necessario scaricare nuovamente il Green pass rafforzato: il Qr code rester\u00e0 infatti lo stesso, anche se durer\u00e0 non pi\u00f9 12 ma 9 mesi, e verr\u00e0 aggiornata la App \u2018Verifica C19\u2019 per i controlli. Per gli oltre 6 milioni di italiani non vaccinati, invece, sono numerose le restrizioni.<\/span><\/p>\n<p><span style=\"font-size: 14pt;\">Ecco tutte le novit\u00e0 in base alle Faq pubblicate dal governo per chiarire i dubbi ancora aperti:<\/span><\/p>\n<p><span style=\"font-size: 14pt;\"><strong>SPOSTAMENTI<\/strong>\u00a0\u2013 Non ci sar\u00e0 bisogno di alcun tipo di certificato, neanche in zona arancione, per gli scuolabus dedicati al trasporto dei minori di 12 anni, per i taxi, per i minivan da 9 posti con conducente e per gli spostamenti con mezzo proprio. In questo caso per\u00f2 se si passa in arancione chi non ha il pass, base o rafforzato, potr\u00e0 spostarsi fuori dal comune per lavoro, necessit\u00e0, salute o per accedere a servizi non disponibili. Per tutti i mezzi di trasporto di linea, invece, servir\u00e0 il pass, anche per gli studenti tra i 12 e i 18 anni nonostante il presidente della Conferenza delle Regioni Massimiliano Fedriga abbia chiesto \u2013 visto che tra la prima dose e il rilascio del green pass passano comunque 15 giorni \u2013 una \u201cparentesi per non escludere nessuno dalla possibilit\u00e0 di andare a scuola\u201d. L\u2019ipotesi \u00e8 quella di consentire a tutti i 12-18enni di avere il tampone gratis purch\u00e9 abbiano fatto la prima dose.<\/span><\/p>\n<p><span style=\"font-size: 14pt;\"><strong>IMPIANTI SCI<\/strong>\u00a0\u2013 Nei grandi comprensori delle Alpi si potr\u00e0 acquistare lo skipass per funivie, cabinovie e seggiovie solo con il pass, \u2018base\u2019 in zona bianca e gialla, \u2018rafforzato\u2019 in zona arancione. Il green pass non \u00e8 invece necessario in zona bianca e gialla per comprare lo skipass \u201cper uso esclusivo\u201d degli impianti aperti.<\/span><\/p>\n<p><span style=\"font-size: 14pt;\"><strong>LAVORO<\/strong>\u00a0\u2013 Il certificato resta obbligatorio in tutti i luoghi di lavoro pubblici e privati, mense comprese. Basta il base, eccetto per tutti quei lavoratori pubblici per i quali \u00e8 previsto l\u2019obbligo vaccinale: personale sanitario e delle Rsa e, dal 15 dicembre, anche personale scolastico, forze di polizia, militari.<\/span><\/p>\n<p><span style=\"font-size: 14pt;\"><strong>BAR E RISTORANTI<\/strong>\u00a0\u2013 Il governo chiarisce anche che senza il \u2018rafforzato\u2019, in zona arancione, non sar\u00e0 possibile prendere il caff\u00e8 al bancone del bar mentre la consumazione \u00e8 consentita in zona bianca e gialla senza il pass. I non vaccinati, inoltre, in arancione non potranno mangiare ai tavoli neanche all\u2019aperto. Al chiuso ci si siede invece solo con il green pass rafforzato fin dalla zona bianca.<\/span><\/p>\n<p><span style=\"font-size: 14pt;\"><strong>ALBERGHI E STRUTTURE RICETTIVE<\/strong>\u00a0\u2013 E\u2019 una delle novit\u00e0 del decreto: per prenotare una stanza serve il pass base, che dovr\u00e0 essere utilizzato anche per usufruire dei ristoranti degli hotel, all\u2019aperto e al chiuso. Chi non \u00e8 cliente dell\u2019albergo potr\u00e0 sedersi all\u2019aperto delle strutture in zona bianca e gialla senza il pass, mentre al chiuso dovr\u00e0 esibire quello rafforzato.<\/span><\/p>\n<p><span style=\"font-size: 14pt;\"><strong>NEGOZI E SERVIZI<\/strong>\u00a0\u2013 Per entrare nei centri commerciali non servir\u00e0 il green pass ma se si passa in arancione, nei weekend e nei festivi si potr\u00e0 fare shopping solo con il superpass. Nei giorni feriali, invece, i non vaccinati potranno entrare anche in zona arancione. Senza certificato, inoltre, si potr\u00e0 andare dal parrucchiere, dall\u2019estetista, in tutti gli altri negozi e negli uffici pubblici per usufruire dei servizi.<\/span><\/p>\n<p><span style=\"font-size: 14pt;\"><strong>MUSEI, CINEMA, DISCOTECHE, STADI<\/strong>\u00a0\u2013 Non si entra senza il pass. Unica differenza \u00e8 che per i musei basta il base in zona bianca e gialla, per cinema, teatri, concerti, discoteche, stadi e palazzetti (con capienza al 75% all\u2019aperto e al 60% al chiuso) serve invece quello rafforzato.<\/span><\/p>\n<p><span style=\"font-size: 14pt;\"><strong>FESTE E CERIMONIE<\/strong>\u00a0\u2013 Anche qui c\u2019\u00e8 una distinzione: per partecipare alle feste successive a battesimi, comunioni e matrimoni in zona gialla si deve avere il green pass ottenibile anche con il tampone. In zona arancione serve invece il superpass, l\u2019unico valido per quelle di laurea o di compleanno<\/span><\/p>\n<p><span style=\"font-size: 14pt;\"><strong>SPORT<\/strong>\u00a0\u2013 L\u2019attivit\u00e0 sportiva all\u2019aperto, cos\u00ec come tutti gli sport di squadra e le attivit\u00e0 nei centri sportivi come calcetto e tennis, \u00e8 sempre consentita senza il pass. Servir\u00e0 invece quello base per palestre e piscine al chiuso in zona bianca e gialla e quello rafforzato in arancione. Stesso discorso per tutti gli altri impianti sportivi al chiuso.<\/span><\/p>\n<p><span style=\"font-size: 14pt;\"><strong>MASCHERINE<\/strong>\u00a0\u2013 In zona bianca la mascherina non \u00e8 obbligatoria all\u2019aperto, anche se diversi sindaci sono intervenuti con proprie ordinanze, prevedendole in tutto il centro storico o nelle zone dello shopping. La mascherina va indossata, sempre, in tutti i luoghi chiusi diversi dalla propria abitazione, compresi i mezzi di trasporto pubblico (aerei, treni, autobus) e in tutte le situazioni in cui non possa essere garantito il distanziamento interpersonale o siano possibili assembramenti. E\u2019 invece obbligatoria all\u2019aperto e al chiuso in zona gialla, arancione e rossa.<\/span><\/p>\n<p><span style=\"font-size: 14pt;\"><strong>TAMPONI E CERTIFICATO<\/strong> \u2013 Ai fini del Green pass sono confermate sia le tipologie che la durata dei test. Il Certificato resta valido in caso di un tampone molecolare negativo effettuato nelle 72 ore antecedenti o rapido nelle 48 ore precedenti.\u00a0<\/span><\/p>\n<p>Fonte &#8211; travelnostop.com\/<\/p>\n","protected":false},"excerpt":{"rendered":"<p>Da oggi, luned\u00ec 6 dicembre, scatta il Super Green Pass valido fino al 15 gennaio 2022 : chi \u00e8 vaccinato o \u00e8 guarito dal Covid negli ultimi 6 mesi sar\u00e0 libero di andare al ristorante, al cinema, allo stadio. Ma non sar\u00e0 necessario scaricare nuovamente il Green pass rafforzato: il Qr code rester\u00e0 infatti lo [&hellip;]<\/p>\n","protected":false},"author":1,"featured_media":807,"comment_status":"closed","ping_status":"closed","sticky":false,"template":"","format":"standard","meta":{"footnotes":""},"categories":[22],"tags":[],"class_list":["post-806","post","type-post","status-publish","format-standard","has-post-thumbnail","hentry","category-eolie-news"],"yoast_head":"<!-- This site is optimized with the Yoast SEO plugin v27.5 - https:\/\/yoast.com\/product\/yoast-seo-wordpress\/ -->\r\n<title>Scatta il Super green pass: tutte le restrizioni per i no-vax - ISOLE EOLIE Turismo e Vacanze Hotel B&amp;B Residence Case Vacanza<\/title>\r\n<meta name=\"robots\" content=\"index, follow, max-snippet:-1, max-image-preview:large, max-video-preview:-1\" \/>\r\n<link rel=\"canonical\" href=\"https:\/\/www.isoleolie.it\/eolie\/scatta-il-super-green-pass-tutte-le-restrizioni-per-i-no-vax\/eolie-news\/\" \/>\r\n<meta property=\"og:locale\" content=\"it_IT\" \/>\r\n<meta property=\"og:type\" content=\"article\" \/>\r\n<meta property=\"og:title\" content=\"Scatta il Super green pass: tutte le restrizioni per i no-vax - ISOLE EOLIE Turismo e Vacanze Hotel B&amp;B Residence Case Vacanza\" \/>\r\n<meta property=\"og:description\" content=\"Da oggi, luned\u00ec 6 dicembre, scatta il Super Green Pass valido fino al 15 gennaio 2022 : chi \u00e8 vaccinato o \u00e8 guarito dal Covid negli ultimi 6 mesi sar\u00e0 libero di andare al ristorante, al cinema, allo stadio. Ma non sar\u00e0 necessario scaricare nuovamente il Green pass rafforzato: il Qr code rester\u00e0 infatti lo [&hellip;]\" \/>\r\n<meta property=\"og:url\" content=\"https:\/\/www.isoleolie.it\/eolie\/scatta-il-super-green-pass-tutte-le-restrizioni-per-i-no-vax\/eolie-news\/\" \/>\r\n<meta property=\"og:site_name\" content=\"ISOLE EOLIE Turismo e Vacanze Hotel B&amp;B Residence Case Vacanza\" \/>\r\n<meta property=\"article:published_time\" content=\"2021-12-06T13:42:16+00:00\" \/>\r\n<meta property=\"og:image\" content=\"https:\/\/www.isoleolie.it\/eolie\/wp-content\/uploads\/2021\/12\/green-pass-4-610x3661-1.jpg\" \/>\r\n\t<meta property=\"og:image:width\" content=\"610\" \/>\r\n\t<meta property=\"og:image:height\" content=\"366\" \/>\r\n\t<meta property=\"og:image:type\" content=\"image\/jpeg\" \/>\r\n<meta name=\"author\" content=\"Tourism Manager\" \/>\r\n<meta name=\"twitter:card\" content=\"summary_large_image\" \/>\r\n<meta name=\"twitter:label1\" content=\"Scritto da\" \/>\n\t<meta name=\"twitter:data1\" content=\"Tourism Manager\" \/>\n\t<meta name=\"twitter:label2\" content=\"Tempo di lettura stimato\" \/>\n\t<meta name=\"twitter:data2\" content=\"4 minuti\" \/>\r\n<script type=\"application\/ld+json\" class=\"yoast-schema-graph\">{\"@context\":\"https:\\\/\\\/schema.org\",\"@graph\":[{\"@type\":\"Article\",\"@id\":\"https:\\\/\\\/www.isoleolie.it\\\/eolie\\\/scatta-il-super-green-pass-tutte-le-restrizioni-per-i-no-vax\\\/eolie-news\\\/#article\",\"isPartOf\":{\"@id\":\"https:\\\/\\\/www.isoleolie.it\\\/eolie\\\/scatta-il-super-green-pass-tutte-le-restrizioni-per-i-no-vax\\\/eolie-news\\\/\"},\"author\":{\"name\":\"Tourism Manager\",\"@id\":\"https:\\\/\\\/www.isoleolie.it\\\/eolie\\\/#\\\/schema\\\/person\\\/4c400db26884d9f212712636db6c1746\"},\"headline\":\"Scatta il Super green pass: tutte le restrizioni per i no-vax\",\"datePublished\":\"2021-12-06T13:42:16+00:00\",\"mainEntityOfPage\":{\"@id\":\"https:\\\/\\\/www.isoleolie.it\\\/eolie\\\/scatta-il-super-green-pass-tutte-le-restrizioni-per-i-no-vax\\\/eolie-news\\\/\"},\"wordCount\":833,\"publisher\":{\"@id\":\"https:\\\/\\\/www.isoleolie.it\\\/eolie\\\/#organization\"},\"image\":{\"@id\":\"https:\\\/\\\/www.isoleolie.it\\\/eolie\\\/scatta-il-super-green-pass-tutte-le-restrizioni-per-i-no-vax\\\/eolie-news\\\/#primaryimage\"},\"thumbnailUrl\":\"https:\\\/\\\/www.isoleolie.it\\\/eolie\\\/wp-content\\\/uploads\\\/2021\\\/12\\\/green-pass-4-610x3661-1.jpg\",\"articleSection\":[\"NEWS\"],\"inLanguage\":\"it-IT\"},{\"@type\":\"WebPage\",\"@id\":\"https:\\\/\\\/www.isoleolie.it\\\/eolie\\\/scatta-il-super-green-pass-tutte-le-restrizioni-per-i-no-vax\\\/eolie-news\\\/\",\"url\":\"https:\\\/\\\/www.isoleolie.it\\\/eolie\\\/scatta-il-super-green-pass-tutte-le-restrizioni-per-i-no-vax\\\/eolie-news\\\/\",\"name\":\"Scatta il Super green pass: tutte le restrizioni per i no-vax - ISOLE EOLIE Turismo e Vacanze Hotel B&amp;B Residence Case Vacanza\",\"isPartOf\":{\"@id\":\"https:\\\/\\\/www.isoleolie.it\\\/eolie\\\/#website\"},\"primaryImageOfPage\":{\"@id\":\"https:\\\/\\\/www.isoleolie.it\\\/eolie\\\/scatta-il-super-green-pass-tutte-le-restrizioni-per-i-no-vax\\\/eolie-news\\\/#primaryimage\"},\"image\":{\"@id\":\"https:\\\/\\\/www.isoleolie.it\\\/eolie\\\/scatta-il-super-green-pass-tutte-le-restrizioni-per-i-no-vax\\\/eolie-news\\\/#primaryimage\"},\"thumbnailUrl\":\"https:\\\/\\\/www.isoleolie.it\\\/eolie\\\/wp-content\\\/uploads\\\/2021\\\/12\\\/green-pass-4-610x3661-1.jpg\",\"datePublished\":\"2021-12-06T13:42:16+00:00\",\"breadcrumb\":{\"@id\":\"https:\\\/\\\/www.isoleolie.it\\\/eolie\\\/scatta-il-super-green-pass-tutte-le-restrizioni-per-i-no-vax\\\/eolie-news\\\/#breadcrumb\"},\"inLanguage\":\"it-IT\",\"potentialAction\":[{\"@type\":\"ReadAction\",\"target\":[\"https:\\\/\\\/www.isoleolie.it\\\/eolie\\\/scatta-il-super-green-pass-tutte-le-restrizioni-per-i-no-vax\\\/eolie-news\\\/\"]}]},{\"@type\":\"ImageObject\",\"inLanguage\":\"it-IT\",\"@id\":\"https:\\\/\\\/www.isoleolie.it\\\/eolie\\\/scatta-il-super-green-pass-tutte-le-restrizioni-per-i-no-vax\\\/eolie-news\\\/#primaryimage\",\"url\":\"https:\\\/\\\/www.isoleolie.it\\\/eolie\\\/wp-content\\\/uploads\\\/2021\\\/12\\\/green-pass-4-610x3661-1.jpg\",\"contentUrl\":\"https:\\\/\\\/www.isoleolie.it\\\/eolie\\\/wp-content\\\/uploads\\\/2021\\\/12\\\/green-pass-4-610x3661-1.jpg\",\"width\":610,\"height\":366,\"caption\":\"super-green-pass\"},{\"@type\":\"BreadcrumbList\",\"@id\":\"https:\\\/\\\/www.isoleolie.it\\\/eolie\\\/scatta-il-super-green-pass-tutte-le-restrizioni-per-i-no-vax\\\/eolie-news\\\/#breadcrumb\",\"itemListElement\":[{\"@type\":\"ListItem\",\"position\":1,\"name\":\"Home\",\"item\":\"https:\\\/\\\/www.isoleolie.it\\\/eolie\\\/\"},{\"@type\":\"ListItem\",\"position\":2,\"name\":\"Scatta il Super green pass: tutte le restrizioni per i no-vax\"}]},{\"@type\":\"WebSite\",\"@id\":\"https:\\\/\\\/www.isoleolie.it\\\/eolie\\\/#website\",\"url\":\"https:\\\/\\\/www.isoleolie.it\\\/eolie\\\/\",\"name\":\"ISOLE EOLIE Turismo e Vacanze alle Isole Eolie Hotel B&B Residence Case Vacanza\",\"description\":\"The first and official tourism site for the Aeolian Islands\",\"publisher\":{\"@id\":\"https:\\\/\\\/www.isoleolie.it\\\/eolie\\\/#organization\"},\"potentialAction\":[{\"@type\":\"SearchAction\",\"target\":{\"@type\":\"EntryPoint\",\"urlTemplate\":\"https:\\\/\\\/www.isoleolie.it\\\/eolie\\\/?s={search_term_string}\"},\"query-input\":{\"@type\":\"PropertyValueSpecification\",\"valueRequired\":true,\"valueName\":\"search_term_string\"}}],\"inLanguage\":\"it-IT\"},{\"@type\":\"Organization\",\"@id\":\"https:\\\/\\\/www.isoleolie.it\\\/eolie\\\/#organization\",\"name\":\"ISOLE EOLIE\",\"url\":\"https:\\\/\\\/www.isoleolie.it\\\/eolie\\\/\",\"logo\":{\"@type\":\"ImageObject\",\"inLanguage\":\"it-IT\",\"@id\":\"https:\\\/\\\/www.isoleolie.it\\\/eolie\\\/#\\\/schema\\\/logo\\\/image\\\/\",\"url\":\"https:\\\/\\\/www.isoleolie.it\\\/eolie\\\/wp-content\\\/uploads\\\/2024\\\/11\\\/oMv8p0-4_400x400.jpg\",\"contentUrl\":\"https:\\\/\\\/www.isoleolie.it\\\/eolie\\\/wp-content\\\/uploads\\\/2024\\\/11\\\/oMv8p0-4_400x400.jpg\",\"width\":400,\"height\":400,\"caption\":\"ISOLE EOLIE\"},\"image\":{\"@id\":\"https:\\\/\\\/www.isoleolie.it\\\/eolie\\\/#\\\/schema\\\/logo\\\/image\\\/\"}},{\"@type\":\"Person\",\"@id\":\"https:\\\/\\\/www.isoleolie.it\\\/eolie\\\/#\\\/schema\\\/person\\\/4c400db26884d9f212712636db6c1746\",\"name\":\"Tourism Manager\",\"image\":{\"@type\":\"ImageObject\",\"inLanguage\":\"it-IT\",\"@id\":\"https:\\\/\\\/secure.gravatar.com\\\/avatar\\\/3446a46a5f1bdb4055f313474780b529660445bd2d0364f2472d83fd63ed9bbc?s=96&d=mm&r=g\",\"url\":\"https:\\\/\\\/secure.gravatar.com\\\/avatar\\\/3446a46a5f1bdb4055f313474780b529660445bd2d0364f2472d83fd63ed9bbc?s=96&d=mm&r=g\",\"contentUrl\":\"https:\\\/\\\/secure.gravatar.com\\\/avatar\\\/3446a46a5f1bdb4055f313474780b529660445bd2d0364f2472d83fd63ed9bbc?s=96&d=mm&r=g\",\"caption\":\"Tourism Manager\"},\"description\":\"Che cos'\u00e8 un manager del turismo? Tecnicamente, un manager del turismo \u00e8 un nome dato a qualsiasi professionista della gestione che lavora in un'azienda collegata all'industria del turismo. Ci\u00f2 include i direttori generali, che si assumono la responsabilit\u00e0 generale di garantire che le operazioni quotidiane si svolgano senza intoppi, ma includono anche i singoli responsabili di reparto all'interno delle aziende. Il ruolo di manager del turismo implica la supervisione delle operazioni all'interno di un'impresa o organizzazione turistica. \u00c8 una posizione di alto livello, che richiede una comprensione approfondita dei concetti di gestione e dell'industria nel suo insieme.\",\"sameAs\":[\"https:\\\/\\\/www.isoleolie.it\\\/\"],\"url\":\"https:\\\/\\\/www.isoleolie.it\\\/eolie\\\/author\\\/isoleolie_2\\\/\"}]}<\/script>\r\n<!-- \/ Yoast SEO plugin. -->","yoast_head_json":{"title":"Scatta il Super green pass: tutte le restrizioni per i no-vax - ISOLE EOLIE Turismo e Vacanze Hotel B&amp;B Residence Case Vacanza","robots":{"index":"index","follow":"follow","max-snippet":"max-snippet:-1","max-image-preview":"max-image-preview:large","max-video-preview":"max-video-preview:-1"},"canonical":"https:\/\/www.isoleolie.it\/eolie\/scatta-il-super-green-pass-tutte-le-restrizioni-per-i-no-vax\/eolie-news\/","og_locale":"it_IT","og_type":"article","og_title":"Scatta il Super green pass: tutte le restrizioni per i no-vax - ISOLE EOLIE Turismo e Vacanze Hotel B&amp;B Residence Case Vacanza","og_description":"Da oggi, luned\u00ec 6 dicembre, scatta il Super Green Pass valido fino al 15 gennaio 2022 : chi \u00e8 vaccinato o \u00e8 guarito dal Covid negli ultimi 6 mesi sar\u00e0 libero di andare al ristorante, al cinema, allo stadio. Ma non sar\u00e0 necessario scaricare nuovamente il Green pass rafforzato: il Qr code rester\u00e0 infatti lo [&hellip;]","og_url":"https:\/\/www.isoleolie.it\/eolie\/scatta-il-super-green-pass-tutte-le-restrizioni-per-i-no-vax\/eolie-news\/","og_site_name":"ISOLE EOLIE Turismo e Vacanze Hotel B&amp;B Residence Case Vacanza","article_published_time":"2021-12-06T13:42:16+00:00","og_image":[{"width":610,"height":366,"url":"https:\/\/www.isoleolie.it\/eolie\/wp-content\/uploads\/2021\/12\/green-pass-4-610x3661-1.jpg","type":"image\/jpeg"}],"author":"Tourism Manager","twitter_card":"summary_large_image","twitter_misc":{"Scritto da":"Tourism Manager","Tempo di lettura stimato":"4 minuti"},"schema":{"@context":"https:\/\/schema.org","@graph":[{"@type":"Article","@id":"https:\/\/www.isoleolie.it\/eolie\/scatta-il-super-green-pass-tutte-le-restrizioni-per-i-no-vax\/eolie-news\/#article","isPartOf":{"@id":"https:\/\/www.isoleolie.it\/eolie\/scatta-il-super-green-pass-tutte-le-restrizioni-per-i-no-vax\/eolie-news\/"},"author":{"name":"Tourism Manager","@id":"https:\/\/www.isoleolie.it\/eolie\/#\/schema\/person\/4c400db26884d9f212712636db6c1746"},"headline":"Scatta il Super green pass: tutte le restrizioni per i no-vax","datePublished":"2021-12-06T13:42:16+00:00","mainEntityOfPage":{"@id":"https:\/\/www.isoleolie.it\/eolie\/scatta-il-super-green-pass-tutte-le-restrizioni-per-i-no-vax\/eolie-news\/"},"wordCount":833,"publisher":{"@id":"https:\/\/www.isoleolie.it\/eolie\/#organization"},"image":{"@id":"https:\/\/www.isoleolie.it\/eolie\/scatta-il-super-green-pass-tutte-le-restrizioni-per-i-no-vax\/eolie-news\/#primaryimage"},"thumbnailUrl":"https:\/\/www.isoleolie.it\/eolie\/wp-content\/uploads\/2021\/12\/green-pass-4-610x3661-1.jpg","articleSection":["NEWS"],"inLanguage":"it-IT"},{"@type":"WebPage","@id":"https:\/\/www.isoleolie.it\/eolie\/scatta-il-super-green-pass-tutte-le-restrizioni-per-i-no-vax\/eolie-news\/","url":"https:\/\/www.isoleolie.it\/eolie\/scatta-il-super-green-pass-tutte-le-restrizioni-per-i-no-vax\/eolie-news\/","name":"Scatta il Super green pass: tutte le restrizioni per i no-vax - ISOLE EOLIE Turismo e Vacanze Hotel B&amp;B Residence Case Vacanza","isPartOf":{"@id":"https:\/\/www.isoleolie.it\/eolie\/#website"},"primaryImageOfPage":{"@id":"https:\/\/www.isoleolie.it\/eolie\/scatta-il-super-green-pass-tutte-le-restrizioni-per-i-no-vax\/eolie-news\/#primaryimage"},"image":{"@id":"https:\/\/www.isoleolie.it\/eolie\/scatta-il-super-green-pass-tutte-le-restrizioni-per-i-no-vax\/eolie-news\/#primaryimage"},"thumbnailUrl":"https:\/\/www.isoleolie.it\/eolie\/wp-content\/uploads\/2021\/12\/green-pass-4-610x3661-1.jpg","datePublished":"2021-12-06T13:42:16+00:00","breadcrumb":{"@id":"https:\/\/www.isoleolie.it\/eolie\/scatta-il-super-green-pass-tutte-le-restrizioni-per-i-no-vax\/eolie-news\/#breadcrumb"},"inLanguage":"it-IT","potentialAction":[{"@type":"ReadAction","target":["https:\/\/www.isoleolie.it\/eolie\/scatta-il-super-green-pass-tutte-le-restrizioni-per-i-no-vax\/eolie-news\/"]}]},{"@type":"ImageObject","inLanguage":"it-IT","@id":"https:\/\/www.isoleolie.it\/eolie\/scatta-il-super-green-pass-tutte-le-restrizioni-per-i-no-vax\/eolie-news\/#primaryimage","url":"https:\/\/www.isoleolie.it\/eolie\/wp-content\/uploads\/2021\/12\/green-pass-4-610x3661-1.jpg","contentUrl":"https:\/\/www.isoleolie.it\/eolie\/wp-content\/uploads\/2021\/12\/green-pass-4-610x3661-1.jpg","width":610,"height":366,"caption":"super-green-pass"},{"@type":"BreadcrumbList","@id":"https:\/\/www.isoleolie.it\/eolie\/scatta-il-super-green-pass-tutte-le-restrizioni-per-i-no-vax\/eolie-news\/#breadcrumb","itemListElement":[{"@type":"ListItem","position":1,"name":"Home","item":"https:\/\/www.isoleolie.it\/eolie\/"},{"@type":"ListItem","position":2,"name":"Scatta il Super green pass: tutte le restrizioni per i no-vax"}]},{"@type":"WebSite","@id":"https:\/\/www.isoleolie.it\/eolie\/#website","url":"https:\/\/www.isoleolie.it\/eolie\/","name":"ISOLE EOLIE Turismo e Vacanze alle Isole Eolie Hotel B&B Residence Case Vacanza","description":"The first and official tourism site for the Aeolian Islands","publisher":{"@id":"https:\/\/www.isoleolie.it\/eolie\/#organization"},"potentialAction":[{"@type":"SearchAction","target":{"@type":"EntryPoint","urlTemplate":"https:\/\/www.isoleolie.it\/eolie\/?s={search_term_string}"},"query-input":{"@type":"PropertyValueSpecification","valueRequired":true,"valueName":"search_term_string"}}],"inLanguage":"it-IT"},{"@type":"Organization","@id":"https:\/\/www.isoleolie.it\/eolie\/#organization","name":"ISOLE EOLIE","url":"https:\/\/www.isoleolie.it\/eolie\/","logo":{"@type":"ImageObject","inLanguage":"it-IT","@id":"https:\/\/www.isoleolie.it\/eolie\/#\/schema\/logo\/image\/","url":"https:\/\/www.isoleolie.it\/eolie\/wp-content\/uploads\/2024\/11\/oMv8p0-4_400x400.jpg","contentUrl":"https:\/\/www.isoleolie.it\/eolie\/wp-content\/uploads\/2024\/11\/oMv8p0-4_400x400.jpg","width":400,"height":400,"caption":"ISOLE EOLIE"},"image":{"@id":"https:\/\/www.isoleolie.it\/eolie\/#\/schema\/logo\/image\/"}},{"@type":"Person","@id":"https:\/\/www.isoleolie.it\/eolie\/#\/schema\/person\/4c400db26884d9f212712636db6c1746","name":"Tourism Manager","image":{"@type":"ImageObject","inLanguage":"it-IT","@id":"https:\/\/secure.gravatar.com\/avatar\/3446a46a5f1bdb4055f313474780b529660445bd2d0364f2472d83fd63ed9bbc?s=96&d=mm&r=g","url":"https:\/\/secure.gravatar.com\/avatar\/3446a46a5f1bdb4055f313474780b529660445bd2d0364f2472d83fd63ed9bbc?s=96&d=mm&r=g","contentUrl":"https:\/\/secure.gravatar.com\/avatar\/3446a46a5f1bdb4055f313474780b529660445bd2d0364f2472d83fd63ed9bbc?s=96&d=mm&r=g","caption":"Tourism Manager"},"description":"Che cos'\u00e8 un manager del turismo? Tecnicamente, un manager del turismo \u00e8 un nome dato a qualsiasi professionista della gestione che lavora in un'azienda collegata all'industria del turismo. Ci\u00f2 include i direttori generali, che si assumono la responsabilit\u00e0 generale di garantire che le operazioni quotidiane si svolgano senza intoppi, ma includono anche i singoli responsabili di reparto all'interno delle aziende. Il ruolo di manager del turismo implica la supervisione delle operazioni all'interno di un'impresa o organizzazione turistica. \u00c8 una posizione di alto livello, che richiede una comprensione approfondita dei concetti di gestione e dell'industria nel suo insieme.","sameAs":["https:\/\/www.isoleolie.it\/"],"url":"https:\/\/www.isoleolie.it\/eolie\/author\/isoleolie_2\/"}]}},"_links":{"self":[{"href":"https:\/\/www.isoleolie.it\/eolie\/wp-json\/wp\/v2\/posts\/806","targetHints":{"allow":["GET"]}}],"collection":[{"href":"https:\/\/www.isoleolie.it\/eolie\/wp-json\/wp\/v2\/posts"}],"about":[{"href":"https:\/\/www.isoleolie.it\/eolie\/wp-json\/wp\/v2\/types\/post"}],"author":[{"embeddable":true,"href":"https:\/\/www.isoleolie.it\/eolie\/wp-json\/wp\/v2\/users\/1"}],"replies":[{"embeddable":true,"href":"https:\/\/www.isoleolie.it\/eolie\/wp-json\/wp\/v2\/comments?post=806"}],"version-history":[{"count":1,"href":"https:\/\/www.isoleolie.it\/eolie\/wp-json\/wp\/v2\/posts\/806\/revisions"}],"predecessor-version":[{"id":808,"href":"https:\/\/www.isoleolie.it\/eolie\/wp-json\/wp\/v2\/posts\/806\/revisions\/808"}],"wp:featuredmedia":[{"embeddable":true,"href":"https:\/\/www.isoleolie.it\/eolie\/wp-json\/wp\/v2\/media\/807"}],"wp:attachment":[{"href":"https:\/\/www.isoleolie.it\/eolie\/wp-json\/wp\/v2\/media?parent=806"}],"wp:term":[{"taxonomy":"category","embeddable":true,"href":"https:\/\/www.isoleolie.it\/eolie\/wp-json\/wp\/v2\/categories?post=806"},{"taxonomy":"post_tag","embeddable":true,"href":"https:\/\/www.isoleolie.it\/eolie\/wp-json\/wp\/v2\/tags?post=806"}],"curies":[{"name":"wp","href":"https:\/\/api.w.org\/{rel}","templated":true}]}}