{"id":548,"date":"2021-05-27T09:22:49","date_gmt":"2021-05-27T07:22:49","guid":{"rendered":"https:\/\/www.isoleolie.it\/eolie\/?p=548"},"modified":"2021-05-27T09:22:49","modified_gmt":"2021-05-27T07:22:49","slug":"draghi-green-pass-il-15-giugno-europei-tornano-a-viaggiare","status":"publish","type":"post","link":"https:\/\/www.isoleolie.it\/eolie\/draghi-green-pass-il-15-giugno-europei-tornano-a-viaggiare\/eolie-news\/","title":{"rendered":"Draghi: green pass il 15 giugno, europei tornano a viaggiare"},"content":{"rendered":"<p><span style=\"font-size: 14pt;\">Green pass &#8211; Con la met\u00e0 della popolazione adulta vaccinata entro questa settimana, l\u2019Unione europea guarda per la prima volta all\u2019estate con ottimismo. Le varianti restano un rischio ma finora non hanno dirottato gli sforzi per mettere in sicurezza i cittadini europei e far ripartire le attivit\u00e0 economiche e sociali. E il green pass, assicura il premier Mario Draghi, arriver\u00e0 a met\u00e0 giugno, in tempo per favorire il ritorno dei turisti proprio in avvio di stagione.<\/span><\/p>\n<p><span style=\"font-size: 14pt;\">Draghi ha spiegato che tra i leader Ue \u201cc\u2019\u00e8 stata una certa soddisfazione sul modo in cui procedono le vaccinazioni un po\u2019 dappertutto\u201d. La presidente della Commissione Ue Ursula von der Leyen ha fornito il quadro aggiornato, e rassicurante: \u201cQuesta settimana met\u00e0 degli adulti dell\u2019Ue avr\u00e0 ricevuto la prima dose\u201d, ha detto, ricordando i \u201cprogressi costanti\u201d fatti finora grazie a trecento milioni di dosi inoculate, 245 milioni di vaccinazioni, che hanno immunizzato il 46% della popolazione adulta dell\u2019Ue. <\/span><\/p>\n<p><span style=\"font-size: 14pt;\">Ma non basta, perch\u00e9 bisogna andare avanti senza rallentamenti. \u201cLa campagna deve accelerare anche in estate. Le forniture continueranno ad arrivare in modo sufficiente\u201d, ha assicurato Draghi. Von der Leyen ha parlato di quasi un miliardo di dosi in arrivo nel secondo semestre, \u201cmolto pi\u00f9 di quello che serve\u201d per immunizzare tutti gli europei. Dopo gli adulti, toccher\u00e0 ai ragazzi. A fine mese l\u2019Ema si pronuncer\u00e0 sulla somministrazione di Pfizer alla fascia di et\u00e0 12-15 anni, e allora si comincer\u00e0 a pensare ai vaccini nelle scuole.<\/span><\/p>\n<p><span style=\"font-size: 14pt;\">Restano per\u00f2 ancora diversi interrogativi sul futuro dell\u2019immunit\u00e0. Von der Leyen li ricorda ai leader. Il primo \u00e8 sulla durata della copertura, e quindi dopo quanto tempo fare una seconda vaccinazione. A questo \u00e8 legata anche la durata del green pass, un aspetto su cui si pronuncer\u00e0 l\u2019Ema. Il secondo dubbio \u00e8 se vaccinare anche i bambini e il terzo \u00e8 sul come adattare i sieri alle nuove varianti. Finora funzionano contro quelle conosciute, ma bisogna tenersi pronti alla comparsa di ceppi nuovi. Per questo l\u2019ECDC estender\u00e0 il monitoraggio delle varianti dall\u2019Europa al resto del mondo.<\/span><\/p>\n","protected":false},"excerpt":{"rendered":"<p>Green pass &#8211; Con la met\u00e0 della popolazione adulta vaccinata entro questa settimana, l\u2019Unione europea guarda per la prima volta all\u2019estate con ottimismo. Le varianti restano un rischio ma finora non hanno dirottato gli sforzi per mettere in sicurezza i cittadini europei e far ripartire le attivit\u00e0 economiche e sociali. E il green pass, assicura [&hellip;]<\/p>\n","protected":false},"author":1,"featured_media":229,"comment_status":"closed","ping_status":"closed","sticky":false,"template":"","format":"standard","meta":{"footnotes":""},"categories":[22],"tags":[],"class_list":["post-548","post","type-post","status-publish","format-standard","has-post-thumbnail","hentry","category-eolie-news"],"yoast_head":"<!-- This site is optimized with the Yoast SEO plugin v27.5 - https:\/\/yoast.com\/product\/yoast-seo-wordpress\/ -->\r\n<title>Draghi: green pass il 15 giugno, europei tornano a viaggiare - ISOLE EOLIE Turismo e Vacanze Hotel B&amp;B Residence Case Vacanza<\/title>\r\n<meta name=\"robots\" content=\"index, follow, max-snippet:-1, max-image-preview:large, max-video-preview:-1\" \/>\r\n<link rel=\"canonical\" href=\"https:\/\/www.isoleolie.it\/eolie\/draghi-green-pass-il-15-giugno-europei-tornano-a-viaggiare\/eolie-news\/\" \/>\r\n<meta property=\"og:locale\" content=\"it_IT\" \/>\r\n<meta property=\"og:type\" content=\"article\" \/>\r\n<meta property=\"og:title\" content=\"Draghi: green pass il 15 giugno, europei tornano a viaggiare - ISOLE EOLIE Turismo e Vacanze Hotel B&amp;B Residence Case Vacanza\" \/>\r\n<meta property=\"og:description\" content=\"Green pass &#8211; Con la met\u00e0 della popolazione adulta vaccinata entro questa settimana, l\u2019Unione europea guarda per la prima volta all\u2019estate con ottimismo. Le varianti restano un rischio ma finora non hanno dirottato gli sforzi per mettere in sicurezza i cittadini europei e far ripartire le attivit\u00e0 economiche e sociali. E il green pass, assicura [&hellip;]\" \/>\r\n<meta property=\"og:url\" content=\"https:\/\/www.isoleolie.it\/eolie\/draghi-green-pass-il-15-giugno-europei-tornano-a-viaggiare\/eolie-news\/\" \/>\r\n<meta property=\"og:site_name\" content=\"ISOLE EOLIE Turismo e Vacanze Hotel B&amp;B Residence Case Vacanza\" \/>\r\n<meta property=\"article:published_time\" content=\"2021-05-27T07:22:49+00:00\" \/>\r\n<meta property=\"og:image\" content=\"https:\/\/www.isoleolie.it\/eolie\/wp-content\/uploads\/2021\/02\/mario-draghi-610x3661-1.jpg\" \/>\r\n\t<meta property=\"og:image:width\" content=\"610\" \/>\r\n\t<meta property=\"og:image:height\" content=\"366\" \/>\r\n\t<meta property=\"og:image:type\" content=\"image\/jpeg\" \/>\r\n<meta name=\"author\" content=\"Tourism Manager\" \/>\r\n<meta name=\"twitter:card\" content=\"summary_large_image\" \/>\r\n<meta name=\"twitter:label1\" content=\"Scritto da\" \/>\n\t<meta name=\"twitter:data1\" content=\"Tourism Manager\" \/>\n\t<meta name=\"twitter:label2\" content=\"Tempo di lettura stimato\" \/>\n\t<meta name=\"twitter:data2\" content=\"2 minuti\" \/>\r\n<script type=\"application\/ld+json\" class=\"yoast-schema-graph\">{\"@context\":\"https:\\\/\\\/schema.org\",\"@graph\":[{\"@type\":\"Article\",\"@id\":\"https:\\\/\\\/www.isoleolie.it\\\/eolie\\\/draghi-green-pass-il-15-giugno-europei-tornano-a-viaggiare\\\/eolie-news\\\/#article\",\"isPartOf\":{\"@id\":\"https:\\\/\\\/www.isoleolie.it\\\/eolie\\\/draghi-green-pass-il-15-giugno-europei-tornano-a-viaggiare\\\/eolie-news\\\/\"},\"author\":{\"name\":\"Tourism Manager\",\"@id\":\"https:\\\/\\\/www.isoleolie.it\\\/eolie\\\/#\\\/schema\\\/person\\\/4c400db26884d9f212712636db6c1746\"},\"headline\":\"Draghi: green pass il 15 giugno, europei tornano a viaggiare\",\"datePublished\":\"2021-05-27T07:22:49+00:00\",\"mainEntityOfPage\":{\"@id\":\"https:\\\/\\\/www.isoleolie.it\\\/eolie\\\/draghi-green-pass-il-15-giugno-europei-tornano-a-viaggiare\\\/eolie-news\\\/\"},\"wordCount\":348,\"publisher\":{\"@id\":\"https:\\\/\\\/www.isoleolie.it\\\/eolie\\\/#organization\"},\"image\":{\"@id\":\"https:\\\/\\\/www.isoleolie.it\\\/eolie\\\/draghi-green-pass-il-15-giugno-europei-tornano-a-viaggiare\\\/eolie-news\\\/#primaryimage\"},\"thumbnailUrl\":\"https:\\\/\\\/www.isoleolie.it\\\/eolie\\\/wp-content\\\/uploads\\\/2021\\\/02\\\/mario-draghi-610x3661-1.jpg\",\"articleSection\":[\"NEWS\"],\"inLanguage\":\"it-IT\"},{\"@type\":\"WebPage\",\"@id\":\"https:\\\/\\\/www.isoleolie.it\\\/eolie\\\/draghi-green-pass-il-15-giugno-europei-tornano-a-viaggiare\\\/eolie-news\\\/\",\"url\":\"https:\\\/\\\/www.isoleolie.it\\\/eolie\\\/draghi-green-pass-il-15-giugno-europei-tornano-a-viaggiare\\\/eolie-news\\\/\",\"name\":\"Draghi: green pass il 15 giugno, europei tornano a viaggiare - ISOLE EOLIE Turismo e Vacanze Hotel B&amp;B Residence Case Vacanza\",\"isPartOf\":{\"@id\":\"https:\\\/\\\/www.isoleolie.it\\\/eolie\\\/#website\"},\"primaryImageOfPage\":{\"@id\":\"https:\\\/\\\/www.isoleolie.it\\\/eolie\\\/draghi-green-pass-il-15-giugno-europei-tornano-a-viaggiare\\\/eolie-news\\\/#primaryimage\"},\"image\":{\"@id\":\"https:\\\/\\\/www.isoleolie.it\\\/eolie\\\/draghi-green-pass-il-15-giugno-europei-tornano-a-viaggiare\\\/eolie-news\\\/#primaryimage\"},\"thumbnailUrl\":\"https:\\\/\\\/www.isoleolie.it\\\/eolie\\\/wp-content\\\/uploads\\\/2021\\\/02\\\/mario-draghi-610x3661-1.jpg\",\"datePublished\":\"2021-05-27T07:22:49+00:00\",\"breadcrumb\":{\"@id\":\"https:\\\/\\\/www.isoleolie.it\\\/eolie\\\/draghi-green-pass-il-15-giugno-europei-tornano-a-viaggiare\\\/eolie-news\\\/#breadcrumb\"},\"inLanguage\":\"it-IT\",\"potentialAction\":[{\"@type\":\"ReadAction\",\"target\":[\"https:\\\/\\\/www.isoleolie.it\\\/eolie\\\/draghi-green-pass-il-15-giugno-europei-tornano-a-viaggiare\\\/eolie-news\\\/\"]}]},{\"@type\":\"ImageObject\",\"inLanguage\":\"it-IT\",\"@id\":\"https:\\\/\\\/www.isoleolie.it\\\/eolie\\\/draghi-green-pass-il-15-giugno-europei-tornano-a-viaggiare\\\/eolie-news\\\/#primaryimage\",\"url\":\"https:\\\/\\\/www.isoleolie.it\\\/eolie\\\/wp-content\\\/uploads\\\/2021\\\/02\\\/mario-draghi-610x3661-1.jpg\",\"contentUrl\":\"https:\\\/\\\/www.isoleolie.it\\\/eolie\\\/wp-content\\\/uploads\\\/2021\\\/02\\\/mario-draghi-610x3661-1.jpg\",\"width\":610,\"height\":366,\"caption\":\"green pass\"},{\"@type\":\"BreadcrumbList\",\"@id\":\"https:\\\/\\\/www.isoleolie.it\\\/eolie\\\/draghi-green-pass-il-15-giugno-europei-tornano-a-viaggiare\\\/eolie-news\\\/#breadcrumb\",\"itemListElement\":[{\"@type\":\"ListItem\",\"position\":1,\"name\":\"Home\",\"item\":\"https:\\\/\\\/www.isoleolie.it\\\/eolie\\\/\"},{\"@type\":\"ListItem\",\"position\":2,\"name\":\"Draghi: green pass il 15 giugno, europei tornano a viaggiare\"}]},{\"@type\":\"WebSite\",\"@id\":\"https:\\\/\\\/www.isoleolie.it\\\/eolie\\\/#website\",\"url\":\"https:\\\/\\\/www.isoleolie.it\\\/eolie\\\/\",\"name\":\"ISOLE EOLIE Turismo e Vacanze alle Isole Eolie Hotel B&B Residence Case Vacanza\",\"description\":\"The first and official tourism site for the Aeolian Islands\",\"publisher\":{\"@id\":\"https:\\\/\\\/www.isoleolie.it\\\/eolie\\\/#organization\"},\"potentialAction\":[{\"@type\":\"SearchAction\",\"target\":{\"@type\":\"EntryPoint\",\"urlTemplate\":\"https:\\\/\\\/www.isoleolie.it\\\/eolie\\\/?s={search_term_string}\"},\"query-input\":{\"@type\":\"PropertyValueSpecification\",\"valueRequired\":true,\"valueName\":\"search_term_string\"}}],\"inLanguage\":\"it-IT\"},{\"@type\":\"Organization\",\"@id\":\"https:\\\/\\\/www.isoleolie.it\\\/eolie\\\/#organization\",\"name\":\"ISOLE EOLIE\",\"url\":\"https:\\\/\\\/www.isoleolie.it\\\/eolie\\\/\",\"logo\":{\"@type\":\"ImageObject\",\"inLanguage\":\"it-IT\",\"@id\":\"https:\\\/\\\/www.isoleolie.it\\\/eolie\\\/#\\\/schema\\\/logo\\\/image\\\/\",\"url\":\"https:\\\/\\\/www.isoleolie.it\\\/eolie\\\/wp-content\\\/uploads\\\/2024\\\/11\\\/oMv8p0-4_400x400.jpg\",\"contentUrl\":\"https:\\\/\\\/www.isoleolie.it\\\/eolie\\\/wp-content\\\/uploads\\\/2024\\\/11\\\/oMv8p0-4_400x400.jpg\",\"width\":400,\"height\":400,\"caption\":\"ISOLE EOLIE\"},\"image\":{\"@id\":\"https:\\\/\\\/www.isoleolie.it\\\/eolie\\\/#\\\/schema\\\/logo\\\/image\\\/\"}},{\"@type\":\"Person\",\"@id\":\"https:\\\/\\\/www.isoleolie.it\\\/eolie\\\/#\\\/schema\\\/person\\\/4c400db26884d9f212712636db6c1746\",\"name\":\"Tourism Manager\",\"image\":{\"@type\":\"ImageObject\",\"inLanguage\":\"it-IT\",\"@id\":\"https:\\\/\\\/secure.gravatar.com\\\/avatar\\\/3446a46a5f1bdb4055f313474780b529660445bd2d0364f2472d83fd63ed9bbc?s=96&d=mm&r=g\",\"url\":\"https:\\\/\\\/secure.gravatar.com\\\/avatar\\\/3446a46a5f1bdb4055f313474780b529660445bd2d0364f2472d83fd63ed9bbc?s=96&d=mm&r=g\",\"contentUrl\":\"https:\\\/\\\/secure.gravatar.com\\\/avatar\\\/3446a46a5f1bdb4055f313474780b529660445bd2d0364f2472d83fd63ed9bbc?s=96&d=mm&r=g\",\"caption\":\"Tourism Manager\"},\"description\":\"Che cos'\u00e8 un manager del turismo? Tecnicamente, un manager del turismo \u00e8 un nome dato a qualsiasi professionista della gestione che lavora in un'azienda collegata all'industria del turismo. Ci\u00f2 include i direttori generali, che si assumono la responsabilit\u00e0 generale di garantire che le operazioni quotidiane si svolgano senza intoppi, ma includono anche i singoli responsabili di reparto all'interno delle aziende. Il ruolo di manager del turismo implica la supervisione delle operazioni all'interno di un'impresa o organizzazione turistica. \u00c8 una posizione di alto livello, che richiede una comprensione approfondita dei concetti di gestione e dell'industria nel suo insieme.\",\"sameAs\":[\"https:\\\/\\\/www.isoleolie.it\\\/\"],\"url\":\"https:\\\/\\\/www.isoleolie.it\\\/eolie\\\/author\\\/isoleolie_2\\\/\"}]}<\/script>\r\n<!-- \/ Yoast SEO plugin. -->","yoast_head_json":{"title":"Draghi: green pass il 15 giugno, europei tornano a viaggiare - ISOLE EOLIE Turismo e Vacanze Hotel B&amp;B Residence Case Vacanza","robots":{"index":"index","follow":"follow","max-snippet":"max-snippet:-1","max-image-preview":"max-image-preview:large","max-video-preview":"max-video-preview:-1"},"canonical":"https:\/\/www.isoleolie.it\/eolie\/draghi-green-pass-il-15-giugno-europei-tornano-a-viaggiare\/eolie-news\/","og_locale":"it_IT","og_type":"article","og_title":"Draghi: green pass il 15 giugno, europei tornano a viaggiare - ISOLE EOLIE Turismo e Vacanze Hotel B&amp;B Residence Case Vacanza","og_description":"Green pass &#8211; Con la met\u00e0 della popolazione adulta vaccinata entro questa settimana, l\u2019Unione europea guarda per la prima volta all\u2019estate con ottimismo. Le varianti restano un rischio ma finora non hanno dirottato gli sforzi per mettere in sicurezza i cittadini europei e far ripartire le attivit\u00e0 economiche e sociali. E il green pass, assicura [&hellip;]","og_url":"https:\/\/www.isoleolie.it\/eolie\/draghi-green-pass-il-15-giugno-europei-tornano-a-viaggiare\/eolie-news\/","og_site_name":"ISOLE EOLIE Turismo e Vacanze Hotel B&amp;B Residence Case Vacanza","article_published_time":"2021-05-27T07:22:49+00:00","og_image":[{"width":610,"height":366,"url":"https:\/\/www.isoleolie.it\/eolie\/wp-content\/uploads\/2021\/02\/mario-draghi-610x3661-1.jpg","type":"image\/jpeg"}],"author":"Tourism Manager","twitter_card":"summary_large_image","twitter_misc":{"Scritto da":"Tourism Manager","Tempo di lettura stimato":"2 minuti"},"schema":{"@context":"https:\/\/schema.org","@graph":[{"@type":"Article","@id":"https:\/\/www.isoleolie.it\/eolie\/draghi-green-pass-il-15-giugno-europei-tornano-a-viaggiare\/eolie-news\/#article","isPartOf":{"@id":"https:\/\/www.isoleolie.it\/eolie\/draghi-green-pass-il-15-giugno-europei-tornano-a-viaggiare\/eolie-news\/"},"author":{"name":"Tourism Manager","@id":"https:\/\/www.isoleolie.it\/eolie\/#\/schema\/person\/4c400db26884d9f212712636db6c1746"},"headline":"Draghi: green pass il 15 giugno, europei tornano a viaggiare","datePublished":"2021-05-27T07:22:49+00:00","mainEntityOfPage":{"@id":"https:\/\/www.isoleolie.it\/eolie\/draghi-green-pass-il-15-giugno-europei-tornano-a-viaggiare\/eolie-news\/"},"wordCount":348,"publisher":{"@id":"https:\/\/www.isoleolie.it\/eolie\/#organization"},"image":{"@id":"https:\/\/www.isoleolie.it\/eolie\/draghi-green-pass-il-15-giugno-europei-tornano-a-viaggiare\/eolie-news\/#primaryimage"},"thumbnailUrl":"https:\/\/www.isoleolie.it\/eolie\/wp-content\/uploads\/2021\/02\/mario-draghi-610x3661-1.jpg","articleSection":["NEWS"],"inLanguage":"it-IT"},{"@type":"WebPage","@id":"https:\/\/www.isoleolie.it\/eolie\/draghi-green-pass-il-15-giugno-europei-tornano-a-viaggiare\/eolie-news\/","url":"https:\/\/www.isoleolie.it\/eolie\/draghi-green-pass-il-15-giugno-europei-tornano-a-viaggiare\/eolie-news\/","name":"Draghi: green pass il 15 giugno, europei tornano a viaggiare - ISOLE EOLIE Turismo e Vacanze Hotel B&amp;B Residence Case Vacanza","isPartOf":{"@id":"https:\/\/www.isoleolie.it\/eolie\/#website"},"primaryImageOfPage":{"@id":"https:\/\/www.isoleolie.it\/eolie\/draghi-green-pass-il-15-giugno-europei-tornano-a-viaggiare\/eolie-news\/#primaryimage"},"image":{"@id":"https:\/\/www.isoleolie.it\/eolie\/draghi-green-pass-il-15-giugno-europei-tornano-a-viaggiare\/eolie-news\/#primaryimage"},"thumbnailUrl":"https:\/\/www.isoleolie.it\/eolie\/wp-content\/uploads\/2021\/02\/mario-draghi-610x3661-1.jpg","datePublished":"2021-05-27T07:22:49+00:00","breadcrumb":{"@id":"https:\/\/www.isoleolie.it\/eolie\/draghi-green-pass-il-15-giugno-europei-tornano-a-viaggiare\/eolie-news\/#breadcrumb"},"inLanguage":"it-IT","potentialAction":[{"@type":"ReadAction","target":["https:\/\/www.isoleolie.it\/eolie\/draghi-green-pass-il-15-giugno-europei-tornano-a-viaggiare\/eolie-news\/"]}]},{"@type":"ImageObject","inLanguage":"it-IT","@id":"https:\/\/www.isoleolie.it\/eolie\/draghi-green-pass-il-15-giugno-europei-tornano-a-viaggiare\/eolie-news\/#primaryimage","url":"https:\/\/www.isoleolie.it\/eolie\/wp-content\/uploads\/2021\/02\/mario-draghi-610x3661-1.jpg","contentUrl":"https:\/\/www.isoleolie.it\/eolie\/wp-content\/uploads\/2021\/02\/mario-draghi-610x3661-1.jpg","width":610,"height":366,"caption":"green pass"},{"@type":"BreadcrumbList","@id":"https:\/\/www.isoleolie.it\/eolie\/draghi-green-pass-il-15-giugno-europei-tornano-a-viaggiare\/eolie-news\/#breadcrumb","itemListElement":[{"@type":"ListItem","position":1,"name":"Home","item":"https:\/\/www.isoleolie.it\/eolie\/"},{"@type":"ListItem","position":2,"name":"Draghi: green pass il 15 giugno, europei tornano a viaggiare"}]},{"@type":"WebSite","@id":"https:\/\/www.isoleolie.it\/eolie\/#website","url":"https:\/\/www.isoleolie.it\/eolie\/","name":"ISOLE EOLIE Turismo e Vacanze alle Isole Eolie Hotel B&B Residence Case Vacanza","description":"The first and official tourism site for the Aeolian Islands","publisher":{"@id":"https:\/\/www.isoleolie.it\/eolie\/#organization"},"potentialAction":[{"@type":"SearchAction","target":{"@type":"EntryPoint","urlTemplate":"https:\/\/www.isoleolie.it\/eolie\/?s={search_term_string}"},"query-input":{"@type":"PropertyValueSpecification","valueRequired":true,"valueName":"search_term_string"}}],"inLanguage":"it-IT"},{"@type":"Organization","@id":"https:\/\/www.isoleolie.it\/eolie\/#organization","name":"ISOLE EOLIE","url":"https:\/\/www.isoleolie.it\/eolie\/","logo":{"@type":"ImageObject","inLanguage":"it-IT","@id":"https:\/\/www.isoleolie.it\/eolie\/#\/schema\/logo\/image\/","url":"https:\/\/www.isoleolie.it\/eolie\/wp-content\/uploads\/2024\/11\/oMv8p0-4_400x400.jpg","contentUrl":"https:\/\/www.isoleolie.it\/eolie\/wp-content\/uploads\/2024\/11\/oMv8p0-4_400x400.jpg","width":400,"height":400,"caption":"ISOLE EOLIE"},"image":{"@id":"https:\/\/www.isoleolie.it\/eolie\/#\/schema\/logo\/image\/"}},{"@type":"Person","@id":"https:\/\/www.isoleolie.it\/eolie\/#\/schema\/person\/4c400db26884d9f212712636db6c1746","name":"Tourism Manager","image":{"@type":"ImageObject","inLanguage":"it-IT","@id":"https:\/\/secure.gravatar.com\/avatar\/3446a46a5f1bdb4055f313474780b529660445bd2d0364f2472d83fd63ed9bbc?s=96&d=mm&r=g","url":"https:\/\/secure.gravatar.com\/avatar\/3446a46a5f1bdb4055f313474780b529660445bd2d0364f2472d83fd63ed9bbc?s=96&d=mm&r=g","contentUrl":"https:\/\/secure.gravatar.com\/avatar\/3446a46a5f1bdb4055f313474780b529660445bd2d0364f2472d83fd63ed9bbc?s=96&d=mm&r=g","caption":"Tourism Manager"},"description":"Che cos'\u00e8 un manager del turismo? Tecnicamente, un manager del turismo \u00e8 un nome dato a qualsiasi professionista della gestione che lavora in un'azienda collegata all'industria del turismo. Ci\u00f2 include i direttori generali, che si assumono la responsabilit\u00e0 generale di garantire che le operazioni quotidiane si svolgano senza intoppi, ma includono anche i singoli responsabili di reparto all'interno delle aziende. Il ruolo di manager del turismo implica la supervisione delle operazioni all'interno di un'impresa o organizzazione turistica. \u00c8 una posizione di alto livello, che richiede una comprensione approfondita dei concetti di gestione e dell'industria nel suo insieme.","sameAs":["https:\/\/www.isoleolie.it\/"],"url":"https:\/\/www.isoleolie.it\/eolie\/author\/isoleolie_2\/"}]}},"_links":{"self":[{"href":"https:\/\/www.isoleolie.it\/eolie\/wp-json\/wp\/v2\/posts\/548","targetHints":{"allow":["GET"]}}],"collection":[{"href":"https:\/\/www.isoleolie.it\/eolie\/wp-json\/wp\/v2\/posts"}],"about":[{"href":"https:\/\/www.isoleolie.it\/eolie\/wp-json\/wp\/v2\/types\/post"}],"author":[{"embeddable":true,"href":"https:\/\/www.isoleolie.it\/eolie\/wp-json\/wp\/v2\/users\/1"}],"replies":[{"embeddable":true,"href":"https:\/\/www.isoleolie.it\/eolie\/wp-json\/wp\/v2\/comments?post=548"}],"version-history":[{"count":1,"href":"https:\/\/www.isoleolie.it\/eolie\/wp-json\/wp\/v2\/posts\/548\/revisions"}],"predecessor-version":[{"id":549,"href":"https:\/\/www.isoleolie.it\/eolie\/wp-json\/wp\/v2\/posts\/548\/revisions\/549"}],"wp:featuredmedia":[{"embeddable":true,"href":"https:\/\/www.isoleolie.it\/eolie\/wp-json\/wp\/v2\/media\/229"}],"wp:attachment":[{"href":"https:\/\/www.isoleolie.it\/eolie\/wp-json\/wp\/v2\/media?parent=548"}],"wp:term":[{"taxonomy":"category","embeddable":true,"href":"https:\/\/www.isoleolie.it\/eolie\/wp-json\/wp\/v2\/categories?post=548"},{"taxonomy":"post_tag","embeddable":true,"href":"https:\/\/www.isoleolie.it\/eolie\/wp-json\/wp\/v2\/tags?post=548"}],"curies":[{"name":"wp","href":"https:\/\/api.w.org\/{rel}","templated":true}]}}