{"id":381,"date":"2021-05-05T13:46:56","date_gmt":"2021-05-05T11:46:56","guid":{"rendered":"https:\/\/www.isoleolie.it\/eolie\/?p=381"},"modified":"2021-05-05T13:46:56","modified_gmt":"2021-05-05T11:46:56","slug":"green-pass-da-meta-maggio-niente-piu-quarantena-per-viaggiare-in-italia","status":"publish","type":"post","link":"https:\/\/www.isoleolie.it\/eolie\/green-pass-da-meta-maggio-niente-piu-quarantena-per-viaggiare-in-italia\/eolie-news\/","title":{"rendered":"Green Pass: da met\u00e0 maggio niente pi\u00f9 quarantena per viaggiare in Italia"},"content":{"rendered":"<h1 class=\"asummary d-none d-lg-block\">Per muoversi baster\u00e0 l&#8217;attestato di vaccinazione, il certificato di guarigione o un tampone negativo. L\u2019ordinanza in scadenza il 15 maggio non sar\u00e0 prorogata.<\/h1>\n<h2 class=\"asummary d-none d-lg-block\">Il nuovo provvedimento escluder\u00e0 la quarantena per chi proviene dall&#8217;Ue ma anche da Usa e Israele.<\/h2>\n<h1 class=\"atext\">Niente pi\u00f9 quarantena per gli italiani che rientrano dall\u2019estero e per i turisti stranieri.<\/h1>\n<p class=\"atext\">A partire dai paesi Ue. Ma anche da Stati Uniti e Israele, dove le\u00a0<a class=\"classi-link-esterno\" href=\"https:\/\/lab24.ilsole24ore.com\/numeri-vaccini-italia-mondo\/\">vaccinazioni\u00a0<\/a>sono molto avanti. Il premier Mario Draghi\u00a0<a class=\"classi-link-esterno\" href=\"https:\/\/www.ilsole24ore.com\/art\/draghi-turismo-caposaldo-nostro-paese-meta-giugno-green-pass-ue-operativo-AEryR0F\">ha annunciato<\/a>\u00a0che si potr\u00e0 tornare a viaggiare in tutta Italia con un \u201cpass verde nazionale\u201d, in attesa che entri in vigore il green pass europeo previsto per la met\u00e0 di giugno.<\/p>\n<p class=\"atext\">L&#8217;obbligo di quarantena per chi entra in Italia \u00e8 destinato dunque a cadere il 15 maggio, perch\u00e9 il ministro della Salute Roberto Speranza non rinnover\u00e0 l&#8217;<a class=\"classi-link-esterno\" href=\"https:\/\/www.ilsole24ore.com\/art\/tampone-e-quarantena-5-giorni-prorogate-fino-meta-maggio-misure-chi-arriva-paesi-ue-AEsLTqE\">attuale ordinanza<\/a>. Una mossa, quella del governo, decisa per non perdere terreno rispetto ad altri Paesi concorrenti come la\u00a0<a class=\"classi-link-esterno\" href=\"https:\/\/www.ilsole24ore.com\/art\/la-sfida-estiva-isole-covid-free-ecco-quanto-pesa-turismo-italia-e-grecia-pil-AEtsYDB\">Grecia<\/a>, che hanno scommesso, tra l\u2019altro, sulle isole\u00a0<a class=\"classi-link-esterno\" href=\"https:\/\/lab24.ilsole24ore.com\/coronavirus-italia-tutto-quello-che-ce-da-sapere\/\">Covid free<\/a>\u00a0per rilanciare il\u00a0<a class=\"classi-link-esterno\" href=\"https:\/\/www.ilsole24ore.com\/art\/grecia-isole-covid-free-acquisti-buon-prezzo-vacanze-e-residenza-ADx37AWB\">turismo<\/a>.<\/p>\n<div class=\"asubtitle\">\n<h1 id=\"U40893180807GD\">Come funziona il green pass<\/h1>\n<\/div>\n<p class=\"atext\">Ma come funzioner\u00e0 il green pass nazionale? La linea \u00e8 quella gi\u00e0 indicata nel decreto attualmente in vigore per le \u201ccertificazioni verdi\u201d che consentono agli italiani di spostarsi per turismo tra\u00a0<a class=\"classi-link-esterno\" href=\"https:\/\/www.ilsole24ore.com\/art\/arriva-green-pass-gli-spostamenti-regioni-validita-sanzioni-ecco-come-funziona-AENzzeC\">regioni arancioni e rosse<\/a>: l&#8217;attestato di avvenuta vaccinazione, con entrambe le dosi e solo con i vaccini autorizzati dall&#8217;Ema oppure il certificato di guarigione o un tampone antigenico o molecolare con esito negativo effettuato nelle 48 ore precedenti l\u2019arrivo in Italia.<\/p>\n<div class=\"abox abox--nobg abox--fluid \">\n<div id=\"outbrain_widget_0\" class=\"OUTBRAIN\" data-src=\"https:\/\/www.ilsole24ore.com\/art\/turismo-il-green-pass-niente-piu-quarantena-meta-maggio-chi-viaggia-italia-AEMsvCG\" data-widget-id=\"AR_2\" data-ob-template=\"\" data-ob-=\"\">\n<p class=\"atext\">Per uniformare modalit\u00e0 e durata delle certificazioni dei vari paesi ci sar\u00e0 un incontro dei ministri della Salute a livello Ue ma \u00e8 gi\u00e0 chiaro che il 15 maggio si partir\u00e0 con i documenti cartacei per poi passare all&#8217;utilizzo della piattaforma tecnologica europea sulla quale verr\u00e0 caricato il green pass e che verr\u00e0 testata per la prima volta il 10 maggio.<\/p>\n<p class=\"atext\">L&#8217;apertura al turismo costringer\u00e0 il governo a rivedere alcune regole attualmente in vigore. La prima \u00e8 l&#8217;ordinanza che definisce l\u2019ingresso in Italia per chi proviene dall&#8217;estero e che scade il 15 maggio: ad oggi \u00e8 previsto un tampone in entrata, quarantena di 5 giorni e un nuovo tampone per chi proviene dall&#8217;Unione europea e dalla Gran Bretagna mentre per gli arrivi dal resto del mondo &#8211; ad eccezione degli Stati per i quali \u00e8 vietato l&#8217;ingresso nel nostro paese &#8211; la durata della quarantena \u00e8 di 14 giorni. Il nuovo provvedimento escluder\u00e0 la quarantena per chi proviene dall&#8217;Ue ma anche da Stati Uniti e Israele, dove le vaccinazioni sono molto avanti. Resteranno, invece, le limitazioni per i paesi inseriti nella black list.<\/p>\n<div class=\"asubtitle\">\n<h1 id=\"U4089318080MSG\">Green pass Ue a met\u00e0 giugno<\/h1>\n<\/div>\n<p class=\"atext\">Dal 16 maggio si potr\u00e0 dunque tornare a viaggiare in tutto il paese con un \u201cpass verde nazionale\u201d simile a quello introdotto con l&#8217;ultimo decreto legge, che consente lo spostamento per turismo anche nelle regioni arancioni o rosse, in attesa che entri in vigore il green pass europeo previsto per la met\u00e0 di giugno.<\/p>\n<p>\u00a0Fonte:.ilsole24ore.com\/<\/p>\n<\/div>\n<\/div>\n","protected":false},"excerpt":{"rendered":"<p>Per muoversi baster\u00e0 l&#8217;attestato di vaccinazione, il certificato di guarigione o un tampone negativo. L\u2019ordinanza in scadenza il 15 maggio non sar\u00e0 prorogata. Il nuovo provvedimento escluder\u00e0 la quarantena per chi proviene dall&#8217;Ue ma anche da Usa e Israele. Niente pi\u00f9 quarantena per gli italiani che rientrano dall\u2019estero e per i turisti stranieri. A partire [&hellip;]<\/p>\n","protected":false},"author":1,"featured_media":229,"comment_status":"closed","ping_status":"closed","sticky":false,"template":"","format":"standard","meta":{"footnotes":""},"categories":[22],"tags":[],"class_list":["post-381","post","type-post","status-publish","format-standard","has-post-thumbnail","hentry","category-eolie-news"],"yoast_head":"<!-- This site is optimized with the Yoast SEO plugin v27.5 - https:\/\/yoast.com\/product\/yoast-seo-wordpress\/ -->\r\n<title>Green Pass: da met\u00e0 maggio niente pi\u00f9 quarantena per viaggiare in Italia - ISOLE EOLIE Turismo e Vacanze Hotel B&amp;B Residence Case Vacanza<\/title>\r\n<meta name=\"robots\" content=\"index, follow, max-snippet:-1, max-image-preview:large, max-video-preview:-1\" \/>\r\n<link rel=\"canonical\" href=\"https:\/\/www.isoleolie.it\/eolie\/green-pass-da-meta-maggio-niente-piu-quarantena-per-viaggiare-in-italia\/eolie-news\/\" \/>\r\n<meta property=\"og:locale\" content=\"it_IT\" \/>\r\n<meta property=\"og:type\" content=\"article\" \/>\r\n<meta property=\"og:title\" content=\"Green Pass: da met\u00e0 maggio niente pi\u00f9 quarantena per viaggiare in Italia - ISOLE EOLIE Turismo e Vacanze Hotel B&amp;B Residence Case Vacanza\" \/>\r\n<meta property=\"og:description\" content=\"Per muoversi baster\u00e0 l&#8217;attestato di vaccinazione, il certificato di guarigione o un tampone negativo. L\u2019ordinanza in scadenza il 15 maggio non sar\u00e0 prorogata. Il nuovo provvedimento escluder\u00e0 la quarantena per chi proviene dall&#8217;Ue ma anche da Usa e Israele. Niente pi\u00f9 quarantena per gli italiani che rientrano dall\u2019estero e per i turisti stranieri. A partire [&hellip;]\" \/>\r\n<meta property=\"og:url\" content=\"https:\/\/www.isoleolie.it\/eolie\/green-pass-da-meta-maggio-niente-piu-quarantena-per-viaggiare-in-italia\/eolie-news\/\" \/>\r\n<meta property=\"og:site_name\" content=\"ISOLE EOLIE Turismo e Vacanze Hotel B&amp;B Residence Case Vacanza\" \/>\r\n<meta property=\"article:published_time\" content=\"2021-05-05T11:46:56+00:00\" \/>\r\n<meta property=\"og:image\" content=\"https:\/\/www.isoleolie.it\/eolie\/wp-content\/uploads\/2021\/02\/mario-draghi-610x3661-1.jpg\" \/>\r\n\t<meta property=\"og:image:width\" content=\"610\" \/>\r\n\t<meta property=\"og:image:height\" content=\"366\" \/>\r\n\t<meta property=\"og:image:type\" content=\"image\/jpeg\" \/>\r\n<meta name=\"author\" content=\"Tourism Manager\" \/>\r\n<meta name=\"twitter:card\" content=\"summary_large_image\" \/>\r\n<meta name=\"twitter:label1\" content=\"Scritto da\" \/>\n\t<meta name=\"twitter:data1\" content=\"Tourism Manager\" \/>\n\t<meta name=\"twitter:label2\" content=\"Tempo di lettura stimato\" \/>\n\t<meta name=\"twitter:data2\" content=\"3 minuti\" \/>\r\n<script type=\"application\/ld+json\" class=\"yoast-schema-graph\">{\"@context\":\"https:\\\/\\\/schema.org\",\"@graph\":[{\"@type\":\"Article\",\"@id\":\"https:\\\/\\\/www.isoleolie.it\\\/eolie\\\/green-pass-da-meta-maggio-niente-piu-quarantena-per-viaggiare-in-italia\\\/eolie-news\\\/#article\",\"isPartOf\":{\"@id\":\"https:\\\/\\\/www.isoleolie.it\\\/eolie\\\/green-pass-da-meta-maggio-niente-piu-quarantena-per-viaggiare-in-italia\\\/eolie-news\\\/\"},\"author\":{\"name\":\"Tourism Manager\",\"@id\":\"https:\\\/\\\/www.isoleolie.it\\\/eolie\\\/#\\\/schema\\\/person\\\/4c400db26884d9f212712636db6c1746\"},\"headline\":\"Green Pass: da met\u00e0 maggio niente pi\u00f9 quarantena per viaggiare in Italia\",\"datePublished\":\"2021-05-05T11:46:56+00:00\",\"mainEntityOfPage\":{\"@id\":\"https:\\\/\\\/www.isoleolie.it\\\/eolie\\\/green-pass-da-meta-maggio-niente-piu-quarantena-per-viaggiare-in-italia\\\/eolie-news\\\/\"},\"wordCount\":504,\"publisher\":{\"@id\":\"https:\\\/\\\/www.isoleolie.it\\\/eolie\\\/#organization\"},\"image\":{\"@id\":\"https:\\\/\\\/www.isoleolie.it\\\/eolie\\\/green-pass-da-meta-maggio-niente-piu-quarantena-per-viaggiare-in-italia\\\/eolie-news\\\/#primaryimage\"},\"thumbnailUrl\":\"https:\\\/\\\/www.isoleolie.it\\\/eolie\\\/wp-content\\\/uploads\\\/2021\\\/02\\\/mario-draghi-610x3661-1.jpg\",\"articleSection\":[\"NEWS\"],\"inLanguage\":\"it-IT\"},{\"@type\":\"WebPage\",\"@id\":\"https:\\\/\\\/www.isoleolie.it\\\/eolie\\\/green-pass-da-meta-maggio-niente-piu-quarantena-per-viaggiare-in-italia\\\/eolie-news\\\/\",\"url\":\"https:\\\/\\\/www.isoleolie.it\\\/eolie\\\/green-pass-da-meta-maggio-niente-piu-quarantena-per-viaggiare-in-italia\\\/eolie-news\\\/\",\"name\":\"Green Pass: da met\u00e0 maggio niente pi\u00f9 quarantena per viaggiare in Italia - ISOLE EOLIE Turismo e Vacanze Hotel B&amp;B Residence Case Vacanza\",\"isPartOf\":{\"@id\":\"https:\\\/\\\/www.isoleolie.it\\\/eolie\\\/#website\"},\"primaryImageOfPage\":{\"@id\":\"https:\\\/\\\/www.isoleolie.it\\\/eolie\\\/green-pass-da-meta-maggio-niente-piu-quarantena-per-viaggiare-in-italia\\\/eolie-news\\\/#primaryimage\"},\"image\":{\"@id\":\"https:\\\/\\\/www.isoleolie.it\\\/eolie\\\/green-pass-da-meta-maggio-niente-piu-quarantena-per-viaggiare-in-italia\\\/eolie-news\\\/#primaryimage\"},\"thumbnailUrl\":\"https:\\\/\\\/www.isoleolie.it\\\/eolie\\\/wp-content\\\/uploads\\\/2021\\\/02\\\/mario-draghi-610x3661-1.jpg\",\"datePublished\":\"2021-05-05T11:46:56+00:00\",\"breadcrumb\":{\"@id\":\"https:\\\/\\\/www.isoleolie.it\\\/eolie\\\/green-pass-da-meta-maggio-niente-piu-quarantena-per-viaggiare-in-italia\\\/eolie-news\\\/#breadcrumb\"},\"inLanguage\":\"it-IT\",\"potentialAction\":[{\"@type\":\"ReadAction\",\"target\":[\"https:\\\/\\\/www.isoleolie.it\\\/eolie\\\/green-pass-da-meta-maggio-niente-piu-quarantena-per-viaggiare-in-italia\\\/eolie-news\\\/\"]}]},{\"@type\":\"ImageObject\",\"inLanguage\":\"it-IT\",\"@id\":\"https:\\\/\\\/www.isoleolie.it\\\/eolie\\\/green-pass-da-meta-maggio-niente-piu-quarantena-per-viaggiare-in-italia\\\/eolie-news\\\/#primaryimage\",\"url\":\"https:\\\/\\\/www.isoleolie.it\\\/eolie\\\/wp-content\\\/uploads\\\/2021\\\/02\\\/mario-draghi-610x3661-1.jpg\",\"contentUrl\":\"https:\\\/\\\/www.isoleolie.it\\\/eolie\\\/wp-content\\\/uploads\\\/2021\\\/02\\\/mario-draghi-610x3661-1.jpg\",\"width\":610,\"height\":366,\"caption\":\"green pass\"},{\"@type\":\"BreadcrumbList\",\"@id\":\"https:\\\/\\\/www.isoleolie.it\\\/eolie\\\/green-pass-da-meta-maggio-niente-piu-quarantena-per-viaggiare-in-italia\\\/eolie-news\\\/#breadcrumb\",\"itemListElement\":[{\"@type\":\"ListItem\",\"position\":1,\"name\":\"Home\",\"item\":\"https:\\\/\\\/www.isoleolie.it\\\/eolie\\\/\"},{\"@type\":\"ListItem\",\"position\":2,\"name\":\"Green Pass: da met\u00e0 maggio niente pi\u00f9 quarantena per viaggiare in Italia\"}]},{\"@type\":\"WebSite\",\"@id\":\"https:\\\/\\\/www.isoleolie.it\\\/eolie\\\/#website\",\"url\":\"https:\\\/\\\/www.isoleolie.it\\\/eolie\\\/\",\"name\":\"ISOLE EOLIE Turismo e Vacanze alle Isole Eolie Hotel B&B Residence Case Vacanza\",\"description\":\"The first and official tourism site for the Aeolian Islands\",\"publisher\":{\"@id\":\"https:\\\/\\\/www.isoleolie.it\\\/eolie\\\/#organization\"},\"potentialAction\":[{\"@type\":\"SearchAction\",\"target\":{\"@type\":\"EntryPoint\",\"urlTemplate\":\"https:\\\/\\\/www.isoleolie.it\\\/eolie\\\/?s={search_term_string}\"},\"query-input\":{\"@type\":\"PropertyValueSpecification\",\"valueRequired\":true,\"valueName\":\"search_term_string\"}}],\"inLanguage\":\"it-IT\"},{\"@type\":\"Organization\",\"@id\":\"https:\\\/\\\/www.isoleolie.it\\\/eolie\\\/#organization\",\"name\":\"ISOLE EOLIE\",\"url\":\"https:\\\/\\\/www.isoleolie.it\\\/eolie\\\/\",\"logo\":{\"@type\":\"ImageObject\",\"inLanguage\":\"it-IT\",\"@id\":\"https:\\\/\\\/www.isoleolie.it\\\/eolie\\\/#\\\/schema\\\/logo\\\/image\\\/\",\"url\":\"https:\\\/\\\/www.isoleolie.it\\\/eolie\\\/wp-content\\\/uploads\\\/2024\\\/11\\\/oMv8p0-4_400x400.jpg\",\"contentUrl\":\"https:\\\/\\\/www.isoleolie.it\\\/eolie\\\/wp-content\\\/uploads\\\/2024\\\/11\\\/oMv8p0-4_400x400.jpg\",\"width\":400,\"height\":400,\"caption\":\"ISOLE EOLIE\"},\"image\":{\"@id\":\"https:\\\/\\\/www.isoleolie.it\\\/eolie\\\/#\\\/schema\\\/logo\\\/image\\\/\"}},{\"@type\":\"Person\",\"@id\":\"https:\\\/\\\/www.isoleolie.it\\\/eolie\\\/#\\\/schema\\\/person\\\/4c400db26884d9f212712636db6c1746\",\"name\":\"Tourism Manager\",\"image\":{\"@type\":\"ImageObject\",\"inLanguage\":\"it-IT\",\"@id\":\"https:\\\/\\\/secure.gravatar.com\\\/avatar\\\/3446a46a5f1bdb4055f313474780b529660445bd2d0364f2472d83fd63ed9bbc?s=96&d=mm&r=g\",\"url\":\"https:\\\/\\\/secure.gravatar.com\\\/avatar\\\/3446a46a5f1bdb4055f313474780b529660445bd2d0364f2472d83fd63ed9bbc?s=96&d=mm&r=g\",\"contentUrl\":\"https:\\\/\\\/secure.gravatar.com\\\/avatar\\\/3446a46a5f1bdb4055f313474780b529660445bd2d0364f2472d83fd63ed9bbc?s=96&d=mm&r=g\",\"caption\":\"Tourism Manager\"},\"description\":\"Che cos'\u00e8 un manager del turismo? Tecnicamente, un manager del turismo \u00e8 un nome dato a qualsiasi professionista della gestione che lavora in un'azienda collegata all'industria del turismo. Ci\u00f2 include i direttori generali, che si assumono la responsabilit\u00e0 generale di garantire che le operazioni quotidiane si svolgano senza intoppi, ma includono anche i singoli responsabili di reparto all'interno delle aziende. Il ruolo di manager del turismo implica la supervisione delle operazioni all'interno di un'impresa o organizzazione turistica. \u00c8 una posizione di alto livello, che richiede una comprensione approfondita dei concetti di gestione e dell'industria nel suo insieme.\",\"sameAs\":[\"https:\\\/\\\/www.isoleolie.it\\\/\"],\"url\":\"https:\\\/\\\/www.isoleolie.it\\\/eolie\\\/author\\\/isoleolie_2\\\/\"}]}<\/script>\r\n<!-- \/ Yoast SEO plugin. -->","yoast_head_json":{"title":"Green Pass: da met\u00e0 maggio niente pi\u00f9 quarantena per viaggiare in Italia - ISOLE EOLIE Turismo e Vacanze Hotel B&amp;B Residence Case Vacanza","robots":{"index":"index","follow":"follow","max-snippet":"max-snippet:-1","max-image-preview":"max-image-preview:large","max-video-preview":"max-video-preview:-1"},"canonical":"https:\/\/www.isoleolie.it\/eolie\/green-pass-da-meta-maggio-niente-piu-quarantena-per-viaggiare-in-italia\/eolie-news\/","og_locale":"it_IT","og_type":"article","og_title":"Green Pass: da met\u00e0 maggio niente pi\u00f9 quarantena per viaggiare in Italia - ISOLE EOLIE Turismo e Vacanze Hotel B&amp;B Residence Case Vacanza","og_description":"Per muoversi baster\u00e0 l&#8217;attestato di vaccinazione, il certificato di guarigione o un tampone negativo. L\u2019ordinanza in scadenza il 15 maggio non sar\u00e0 prorogata. Il nuovo provvedimento escluder\u00e0 la quarantena per chi proviene dall&#8217;Ue ma anche da Usa e Israele. Niente pi\u00f9 quarantena per gli italiani che rientrano dall\u2019estero e per i turisti stranieri. A partire [&hellip;]","og_url":"https:\/\/www.isoleolie.it\/eolie\/green-pass-da-meta-maggio-niente-piu-quarantena-per-viaggiare-in-italia\/eolie-news\/","og_site_name":"ISOLE EOLIE Turismo e Vacanze Hotel B&amp;B Residence Case Vacanza","article_published_time":"2021-05-05T11:46:56+00:00","og_image":[{"width":610,"height":366,"url":"https:\/\/www.isoleolie.it\/eolie\/wp-content\/uploads\/2021\/02\/mario-draghi-610x3661-1.jpg","type":"image\/jpeg"}],"author":"Tourism Manager","twitter_card":"summary_large_image","twitter_misc":{"Scritto da":"Tourism Manager","Tempo di lettura stimato":"3 minuti"},"schema":{"@context":"https:\/\/schema.org","@graph":[{"@type":"Article","@id":"https:\/\/www.isoleolie.it\/eolie\/green-pass-da-meta-maggio-niente-piu-quarantena-per-viaggiare-in-italia\/eolie-news\/#article","isPartOf":{"@id":"https:\/\/www.isoleolie.it\/eolie\/green-pass-da-meta-maggio-niente-piu-quarantena-per-viaggiare-in-italia\/eolie-news\/"},"author":{"name":"Tourism Manager","@id":"https:\/\/www.isoleolie.it\/eolie\/#\/schema\/person\/4c400db26884d9f212712636db6c1746"},"headline":"Green Pass: da met\u00e0 maggio niente pi\u00f9 quarantena per viaggiare in Italia","datePublished":"2021-05-05T11:46:56+00:00","mainEntityOfPage":{"@id":"https:\/\/www.isoleolie.it\/eolie\/green-pass-da-meta-maggio-niente-piu-quarantena-per-viaggiare-in-italia\/eolie-news\/"},"wordCount":504,"publisher":{"@id":"https:\/\/www.isoleolie.it\/eolie\/#organization"},"image":{"@id":"https:\/\/www.isoleolie.it\/eolie\/green-pass-da-meta-maggio-niente-piu-quarantena-per-viaggiare-in-italia\/eolie-news\/#primaryimage"},"thumbnailUrl":"https:\/\/www.isoleolie.it\/eolie\/wp-content\/uploads\/2021\/02\/mario-draghi-610x3661-1.jpg","articleSection":["NEWS"],"inLanguage":"it-IT"},{"@type":"WebPage","@id":"https:\/\/www.isoleolie.it\/eolie\/green-pass-da-meta-maggio-niente-piu-quarantena-per-viaggiare-in-italia\/eolie-news\/","url":"https:\/\/www.isoleolie.it\/eolie\/green-pass-da-meta-maggio-niente-piu-quarantena-per-viaggiare-in-italia\/eolie-news\/","name":"Green Pass: da met\u00e0 maggio niente pi\u00f9 quarantena per viaggiare in Italia - ISOLE EOLIE Turismo e Vacanze Hotel B&amp;B Residence Case Vacanza","isPartOf":{"@id":"https:\/\/www.isoleolie.it\/eolie\/#website"},"primaryImageOfPage":{"@id":"https:\/\/www.isoleolie.it\/eolie\/green-pass-da-meta-maggio-niente-piu-quarantena-per-viaggiare-in-italia\/eolie-news\/#primaryimage"},"image":{"@id":"https:\/\/www.isoleolie.it\/eolie\/green-pass-da-meta-maggio-niente-piu-quarantena-per-viaggiare-in-italia\/eolie-news\/#primaryimage"},"thumbnailUrl":"https:\/\/www.isoleolie.it\/eolie\/wp-content\/uploads\/2021\/02\/mario-draghi-610x3661-1.jpg","datePublished":"2021-05-05T11:46:56+00:00","breadcrumb":{"@id":"https:\/\/www.isoleolie.it\/eolie\/green-pass-da-meta-maggio-niente-piu-quarantena-per-viaggiare-in-italia\/eolie-news\/#breadcrumb"},"inLanguage":"it-IT","potentialAction":[{"@type":"ReadAction","target":["https:\/\/www.isoleolie.it\/eolie\/green-pass-da-meta-maggio-niente-piu-quarantena-per-viaggiare-in-italia\/eolie-news\/"]}]},{"@type":"ImageObject","inLanguage":"it-IT","@id":"https:\/\/www.isoleolie.it\/eolie\/green-pass-da-meta-maggio-niente-piu-quarantena-per-viaggiare-in-italia\/eolie-news\/#primaryimage","url":"https:\/\/www.isoleolie.it\/eolie\/wp-content\/uploads\/2021\/02\/mario-draghi-610x3661-1.jpg","contentUrl":"https:\/\/www.isoleolie.it\/eolie\/wp-content\/uploads\/2021\/02\/mario-draghi-610x3661-1.jpg","width":610,"height":366,"caption":"green pass"},{"@type":"BreadcrumbList","@id":"https:\/\/www.isoleolie.it\/eolie\/green-pass-da-meta-maggio-niente-piu-quarantena-per-viaggiare-in-italia\/eolie-news\/#breadcrumb","itemListElement":[{"@type":"ListItem","position":1,"name":"Home","item":"https:\/\/www.isoleolie.it\/eolie\/"},{"@type":"ListItem","position":2,"name":"Green Pass: da met\u00e0 maggio niente pi\u00f9 quarantena per viaggiare in Italia"}]},{"@type":"WebSite","@id":"https:\/\/www.isoleolie.it\/eolie\/#website","url":"https:\/\/www.isoleolie.it\/eolie\/","name":"ISOLE EOLIE Turismo e Vacanze alle Isole Eolie Hotel B&B Residence Case Vacanza","description":"The first and official tourism site for the Aeolian Islands","publisher":{"@id":"https:\/\/www.isoleolie.it\/eolie\/#organization"},"potentialAction":[{"@type":"SearchAction","target":{"@type":"EntryPoint","urlTemplate":"https:\/\/www.isoleolie.it\/eolie\/?s={search_term_string}"},"query-input":{"@type":"PropertyValueSpecification","valueRequired":true,"valueName":"search_term_string"}}],"inLanguage":"it-IT"},{"@type":"Organization","@id":"https:\/\/www.isoleolie.it\/eolie\/#organization","name":"ISOLE EOLIE","url":"https:\/\/www.isoleolie.it\/eolie\/","logo":{"@type":"ImageObject","inLanguage":"it-IT","@id":"https:\/\/www.isoleolie.it\/eolie\/#\/schema\/logo\/image\/","url":"https:\/\/www.isoleolie.it\/eolie\/wp-content\/uploads\/2024\/11\/oMv8p0-4_400x400.jpg","contentUrl":"https:\/\/www.isoleolie.it\/eolie\/wp-content\/uploads\/2024\/11\/oMv8p0-4_400x400.jpg","width":400,"height":400,"caption":"ISOLE EOLIE"},"image":{"@id":"https:\/\/www.isoleolie.it\/eolie\/#\/schema\/logo\/image\/"}},{"@type":"Person","@id":"https:\/\/www.isoleolie.it\/eolie\/#\/schema\/person\/4c400db26884d9f212712636db6c1746","name":"Tourism Manager","image":{"@type":"ImageObject","inLanguage":"it-IT","@id":"https:\/\/secure.gravatar.com\/avatar\/3446a46a5f1bdb4055f313474780b529660445bd2d0364f2472d83fd63ed9bbc?s=96&d=mm&r=g","url":"https:\/\/secure.gravatar.com\/avatar\/3446a46a5f1bdb4055f313474780b529660445bd2d0364f2472d83fd63ed9bbc?s=96&d=mm&r=g","contentUrl":"https:\/\/secure.gravatar.com\/avatar\/3446a46a5f1bdb4055f313474780b529660445bd2d0364f2472d83fd63ed9bbc?s=96&d=mm&r=g","caption":"Tourism Manager"},"description":"Che cos'\u00e8 un manager del turismo? Tecnicamente, un manager del turismo \u00e8 un nome dato a qualsiasi professionista della gestione che lavora in un'azienda collegata all'industria del turismo. Ci\u00f2 include i direttori generali, che si assumono la responsabilit\u00e0 generale di garantire che le operazioni quotidiane si svolgano senza intoppi, ma includono anche i singoli responsabili di reparto all'interno delle aziende. Il ruolo di manager del turismo implica la supervisione delle operazioni all'interno di un'impresa o organizzazione turistica. \u00c8 una posizione di alto livello, che richiede una comprensione approfondita dei concetti di gestione e dell'industria nel suo insieme.","sameAs":["https:\/\/www.isoleolie.it\/"],"url":"https:\/\/www.isoleolie.it\/eolie\/author\/isoleolie_2\/"}]}},"_links":{"self":[{"href":"https:\/\/www.isoleolie.it\/eolie\/wp-json\/wp\/v2\/posts\/381","targetHints":{"allow":["GET"]}}],"collection":[{"href":"https:\/\/www.isoleolie.it\/eolie\/wp-json\/wp\/v2\/posts"}],"about":[{"href":"https:\/\/www.isoleolie.it\/eolie\/wp-json\/wp\/v2\/types\/post"}],"author":[{"embeddable":true,"href":"https:\/\/www.isoleolie.it\/eolie\/wp-json\/wp\/v2\/users\/1"}],"replies":[{"embeddable":true,"href":"https:\/\/www.isoleolie.it\/eolie\/wp-json\/wp\/v2\/comments?post=381"}],"version-history":[{"count":1,"href":"https:\/\/www.isoleolie.it\/eolie\/wp-json\/wp\/v2\/posts\/381\/revisions"}],"predecessor-version":[{"id":382,"href":"https:\/\/www.isoleolie.it\/eolie\/wp-json\/wp\/v2\/posts\/381\/revisions\/382"}],"wp:featuredmedia":[{"embeddable":true,"href":"https:\/\/www.isoleolie.it\/eolie\/wp-json\/wp\/v2\/media\/229"}],"wp:attachment":[{"href":"https:\/\/www.isoleolie.it\/eolie\/wp-json\/wp\/v2\/media?parent=381"}],"wp:term":[{"taxonomy":"category","embeddable":true,"href":"https:\/\/www.isoleolie.it\/eolie\/wp-json\/wp\/v2\/categories?post=381"},{"taxonomy":"post_tag","embeddable":true,"href":"https:\/\/www.isoleolie.it\/eolie\/wp-json\/wp\/v2\/tags?post=381"}],"curies":[{"name":"wp","href":"https:\/\/api.w.org\/{rel}","templated":true}]}}