{"id":311,"date":"2021-03-30T09:52:29","date_gmt":"2021-03-30T07:52:29","guid":{"rendered":"https:\/\/www.isoleolie.it\/eolie\/?p=311"},"modified":"2021-03-30T09:52:29","modified_gmt":"2021-03-30T07:52:29","slug":"passaporto-sanitario-ue-come-funzionera","status":"publish","type":"post","link":"https:\/\/www.isoleolie.it\/eolie\/passaporto-sanitario-ue-come-funzionera\/eolie-news\/","title":{"rendered":"Passaporto sanitario Ue: come funzioner\u00e0?"},"content":{"rendered":"<h1>L\u2019Europa raggiunger\u00e0 la sospirata immunit\u00e0 di gregge contro il coronavirus il 14 luglio.<\/h1>\n<p>La previsione \u00e8 dell commissario europeo Thierry Breton che da buon francese\u00a0 avr\u00e0 pensato alla presa della Bastiglia per indicare una \u201cdata simbolica\u201d. Intanto, in vista della stagione estiva e con l\u2019obiettivo di aiutare la ripresa del turismo e gli spostamenti tra un Paese e l\u2019altro, prendono ritmo i lavori per sviluppare il cosiddetto \u2018passaporto sanitario\u2019 armonizzato a livello europeo.<\/p>\n<p>Il lancio di questo strumento, voluto soprattutto da alcuni stati del Sud a maggiore vocazione turistica \u2013 Grecia e Spagna \u2013 ma accompagnato finora anche da non poche perplessit\u00e0, \u00e8 previsto per il 15 giugno, ha annunciato Breton mostrando un prototipo del documento.<\/p>\n<p>Il certificato dovrebbe essere disponibile sia in formato cartaceo sia digitale in ogni Paese dell\u2019Ue. Funzioner\u00e0 cos\u00ec: dotato di un codice QR, conterr\u00e0 l\u2019indicazione sul tipo di vaccino ricevuto. Non sar\u00e0 per\u00f2 un passaporto strettamente vaccinale: in alternativa, il documento segnaler\u00e0 infatti se si ha gi\u00e0 avuto la malattia e si hanno dunque gli anticorpi contro il Covid.<\/p>\n<p>Il documento potr\u00e0 essere richiesto per prendere un aereo, per partecipare a eventi o per entrare in un luogo pubblico. Non sar\u00e0 tuttavia obbligatorio, ha promesso Breton. In mancanza del certificato baster\u00e0 presentare, ove richiesto, un test negativo al Covid, come peraltro gi\u00e0 oggi succede per molti spostamenti all\u2019interno dell\u2019Unione europea.<\/p>\n<p>Anche l\u2019America di Joe Biden d\u2019altra parte sta lavorando ad un progetto simile. Dopo lo Stato di New York, primo a lanciare un pass vaccinale, ora si sta studiando un documento valido a livello federale per cercare di tornare anche l\u00ec alla normalit\u00e0 per la loro data simbolo: il 4 luglio, che negli auspici del presidente quest\u2019anno dovr\u00e0 segnare l\u2019indipendenza dal virus.<\/p>\n<p>(foto Ansa)<\/p>\n<p>(travelnostop.com\/)<\/p>\n","protected":false},"excerpt":{"rendered":"<p>L\u2019Europa raggiunger\u00e0 la sospirata immunit\u00e0 di gregge contro il coronavirus il 14 luglio. La previsione \u00e8 dell commissario europeo Thierry Breton che da buon francese\u00a0 avr\u00e0 pensato alla presa della Bastiglia per indicare una \u201cdata simbolica\u201d. Intanto, in vista della stagione estiva e con l\u2019obiettivo di aiutare la ripresa del turismo e gli spostamenti tra [&hellip;]<\/p>\n","protected":false},"author":1,"featured_media":312,"comment_status":"closed","ping_status":"closed","sticky":false,"template":"","format":"standard","meta":{"footnotes":""},"categories":[22],"tags":[],"class_list":["post-311","post","type-post","status-publish","format-standard","has-post-thumbnail","hentry","category-eolie-news"],"yoast_head":"<!-- This site is optimized with the Yoast SEO plugin v27.5 - https:\/\/yoast.com\/product\/yoast-seo-wordpress\/ -->\r\n<title>Passaporto sanitario Ue: come funzioner\u00e0? - ISOLE EOLIE Turismo e Vacanze Hotel B&amp;B Residence Case Vacanza<\/title>\r\n<meta name=\"robots\" content=\"index, follow, max-snippet:-1, max-image-preview:large, max-video-preview:-1\" \/>\r\n<link rel=\"canonical\" href=\"https:\/\/www.isoleolie.it\/eolie\/passaporto-sanitario-ue-come-funzionera\/eolie-news\/\" \/>\r\n<meta property=\"og:locale\" content=\"it_IT\" \/>\r\n<meta property=\"og:type\" content=\"article\" \/>\r\n<meta property=\"og:title\" content=\"Passaporto sanitario Ue: come funzioner\u00e0? - ISOLE EOLIE Turismo e Vacanze Hotel B&amp;B Residence Case Vacanza\" \/>\r\n<meta property=\"og:description\" content=\"L\u2019Europa raggiunger\u00e0 la sospirata immunit\u00e0 di gregge contro il coronavirus il 14 luglio. La previsione \u00e8 dell commissario europeo Thierry Breton che da buon francese\u00a0 avr\u00e0 pensato alla presa della Bastiglia per indicare una \u201cdata simbolica\u201d. Intanto, in vista della stagione estiva e con l\u2019obiettivo di aiutare la ripresa del turismo e gli spostamenti tra [&hellip;]\" \/>\r\n<meta property=\"og:url\" content=\"https:\/\/www.isoleolie.it\/eolie\/passaporto-sanitario-ue-come-funzionera\/eolie-news\/\" \/>\r\n<meta property=\"og:site_name\" content=\"ISOLE EOLIE Turismo e Vacanze Hotel B&amp;B Residence Case Vacanza\" \/>\r\n<meta property=\"article:published_time\" content=\"2021-03-30T07:52:29+00:00\" \/>\r\n<meta property=\"og:image\" content=\"https:\/\/www.isoleolie.it\/eolie\/wp-content\/uploads\/2021\/03\/thierry-breton-610x3661-1.jpg\" \/>\r\n\t<meta property=\"og:image:width\" content=\"610\" \/>\r\n\t<meta property=\"og:image:height\" content=\"366\" \/>\r\n\t<meta property=\"og:image:type\" content=\"image\/jpeg\" \/>\r\n<meta name=\"author\" content=\"Tourism Manager\" \/>\r\n<meta name=\"twitter:card\" content=\"summary_large_image\" \/>\r\n<meta name=\"twitter:label1\" content=\"Scritto da\" \/>\n\t<meta name=\"twitter:data1\" content=\"Tourism Manager\" \/>\n\t<meta name=\"twitter:label2\" content=\"Tempo di lettura stimato\" \/>\n\t<meta name=\"twitter:data2\" content=\"2 minuti\" \/>\r\n<script type=\"application\/ld+json\" class=\"yoast-schema-graph\">{\"@context\":\"https:\\\/\\\/schema.org\",\"@graph\":[{\"@type\":\"Article\",\"@id\":\"https:\\\/\\\/www.isoleolie.it\\\/eolie\\\/passaporto-sanitario-ue-come-funzionera\\\/eolie-news\\\/#article\",\"isPartOf\":{\"@id\":\"https:\\\/\\\/www.isoleolie.it\\\/eolie\\\/passaporto-sanitario-ue-come-funzionera\\\/eolie-news\\\/\"},\"author\":{\"name\":\"Tourism Manager\",\"@id\":\"https:\\\/\\\/www.isoleolie.it\\\/eolie\\\/#\\\/schema\\\/person\\\/4c400db26884d9f212712636db6c1746\"},\"headline\":\"Passaporto sanitario Ue: come funzioner\u00e0?\",\"datePublished\":\"2021-03-30T07:52:29+00:00\",\"mainEntityOfPage\":{\"@id\":\"https:\\\/\\\/www.isoleolie.it\\\/eolie\\\/passaporto-sanitario-ue-come-funzionera\\\/eolie-news\\\/\"},\"wordCount\":300,\"publisher\":{\"@id\":\"https:\\\/\\\/www.isoleolie.it\\\/eolie\\\/#organization\"},\"image\":{\"@id\":\"https:\\\/\\\/www.isoleolie.it\\\/eolie\\\/passaporto-sanitario-ue-come-funzionera\\\/eolie-news\\\/#primaryimage\"},\"thumbnailUrl\":\"https:\\\/\\\/www.isoleolie.it\\\/eolie\\\/wp-content\\\/uploads\\\/2021\\\/03\\\/thierry-breton-610x3661-1.jpg\",\"articleSection\":[\"NEWS\"],\"inLanguage\":\"it-IT\"},{\"@type\":\"WebPage\",\"@id\":\"https:\\\/\\\/www.isoleolie.it\\\/eolie\\\/passaporto-sanitario-ue-come-funzionera\\\/eolie-news\\\/\",\"url\":\"https:\\\/\\\/www.isoleolie.it\\\/eolie\\\/passaporto-sanitario-ue-come-funzionera\\\/eolie-news\\\/\",\"name\":\"Passaporto sanitario Ue: come funzioner\u00e0? - ISOLE EOLIE Turismo e Vacanze Hotel B&amp;B Residence Case Vacanza\",\"isPartOf\":{\"@id\":\"https:\\\/\\\/www.isoleolie.it\\\/eolie\\\/#website\"},\"primaryImageOfPage\":{\"@id\":\"https:\\\/\\\/www.isoleolie.it\\\/eolie\\\/passaporto-sanitario-ue-come-funzionera\\\/eolie-news\\\/#primaryimage\"},\"image\":{\"@id\":\"https:\\\/\\\/www.isoleolie.it\\\/eolie\\\/passaporto-sanitario-ue-come-funzionera\\\/eolie-news\\\/#primaryimage\"},\"thumbnailUrl\":\"https:\\\/\\\/www.isoleolie.it\\\/eolie\\\/wp-content\\\/uploads\\\/2021\\\/03\\\/thierry-breton-610x3661-1.jpg\",\"datePublished\":\"2021-03-30T07:52:29+00:00\",\"breadcrumb\":{\"@id\":\"https:\\\/\\\/www.isoleolie.it\\\/eolie\\\/passaporto-sanitario-ue-come-funzionera\\\/eolie-news\\\/#breadcrumb\"},\"inLanguage\":\"it-IT\",\"potentialAction\":[{\"@type\":\"ReadAction\",\"target\":[\"https:\\\/\\\/www.isoleolie.it\\\/eolie\\\/passaporto-sanitario-ue-come-funzionera\\\/eolie-news\\\/\"]}]},{\"@type\":\"ImageObject\",\"inLanguage\":\"it-IT\",\"@id\":\"https:\\\/\\\/www.isoleolie.it\\\/eolie\\\/passaporto-sanitario-ue-come-funzionera\\\/eolie-news\\\/#primaryimage\",\"url\":\"https:\\\/\\\/www.isoleolie.it\\\/eolie\\\/wp-content\\\/uploads\\\/2021\\\/03\\\/thierry-breton-610x3661-1.jpg\",\"contentUrl\":\"https:\\\/\\\/www.isoleolie.it\\\/eolie\\\/wp-content\\\/uploads\\\/2021\\\/03\\\/thierry-breton-610x3661-1.jpg\",\"width\":610,\"height\":366,\"caption\":\"Thierry Breton, commissario Ue al mercato interno e capo della task force sui vaccini, mostra il passaporto vaccinale, 28 marzo 2021. TWITTER LE GRAND JURY +++ATTENZIONE LA FOTO NON PUO' ESSERE PUBBLICATA O RIPRODOTTA SENZA L'AUTORIZZAZIONE DELLA FONTE DI ORIGINE CUI SI RINVIA+++\"},{\"@type\":\"BreadcrumbList\",\"@id\":\"https:\\\/\\\/www.isoleolie.it\\\/eolie\\\/passaporto-sanitario-ue-come-funzionera\\\/eolie-news\\\/#breadcrumb\",\"itemListElement\":[{\"@type\":\"ListItem\",\"position\":1,\"name\":\"Home\",\"item\":\"https:\\\/\\\/www.isoleolie.it\\\/eolie\\\/\"},{\"@type\":\"ListItem\",\"position\":2,\"name\":\"Passaporto sanitario Ue: come funzioner\u00e0?\"}]},{\"@type\":\"WebSite\",\"@id\":\"https:\\\/\\\/www.isoleolie.it\\\/eolie\\\/#website\",\"url\":\"https:\\\/\\\/www.isoleolie.it\\\/eolie\\\/\",\"name\":\"ISOLE EOLIE Turismo e Vacanze alle Isole Eolie Hotel B&B Residence Case Vacanza\",\"description\":\"The first and official tourism site for the Aeolian Islands\",\"publisher\":{\"@id\":\"https:\\\/\\\/www.isoleolie.it\\\/eolie\\\/#organization\"},\"potentialAction\":[{\"@type\":\"SearchAction\",\"target\":{\"@type\":\"EntryPoint\",\"urlTemplate\":\"https:\\\/\\\/www.isoleolie.it\\\/eolie\\\/?s={search_term_string}\"},\"query-input\":{\"@type\":\"PropertyValueSpecification\",\"valueRequired\":true,\"valueName\":\"search_term_string\"}}],\"inLanguage\":\"it-IT\"},{\"@type\":\"Organization\",\"@id\":\"https:\\\/\\\/www.isoleolie.it\\\/eolie\\\/#organization\",\"name\":\"ISOLE EOLIE\",\"url\":\"https:\\\/\\\/www.isoleolie.it\\\/eolie\\\/\",\"logo\":{\"@type\":\"ImageObject\",\"inLanguage\":\"it-IT\",\"@id\":\"https:\\\/\\\/www.isoleolie.it\\\/eolie\\\/#\\\/schema\\\/logo\\\/image\\\/\",\"url\":\"https:\\\/\\\/www.isoleolie.it\\\/eolie\\\/wp-content\\\/uploads\\\/2024\\\/11\\\/oMv8p0-4_400x400.jpg\",\"contentUrl\":\"https:\\\/\\\/www.isoleolie.it\\\/eolie\\\/wp-content\\\/uploads\\\/2024\\\/11\\\/oMv8p0-4_400x400.jpg\",\"width\":400,\"height\":400,\"caption\":\"ISOLE EOLIE\"},\"image\":{\"@id\":\"https:\\\/\\\/www.isoleolie.it\\\/eolie\\\/#\\\/schema\\\/logo\\\/image\\\/\"}},{\"@type\":\"Person\",\"@id\":\"https:\\\/\\\/www.isoleolie.it\\\/eolie\\\/#\\\/schema\\\/person\\\/4c400db26884d9f212712636db6c1746\",\"name\":\"Tourism Manager\",\"image\":{\"@type\":\"ImageObject\",\"inLanguage\":\"it-IT\",\"@id\":\"https:\\\/\\\/secure.gravatar.com\\\/avatar\\\/3446a46a5f1bdb4055f313474780b529660445bd2d0364f2472d83fd63ed9bbc?s=96&d=mm&r=g\",\"url\":\"https:\\\/\\\/secure.gravatar.com\\\/avatar\\\/3446a46a5f1bdb4055f313474780b529660445bd2d0364f2472d83fd63ed9bbc?s=96&d=mm&r=g\",\"contentUrl\":\"https:\\\/\\\/secure.gravatar.com\\\/avatar\\\/3446a46a5f1bdb4055f313474780b529660445bd2d0364f2472d83fd63ed9bbc?s=96&d=mm&r=g\",\"caption\":\"Tourism Manager\"},\"description\":\"Che cos'\u00e8 un manager del turismo? Tecnicamente, un manager del turismo \u00e8 un nome dato a qualsiasi professionista della gestione che lavora in un'azienda collegata all'industria del turismo. Ci\u00f2 include i direttori generali, che si assumono la responsabilit\u00e0 generale di garantire che le operazioni quotidiane si svolgano senza intoppi, ma includono anche i singoli responsabili di reparto all'interno delle aziende. Il ruolo di manager del turismo implica la supervisione delle operazioni all'interno di un'impresa o organizzazione turistica. \u00c8 una posizione di alto livello, che richiede una comprensione approfondita dei concetti di gestione e dell'industria nel suo insieme.\",\"sameAs\":[\"https:\\\/\\\/www.isoleolie.it\\\/\"],\"url\":\"https:\\\/\\\/www.isoleolie.it\\\/eolie\\\/author\\\/isoleolie_2\\\/\"}]}<\/script>\r\n<!-- \/ Yoast SEO plugin. -->","yoast_head_json":{"title":"Passaporto sanitario Ue: come funzioner\u00e0? - ISOLE EOLIE Turismo e Vacanze Hotel B&amp;B Residence Case Vacanza","robots":{"index":"index","follow":"follow","max-snippet":"max-snippet:-1","max-image-preview":"max-image-preview:large","max-video-preview":"max-video-preview:-1"},"canonical":"https:\/\/www.isoleolie.it\/eolie\/passaporto-sanitario-ue-come-funzionera\/eolie-news\/","og_locale":"it_IT","og_type":"article","og_title":"Passaporto sanitario Ue: come funzioner\u00e0? - ISOLE EOLIE Turismo e Vacanze Hotel B&amp;B Residence Case Vacanza","og_description":"L\u2019Europa raggiunger\u00e0 la sospirata immunit\u00e0 di gregge contro il coronavirus il 14 luglio. La previsione \u00e8 dell commissario europeo Thierry Breton che da buon francese\u00a0 avr\u00e0 pensato alla presa della Bastiglia per indicare una \u201cdata simbolica\u201d. Intanto, in vista della stagione estiva e con l\u2019obiettivo di aiutare la ripresa del turismo e gli spostamenti tra [&hellip;]","og_url":"https:\/\/www.isoleolie.it\/eolie\/passaporto-sanitario-ue-come-funzionera\/eolie-news\/","og_site_name":"ISOLE EOLIE Turismo e Vacanze Hotel B&amp;B Residence Case Vacanza","article_published_time":"2021-03-30T07:52:29+00:00","og_image":[{"width":610,"height":366,"url":"https:\/\/www.isoleolie.it\/eolie\/wp-content\/uploads\/2021\/03\/thierry-breton-610x3661-1.jpg","type":"image\/jpeg"}],"author":"Tourism Manager","twitter_card":"summary_large_image","twitter_misc":{"Scritto da":"Tourism Manager","Tempo di lettura stimato":"2 minuti"},"schema":{"@context":"https:\/\/schema.org","@graph":[{"@type":"Article","@id":"https:\/\/www.isoleolie.it\/eolie\/passaporto-sanitario-ue-come-funzionera\/eolie-news\/#article","isPartOf":{"@id":"https:\/\/www.isoleolie.it\/eolie\/passaporto-sanitario-ue-come-funzionera\/eolie-news\/"},"author":{"name":"Tourism Manager","@id":"https:\/\/www.isoleolie.it\/eolie\/#\/schema\/person\/4c400db26884d9f212712636db6c1746"},"headline":"Passaporto sanitario Ue: come funzioner\u00e0?","datePublished":"2021-03-30T07:52:29+00:00","mainEntityOfPage":{"@id":"https:\/\/www.isoleolie.it\/eolie\/passaporto-sanitario-ue-come-funzionera\/eolie-news\/"},"wordCount":300,"publisher":{"@id":"https:\/\/www.isoleolie.it\/eolie\/#organization"},"image":{"@id":"https:\/\/www.isoleolie.it\/eolie\/passaporto-sanitario-ue-come-funzionera\/eolie-news\/#primaryimage"},"thumbnailUrl":"https:\/\/www.isoleolie.it\/eolie\/wp-content\/uploads\/2021\/03\/thierry-breton-610x3661-1.jpg","articleSection":["NEWS"],"inLanguage":"it-IT"},{"@type":"WebPage","@id":"https:\/\/www.isoleolie.it\/eolie\/passaporto-sanitario-ue-come-funzionera\/eolie-news\/","url":"https:\/\/www.isoleolie.it\/eolie\/passaporto-sanitario-ue-come-funzionera\/eolie-news\/","name":"Passaporto sanitario Ue: come funzioner\u00e0? - ISOLE EOLIE Turismo e Vacanze Hotel B&amp;B Residence Case Vacanza","isPartOf":{"@id":"https:\/\/www.isoleolie.it\/eolie\/#website"},"primaryImageOfPage":{"@id":"https:\/\/www.isoleolie.it\/eolie\/passaporto-sanitario-ue-come-funzionera\/eolie-news\/#primaryimage"},"image":{"@id":"https:\/\/www.isoleolie.it\/eolie\/passaporto-sanitario-ue-come-funzionera\/eolie-news\/#primaryimage"},"thumbnailUrl":"https:\/\/www.isoleolie.it\/eolie\/wp-content\/uploads\/2021\/03\/thierry-breton-610x3661-1.jpg","datePublished":"2021-03-30T07:52:29+00:00","breadcrumb":{"@id":"https:\/\/www.isoleolie.it\/eolie\/passaporto-sanitario-ue-come-funzionera\/eolie-news\/#breadcrumb"},"inLanguage":"it-IT","potentialAction":[{"@type":"ReadAction","target":["https:\/\/www.isoleolie.it\/eolie\/passaporto-sanitario-ue-come-funzionera\/eolie-news\/"]}]},{"@type":"ImageObject","inLanguage":"it-IT","@id":"https:\/\/www.isoleolie.it\/eolie\/passaporto-sanitario-ue-come-funzionera\/eolie-news\/#primaryimage","url":"https:\/\/www.isoleolie.it\/eolie\/wp-content\/uploads\/2021\/03\/thierry-breton-610x3661-1.jpg","contentUrl":"https:\/\/www.isoleolie.it\/eolie\/wp-content\/uploads\/2021\/03\/thierry-breton-610x3661-1.jpg","width":610,"height":366,"caption":"Thierry Breton, commissario Ue al mercato interno e capo della task force sui vaccini, mostra il passaporto vaccinale, 28 marzo 2021. TWITTER LE GRAND JURY +++ATTENZIONE LA FOTO NON PUO' ESSERE PUBBLICATA O RIPRODOTTA SENZA L'AUTORIZZAZIONE DELLA FONTE DI ORIGINE CUI SI RINVIA+++"},{"@type":"BreadcrumbList","@id":"https:\/\/www.isoleolie.it\/eolie\/passaporto-sanitario-ue-come-funzionera\/eolie-news\/#breadcrumb","itemListElement":[{"@type":"ListItem","position":1,"name":"Home","item":"https:\/\/www.isoleolie.it\/eolie\/"},{"@type":"ListItem","position":2,"name":"Passaporto sanitario Ue: come funzioner\u00e0?"}]},{"@type":"WebSite","@id":"https:\/\/www.isoleolie.it\/eolie\/#website","url":"https:\/\/www.isoleolie.it\/eolie\/","name":"ISOLE EOLIE Turismo e Vacanze alle Isole Eolie Hotel B&B Residence Case Vacanza","description":"The first and official tourism site for the Aeolian Islands","publisher":{"@id":"https:\/\/www.isoleolie.it\/eolie\/#organization"},"potentialAction":[{"@type":"SearchAction","target":{"@type":"EntryPoint","urlTemplate":"https:\/\/www.isoleolie.it\/eolie\/?s={search_term_string}"},"query-input":{"@type":"PropertyValueSpecification","valueRequired":true,"valueName":"search_term_string"}}],"inLanguage":"it-IT"},{"@type":"Organization","@id":"https:\/\/www.isoleolie.it\/eolie\/#organization","name":"ISOLE EOLIE","url":"https:\/\/www.isoleolie.it\/eolie\/","logo":{"@type":"ImageObject","inLanguage":"it-IT","@id":"https:\/\/www.isoleolie.it\/eolie\/#\/schema\/logo\/image\/","url":"https:\/\/www.isoleolie.it\/eolie\/wp-content\/uploads\/2024\/11\/oMv8p0-4_400x400.jpg","contentUrl":"https:\/\/www.isoleolie.it\/eolie\/wp-content\/uploads\/2024\/11\/oMv8p0-4_400x400.jpg","width":400,"height":400,"caption":"ISOLE EOLIE"},"image":{"@id":"https:\/\/www.isoleolie.it\/eolie\/#\/schema\/logo\/image\/"}},{"@type":"Person","@id":"https:\/\/www.isoleolie.it\/eolie\/#\/schema\/person\/4c400db26884d9f212712636db6c1746","name":"Tourism Manager","image":{"@type":"ImageObject","inLanguage":"it-IT","@id":"https:\/\/secure.gravatar.com\/avatar\/3446a46a5f1bdb4055f313474780b529660445bd2d0364f2472d83fd63ed9bbc?s=96&d=mm&r=g","url":"https:\/\/secure.gravatar.com\/avatar\/3446a46a5f1bdb4055f313474780b529660445bd2d0364f2472d83fd63ed9bbc?s=96&d=mm&r=g","contentUrl":"https:\/\/secure.gravatar.com\/avatar\/3446a46a5f1bdb4055f313474780b529660445bd2d0364f2472d83fd63ed9bbc?s=96&d=mm&r=g","caption":"Tourism Manager"},"description":"Che cos'\u00e8 un manager del turismo? Tecnicamente, un manager del turismo \u00e8 un nome dato a qualsiasi professionista della gestione che lavora in un'azienda collegata all'industria del turismo. Ci\u00f2 include i direttori generali, che si assumono la responsabilit\u00e0 generale di garantire che le operazioni quotidiane si svolgano senza intoppi, ma includono anche i singoli responsabili di reparto all'interno delle aziende. Il ruolo di manager del turismo implica la supervisione delle operazioni all'interno di un'impresa o organizzazione turistica. \u00c8 una posizione di alto livello, che richiede una comprensione approfondita dei concetti di gestione e dell'industria nel suo insieme.","sameAs":["https:\/\/www.isoleolie.it\/"],"url":"https:\/\/www.isoleolie.it\/eolie\/author\/isoleolie_2\/"}]}},"_links":{"self":[{"href":"https:\/\/www.isoleolie.it\/eolie\/wp-json\/wp\/v2\/posts\/311","targetHints":{"allow":["GET"]}}],"collection":[{"href":"https:\/\/www.isoleolie.it\/eolie\/wp-json\/wp\/v2\/posts"}],"about":[{"href":"https:\/\/www.isoleolie.it\/eolie\/wp-json\/wp\/v2\/types\/post"}],"author":[{"embeddable":true,"href":"https:\/\/www.isoleolie.it\/eolie\/wp-json\/wp\/v2\/users\/1"}],"replies":[{"embeddable":true,"href":"https:\/\/www.isoleolie.it\/eolie\/wp-json\/wp\/v2\/comments?post=311"}],"version-history":[{"count":1,"href":"https:\/\/www.isoleolie.it\/eolie\/wp-json\/wp\/v2\/posts\/311\/revisions"}],"predecessor-version":[{"id":313,"href":"https:\/\/www.isoleolie.it\/eolie\/wp-json\/wp\/v2\/posts\/311\/revisions\/313"}],"wp:featuredmedia":[{"embeddable":true,"href":"https:\/\/www.isoleolie.it\/eolie\/wp-json\/wp\/v2\/media\/312"}],"wp:attachment":[{"href":"https:\/\/www.isoleolie.it\/eolie\/wp-json\/wp\/v2\/media?parent=311"}],"wp:term":[{"taxonomy":"category","embeddable":true,"href":"https:\/\/www.isoleolie.it\/eolie\/wp-json\/wp\/v2\/categories?post=311"},{"taxonomy":"post_tag","embeddable":true,"href":"https:\/\/www.isoleolie.it\/eolie\/wp-json\/wp\/v2\/tags?post=311"}],"curies":[{"name":"wp","href":"https:\/\/api.w.org\/{rel}","templated":true}]}}