{"id":282,"date":"2021-03-14T11:24:49","date_gmt":"2021-03-14T10:24:49","guid":{"rendered":"https:\/\/www.isoleolie.it\/eolie\/?p=282"},"modified":"2021-03-14T11:24:49","modified_gmt":"2021-03-14T10:24:49","slug":"la-sicilia-di-nuovo-arancione-dal-15-marzo-pasqua-in-zona-rossa","status":"publish","type":"post","link":"https:\/\/www.isoleolie.it\/eolie\/la-sicilia-di-nuovo-arancione-dal-15-marzo-pasqua-in-zona-rossa\/eolie-news\/","title":{"rendered":"La Sicilia di nuovo arancione dal 15 marzo. Pasqua in zona rossa"},"content":{"rendered":"<h1>Da luned\u00ec 15 marzo la Sicilia torna in zona arancione<\/h1>\n<p>anche se ha un indice di diffusione Rt sotto la soglia di 1, mentre sar\u00e0, come il resto d\u2019Italia, in zona rossa dalla vigilia di Pasqua fino a Pasquetta. E\u2019 la misura decisa dal governo nazionale durante l\u2019incontro con le Regioni e gli Enti locali. Fino al 6 aprile la zona gialla per la Sicilia come per altre regioni resta sospesa. Il decreto \u00e8 stato firmato dal premier Mario Draghi.<\/p>\n<p>Dal 15 marzo al 2 aprile e nella giornata del 6 aprile, per gli spostamenti, nelle regioni in zona arancione sono permessi in ambito comunale verso una sola abitazione privata abitata, una volta al giorno, tra le 5 e le 22. il limite massimo \u00e8 di due persone oltre a quelle conviventi. I minori di 14 anni non si contano. Questi movimenti non sono autorizzati in zona rossa.<\/p>\n<p>Da luned\u00ec prossimo vietato consumare all\u2019interno di bar, ristoranti e centri commerciali, anche a pranzo ma resta consentito l\u2019asporto fino alle 22. Per i bar concesso l\u2019asporto di bevande fino alle 18 e stop alle consumazioni nei pressi delle attivit\u00e0. Nessun limite per la consegna a domicilio. Sono aperti i negozi al dettaglio, chiusura dei centri commerciali nei giorni festivi e prefestivi, coprifuoco dalle 22 alle 5. Il 3, il 4 e il 5 aprile tutta Italia sar\u00e0 zona rossa, ad esclusione di aree in zona bianca. Nelle regioni ci si potr\u00e0 spostare rispettando le regole per le zone arancioni: \u00e8 una deroga alla regola generale delle zone rosse dettata dalle feste pasquali.<\/p>\n<p>\u201cIl governo nazionale \u2013 ha commentato il presidente della Regione Siciliana, Nello Musumeci \u2013 ha deciso che anche la Sicilia da luned\u00ec entrer\u00e0 in zona arancione. Provoca tanta amarezza questa decisione adottata con un decreto legge, a cui non possiamo assolutamente opporci, nonostante i dati della Sicilia siano confortanti: abbiamo infatti parametri in linea con una condizione di non emergenza, ci sono meno ricoveri in terapia intensiva, anche se negli ultimi giorni sono aumentati i contagi. \u00c8 un provvedimento adottato per prudenza, e per\u00f2 ci fa tanta rabbia. Se accanto a questo provvedimento il governo si preoccupasse di affrettare la concessione delle misure di sostegno agli operatori economici, almeno limiteremmo i danni. Utilizziamo questi giorni per far procedere velocemente la campagna vaccinale, perch\u00e9 tutti hanno diritto a tornare il prima possibile alla normalit\u00e0\u201d.<\/p>\n<p>https:\/\/travelnostop.com\/<br \/>\n<iframe loading=\"lazy\" style=\"border: none; overflow: hidden;\" src=\"https:\/\/www.facebook.com\/plugins\/post.php?href=https%3A%2F%2Fwww.facebook.com%2Feolianholidays%2Fposts%2F10159353555943023&amp;width=480&amp;show_text=true&amp;appId=403150504089138&amp;height=416\" width=\"480\" height=\"416\" frameborder=\"0\" scrolling=\"no\" allowfullscreen=\"allowfullscreen\"><\/iframe><\/p>\n","protected":false},"excerpt":{"rendered":"<p>Da luned\u00ec 15 marzo la Sicilia torna in zona arancione anche se ha un indice di diffusione Rt sotto la soglia di 1, mentre sar\u00e0, come il resto d\u2019Italia, in zona rossa dalla vigilia di Pasqua fino a Pasquetta. E\u2019 la misura decisa dal governo nazionale durante l\u2019incontro con le Regioni e gli Enti locali. [&hellip;]<\/p>\n","protected":false},"author":1,"featured_media":283,"comment_status":"open","ping_status":"open","sticky":false,"template":"","format":"standard","meta":{"footnotes":""},"categories":[22],"tags":[],"class_list":["post-282","post","type-post","status-publish","format-standard","has-post-thumbnail","hentry","category-eolie-news"],"yoast_head":"<!-- This site is optimized with the Yoast SEO plugin v27.5 - https:\/\/yoast.com\/product\/yoast-seo-wordpress\/ -->\r\n<title>La Sicilia di nuovo arancione dal 15 marzo. Pasqua in zona rossa - ISOLE EOLIE Turismo e Vacanze Hotel B&amp;B Residence Case Vacanza<\/title>\r\n<meta name=\"robots\" content=\"index, follow, max-snippet:-1, max-image-preview:large, max-video-preview:-1\" \/>\r\n<link rel=\"canonical\" href=\"https:\/\/www.isoleolie.it\/eolie\/la-sicilia-di-nuovo-arancione-dal-15-marzo-pasqua-in-zona-rossa\/eolie-news\/\" \/>\r\n<meta property=\"og:locale\" content=\"it_IT\" \/>\r\n<meta property=\"og:type\" content=\"article\" \/>\r\n<meta property=\"og:title\" content=\"La Sicilia di nuovo arancione dal 15 marzo. Pasqua in zona rossa - ISOLE EOLIE Turismo e Vacanze Hotel B&amp;B Residence Case Vacanza\" \/>\r\n<meta property=\"og:description\" content=\"Da luned\u00ec 15 marzo la Sicilia torna in zona arancione anche se ha un indice di diffusione Rt sotto la soglia di 1, mentre sar\u00e0, come il resto d\u2019Italia, in zona rossa dalla vigilia di Pasqua fino a Pasquetta. E\u2019 la misura decisa dal governo nazionale durante l\u2019incontro con le Regioni e gli Enti locali. [&hellip;]\" \/>\r\n<meta property=\"og:url\" content=\"https:\/\/www.isoleolie.it\/eolie\/la-sicilia-di-nuovo-arancione-dal-15-marzo-pasqua-in-zona-rossa\/eolie-news\/\" \/>\r\n<meta property=\"og:site_name\" content=\"ISOLE EOLIE Turismo e Vacanze Hotel B&amp;B Residence Case Vacanza\" \/>\r\n<meta property=\"article:published_time\" content=\"2021-03-14T10:24:49+00:00\" \/>\r\n<meta property=\"og:image\" content=\"https:\/\/www.isoleolie.it\/eolie\/wp-content\/uploads\/2021\/03\/sicilia-arancione-610x3661-1.jpg\" \/>\r\n\t<meta property=\"og:image:width\" content=\"610\" \/>\r\n\t<meta property=\"og:image:height\" content=\"366\" \/>\r\n\t<meta property=\"og:image:type\" content=\"image\/jpeg\" \/>\r\n<meta name=\"author\" content=\"Tourism Manager\" \/>\r\n<meta name=\"twitter:card\" content=\"summary_large_image\" \/>\r\n<meta name=\"twitter:label1\" content=\"Scritto da\" \/>\n\t<meta name=\"twitter:data1\" content=\"Tourism Manager\" \/>\n\t<meta name=\"twitter:label2\" content=\"Tempo di lettura stimato\" \/>\n\t<meta name=\"twitter:data2\" content=\"2 minuti\" \/>\r\n<script type=\"application\/ld+json\" class=\"yoast-schema-graph\">{\"@context\":\"https:\\\/\\\/schema.org\",\"@graph\":[{\"@type\":\"Article\",\"@id\":\"https:\\\/\\\/www.isoleolie.it\\\/eolie\\\/la-sicilia-di-nuovo-arancione-dal-15-marzo-pasqua-in-zona-rossa\\\/eolie-news\\\/#article\",\"isPartOf\":{\"@id\":\"https:\\\/\\\/www.isoleolie.it\\\/eolie\\\/la-sicilia-di-nuovo-arancione-dal-15-marzo-pasqua-in-zona-rossa\\\/eolie-news\\\/\"},\"author\":{\"name\":\"Tourism Manager\",\"@id\":\"https:\\\/\\\/www.isoleolie.it\\\/eolie\\\/#\\\/schema\\\/person\\\/4c400db26884d9f212712636db6c1746\"},\"headline\":\"La Sicilia di nuovo arancione dal 15 marzo. Pasqua in zona rossa\",\"datePublished\":\"2021-03-14T10:24:49+00:00\",\"mainEntityOfPage\":{\"@id\":\"https:\\\/\\\/www.isoleolie.it\\\/eolie\\\/la-sicilia-di-nuovo-arancione-dal-15-marzo-pasqua-in-zona-rossa\\\/eolie-news\\\/\"},\"wordCount\":391,\"commentCount\":0,\"publisher\":{\"@id\":\"https:\\\/\\\/www.isoleolie.it\\\/eolie\\\/#organization\"},\"image\":{\"@id\":\"https:\\\/\\\/www.isoleolie.it\\\/eolie\\\/la-sicilia-di-nuovo-arancione-dal-15-marzo-pasqua-in-zona-rossa\\\/eolie-news\\\/#primaryimage\"},\"thumbnailUrl\":\"https:\\\/\\\/www.isoleolie.it\\\/eolie\\\/wp-content\\\/uploads\\\/2021\\\/03\\\/sicilia-arancione-610x3661-1.jpg\",\"articleSection\":[\"NEWS\"],\"inLanguage\":\"it-IT\",\"potentialAction\":[{\"@type\":\"CommentAction\",\"name\":\"Comment\",\"target\":[\"https:\\\/\\\/www.isoleolie.it\\\/eolie\\\/la-sicilia-di-nuovo-arancione-dal-15-marzo-pasqua-in-zona-rossa\\\/eolie-news\\\/#respond\"]}]},{\"@type\":\"WebPage\",\"@id\":\"https:\\\/\\\/www.isoleolie.it\\\/eolie\\\/la-sicilia-di-nuovo-arancione-dal-15-marzo-pasqua-in-zona-rossa\\\/eolie-news\\\/\",\"url\":\"https:\\\/\\\/www.isoleolie.it\\\/eolie\\\/la-sicilia-di-nuovo-arancione-dal-15-marzo-pasqua-in-zona-rossa\\\/eolie-news\\\/\",\"name\":\"La Sicilia di nuovo arancione dal 15 marzo. Pasqua in zona rossa - ISOLE EOLIE Turismo e Vacanze Hotel B&amp;B Residence Case Vacanza\",\"isPartOf\":{\"@id\":\"https:\\\/\\\/www.isoleolie.it\\\/eolie\\\/#website\"},\"primaryImageOfPage\":{\"@id\":\"https:\\\/\\\/www.isoleolie.it\\\/eolie\\\/la-sicilia-di-nuovo-arancione-dal-15-marzo-pasqua-in-zona-rossa\\\/eolie-news\\\/#primaryimage\"},\"image\":{\"@id\":\"https:\\\/\\\/www.isoleolie.it\\\/eolie\\\/la-sicilia-di-nuovo-arancione-dal-15-marzo-pasqua-in-zona-rossa\\\/eolie-news\\\/#primaryimage\"},\"thumbnailUrl\":\"https:\\\/\\\/www.isoleolie.it\\\/eolie\\\/wp-content\\\/uploads\\\/2021\\\/03\\\/sicilia-arancione-610x3661-1.jpg\",\"datePublished\":\"2021-03-14T10:24:49+00:00\",\"breadcrumb\":{\"@id\":\"https:\\\/\\\/www.isoleolie.it\\\/eolie\\\/la-sicilia-di-nuovo-arancione-dal-15-marzo-pasqua-in-zona-rossa\\\/eolie-news\\\/#breadcrumb\"},\"inLanguage\":\"it-IT\",\"potentialAction\":[{\"@type\":\"ReadAction\",\"target\":[\"https:\\\/\\\/www.isoleolie.it\\\/eolie\\\/la-sicilia-di-nuovo-arancione-dal-15-marzo-pasqua-in-zona-rossa\\\/eolie-news\\\/\"]}]},{\"@type\":\"ImageObject\",\"inLanguage\":\"it-IT\",\"@id\":\"https:\\\/\\\/www.isoleolie.it\\\/eolie\\\/la-sicilia-di-nuovo-arancione-dal-15-marzo-pasqua-in-zona-rossa\\\/eolie-news\\\/#primaryimage\",\"url\":\"https:\\\/\\\/www.isoleolie.it\\\/eolie\\\/wp-content\\\/uploads\\\/2021\\\/03\\\/sicilia-arancione-610x3661-1.jpg\",\"contentUrl\":\"https:\\\/\\\/www.isoleolie.it\\\/eolie\\\/wp-content\\\/uploads\\\/2021\\\/03\\\/sicilia-arancione-610x3661-1.jpg\",\"width\":610,\"height\":366},{\"@type\":\"BreadcrumbList\",\"@id\":\"https:\\\/\\\/www.isoleolie.it\\\/eolie\\\/la-sicilia-di-nuovo-arancione-dal-15-marzo-pasqua-in-zona-rossa\\\/eolie-news\\\/#breadcrumb\",\"itemListElement\":[{\"@type\":\"ListItem\",\"position\":1,\"name\":\"Home\",\"item\":\"https:\\\/\\\/www.isoleolie.it\\\/eolie\\\/\"},{\"@type\":\"ListItem\",\"position\":2,\"name\":\"La Sicilia di nuovo arancione dal 15 marzo. Pasqua in zona rossa\"}]},{\"@type\":\"WebSite\",\"@id\":\"https:\\\/\\\/www.isoleolie.it\\\/eolie\\\/#website\",\"url\":\"https:\\\/\\\/www.isoleolie.it\\\/eolie\\\/\",\"name\":\"ISOLE EOLIE Turismo e Vacanze alle Isole Eolie Hotel B&B Residence Case Vacanza\",\"description\":\"The first and official tourism site for the Aeolian Islands\",\"publisher\":{\"@id\":\"https:\\\/\\\/www.isoleolie.it\\\/eolie\\\/#organization\"},\"potentialAction\":[{\"@type\":\"SearchAction\",\"target\":{\"@type\":\"EntryPoint\",\"urlTemplate\":\"https:\\\/\\\/www.isoleolie.it\\\/eolie\\\/?s={search_term_string}\"},\"query-input\":{\"@type\":\"PropertyValueSpecification\",\"valueRequired\":true,\"valueName\":\"search_term_string\"}}],\"inLanguage\":\"it-IT\"},{\"@type\":\"Organization\",\"@id\":\"https:\\\/\\\/www.isoleolie.it\\\/eolie\\\/#organization\",\"name\":\"ISOLE EOLIE\",\"url\":\"https:\\\/\\\/www.isoleolie.it\\\/eolie\\\/\",\"logo\":{\"@type\":\"ImageObject\",\"inLanguage\":\"it-IT\",\"@id\":\"https:\\\/\\\/www.isoleolie.it\\\/eolie\\\/#\\\/schema\\\/logo\\\/image\\\/\",\"url\":\"https:\\\/\\\/www.isoleolie.it\\\/eolie\\\/wp-content\\\/uploads\\\/2024\\\/11\\\/oMv8p0-4_400x400.jpg\",\"contentUrl\":\"https:\\\/\\\/www.isoleolie.it\\\/eolie\\\/wp-content\\\/uploads\\\/2024\\\/11\\\/oMv8p0-4_400x400.jpg\",\"width\":400,\"height\":400,\"caption\":\"ISOLE EOLIE\"},\"image\":{\"@id\":\"https:\\\/\\\/www.isoleolie.it\\\/eolie\\\/#\\\/schema\\\/logo\\\/image\\\/\"}},{\"@type\":\"Person\",\"@id\":\"https:\\\/\\\/www.isoleolie.it\\\/eolie\\\/#\\\/schema\\\/person\\\/4c400db26884d9f212712636db6c1746\",\"name\":\"Tourism Manager\",\"image\":{\"@type\":\"ImageObject\",\"inLanguage\":\"it-IT\",\"@id\":\"https:\\\/\\\/secure.gravatar.com\\\/avatar\\\/3446a46a5f1bdb4055f313474780b529660445bd2d0364f2472d83fd63ed9bbc?s=96&d=mm&r=g\",\"url\":\"https:\\\/\\\/secure.gravatar.com\\\/avatar\\\/3446a46a5f1bdb4055f313474780b529660445bd2d0364f2472d83fd63ed9bbc?s=96&d=mm&r=g\",\"contentUrl\":\"https:\\\/\\\/secure.gravatar.com\\\/avatar\\\/3446a46a5f1bdb4055f313474780b529660445bd2d0364f2472d83fd63ed9bbc?s=96&d=mm&r=g\",\"caption\":\"Tourism Manager\"},\"description\":\"Che cos'\u00e8 un manager del turismo? Tecnicamente, un manager del turismo \u00e8 un nome dato a qualsiasi professionista della gestione che lavora in un'azienda collegata all'industria del turismo. Ci\u00f2 include i direttori generali, che si assumono la responsabilit\u00e0 generale di garantire che le operazioni quotidiane si svolgano senza intoppi, ma includono anche i singoli responsabili di reparto all'interno delle aziende. Il ruolo di manager del turismo implica la supervisione delle operazioni all'interno di un'impresa o organizzazione turistica. \u00c8 una posizione di alto livello, che richiede una comprensione approfondita dei concetti di gestione e dell'industria nel suo insieme.\",\"sameAs\":[\"https:\\\/\\\/www.isoleolie.it\\\/\"],\"url\":\"https:\\\/\\\/www.isoleolie.it\\\/eolie\\\/author\\\/isoleolie_2\\\/\"}]}<\/script>\r\n<!-- \/ Yoast SEO plugin. -->","yoast_head_json":{"title":"La Sicilia di nuovo arancione dal 15 marzo. Pasqua in zona rossa - ISOLE EOLIE Turismo e Vacanze Hotel B&amp;B Residence Case Vacanza","robots":{"index":"index","follow":"follow","max-snippet":"max-snippet:-1","max-image-preview":"max-image-preview:large","max-video-preview":"max-video-preview:-1"},"canonical":"https:\/\/www.isoleolie.it\/eolie\/la-sicilia-di-nuovo-arancione-dal-15-marzo-pasqua-in-zona-rossa\/eolie-news\/","og_locale":"it_IT","og_type":"article","og_title":"La Sicilia di nuovo arancione dal 15 marzo. Pasqua in zona rossa - ISOLE EOLIE Turismo e Vacanze Hotel B&amp;B Residence Case Vacanza","og_description":"Da luned\u00ec 15 marzo la Sicilia torna in zona arancione anche se ha un indice di diffusione Rt sotto la soglia di 1, mentre sar\u00e0, come il resto d\u2019Italia, in zona rossa dalla vigilia di Pasqua fino a Pasquetta. E\u2019 la misura decisa dal governo nazionale durante l\u2019incontro con le Regioni e gli Enti locali. [&hellip;]","og_url":"https:\/\/www.isoleolie.it\/eolie\/la-sicilia-di-nuovo-arancione-dal-15-marzo-pasqua-in-zona-rossa\/eolie-news\/","og_site_name":"ISOLE EOLIE Turismo e Vacanze Hotel B&amp;B Residence Case Vacanza","article_published_time":"2021-03-14T10:24:49+00:00","og_image":[{"width":610,"height":366,"url":"https:\/\/www.isoleolie.it\/eolie\/wp-content\/uploads\/2021\/03\/sicilia-arancione-610x3661-1.jpg","type":"image\/jpeg"}],"author":"Tourism Manager","twitter_card":"summary_large_image","twitter_misc":{"Scritto da":"Tourism Manager","Tempo di lettura stimato":"2 minuti"},"schema":{"@context":"https:\/\/schema.org","@graph":[{"@type":"Article","@id":"https:\/\/www.isoleolie.it\/eolie\/la-sicilia-di-nuovo-arancione-dal-15-marzo-pasqua-in-zona-rossa\/eolie-news\/#article","isPartOf":{"@id":"https:\/\/www.isoleolie.it\/eolie\/la-sicilia-di-nuovo-arancione-dal-15-marzo-pasqua-in-zona-rossa\/eolie-news\/"},"author":{"name":"Tourism Manager","@id":"https:\/\/www.isoleolie.it\/eolie\/#\/schema\/person\/4c400db26884d9f212712636db6c1746"},"headline":"La Sicilia di nuovo arancione dal 15 marzo. Pasqua in zona rossa","datePublished":"2021-03-14T10:24:49+00:00","mainEntityOfPage":{"@id":"https:\/\/www.isoleolie.it\/eolie\/la-sicilia-di-nuovo-arancione-dal-15-marzo-pasqua-in-zona-rossa\/eolie-news\/"},"wordCount":391,"commentCount":0,"publisher":{"@id":"https:\/\/www.isoleolie.it\/eolie\/#organization"},"image":{"@id":"https:\/\/www.isoleolie.it\/eolie\/la-sicilia-di-nuovo-arancione-dal-15-marzo-pasqua-in-zona-rossa\/eolie-news\/#primaryimage"},"thumbnailUrl":"https:\/\/www.isoleolie.it\/eolie\/wp-content\/uploads\/2021\/03\/sicilia-arancione-610x3661-1.jpg","articleSection":["NEWS"],"inLanguage":"it-IT","potentialAction":[{"@type":"CommentAction","name":"Comment","target":["https:\/\/www.isoleolie.it\/eolie\/la-sicilia-di-nuovo-arancione-dal-15-marzo-pasqua-in-zona-rossa\/eolie-news\/#respond"]}]},{"@type":"WebPage","@id":"https:\/\/www.isoleolie.it\/eolie\/la-sicilia-di-nuovo-arancione-dal-15-marzo-pasqua-in-zona-rossa\/eolie-news\/","url":"https:\/\/www.isoleolie.it\/eolie\/la-sicilia-di-nuovo-arancione-dal-15-marzo-pasqua-in-zona-rossa\/eolie-news\/","name":"La Sicilia di nuovo arancione dal 15 marzo. Pasqua in zona rossa - ISOLE EOLIE Turismo e Vacanze Hotel B&amp;B Residence Case Vacanza","isPartOf":{"@id":"https:\/\/www.isoleolie.it\/eolie\/#website"},"primaryImageOfPage":{"@id":"https:\/\/www.isoleolie.it\/eolie\/la-sicilia-di-nuovo-arancione-dal-15-marzo-pasqua-in-zona-rossa\/eolie-news\/#primaryimage"},"image":{"@id":"https:\/\/www.isoleolie.it\/eolie\/la-sicilia-di-nuovo-arancione-dal-15-marzo-pasqua-in-zona-rossa\/eolie-news\/#primaryimage"},"thumbnailUrl":"https:\/\/www.isoleolie.it\/eolie\/wp-content\/uploads\/2021\/03\/sicilia-arancione-610x3661-1.jpg","datePublished":"2021-03-14T10:24:49+00:00","breadcrumb":{"@id":"https:\/\/www.isoleolie.it\/eolie\/la-sicilia-di-nuovo-arancione-dal-15-marzo-pasqua-in-zona-rossa\/eolie-news\/#breadcrumb"},"inLanguage":"it-IT","potentialAction":[{"@type":"ReadAction","target":["https:\/\/www.isoleolie.it\/eolie\/la-sicilia-di-nuovo-arancione-dal-15-marzo-pasqua-in-zona-rossa\/eolie-news\/"]}]},{"@type":"ImageObject","inLanguage":"it-IT","@id":"https:\/\/www.isoleolie.it\/eolie\/la-sicilia-di-nuovo-arancione-dal-15-marzo-pasqua-in-zona-rossa\/eolie-news\/#primaryimage","url":"https:\/\/www.isoleolie.it\/eolie\/wp-content\/uploads\/2021\/03\/sicilia-arancione-610x3661-1.jpg","contentUrl":"https:\/\/www.isoleolie.it\/eolie\/wp-content\/uploads\/2021\/03\/sicilia-arancione-610x3661-1.jpg","width":610,"height":366},{"@type":"BreadcrumbList","@id":"https:\/\/www.isoleolie.it\/eolie\/la-sicilia-di-nuovo-arancione-dal-15-marzo-pasqua-in-zona-rossa\/eolie-news\/#breadcrumb","itemListElement":[{"@type":"ListItem","position":1,"name":"Home","item":"https:\/\/www.isoleolie.it\/eolie\/"},{"@type":"ListItem","position":2,"name":"La Sicilia di nuovo arancione dal 15 marzo. Pasqua in zona rossa"}]},{"@type":"WebSite","@id":"https:\/\/www.isoleolie.it\/eolie\/#website","url":"https:\/\/www.isoleolie.it\/eolie\/","name":"ISOLE EOLIE Turismo e Vacanze alle Isole Eolie Hotel B&B Residence Case Vacanza","description":"The first and official tourism site for the Aeolian Islands","publisher":{"@id":"https:\/\/www.isoleolie.it\/eolie\/#organization"},"potentialAction":[{"@type":"SearchAction","target":{"@type":"EntryPoint","urlTemplate":"https:\/\/www.isoleolie.it\/eolie\/?s={search_term_string}"},"query-input":{"@type":"PropertyValueSpecification","valueRequired":true,"valueName":"search_term_string"}}],"inLanguage":"it-IT"},{"@type":"Organization","@id":"https:\/\/www.isoleolie.it\/eolie\/#organization","name":"ISOLE EOLIE","url":"https:\/\/www.isoleolie.it\/eolie\/","logo":{"@type":"ImageObject","inLanguage":"it-IT","@id":"https:\/\/www.isoleolie.it\/eolie\/#\/schema\/logo\/image\/","url":"https:\/\/www.isoleolie.it\/eolie\/wp-content\/uploads\/2024\/11\/oMv8p0-4_400x400.jpg","contentUrl":"https:\/\/www.isoleolie.it\/eolie\/wp-content\/uploads\/2024\/11\/oMv8p0-4_400x400.jpg","width":400,"height":400,"caption":"ISOLE EOLIE"},"image":{"@id":"https:\/\/www.isoleolie.it\/eolie\/#\/schema\/logo\/image\/"}},{"@type":"Person","@id":"https:\/\/www.isoleolie.it\/eolie\/#\/schema\/person\/4c400db26884d9f212712636db6c1746","name":"Tourism Manager","image":{"@type":"ImageObject","inLanguage":"it-IT","@id":"https:\/\/secure.gravatar.com\/avatar\/3446a46a5f1bdb4055f313474780b529660445bd2d0364f2472d83fd63ed9bbc?s=96&d=mm&r=g","url":"https:\/\/secure.gravatar.com\/avatar\/3446a46a5f1bdb4055f313474780b529660445bd2d0364f2472d83fd63ed9bbc?s=96&d=mm&r=g","contentUrl":"https:\/\/secure.gravatar.com\/avatar\/3446a46a5f1bdb4055f313474780b529660445bd2d0364f2472d83fd63ed9bbc?s=96&d=mm&r=g","caption":"Tourism Manager"},"description":"Che cos'\u00e8 un manager del turismo? Tecnicamente, un manager del turismo \u00e8 un nome dato a qualsiasi professionista della gestione che lavora in un'azienda collegata all'industria del turismo. Ci\u00f2 include i direttori generali, che si assumono la responsabilit\u00e0 generale di garantire che le operazioni quotidiane si svolgano senza intoppi, ma includono anche i singoli responsabili di reparto all'interno delle aziende. Il ruolo di manager del turismo implica la supervisione delle operazioni all'interno di un'impresa o organizzazione turistica. \u00c8 una posizione di alto livello, che richiede una comprensione approfondita dei concetti di gestione e dell'industria nel suo insieme.","sameAs":["https:\/\/www.isoleolie.it\/"],"url":"https:\/\/www.isoleolie.it\/eolie\/author\/isoleolie_2\/"}]}},"_links":{"self":[{"href":"https:\/\/www.isoleolie.it\/eolie\/wp-json\/wp\/v2\/posts\/282","targetHints":{"allow":["GET"]}}],"collection":[{"href":"https:\/\/www.isoleolie.it\/eolie\/wp-json\/wp\/v2\/posts"}],"about":[{"href":"https:\/\/www.isoleolie.it\/eolie\/wp-json\/wp\/v2\/types\/post"}],"author":[{"embeddable":true,"href":"https:\/\/www.isoleolie.it\/eolie\/wp-json\/wp\/v2\/users\/1"}],"replies":[{"embeddable":true,"href":"https:\/\/www.isoleolie.it\/eolie\/wp-json\/wp\/v2\/comments?post=282"}],"version-history":[{"count":1,"href":"https:\/\/www.isoleolie.it\/eolie\/wp-json\/wp\/v2\/posts\/282\/revisions"}],"predecessor-version":[{"id":284,"href":"https:\/\/www.isoleolie.it\/eolie\/wp-json\/wp\/v2\/posts\/282\/revisions\/284"}],"wp:featuredmedia":[{"embeddable":true,"href":"https:\/\/www.isoleolie.it\/eolie\/wp-json\/wp\/v2\/media\/283"}],"wp:attachment":[{"href":"https:\/\/www.isoleolie.it\/eolie\/wp-json\/wp\/v2\/media?parent=282"}],"wp:term":[{"taxonomy":"category","embeddable":true,"href":"https:\/\/www.isoleolie.it\/eolie\/wp-json\/wp\/v2\/categories?post=282"},{"taxonomy":"post_tag","embeddable":true,"href":"https:\/\/www.isoleolie.it\/eolie\/wp-json\/wp\/v2\/tags?post=282"}],"curies":[{"name":"wp","href":"https:\/\/api.w.org\/{rel}","templated":true}]}}