{"id":2466,"date":"2025-09-08T12:47:40","date_gmt":"2025-09-08T10:47:40","guid":{"rendered":"https:\/\/www.isoleolie.it\/eolie\/lunedi-8-settembre-alle-ore-12-00-presso-la-sala-blu-della-rai-di-via-teulada-66-roma-e-iniziata-la-conferenza-stampa-relativa-ai-programmi-di-rai1-porta-a-porta-e\/isole-eolie\/"},"modified":"2025-09-09T09:17:32","modified_gmt":"2025-09-09T07:17:32","slug":"lunedi-8-settembre-alle-ore-12-00-presso-la-sala-blu-della-rai-di-via-teulada-66-roma-e-iniziata-la-conferenza-stampa-relativa-ai-programmi-di-rai1-porta-a-porta-e","status":"publish","type":"post","link":"https:\/\/www.isoleolie.it\/eolie\/lunedi-8-settembre-alle-ore-12-00-presso-la-sala-blu-della-rai-di-via-teulada-66-roma-e-iniziata-la-conferenza-stampa-relativa-ai-programmi-di-rai1-porta-a-porta-e\/eolie-news\/","title":{"rendered":"Luned\u00ec 8 settembre alle ore 12.00 \u2013 presso la Sala Blu della Rai di Via Teulada 66 \u2013 Roma \u00e8 iniziata la Conferenza Stampa relativa ai programmi di Rai1, \u2018Porta a Porta e \u2018Cinque Minuti\u2019, condotti dal giornalista Bruno Vespa"},"content":{"rendered":"<p><strong>Luned\u00ec 8 settembre alle ore 12.00 \u2013 presso la Sala Blu della Rai di Via Teulada 66 \u2013 Roma \u00e8 iniziata la Conferenza Stampa<\/strong> relativa ai programmi di Rai1, \u2018Porta a Porta e \u2018Cinque Minuti\u2019, condotti dal giornalista Bruno Vespa.<\/p>\n<p><strong>Il primo programma va in onda dal marted\u00ec al gioved\u00ec dopo le 23.30, il secondo dal luned\u00ec al venerd\u00ec<\/strong> dopo le 20.30.<\/p>\n<p><strong>Intervengono<\/strong>:<\/p>\n<ul>\n<li><span>Paolo Corsini \u2013 Direttore Approfondimento;<\/span><\/li>\n<li><span>Bruno Vespa.<\/span><\/li>\n<\/ul>\n<p><strong>Riapre il salotto televisivo pi\u00f9 noto e importante<\/strong>. I protagonisti della stagione politica, i personaggi del mondo finanziario, dell\u2019imprenditoria e del sindacato continueranno a confrontarsi sul rilancio del Paese e sulle misure necessarie per la salute economica e sociale.<\/p>\n<p><strong>L\u2019Italia e il mondo, raccontati in \u2018Cinque Minuti\u2019<\/strong>. \u2018Cinque Minuti\u2019 per approfondire i temi di maggiore attualit\u00e0 con un ritmo veloce e incalzante. Interviste a personaggi della politica interna e internazionale, ma anche del mondo artistico, culturale e dello spettacolo.<\/p>\n<\/p>\n<p>L&#8217;articolo <a href=\"https:\/\/www.messinamagazine.it\/primo-piano\/lunedi-8-settembre-alle-ore-12-00-presso-la-sala-blu-della-rai-di-via-teulada-66-roma-e-iniziata-la-conferenza-stampa-relativa-ai-programmi-di-rai1-porta-a-porta-e-cinque-minuti-co\/\">Luned\u00ec 8 settembre alle ore 12.00 \u2013 presso la Sala Blu della Rai di Via Teulada 66 \u2013 Roma \u00e8 iniziata la Conferenza Stampa relativa ai programmi di Rai1, \u2018Porta a Porta e \u2018Cinque Minuti\u2019, condotti dal giornalista Bruno Vespa<\/a> proviene da <a href=\"https:\/\/www.messinamagazine.it\/\">Messina Magazine<\/a>.<\/p>\n","protected":false},"excerpt":{"rendered":"<p>Luned\u00ec 8 settembre alle ore 12.00 \u2013 presso la Sala Blu della Rai di Via Teulada 66 \u2013 Roma \u00e8 iniziata la Conferenza Stampa relativa ai programmi di Rai1, \u2018Porta a Porta e \u2018Cinque Minuti\u2019, condotti dal giornalista Bruno Vespa. Il primo programma va in onda dal marted\u00ec al gioved\u00ec dopo le 23.30, il secondo [&hellip;]<\/p>\n","protected":false},"author":1,"featured_media":0,"comment_status":"closed","ping_status":"","sticky":false,"template":"","format":"standard","meta":{"footnotes":""},"categories":[22],"tags":[],"class_list":["post-2466","post","type-post","status-publish","format-standard","hentry","category-eolie-news"],"yoast_head":"<!-- This site is optimized with the Yoast SEO plugin v27.5 - https:\/\/yoast.com\/product\/yoast-seo-wordpress\/ -->\r\n<title>Luned\u00ec 8 settembre alle ore 12.00 \u2013 presso la Sala Blu della Rai di Via Teulada 66 \u2013 Roma \u00e8 iniziata la Conferenza Stampa relativa ai programmi di Rai1, \u2018Porta a Porta e \u2018Cinque Minuti\u2019, condotti dal giornalista Bruno Vespa - ISOLE EOLIE Turismo e Vacanze Hotel B&amp;B Residence Case Vacanza<\/title>\r\n<meta name=\"robots\" content=\"index, follow, max-snippet:-1, max-image-preview:large, max-video-preview:-1\" \/>\r\n<link rel=\"canonical\" href=\"https:\/\/www.isoleolie.it\/eolie\/lunedi-8-settembre-alle-ore-12-00-presso-la-sala-blu-della-rai-di-via-teulada-66-roma-e-iniziata-la-conferenza-stampa-relativa-ai-programmi-di-rai1-porta-a-porta-e\/eolie-news\/\" \/>\r\n<meta property=\"og:locale\" content=\"it_IT\" \/>\r\n<meta property=\"og:type\" content=\"article\" \/>\r\n<meta property=\"og:title\" content=\"Luned\u00ec 8 settembre alle ore 12.00 \u2013 presso la Sala Blu della Rai di Via Teulada 66 \u2013 Roma \u00e8 iniziata la Conferenza Stampa relativa ai programmi di Rai1, \u2018Porta a Porta e \u2018Cinque Minuti\u2019, condotti dal giornalista Bruno Vespa - ISOLE EOLIE Turismo e Vacanze Hotel B&amp;B Residence Case Vacanza\" \/>\r\n<meta property=\"og:description\" content=\"Luned\u00ec 8 settembre alle ore 12.00 \u2013 presso la Sala Blu della Rai di Via Teulada 66 \u2013 Roma \u00e8 iniziata la Conferenza Stampa relativa ai programmi di Rai1, \u2018Porta a Porta e \u2018Cinque Minuti\u2019, condotti dal giornalista Bruno Vespa. Il primo programma va in onda dal marted\u00ec al gioved\u00ec dopo le 23.30, il secondo [&hellip;]\" \/>\r\n<meta property=\"og:url\" content=\"https:\/\/www.isoleolie.it\/eolie\/lunedi-8-settembre-alle-ore-12-00-presso-la-sala-blu-della-rai-di-via-teulada-66-roma-e-iniziata-la-conferenza-stampa-relativa-ai-programmi-di-rai1-porta-a-porta-e\/eolie-news\/\" \/>\r\n<meta property=\"og:site_name\" content=\"ISOLE EOLIE Turismo e Vacanze Hotel B&amp;B Residence Case Vacanza\" \/>\r\n<meta property=\"article:published_time\" content=\"2025-09-08T10:47:40+00:00\" \/>\r\n<meta property=\"article:modified_time\" content=\"2025-09-09T07:17:32+00:00\" \/>\r\n<meta name=\"author\" content=\"Tourism Manager\" \/>\r\n<meta name=\"twitter:card\" content=\"summary_large_image\" \/>\r\n<meta name=\"twitter:label1\" content=\"Scritto da\" \/>\n\t<meta name=\"twitter:data1\" content=\"Tourism Manager\" \/>\n\t<meta name=\"twitter:label2\" content=\"Tempo di lettura stimato\" \/>\n\t<meta name=\"twitter:data2\" content=\"1 minuto\" \/>\r\n<script type=\"application\/ld+json\" class=\"yoast-schema-graph\">{\"@context\":\"https:\\\/\\\/schema.org\",\"@graph\":[{\"@type\":\"Article\",\"@id\":\"https:\\\/\\\/www.isoleolie.it\\\/eolie\\\/lunedi-8-settembre-alle-ore-12-00-presso-la-sala-blu-della-rai-di-via-teulada-66-roma-e-iniziata-la-conferenza-stampa-relativa-ai-programmi-di-rai1-porta-a-porta-e\\\/eolie-news\\\/#article\",\"isPartOf\":{\"@id\":\"https:\\\/\\\/www.isoleolie.it\\\/eolie\\\/lunedi-8-settembre-alle-ore-12-00-presso-la-sala-blu-della-rai-di-via-teulada-66-roma-e-iniziata-la-conferenza-stampa-relativa-ai-programmi-di-rai1-porta-a-porta-e\\\/eolie-news\\\/\"},\"author\":{\"name\":\"Tourism Manager\",\"@id\":\"https:\\\/\\\/www.isoleolie.it\\\/eolie\\\/#\\\/schema\\\/person\\\/4c400db26884d9f212712636db6c1746\"},\"headline\":\"Luned\u00ec 8 settembre alle ore 12.00 \u2013 presso la Sala Blu della Rai di Via Teulada 66 \u2013 Roma \u00e8 iniziata la Conferenza Stampa relativa ai programmi di Rai1, \u2018Porta a Porta e \u2018Cinque Minuti\u2019, condotti dal giornalista Bruno Vespa\",\"datePublished\":\"2025-09-08T10:47:40+00:00\",\"dateModified\":\"2025-09-09T07:17:32+00:00\",\"mainEntityOfPage\":{\"@id\":\"https:\\\/\\\/www.isoleolie.it\\\/eolie\\\/lunedi-8-settembre-alle-ore-12-00-presso-la-sala-blu-della-rai-di-via-teulada-66-roma-e-iniziata-la-conferenza-stampa-relativa-ai-programmi-di-rai1-porta-a-porta-e\\\/eolie-news\\\/\"},\"wordCount\":216,\"publisher\":{\"@id\":\"https:\\\/\\\/www.isoleolie.it\\\/eolie\\\/#organization\"},\"articleSection\":[\"NEWS\"],\"inLanguage\":\"it-IT\"},{\"@type\":\"WebPage\",\"@id\":\"https:\\\/\\\/www.isoleolie.it\\\/eolie\\\/lunedi-8-settembre-alle-ore-12-00-presso-la-sala-blu-della-rai-di-via-teulada-66-roma-e-iniziata-la-conferenza-stampa-relativa-ai-programmi-di-rai1-porta-a-porta-e\\\/eolie-news\\\/\",\"url\":\"https:\\\/\\\/www.isoleolie.it\\\/eolie\\\/lunedi-8-settembre-alle-ore-12-00-presso-la-sala-blu-della-rai-di-via-teulada-66-roma-e-iniziata-la-conferenza-stampa-relativa-ai-programmi-di-rai1-porta-a-porta-e\\\/eolie-news\\\/\",\"name\":\"Luned\u00ec 8 settembre alle ore 12.00 \u2013 presso la Sala Blu della Rai di Via Teulada 66 \u2013 Roma \u00e8 iniziata la Conferenza Stampa relativa ai programmi di Rai1, \u2018Porta a Porta e \u2018Cinque Minuti\u2019, condotti dal giornalista Bruno Vespa - ISOLE EOLIE Turismo e Vacanze Hotel B&amp;B Residence Case Vacanza\",\"isPartOf\":{\"@id\":\"https:\\\/\\\/www.isoleolie.it\\\/eolie\\\/#website\"},\"datePublished\":\"2025-09-08T10:47:40+00:00\",\"dateModified\":\"2025-09-09T07:17:32+00:00\",\"breadcrumb\":{\"@id\":\"https:\\\/\\\/www.isoleolie.it\\\/eolie\\\/lunedi-8-settembre-alle-ore-12-00-presso-la-sala-blu-della-rai-di-via-teulada-66-roma-e-iniziata-la-conferenza-stampa-relativa-ai-programmi-di-rai1-porta-a-porta-e\\\/eolie-news\\\/#breadcrumb\"},\"inLanguage\":\"it-IT\",\"potentialAction\":[{\"@type\":\"ReadAction\",\"target\":[\"https:\\\/\\\/www.isoleolie.it\\\/eolie\\\/lunedi-8-settembre-alle-ore-12-00-presso-la-sala-blu-della-rai-di-via-teulada-66-roma-e-iniziata-la-conferenza-stampa-relativa-ai-programmi-di-rai1-porta-a-porta-e\\\/eolie-news\\\/\"]}]},{\"@type\":\"BreadcrumbList\",\"@id\":\"https:\\\/\\\/www.isoleolie.it\\\/eolie\\\/lunedi-8-settembre-alle-ore-12-00-presso-la-sala-blu-della-rai-di-via-teulada-66-roma-e-iniziata-la-conferenza-stampa-relativa-ai-programmi-di-rai1-porta-a-porta-e\\\/eolie-news\\\/#breadcrumb\",\"itemListElement\":[{\"@type\":\"ListItem\",\"position\":1,\"name\":\"Home\",\"item\":\"https:\\\/\\\/www.isoleolie.it\\\/eolie\\\/\"},{\"@type\":\"ListItem\",\"position\":2,\"name\":\"Luned\u00ec 8 settembre alle ore 12.00 \u2013 presso la Sala Blu della Rai di Via Teulada 66 \u2013 Roma \u00e8 iniziata la Conferenza Stampa relativa ai programmi di Rai1, \u2018Porta a Porta e \u2018Cinque Minuti\u2019, condotti dal giornalista Bruno Vespa\"}]},{\"@type\":\"WebSite\",\"@id\":\"https:\\\/\\\/www.isoleolie.it\\\/eolie\\\/#website\",\"url\":\"https:\\\/\\\/www.isoleolie.it\\\/eolie\\\/\",\"name\":\"ISOLE EOLIE Turismo e Vacanze alle Isole Eolie Hotel B&B Residence Case Vacanza\",\"description\":\"The first and official tourism site for the Aeolian Islands\",\"publisher\":{\"@id\":\"https:\\\/\\\/www.isoleolie.it\\\/eolie\\\/#organization\"},\"potentialAction\":[{\"@type\":\"SearchAction\",\"target\":{\"@type\":\"EntryPoint\",\"urlTemplate\":\"https:\\\/\\\/www.isoleolie.it\\\/eolie\\\/?s={search_term_string}\"},\"query-input\":{\"@type\":\"PropertyValueSpecification\",\"valueRequired\":true,\"valueName\":\"search_term_string\"}}],\"inLanguage\":\"it-IT\"},{\"@type\":\"Organization\",\"@id\":\"https:\\\/\\\/www.isoleolie.it\\\/eolie\\\/#organization\",\"name\":\"ISOLE EOLIE\",\"url\":\"https:\\\/\\\/www.isoleolie.it\\\/eolie\\\/\",\"logo\":{\"@type\":\"ImageObject\",\"inLanguage\":\"it-IT\",\"@id\":\"https:\\\/\\\/www.isoleolie.it\\\/eolie\\\/#\\\/schema\\\/logo\\\/image\\\/\",\"url\":\"https:\\\/\\\/www.isoleolie.it\\\/eolie\\\/wp-content\\\/uploads\\\/2024\\\/11\\\/oMv8p0-4_400x400.jpg\",\"contentUrl\":\"https:\\\/\\\/www.isoleolie.it\\\/eolie\\\/wp-content\\\/uploads\\\/2024\\\/11\\\/oMv8p0-4_400x400.jpg\",\"width\":400,\"height\":400,\"caption\":\"ISOLE EOLIE\"},\"image\":{\"@id\":\"https:\\\/\\\/www.isoleolie.it\\\/eolie\\\/#\\\/schema\\\/logo\\\/image\\\/\"}},{\"@type\":\"Person\",\"@id\":\"https:\\\/\\\/www.isoleolie.it\\\/eolie\\\/#\\\/schema\\\/person\\\/4c400db26884d9f212712636db6c1746\",\"name\":\"Tourism Manager\",\"image\":{\"@type\":\"ImageObject\",\"inLanguage\":\"it-IT\",\"@id\":\"https:\\\/\\\/secure.gravatar.com\\\/avatar\\\/3446a46a5f1bdb4055f313474780b529660445bd2d0364f2472d83fd63ed9bbc?s=96&d=mm&r=g\",\"url\":\"https:\\\/\\\/secure.gravatar.com\\\/avatar\\\/3446a46a5f1bdb4055f313474780b529660445bd2d0364f2472d83fd63ed9bbc?s=96&d=mm&r=g\",\"contentUrl\":\"https:\\\/\\\/secure.gravatar.com\\\/avatar\\\/3446a46a5f1bdb4055f313474780b529660445bd2d0364f2472d83fd63ed9bbc?s=96&d=mm&r=g\",\"caption\":\"Tourism Manager\"},\"description\":\"Che cos'\u00e8 un manager del turismo? Tecnicamente, un manager del turismo \u00e8 un nome dato a qualsiasi professionista della gestione che lavora in un'azienda collegata all'industria del turismo. Ci\u00f2 include i direttori generali, che si assumono la responsabilit\u00e0 generale di garantire che le operazioni quotidiane si svolgano senza intoppi, ma includono anche i singoli responsabili di reparto all'interno delle aziende. Il ruolo di manager del turismo implica la supervisione delle operazioni all'interno di un'impresa o organizzazione turistica. \u00c8 una posizione di alto livello, che richiede una comprensione approfondita dei concetti di gestione e dell'industria nel suo insieme.\",\"sameAs\":[\"https:\\\/\\\/www.isoleolie.it\\\/\"],\"url\":\"https:\\\/\\\/www.isoleolie.it\\\/eolie\\\/author\\\/isoleolie_2\\\/\"}]}<\/script>\r\n<!-- \/ Yoast SEO plugin. -->","yoast_head_json":{"title":"Luned\u00ec 8 settembre alle ore 12.00 \u2013 presso la Sala Blu della Rai di Via Teulada 66 \u2013 Roma \u00e8 iniziata la Conferenza Stampa relativa ai programmi di Rai1, \u2018Porta a Porta e \u2018Cinque Minuti\u2019, condotti dal giornalista Bruno Vespa - ISOLE EOLIE Turismo e Vacanze Hotel B&amp;B Residence Case Vacanza","robots":{"index":"index","follow":"follow","max-snippet":"max-snippet:-1","max-image-preview":"max-image-preview:large","max-video-preview":"max-video-preview:-1"},"canonical":"https:\/\/www.isoleolie.it\/eolie\/lunedi-8-settembre-alle-ore-12-00-presso-la-sala-blu-della-rai-di-via-teulada-66-roma-e-iniziata-la-conferenza-stampa-relativa-ai-programmi-di-rai1-porta-a-porta-e\/eolie-news\/","og_locale":"it_IT","og_type":"article","og_title":"Luned\u00ec 8 settembre alle ore 12.00 \u2013 presso la Sala Blu della Rai di Via Teulada 66 \u2013 Roma \u00e8 iniziata la Conferenza Stampa relativa ai programmi di Rai1, \u2018Porta a Porta e \u2018Cinque Minuti\u2019, condotti dal giornalista Bruno Vespa - ISOLE EOLIE Turismo e Vacanze Hotel B&amp;B Residence Case Vacanza","og_description":"Luned\u00ec 8 settembre alle ore 12.00 \u2013 presso la Sala Blu della Rai di Via Teulada 66 \u2013 Roma \u00e8 iniziata la Conferenza Stampa relativa ai programmi di Rai1, \u2018Porta a Porta e \u2018Cinque Minuti\u2019, condotti dal giornalista Bruno Vespa. Il primo programma va in onda dal marted\u00ec al gioved\u00ec dopo le 23.30, il secondo [&hellip;]","og_url":"https:\/\/www.isoleolie.it\/eolie\/lunedi-8-settembre-alle-ore-12-00-presso-la-sala-blu-della-rai-di-via-teulada-66-roma-e-iniziata-la-conferenza-stampa-relativa-ai-programmi-di-rai1-porta-a-porta-e\/eolie-news\/","og_site_name":"ISOLE EOLIE Turismo e Vacanze Hotel B&amp;B Residence Case Vacanza","article_published_time":"2025-09-08T10:47:40+00:00","article_modified_time":"2025-09-09T07:17:32+00:00","author":"Tourism Manager","twitter_card":"summary_large_image","twitter_misc":{"Scritto da":"Tourism Manager","Tempo di lettura stimato":"1 minuto"},"schema":{"@context":"https:\/\/schema.org","@graph":[{"@type":"Article","@id":"https:\/\/www.isoleolie.it\/eolie\/lunedi-8-settembre-alle-ore-12-00-presso-la-sala-blu-della-rai-di-via-teulada-66-roma-e-iniziata-la-conferenza-stampa-relativa-ai-programmi-di-rai1-porta-a-porta-e\/eolie-news\/#article","isPartOf":{"@id":"https:\/\/www.isoleolie.it\/eolie\/lunedi-8-settembre-alle-ore-12-00-presso-la-sala-blu-della-rai-di-via-teulada-66-roma-e-iniziata-la-conferenza-stampa-relativa-ai-programmi-di-rai1-porta-a-porta-e\/eolie-news\/"},"author":{"name":"Tourism Manager","@id":"https:\/\/www.isoleolie.it\/eolie\/#\/schema\/person\/4c400db26884d9f212712636db6c1746"},"headline":"Luned\u00ec 8 settembre alle ore 12.00 \u2013 presso la Sala Blu della Rai di Via Teulada 66 \u2013 Roma \u00e8 iniziata la Conferenza Stampa relativa ai programmi di Rai1, \u2018Porta a Porta e \u2018Cinque Minuti\u2019, condotti dal giornalista Bruno Vespa","datePublished":"2025-09-08T10:47:40+00:00","dateModified":"2025-09-09T07:17:32+00:00","mainEntityOfPage":{"@id":"https:\/\/www.isoleolie.it\/eolie\/lunedi-8-settembre-alle-ore-12-00-presso-la-sala-blu-della-rai-di-via-teulada-66-roma-e-iniziata-la-conferenza-stampa-relativa-ai-programmi-di-rai1-porta-a-porta-e\/eolie-news\/"},"wordCount":216,"publisher":{"@id":"https:\/\/www.isoleolie.it\/eolie\/#organization"},"articleSection":["NEWS"],"inLanguage":"it-IT"},{"@type":"WebPage","@id":"https:\/\/www.isoleolie.it\/eolie\/lunedi-8-settembre-alle-ore-12-00-presso-la-sala-blu-della-rai-di-via-teulada-66-roma-e-iniziata-la-conferenza-stampa-relativa-ai-programmi-di-rai1-porta-a-porta-e\/eolie-news\/","url":"https:\/\/www.isoleolie.it\/eolie\/lunedi-8-settembre-alle-ore-12-00-presso-la-sala-blu-della-rai-di-via-teulada-66-roma-e-iniziata-la-conferenza-stampa-relativa-ai-programmi-di-rai1-porta-a-porta-e\/eolie-news\/","name":"Luned\u00ec 8 settembre alle ore 12.00 \u2013 presso la Sala Blu della Rai di Via Teulada 66 \u2013 Roma \u00e8 iniziata la Conferenza Stampa relativa ai programmi di Rai1, \u2018Porta a Porta e \u2018Cinque Minuti\u2019, condotti dal giornalista Bruno Vespa - ISOLE EOLIE Turismo e Vacanze Hotel B&amp;B Residence Case Vacanza","isPartOf":{"@id":"https:\/\/www.isoleolie.it\/eolie\/#website"},"datePublished":"2025-09-08T10:47:40+00:00","dateModified":"2025-09-09T07:17:32+00:00","breadcrumb":{"@id":"https:\/\/www.isoleolie.it\/eolie\/lunedi-8-settembre-alle-ore-12-00-presso-la-sala-blu-della-rai-di-via-teulada-66-roma-e-iniziata-la-conferenza-stampa-relativa-ai-programmi-di-rai1-porta-a-porta-e\/eolie-news\/#breadcrumb"},"inLanguage":"it-IT","potentialAction":[{"@type":"ReadAction","target":["https:\/\/www.isoleolie.it\/eolie\/lunedi-8-settembre-alle-ore-12-00-presso-la-sala-blu-della-rai-di-via-teulada-66-roma-e-iniziata-la-conferenza-stampa-relativa-ai-programmi-di-rai1-porta-a-porta-e\/eolie-news\/"]}]},{"@type":"BreadcrumbList","@id":"https:\/\/www.isoleolie.it\/eolie\/lunedi-8-settembre-alle-ore-12-00-presso-la-sala-blu-della-rai-di-via-teulada-66-roma-e-iniziata-la-conferenza-stampa-relativa-ai-programmi-di-rai1-porta-a-porta-e\/eolie-news\/#breadcrumb","itemListElement":[{"@type":"ListItem","position":1,"name":"Home","item":"https:\/\/www.isoleolie.it\/eolie\/"},{"@type":"ListItem","position":2,"name":"Luned\u00ec 8 settembre alle ore 12.00 \u2013 presso la Sala Blu della Rai di Via Teulada 66 \u2013 Roma \u00e8 iniziata la Conferenza Stampa relativa ai programmi di Rai1, \u2018Porta a Porta e \u2018Cinque Minuti\u2019, condotti dal giornalista Bruno Vespa"}]},{"@type":"WebSite","@id":"https:\/\/www.isoleolie.it\/eolie\/#website","url":"https:\/\/www.isoleolie.it\/eolie\/","name":"ISOLE EOLIE Turismo e Vacanze alle Isole Eolie Hotel B&B Residence Case Vacanza","description":"The first and official tourism site for the Aeolian Islands","publisher":{"@id":"https:\/\/www.isoleolie.it\/eolie\/#organization"},"potentialAction":[{"@type":"SearchAction","target":{"@type":"EntryPoint","urlTemplate":"https:\/\/www.isoleolie.it\/eolie\/?s={search_term_string}"},"query-input":{"@type":"PropertyValueSpecification","valueRequired":true,"valueName":"search_term_string"}}],"inLanguage":"it-IT"},{"@type":"Organization","@id":"https:\/\/www.isoleolie.it\/eolie\/#organization","name":"ISOLE EOLIE","url":"https:\/\/www.isoleolie.it\/eolie\/","logo":{"@type":"ImageObject","inLanguage":"it-IT","@id":"https:\/\/www.isoleolie.it\/eolie\/#\/schema\/logo\/image\/","url":"https:\/\/www.isoleolie.it\/eolie\/wp-content\/uploads\/2024\/11\/oMv8p0-4_400x400.jpg","contentUrl":"https:\/\/www.isoleolie.it\/eolie\/wp-content\/uploads\/2024\/11\/oMv8p0-4_400x400.jpg","width":400,"height":400,"caption":"ISOLE EOLIE"},"image":{"@id":"https:\/\/www.isoleolie.it\/eolie\/#\/schema\/logo\/image\/"}},{"@type":"Person","@id":"https:\/\/www.isoleolie.it\/eolie\/#\/schema\/person\/4c400db26884d9f212712636db6c1746","name":"Tourism Manager","image":{"@type":"ImageObject","inLanguage":"it-IT","@id":"https:\/\/secure.gravatar.com\/avatar\/3446a46a5f1bdb4055f313474780b529660445bd2d0364f2472d83fd63ed9bbc?s=96&d=mm&r=g","url":"https:\/\/secure.gravatar.com\/avatar\/3446a46a5f1bdb4055f313474780b529660445bd2d0364f2472d83fd63ed9bbc?s=96&d=mm&r=g","contentUrl":"https:\/\/secure.gravatar.com\/avatar\/3446a46a5f1bdb4055f313474780b529660445bd2d0364f2472d83fd63ed9bbc?s=96&d=mm&r=g","caption":"Tourism Manager"},"description":"Che cos'\u00e8 un manager del turismo? Tecnicamente, un manager del turismo \u00e8 un nome dato a qualsiasi professionista della gestione che lavora in un'azienda collegata all'industria del turismo. Ci\u00f2 include i direttori generali, che si assumono la responsabilit\u00e0 generale di garantire che le operazioni quotidiane si svolgano senza intoppi, ma includono anche i singoli responsabili di reparto all'interno delle aziende. Il ruolo di manager del turismo implica la supervisione delle operazioni all'interno di un'impresa o organizzazione turistica. \u00c8 una posizione di alto livello, che richiede una comprensione approfondita dei concetti di gestione e dell'industria nel suo insieme.","sameAs":["https:\/\/www.isoleolie.it\/"],"url":"https:\/\/www.isoleolie.it\/eolie\/author\/isoleolie_2\/"}]}},"_links":{"self":[{"href":"https:\/\/www.isoleolie.it\/eolie\/wp-json\/wp\/v2\/posts\/2466","targetHints":{"allow":["GET"]}}],"collection":[{"href":"https:\/\/www.isoleolie.it\/eolie\/wp-json\/wp\/v2\/posts"}],"about":[{"href":"https:\/\/www.isoleolie.it\/eolie\/wp-json\/wp\/v2\/types\/post"}],"author":[{"embeddable":true,"href":"https:\/\/www.isoleolie.it\/eolie\/wp-json\/wp\/v2\/users\/1"}],"replies":[{"embeddable":true,"href":"https:\/\/www.isoleolie.it\/eolie\/wp-json\/wp\/v2\/comments?post=2466"}],"version-history":[{"count":1,"href":"https:\/\/www.isoleolie.it\/eolie\/wp-json\/wp\/v2\/posts\/2466\/revisions"}],"predecessor-version":[{"id":2479,"href":"https:\/\/www.isoleolie.it\/eolie\/wp-json\/wp\/v2\/posts\/2466\/revisions\/2479"}],"wp:attachment":[{"href":"https:\/\/www.isoleolie.it\/eolie\/wp-json\/wp\/v2\/media?parent=2466"}],"wp:term":[{"taxonomy":"category","embeddable":true,"href":"https:\/\/www.isoleolie.it\/eolie\/wp-json\/wp\/v2\/categories?post=2466"},{"taxonomy":"post_tag","embeddable":true,"href":"https:\/\/www.isoleolie.it\/eolie\/wp-json\/wp\/v2\/tags?post=2466"}],"curies":[{"name":"wp","href":"https:\/\/api.w.org\/{rel}","templated":true}]}}