{"id":2420,"date":"2025-09-06T23:58:10","date_gmt":"2025-09-06T21:58:10","guid":{"rendered":"https:\/\/www.isoleolie.it\/eolie\/la-sicilia-non-e-funzionale-alle-guerre-non-e-ammissibile-che-sul-nostro-territorio-atterrino-aerei-israeliani-impegnati-in-aree-di-crisi-dove-si-e-perso-anche-il-senso-dellumanit\/isole-eolie\/"},"modified":"2025-09-09T09:24:29","modified_gmt":"2025-09-09T07:24:29","slug":"la-sicilia-non-e-funzionale-alle-guerre-non-e-ammissibile-che-sul-nostro-territorio-atterrino-aerei-israeliani-impegnati-in-aree-di-crisi-dove-si-e-perso-anche-il-senso-dellumanit","status":"publish","type":"post","link":"https:\/\/www.isoleolie.it\/eolie\/la-sicilia-non-e-funzionale-alle-guerre-non-e-ammissibile-che-sul-nostro-territorio-atterrino-aerei-israeliani-impegnati-in-aree-di-crisi-dove-si-e-perso-anche-il-senso-dellumanit\/eolie-news\/","title":{"rendered":"\u201cLa Sicilia non \u00e8 funzionale alle guerre: Non \u00e8 ammissibile che sul nostro territorio atterrino aerei israeliani, impegnati in aree di crisi, dove si \u00e8 perso anche il senso dell\u2019umanit\u00e0, come a Gaza\u2026 il presidente della Regione Renato Schifani informi il parlamento Siciliano su ci\u00f2 che sta succedendo nella base di Sigonella, dove sono stati segnalati aerei militari di Tel Aviv senza alcuna spiegazione formale\u201d"},"content":{"rendered":"<p><strong>\u201cLa Sicilia non \u00e8 funzionale alle guerre: Non \u00e8 ammissibile che sul nostro territorio atterrino aerei israeliani, impegnati in aree di crisi, dove si \u00e8 perso anche il senso dell\u2019umanit\u00e0, come a Gaza\u2026 il presidente della Regione Renato Schifani informi il parlamento Siciliano su ci\u00f2 che sta succedendo nella base di Sigonella, dove sono stati segnalati aerei militari di Tel Aviv senza alcuna spiegazione formale\u201d<\/strong>. Lo afferma in una nota odierna, Roberta Schillaci, vice capogruppo del Movimento Cinquestelle all\u2019Assemblea regionale siciliana.<\/p>\n<p><strong>La Schillaci conclude<\/strong>: \u201cL\u2019opinione pubblica siciliana \u00e8 molto sensibile al dramma che stanno vivendo i palestinesi \u00e8 proprio qui sta crescendo un movimento spontaneo di sostegno alla popolazione Gaza City soggiogata dal governo di Netanyahu. Non c\u2019\u00e8 un minuto di tempo da perdere per chiarire ogni particolare su questa vicenda, ben sapendo che in Sicilia deve sventolare la bandiera della pace e non quella della complicit\u00e0 con chi si sta macchiando di un grave delitto e di una tragedia umanitaria di proporzioni enormi\u201d.<\/p>\n<p>L&#8217;articolo <a href=\"https:\/\/www.messinamagazine.it\/primo-piano\/la-sicilia-non-e-funzionale-alle-guerre-non-e-ammissibile-che-sul-nostro-territorio-atterrino-aerei-israeliani-impegnati-in-aree-di-crisi-dove-si-e-perso-anche-il-senso-dellumanita-come-a-gaza\/\">\u201cLa Sicilia non \u00e8 funzionale alle guerre: Non \u00e8 ammissibile che sul nostro territorio atterrino aerei israeliani, impegnati in aree di crisi, dove si \u00e8 perso anche il senso dell\u2019umanit\u00e0, come a Gaza\u2026 il presidente della Regione Renato Schifani informi il parlamento Siciliano su ci\u00f2 che sta succedendo nella base di Sigonella, dove sono stati segnalati aerei militari di Tel Aviv senza alcuna spiegazione formale\u201d<\/a> proviene da <a href=\"https:\/\/www.messinamagazine.it\/\">Messina Magazine<\/a>.<\/p>\n","protected":false},"excerpt":{"rendered":"<p>\u201cLa Sicilia non \u00e8 funzionale alle guerre: Non \u00e8 ammissibile che sul nostro territorio atterrino aerei israeliani, impegnati in aree di crisi, dove si \u00e8 perso anche il senso dell\u2019umanit\u00e0, come a Gaza\u2026 il presidente della Regione Renato Schifani informi il parlamento Siciliano su ci\u00f2 che sta succedendo nella base di Sigonella, dove sono stati [&hellip;]<\/p>\n","protected":false},"author":1,"featured_media":0,"comment_status":"closed","ping_status":"","sticky":false,"template":"","format":"standard","meta":{"footnotes":""},"categories":[22],"tags":[],"class_list":["post-2420","post","type-post","status-publish","format-standard","hentry","category-eolie-news"],"yoast_head":"<!-- This site is optimized with the Yoast SEO plugin v27.5 - https:\/\/yoast.com\/product\/yoast-seo-wordpress\/ -->\r\n<title>\u201cLa Sicilia non \u00e8 funzionale alle guerre: Non \u00e8 ammissibile che sul nostro territorio atterrino aerei israeliani, impegnati in aree di crisi, dove si \u00e8 perso anche il senso dell\u2019umanit\u00e0, come a Gaza\u2026 il presidente della Regione Renato Schifani informi il parlamento Siciliano su ci\u00f2 che sta succedendo nella base di Sigonella, dove sono stati segnalati aerei militari di Tel Aviv senza alcuna spiegazione formale\u201d - ISOLE EOLIE Turismo e Vacanze Hotel B&amp;B Residence Case Vacanza<\/title>\r\n<meta name=\"robots\" content=\"index, follow, max-snippet:-1, max-image-preview:large, max-video-preview:-1\" \/>\r\n<link rel=\"canonical\" href=\"https:\/\/www.isoleolie.it\/eolie\/la-sicilia-non-e-funzionale-alle-guerre-non-e-ammissibile-che-sul-nostro-territorio-atterrino-aerei-israeliani-impegnati-in-aree-di-crisi-dove-si-e-perso-anche-il-senso-dellumanit\/eolie-news\/\" \/>\r\n<meta property=\"og:locale\" content=\"it_IT\" \/>\r\n<meta property=\"og:type\" content=\"article\" \/>\r\n<meta property=\"og:title\" content=\"\u201cLa Sicilia non \u00e8 funzionale alle guerre: Non \u00e8 ammissibile che sul nostro territorio atterrino aerei israeliani, impegnati in aree di crisi, dove si \u00e8 perso anche il senso dell\u2019umanit\u00e0, come a Gaza\u2026 il presidente della Regione Renato Schifani informi il parlamento Siciliano su ci\u00f2 che sta succedendo nella base di Sigonella, dove sono stati segnalati aerei militari di Tel Aviv senza alcuna spiegazione formale\u201d - ISOLE EOLIE Turismo e Vacanze Hotel B&amp;B Residence Case Vacanza\" \/>\r\n<meta property=\"og:description\" content=\"\u201cLa Sicilia non \u00e8 funzionale alle guerre: Non \u00e8 ammissibile che sul nostro territorio atterrino aerei israeliani, impegnati in aree di crisi, dove si \u00e8 perso anche il senso dell\u2019umanit\u00e0, come a Gaza\u2026 il presidente della Regione Renato Schifani informi il parlamento Siciliano su ci\u00f2 che sta succedendo nella base di Sigonella, dove sono stati [&hellip;]\" \/>\r\n<meta property=\"og:url\" content=\"https:\/\/www.isoleolie.it\/eolie\/la-sicilia-non-e-funzionale-alle-guerre-non-e-ammissibile-che-sul-nostro-territorio-atterrino-aerei-israeliani-impegnati-in-aree-di-crisi-dove-si-e-perso-anche-il-senso-dellumanit\/eolie-news\/\" \/>\r\n<meta property=\"og:site_name\" content=\"ISOLE EOLIE Turismo e Vacanze Hotel B&amp;B Residence Case Vacanza\" \/>\r\n<meta property=\"article:published_time\" content=\"2025-09-06T21:58:10+00:00\" \/>\r\n<meta property=\"article:modified_time\" content=\"2025-09-09T07:24:29+00:00\" \/>\r\n<meta name=\"author\" content=\"Tourism Manager\" \/>\r\n<meta name=\"twitter:card\" content=\"summary_large_image\" \/>\r\n<meta name=\"twitter:label1\" content=\"Scritto da\" \/>\n\t<meta name=\"twitter:data1\" content=\"Tourism Manager\" \/>\n\t<meta name=\"twitter:label2\" content=\"Tempo di lettura stimato\" \/>\n\t<meta name=\"twitter:data2\" content=\"1 minuto\" \/>\r\n<script type=\"application\/ld+json\" class=\"yoast-schema-graph\">{\"@context\":\"https:\\\/\\\/schema.org\",\"@graph\":[{\"@type\":\"Article\",\"@id\":\"https:\\\/\\\/www.isoleolie.it\\\/eolie\\\/la-sicilia-non-e-funzionale-alle-guerre-non-e-ammissibile-che-sul-nostro-territorio-atterrino-aerei-israeliani-impegnati-in-aree-di-crisi-dove-si-e-perso-anche-il-senso-dellumanit\\\/eolie-news\\\/#article\",\"isPartOf\":{\"@id\":\"https:\\\/\\\/www.isoleolie.it\\\/eolie\\\/la-sicilia-non-e-funzionale-alle-guerre-non-e-ammissibile-che-sul-nostro-territorio-atterrino-aerei-israeliani-impegnati-in-aree-di-crisi-dove-si-e-perso-anche-il-senso-dellumanit\\\/eolie-news\\\/\"},\"author\":{\"name\":\"Tourism Manager\",\"@id\":\"https:\\\/\\\/www.isoleolie.it\\\/eolie\\\/#\\\/schema\\\/person\\\/4c400db26884d9f212712636db6c1746\"},\"headline\":\"\u201cLa Sicilia non \u00e8 funzionale alle guerre: Non \u00e8 ammissibile che sul nostro territorio atterrino aerei israeliani, impegnati in aree di crisi, dove si \u00e8 perso anche il senso dell\u2019umanit\u00e0, come a Gaza\u2026 il presidente della Regione Renato Schifani informi il parlamento Siciliano su ci\u00f2 che sta succedendo nella base di Sigonella, dove sono stati segnalati aerei militari di Tel Aviv senza alcuna spiegazione formale\u201d\",\"datePublished\":\"2025-09-06T21:58:10+00:00\",\"dateModified\":\"2025-09-09T07:24:29+00:00\",\"mainEntityOfPage\":{\"@id\":\"https:\\\/\\\/www.isoleolie.it\\\/eolie\\\/la-sicilia-non-e-funzionale-alle-guerre-non-e-ammissibile-che-sul-nostro-territorio-atterrino-aerei-israeliani-impegnati-in-aree-di-crisi-dove-si-e-perso-anche-il-senso-dellumanit\\\/eolie-news\\\/\"},\"wordCount\":294,\"publisher\":{\"@id\":\"https:\\\/\\\/www.isoleolie.it\\\/eolie\\\/#organization\"},\"articleSection\":[\"NEWS\"],\"inLanguage\":\"it-IT\"},{\"@type\":\"WebPage\",\"@id\":\"https:\\\/\\\/www.isoleolie.it\\\/eolie\\\/la-sicilia-non-e-funzionale-alle-guerre-non-e-ammissibile-che-sul-nostro-territorio-atterrino-aerei-israeliani-impegnati-in-aree-di-crisi-dove-si-e-perso-anche-il-senso-dellumanit\\\/eolie-news\\\/\",\"url\":\"https:\\\/\\\/www.isoleolie.it\\\/eolie\\\/la-sicilia-non-e-funzionale-alle-guerre-non-e-ammissibile-che-sul-nostro-territorio-atterrino-aerei-israeliani-impegnati-in-aree-di-crisi-dove-si-e-perso-anche-il-senso-dellumanit\\\/eolie-news\\\/\",\"name\":\"\u201cLa Sicilia non \u00e8 funzionale alle guerre: Non \u00e8 ammissibile che sul nostro territorio atterrino aerei israeliani, impegnati in aree di crisi, dove si \u00e8 perso anche il senso dell\u2019umanit\u00e0, come a Gaza\u2026 il presidente della Regione Renato Schifani informi il parlamento Siciliano su ci\u00f2 che sta succedendo nella base di Sigonella, dove sono stati segnalati aerei militari di Tel Aviv senza alcuna spiegazione formale\u201d - ISOLE EOLIE Turismo e Vacanze Hotel B&amp;B Residence Case Vacanza\",\"isPartOf\":{\"@id\":\"https:\\\/\\\/www.isoleolie.it\\\/eolie\\\/#website\"},\"datePublished\":\"2025-09-06T21:58:10+00:00\",\"dateModified\":\"2025-09-09T07:24:29+00:00\",\"breadcrumb\":{\"@id\":\"https:\\\/\\\/www.isoleolie.it\\\/eolie\\\/la-sicilia-non-e-funzionale-alle-guerre-non-e-ammissibile-che-sul-nostro-territorio-atterrino-aerei-israeliani-impegnati-in-aree-di-crisi-dove-si-e-perso-anche-il-senso-dellumanit\\\/eolie-news\\\/#breadcrumb\"},\"inLanguage\":\"it-IT\",\"potentialAction\":[{\"@type\":\"ReadAction\",\"target\":[\"https:\\\/\\\/www.isoleolie.it\\\/eolie\\\/la-sicilia-non-e-funzionale-alle-guerre-non-e-ammissibile-che-sul-nostro-territorio-atterrino-aerei-israeliani-impegnati-in-aree-di-crisi-dove-si-e-perso-anche-il-senso-dellumanit\\\/eolie-news\\\/\"]}]},{\"@type\":\"BreadcrumbList\",\"@id\":\"https:\\\/\\\/www.isoleolie.it\\\/eolie\\\/la-sicilia-non-e-funzionale-alle-guerre-non-e-ammissibile-che-sul-nostro-territorio-atterrino-aerei-israeliani-impegnati-in-aree-di-crisi-dove-si-e-perso-anche-il-senso-dellumanit\\\/eolie-news\\\/#breadcrumb\",\"itemListElement\":[{\"@type\":\"ListItem\",\"position\":1,\"name\":\"Home\",\"item\":\"https:\\\/\\\/www.isoleolie.it\\\/eolie\\\/\"},{\"@type\":\"ListItem\",\"position\":2,\"name\":\"\u201cLa Sicilia non \u00e8 funzionale alle guerre: Non \u00e8 ammissibile che sul nostro territorio atterrino aerei israeliani, impegnati in aree di crisi, dove si \u00e8 perso anche il senso dell\u2019umanit\u00e0, come a Gaza\u2026 il presidente della Regione Renato Schifani informi il parlamento Siciliano su ci\u00f2 che sta succedendo nella base di Sigonella, dove sono stati segnalati aerei militari di Tel Aviv senza alcuna spiegazione formale\u201d\"}]},{\"@type\":\"WebSite\",\"@id\":\"https:\\\/\\\/www.isoleolie.it\\\/eolie\\\/#website\",\"url\":\"https:\\\/\\\/www.isoleolie.it\\\/eolie\\\/\",\"name\":\"ISOLE EOLIE Turismo e Vacanze alle Isole Eolie Hotel B&B Residence Case Vacanza\",\"description\":\"The first and official tourism site for the Aeolian Islands\",\"publisher\":{\"@id\":\"https:\\\/\\\/www.isoleolie.it\\\/eolie\\\/#organization\"},\"potentialAction\":[{\"@type\":\"SearchAction\",\"target\":{\"@type\":\"EntryPoint\",\"urlTemplate\":\"https:\\\/\\\/www.isoleolie.it\\\/eolie\\\/?s={search_term_string}\"},\"query-input\":{\"@type\":\"PropertyValueSpecification\",\"valueRequired\":true,\"valueName\":\"search_term_string\"}}],\"inLanguage\":\"it-IT\"},{\"@type\":\"Organization\",\"@id\":\"https:\\\/\\\/www.isoleolie.it\\\/eolie\\\/#organization\",\"name\":\"ISOLE EOLIE\",\"url\":\"https:\\\/\\\/www.isoleolie.it\\\/eolie\\\/\",\"logo\":{\"@type\":\"ImageObject\",\"inLanguage\":\"it-IT\",\"@id\":\"https:\\\/\\\/www.isoleolie.it\\\/eolie\\\/#\\\/schema\\\/logo\\\/image\\\/\",\"url\":\"https:\\\/\\\/www.isoleolie.it\\\/eolie\\\/wp-content\\\/uploads\\\/2024\\\/11\\\/oMv8p0-4_400x400.jpg\",\"contentUrl\":\"https:\\\/\\\/www.isoleolie.it\\\/eolie\\\/wp-content\\\/uploads\\\/2024\\\/11\\\/oMv8p0-4_400x400.jpg\",\"width\":400,\"height\":400,\"caption\":\"ISOLE EOLIE\"},\"image\":{\"@id\":\"https:\\\/\\\/www.isoleolie.it\\\/eolie\\\/#\\\/schema\\\/logo\\\/image\\\/\"}},{\"@type\":\"Person\",\"@id\":\"https:\\\/\\\/www.isoleolie.it\\\/eolie\\\/#\\\/schema\\\/person\\\/4c400db26884d9f212712636db6c1746\",\"name\":\"Tourism Manager\",\"image\":{\"@type\":\"ImageObject\",\"inLanguage\":\"it-IT\",\"@id\":\"https:\\\/\\\/secure.gravatar.com\\\/avatar\\\/3446a46a5f1bdb4055f313474780b529660445bd2d0364f2472d83fd63ed9bbc?s=96&d=mm&r=g\",\"url\":\"https:\\\/\\\/secure.gravatar.com\\\/avatar\\\/3446a46a5f1bdb4055f313474780b529660445bd2d0364f2472d83fd63ed9bbc?s=96&d=mm&r=g\",\"contentUrl\":\"https:\\\/\\\/secure.gravatar.com\\\/avatar\\\/3446a46a5f1bdb4055f313474780b529660445bd2d0364f2472d83fd63ed9bbc?s=96&d=mm&r=g\",\"caption\":\"Tourism Manager\"},\"description\":\"Che cos'\u00e8 un manager del turismo? Tecnicamente, un manager del turismo \u00e8 un nome dato a qualsiasi professionista della gestione che lavora in un'azienda collegata all'industria del turismo. Ci\u00f2 include i direttori generali, che si assumono la responsabilit\u00e0 generale di garantire che le operazioni quotidiane si svolgano senza intoppi, ma includono anche i singoli responsabili di reparto all'interno delle aziende. Il ruolo di manager del turismo implica la supervisione delle operazioni all'interno di un'impresa o organizzazione turistica. \u00c8 una posizione di alto livello, che richiede una comprensione approfondita dei concetti di gestione e dell'industria nel suo insieme.\",\"sameAs\":[\"https:\\\/\\\/www.isoleolie.it\\\/\"],\"url\":\"https:\\\/\\\/www.isoleolie.it\\\/eolie\\\/author\\\/isoleolie_2\\\/\"}]}<\/script>\r\n<!-- \/ Yoast SEO plugin. -->","yoast_head_json":{"title":"\u201cLa Sicilia non \u00e8 funzionale alle guerre: Non \u00e8 ammissibile che sul nostro territorio atterrino aerei israeliani, impegnati in aree di crisi, dove si \u00e8 perso anche il senso dell\u2019umanit\u00e0, come a Gaza\u2026 il presidente della Regione Renato Schifani informi il parlamento Siciliano su ci\u00f2 che sta succedendo nella base di Sigonella, dove sono stati segnalati aerei militari di Tel Aviv senza alcuna spiegazione formale\u201d - ISOLE EOLIE Turismo e Vacanze Hotel B&amp;B Residence Case Vacanza","robots":{"index":"index","follow":"follow","max-snippet":"max-snippet:-1","max-image-preview":"max-image-preview:large","max-video-preview":"max-video-preview:-1"},"canonical":"https:\/\/www.isoleolie.it\/eolie\/la-sicilia-non-e-funzionale-alle-guerre-non-e-ammissibile-che-sul-nostro-territorio-atterrino-aerei-israeliani-impegnati-in-aree-di-crisi-dove-si-e-perso-anche-il-senso-dellumanit\/eolie-news\/","og_locale":"it_IT","og_type":"article","og_title":"\u201cLa Sicilia non \u00e8 funzionale alle guerre: Non \u00e8 ammissibile che sul nostro territorio atterrino aerei israeliani, impegnati in aree di crisi, dove si \u00e8 perso anche il senso dell\u2019umanit\u00e0, come a Gaza\u2026 il presidente della Regione Renato Schifani informi il parlamento Siciliano su ci\u00f2 che sta succedendo nella base di Sigonella, dove sono stati segnalati aerei militari di Tel Aviv senza alcuna spiegazione formale\u201d - ISOLE EOLIE Turismo e Vacanze Hotel B&amp;B Residence Case Vacanza","og_description":"\u201cLa Sicilia non \u00e8 funzionale alle guerre: Non \u00e8 ammissibile che sul nostro territorio atterrino aerei israeliani, impegnati in aree di crisi, dove si \u00e8 perso anche il senso dell\u2019umanit\u00e0, come a Gaza\u2026 il presidente della Regione Renato Schifani informi il parlamento Siciliano su ci\u00f2 che sta succedendo nella base di Sigonella, dove sono stati [&hellip;]","og_url":"https:\/\/www.isoleolie.it\/eolie\/la-sicilia-non-e-funzionale-alle-guerre-non-e-ammissibile-che-sul-nostro-territorio-atterrino-aerei-israeliani-impegnati-in-aree-di-crisi-dove-si-e-perso-anche-il-senso-dellumanit\/eolie-news\/","og_site_name":"ISOLE EOLIE Turismo e Vacanze Hotel B&amp;B Residence Case Vacanza","article_published_time":"2025-09-06T21:58:10+00:00","article_modified_time":"2025-09-09T07:24:29+00:00","author":"Tourism Manager","twitter_card":"summary_large_image","twitter_misc":{"Scritto da":"Tourism Manager","Tempo di lettura stimato":"1 minuto"},"schema":{"@context":"https:\/\/schema.org","@graph":[{"@type":"Article","@id":"https:\/\/www.isoleolie.it\/eolie\/la-sicilia-non-e-funzionale-alle-guerre-non-e-ammissibile-che-sul-nostro-territorio-atterrino-aerei-israeliani-impegnati-in-aree-di-crisi-dove-si-e-perso-anche-il-senso-dellumanit\/eolie-news\/#article","isPartOf":{"@id":"https:\/\/www.isoleolie.it\/eolie\/la-sicilia-non-e-funzionale-alle-guerre-non-e-ammissibile-che-sul-nostro-territorio-atterrino-aerei-israeliani-impegnati-in-aree-di-crisi-dove-si-e-perso-anche-il-senso-dellumanit\/eolie-news\/"},"author":{"name":"Tourism Manager","@id":"https:\/\/www.isoleolie.it\/eolie\/#\/schema\/person\/4c400db26884d9f212712636db6c1746"},"headline":"\u201cLa Sicilia non \u00e8 funzionale alle guerre: Non \u00e8 ammissibile che sul nostro territorio atterrino aerei israeliani, impegnati in aree di crisi, dove si \u00e8 perso anche il senso dell\u2019umanit\u00e0, come a Gaza\u2026 il presidente della Regione Renato Schifani informi il parlamento Siciliano su ci\u00f2 che sta succedendo nella base di Sigonella, dove sono stati segnalati aerei militari di Tel Aviv senza alcuna spiegazione formale\u201d","datePublished":"2025-09-06T21:58:10+00:00","dateModified":"2025-09-09T07:24:29+00:00","mainEntityOfPage":{"@id":"https:\/\/www.isoleolie.it\/eolie\/la-sicilia-non-e-funzionale-alle-guerre-non-e-ammissibile-che-sul-nostro-territorio-atterrino-aerei-israeliani-impegnati-in-aree-di-crisi-dove-si-e-perso-anche-il-senso-dellumanit\/eolie-news\/"},"wordCount":294,"publisher":{"@id":"https:\/\/www.isoleolie.it\/eolie\/#organization"},"articleSection":["NEWS"],"inLanguage":"it-IT"},{"@type":"WebPage","@id":"https:\/\/www.isoleolie.it\/eolie\/la-sicilia-non-e-funzionale-alle-guerre-non-e-ammissibile-che-sul-nostro-territorio-atterrino-aerei-israeliani-impegnati-in-aree-di-crisi-dove-si-e-perso-anche-il-senso-dellumanit\/eolie-news\/","url":"https:\/\/www.isoleolie.it\/eolie\/la-sicilia-non-e-funzionale-alle-guerre-non-e-ammissibile-che-sul-nostro-territorio-atterrino-aerei-israeliani-impegnati-in-aree-di-crisi-dove-si-e-perso-anche-il-senso-dellumanit\/eolie-news\/","name":"\u201cLa Sicilia non \u00e8 funzionale alle guerre: Non \u00e8 ammissibile che sul nostro territorio atterrino aerei israeliani, impegnati in aree di crisi, dove si \u00e8 perso anche il senso dell\u2019umanit\u00e0, come a Gaza\u2026 il presidente della Regione Renato Schifani informi il parlamento Siciliano su ci\u00f2 che sta succedendo nella base di Sigonella, dove sono stati segnalati aerei militari di Tel Aviv senza alcuna spiegazione formale\u201d - ISOLE EOLIE Turismo e Vacanze Hotel B&amp;B Residence Case Vacanza","isPartOf":{"@id":"https:\/\/www.isoleolie.it\/eolie\/#website"},"datePublished":"2025-09-06T21:58:10+00:00","dateModified":"2025-09-09T07:24:29+00:00","breadcrumb":{"@id":"https:\/\/www.isoleolie.it\/eolie\/la-sicilia-non-e-funzionale-alle-guerre-non-e-ammissibile-che-sul-nostro-territorio-atterrino-aerei-israeliani-impegnati-in-aree-di-crisi-dove-si-e-perso-anche-il-senso-dellumanit\/eolie-news\/#breadcrumb"},"inLanguage":"it-IT","potentialAction":[{"@type":"ReadAction","target":["https:\/\/www.isoleolie.it\/eolie\/la-sicilia-non-e-funzionale-alle-guerre-non-e-ammissibile-che-sul-nostro-territorio-atterrino-aerei-israeliani-impegnati-in-aree-di-crisi-dove-si-e-perso-anche-il-senso-dellumanit\/eolie-news\/"]}]},{"@type":"BreadcrumbList","@id":"https:\/\/www.isoleolie.it\/eolie\/la-sicilia-non-e-funzionale-alle-guerre-non-e-ammissibile-che-sul-nostro-territorio-atterrino-aerei-israeliani-impegnati-in-aree-di-crisi-dove-si-e-perso-anche-il-senso-dellumanit\/eolie-news\/#breadcrumb","itemListElement":[{"@type":"ListItem","position":1,"name":"Home","item":"https:\/\/www.isoleolie.it\/eolie\/"},{"@type":"ListItem","position":2,"name":"\u201cLa Sicilia non \u00e8 funzionale alle guerre: Non \u00e8 ammissibile che sul nostro territorio atterrino aerei israeliani, impegnati in aree di crisi, dove si \u00e8 perso anche il senso dell\u2019umanit\u00e0, come a Gaza\u2026 il presidente della Regione Renato Schifani informi il parlamento Siciliano su ci\u00f2 che sta succedendo nella base di Sigonella, dove sono stati segnalati aerei militari di Tel Aviv senza alcuna spiegazione formale\u201d"}]},{"@type":"WebSite","@id":"https:\/\/www.isoleolie.it\/eolie\/#website","url":"https:\/\/www.isoleolie.it\/eolie\/","name":"ISOLE EOLIE Turismo e Vacanze alle Isole Eolie Hotel B&B Residence Case Vacanza","description":"The first and official tourism site for the Aeolian Islands","publisher":{"@id":"https:\/\/www.isoleolie.it\/eolie\/#organization"},"potentialAction":[{"@type":"SearchAction","target":{"@type":"EntryPoint","urlTemplate":"https:\/\/www.isoleolie.it\/eolie\/?s={search_term_string}"},"query-input":{"@type":"PropertyValueSpecification","valueRequired":true,"valueName":"search_term_string"}}],"inLanguage":"it-IT"},{"@type":"Organization","@id":"https:\/\/www.isoleolie.it\/eolie\/#organization","name":"ISOLE EOLIE","url":"https:\/\/www.isoleolie.it\/eolie\/","logo":{"@type":"ImageObject","inLanguage":"it-IT","@id":"https:\/\/www.isoleolie.it\/eolie\/#\/schema\/logo\/image\/","url":"https:\/\/www.isoleolie.it\/eolie\/wp-content\/uploads\/2024\/11\/oMv8p0-4_400x400.jpg","contentUrl":"https:\/\/www.isoleolie.it\/eolie\/wp-content\/uploads\/2024\/11\/oMv8p0-4_400x400.jpg","width":400,"height":400,"caption":"ISOLE EOLIE"},"image":{"@id":"https:\/\/www.isoleolie.it\/eolie\/#\/schema\/logo\/image\/"}},{"@type":"Person","@id":"https:\/\/www.isoleolie.it\/eolie\/#\/schema\/person\/4c400db26884d9f212712636db6c1746","name":"Tourism Manager","image":{"@type":"ImageObject","inLanguage":"it-IT","@id":"https:\/\/secure.gravatar.com\/avatar\/3446a46a5f1bdb4055f313474780b529660445bd2d0364f2472d83fd63ed9bbc?s=96&d=mm&r=g","url":"https:\/\/secure.gravatar.com\/avatar\/3446a46a5f1bdb4055f313474780b529660445bd2d0364f2472d83fd63ed9bbc?s=96&d=mm&r=g","contentUrl":"https:\/\/secure.gravatar.com\/avatar\/3446a46a5f1bdb4055f313474780b529660445bd2d0364f2472d83fd63ed9bbc?s=96&d=mm&r=g","caption":"Tourism Manager"},"description":"Che cos'\u00e8 un manager del turismo? Tecnicamente, un manager del turismo \u00e8 un nome dato a qualsiasi professionista della gestione che lavora in un'azienda collegata all'industria del turismo. Ci\u00f2 include i direttori generali, che si assumono la responsabilit\u00e0 generale di garantire che le operazioni quotidiane si svolgano senza intoppi, ma includono anche i singoli responsabili di reparto all'interno delle aziende. Il ruolo di manager del turismo implica la supervisione delle operazioni all'interno di un'impresa o organizzazione turistica. \u00c8 una posizione di alto livello, che richiede una comprensione approfondita dei concetti di gestione e dell'industria nel suo insieme.","sameAs":["https:\/\/www.isoleolie.it\/"],"url":"https:\/\/www.isoleolie.it\/eolie\/author\/isoleolie_2\/"}]}},"_links":{"self":[{"href":"https:\/\/www.isoleolie.it\/eolie\/wp-json\/wp\/v2\/posts\/2420","targetHints":{"allow":["GET"]}}],"collection":[{"href":"https:\/\/www.isoleolie.it\/eolie\/wp-json\/wp\/v2\/posts"}],"about":[{"href":"https:\/\/www.isoleolie.it\/eolie\/wp-json\/wp\/v2\/types\/post"}],"author":[{"embeddable":true,"href":"https:\/\/www.isoleolie.it\/eolie\/wp-json\/wp\/v2\/users\/1"}],"replies":[{"embeddable":true,"href":"https:\/\/www.isoleolie.it\/eolie\/wp-json\/wp\/v2\/comments?post=2420"}],"version-history":[{"count":1,"href":"https:\/\/www.isoleolie.it\/eolie\/wp-json\/wp\/v2\/posts\/2420\/revisions"}],"predecessor-version":[{"id":2520,"href":"https:\/\/www.isoleolie.it\/eolie\/wp-json\/wp\/v2\/posts\/2420\/revisions\/2520"}],"wp:attachment":[{"href":"https:\/\/www.isoleolie.it\/eolie\/wp-json\/wp\/v2\/media?parent=2420"}],"wp:term":[{"taxonomy":"category","embeddable":true,"href":"https:\/\/www.isoleolie.it\/eolie\/wp-json\/wp\/v2\/categories?post=2420"},{"taxonomy":"post_tag","embeddable":true,"href":"https:\/\/www.isoleolie.it\/eolie\/wp-json\/wp\/v2\/tags?post=2420"}],"curies":[{"name":"wp","href":"https:\/\/api.w.org\/{rel}","templated":true}]}}