{"id":2417,"date":"2025-09-07T10:47:40","date_gmt":"2025-09-07T08:47:40","guid":{"rendered":"https:\/\/www.isoleolie.it\/eolie\/giorno-21-settembre-a-piazza-duomo-si-terra-il-concerto-dei-the-kolors-la-cosa-mi-lascia-indifferente-se-non-per-il-fatto-che-mi-e-stato-detto-che-subito-dopo-toglieranno-quell\/isole-eolie\/"},"modified":"2025-09-09T09:20:47","modified_gmt":"2025-09-09T07:20:47","slug":"giorno-21-settembre-a-piazza-duomo-si-terra-il-concerto-dei-the-kolors-la-cosa-mi-lascia-indifferente-se-non-per-il-fatto-che-mi-e-stato-detto-che-subito-dopo-toglieranno-quell","status":"publish","type":"post","link":"https:\/\/www.isoleolie.it\/eolie\/giorno-21-settembre-a-piazza-duomo-si-terra-il-concerto-dei-the-kolors-la-cosa-mi-lascia-indifferente-se-non-per-il-fatto-che-mi-e-stato-detto-che-subito-dopo-toglieranno-quell\/eolie-news\/","title":{"rendered":"\u201cGiorno 21 settembre a Piazza Duomo si terr\u00e0 il concerto dei The Kolors\u2026 la cosa mi lascia indifferente, se non  per il fatto che mi \u00e8  stato detto che subito dopo toglieranno quell\u2019orribile recinzione \u2018antivandali\u2019: Ma quali vandali? Il vero vandalismo \u00e8 mantenere la fontana e con essa Piazza Duomo in stato di abbandono\u201d"},"content":{"rendered":"<p><strong>\u201cGiorno 21 settembre a Piazza Duomo si terr\u00e0 il concerto dei The Kolors\u2026 la cosa mi lascia indifferente, se non per il fatto che mi \u00e8 stato detto che subito dopo toglieranno quell\u2019orribile recinzione \u2018antivandali\u2019: Ma quali vandali? Il vero vandalismo \u00e8 mantenere la fontana e con essa Piazza Duomo in stato di abbandono\u201d<\/strong>. Lo ha scritto in un Post odierno pubblicato sul suo omonimo Profilo Facebook, l\u2019architetto #Maurizio #Rella, ex consigliere comunale di \u2018#Cambiamo #Messina dal #Basso\u2019 rivolgendosi a\u2026 \u2018#Federico #Basile #sindaco di #Messina\u2019, \u2018#Orazio Micali\u2019, \u2018#Massimo #Finocchiaro\u2019 \u2018#Enzo #Caruso\u2019 \u2018#Salvatore #Mondello\u2019, \u2018#soprintendenzabeniculturali\u2019.<\/p>\n<p><strong>Rella ha aggiunto<\/strong>: \u201cFate in modo che non si verifichino pi\u00f9 gli scempi riportati nella foto. Spostate il palco, a partire da questo evento, da un\u2019altra parte, avete tutto il tempo. Non bombardate acusticamente ancora per l\u2019ennesima volta la Fontana di Orione, con i suoi delicati equilibri. L\u2019atto di vandalismo pi\u00f9 grave \u00e8 quello che compiete voi deliberatamente ad ogni occasione e evento del genere\u201d.<\/p>\n<p><strong>Rella ha concluso<\/strong>: \u201cTogliete quella orribile recinzione che avete dimenticato da tre anni, non avanzate giustificazioni assurde e discutibili. Prima dei proclami assurdi per #Messina citt\u00e0 del divertimento, fate che #Messina sia citt\u00e0 della Cultura, dell\u2019arte della bellezza, del rispetto. Il 22 settembre insieme al palco rimuovete quella recinzione intorno alla fontana, vigiler\u00f2 personalmente\u201d.<\/p>\n<p>L&#8217;articolo <a href=\"https:\/\/www.messinamagazine.it\/primo-piano\/giorno-21-settembre-a-piazza-duomo-si-terra-il-concerto-dei-the-kolors-la-cosa-mi-lascia-indifferente-se-non-per-il-fatto-che-mi-e-stato-detto-che-subito-dopo-toglieranno-quellorribile-recin\/\">\u201cGiorno 21 settembre a Piazza Duomo si terr\u00e0 il concerto dei The Kolors\u2026 la cosa mi lascia indifferente, se non  per il fatto che mi \u00e8  stato detto che subito dopo toglieranno quell\u2019orribile recinzione \u2018antivandali\u2019: Ma quali vandali? Il vero vandalismo \u00e8 mantenere la fontana e con essa Piazza Duomo in stato di abbandono\u201d<\/a> proviene da <a href=\"https:\/\/www.messinamagazine.it\/\">Messina Magazine<\/a>.<\/p>\n","protected":false},"excerpt":{"rendered":"<p>\u201cGiorno 21 settembre a Piazza Duomo si terr\u00e0 il concerto dei The Kolors\u2026 la cosa mi lascia indifferente, se non per il fatto che mi \u00e8 stato detto che subito dopo toglieranno quell\u2019orribile recinzione \u2018antivandali\u2019: Ma quali vandali? Il vero vandalismo \u00e8 mantenere la fontana e con essa Piazza Duomo in stato di abbandono\u201d. Lo [&hellip;]<\/p>\n","protected":false},"author":1,"featured_media":0,"comment_status":"closed","ping_status":"","sticky":false,"template":"","format":"standard","meta":{"footnotes":""},"categories":[22],"tags":[],"class_list":["post-2417","post","type-post","status-publish","format-standard","hentry","category-eolie-news"],"yoast_head":"<!-- This site is optimized with the Yoast SEO plugin v27.5 - https:\/\/yoast.com\/product\/yoast-seo-wordpress\/ -->\r\n<title>\u201cGiorno 21 settembre a Piazza Duomo si terr\u00e0 il concerto dei The Kolors\u2026 la cosa mi lascia indifferente, se non per il fatto che mi \u00e8 stato detto che subito dopo toglieranno quell\u2019orribile recinzione \u2018antivandali\u2019: Ma quali vandali? Il vero vandalismo \u00e8 mantenere la fontana e con essa Piazza Duomo in stato di abbandono\u201d - ISOLE EOLIE Turismo e Vacanze Hotel B&amp;B Residence Case Vacanza<\/title>\r\n<meta name=\"robots\" content=\"index, follow, max-snippet:-1, max-image-preview:large, max-video-preview:-1\" \/>\r\n<link rel=\"canonical\" href=\"https:\/\/www.isoleolie.it\/eolie\/giorno-21-settembre-a-piazza-duomo-si-terra-il-concerto-dei-the-kolors-la-cosa-mi-lascia-indifferente-se-non-per-il-fatto-che-mi-e-stato-detto-che-subito-dopo-toglieranno-quell\/eolie-news\/\" \/>\r\n<meta property=\"og:locale\" content=\"it_IT\" \/>\r\n<meta property=\"og:type\" content=\"article\" \/>\r\n<meta property=\"og:title\" content=\"\u201cGiorno 21 settembre a Piazza Duomo si terr\u00e0 il concerto dei The Kolors\u2026 la cosa mi lascia indifferente, se non per il fatto che mi \u00e8 stato detto che subito dopo toglieranno quell\u2019orribile recinzione \u2018antivandali\u2019: Ma quali vandali? Il vero vandalismo \u00e8 mantenere la fontana e con essa Piazza Duomo in stato di abbandono\u201d - ISOLE EOLIE Turismo e Vacanze Hotel B&amp;B Residence Case Vacanza\" \/>\r\n<meta property=\"og:description\" content=\"\u201cGiorno 21 settembre a Piazza Duomo si terr\u00e0 il concerto dei The Kolors\u2026 la cosa mi lascia indifferente, se non per il fatto che mi \u00e8 stato detto che subito dopo toglieranno quell\u2019orribile recinzione \u2018antivandali\u2019: Ma quali vandali? Il vero vandalismo \u00e8 mantenere la fontana e con essa Piazza Duomo in stato di abbandono\u201d. Lo [&hellip;]\" \/>\r\n<meta property=\"og:url\" content=\"https:\/\/www.isoleolie.it\/eolie\/giorno-21-settembre-a-piazza-duomo-si-terra-il-concerto-dei-the-kolors-la-cosa-mi-lascia-indifferente-se-non-per-il-fatto-che-mi-e-stato-detto-che-subito-dopo-toglieranno-quell\/eolie-news\/\" \/>\r\n<meta property=\"og:site_name\" content=\"ISOLE EOLIE Turismo e Vacanze Hotel B&amp;B Residence Case Vacanza\" \/>\r\n<meta property=\"article:published_time\" content=\"2025-09-07T08:47:40+00:00\" \/>\r\n<meta property=\"article:modified_time\" content=\"2025-09-09T07:20:47+00:00\" \/>\r\n<meta name=\"author\" content=\"Tourism Manager\" \/>\r\n<meta name=\"twitter:card\" content=\"summary_large_image\" \/>\r\n<meta name=\"twitter:label1\" content=\"Scritto da\" \/>\n\t<meta name=\"twitter:data1\" content=\"Tourism Manager\" \/>\n\t<meta name=\"twitter:label2\" content=\"Tempo di lettura stimato\" \/>\n\t<meta name=\"twitter:data2\" content=\"1 minuto\" \/>\r\n<script type=\"application\/ld+json\" class=\"yoast-schema-graph\">{\"@context\":\"https:\\\/\\\/schema.org\",\"@graph\":[{\"@type\":\"Article\",\"@id\":\"https:\\\/\\\/www.isoleolie.it\\\/eolie\\\/giorno-21-settembre-a-piazza-duomo-si-terra-il-concerto-dei-the-kolors-la-cosa-mi-lascia-indifferente-se-non-per-il-fatto-che-mi-e-stato-detto-che-subito-dopo-toglieranno-quell\\\/eolie-news\\\/#article\",\"isPartOf\":{\"@id\":\"https:\\\/\\\/www.isoleolie.it\\\/eolie\\\/giorno-21-settembre-a-piazza-duomo-si-terra-il-concerto-dei-the-kolors-la-cosa-mi-lascia-indifferente-se-non-per-il-fatto-che-mi-e-stato-detto-che-subito-dopo-toglieranno-quell\\\/eolie-news\\\/\"},\"author\":{\"name\":\"Tourism Manager\",\"@id\":\"https:\\\/\\\/www.isoleolie.it\\\/eolie\\\/#\\\/schema\\\/person\\\/4c400db26884d9f212712636db6c1746\"},\"headline\":\"\u201cGiorno 21 settembre a Piazza Duomo si terr\u00e0 il concerto dei The Kolors\u2026 la cosa mi lascia indifferente, se non per il fatto che mi \u00e8 stato detto che subito dopo toglieranno quell\u2019orribile recinzione \u2018antivandali\u2019: Ma quali vandali? Il vero vandalismo \u00e8 mantenere la fontana e con essa Piazza Duomo in stato di abbandono\u201d\",\"datePublished\":\"2025-09-07T08:47:40+00:00\",\"dateModified\":\"2025-09-09T07:20:47+00:00\",\"mainEntityOfPage\":{\"@id\":\"https:\\\/\\\/www.isoleolie.it\\\/eolie\\\/giorno-21-settembre-a-piazza-duomo-si-terra-il-concerto-dei-the-kolors-la-cosa-mi-lascia-indifferente-se-non-per-il-fatto-che-mi-e-stato-detto-che-subito-dopo-toglieranno-quell\\\/eolie-news\\\/\"},\"wordCount\":324,\"publisher\":{\"@id\":\"https:\\\/\\\/www.isoleolie.it\\\/eolie\\\/#organization\"},\"articleSection\":[\"NEWS\"],\"inLanguage\":\"it-IT\"},{\"@type\":\"WebPage\",\"@id\":\"https:\\\/\\\/www.isoleolie.it\\\/eolie\\\/giorno-21-settembre-a-piazza-duomo-si-terra-il-concerto-dei-the-kolors-la-cosa-mi-lascia-indifferente-se-non-per-il-fatto-che-mi-e-stato-detto-che-subito-dopo-toglieranno-quell\\\/eolie-news\\\/\",\"url\":\"https:\\\/\\\/www.isoleolie.it\\\/eolie\\\/giorno-21-settembre-a-piazza-duomo-si-terra-il-concerto-dei-the-kolors-la-cosa-mi-lascia-indifferente-se-non-per-il-fatto-che-mi-e-stato-detto-che-subito-dopo-toglieranno-quell\\\/eolie-news\\\/\",\"name\":\"\u201cGiorno 21 settembre a Piazza Duomo si terr\u00e0 il concerto dei The Kolors\u2026 la cosa mi lascia indifferente, se non per il fatto che mi \u00e8 stato detto che subito dopo toglieranno quell\u2019orribile recinzione \u2018antivandali\u2019: Ma quali vandali? Il vero vandalismo \u00e8 mantenere la fontana e con essa Piazza Duomo in stato di abbandono\u201d - ISOLE EOLIE Turismo e Vacanze Hotel B&amp;B Residence Case Vacanza\",\"isPartOf\":{\"@id\":\"https:\\\/\\\/www.isoleolie.it\\\/eolie\\\/#website\"},\"datePublished\":\"2025-09-07T08:47:40+00:00\",\"dateModified\":\"2025-09-09T07:20:47+00:00\",\"breadcrumb\":{\"@id\":\"https:\\\/\\\/www.isoleolie.it\\\/eolie\\\/giorno-21-settembre-a-piazza-duomo-si-terra-il-concerto-dei-the-kolors-la-cosa-mi-lascia-indifferente-se-non-per-il-fatto-che-mi-e-stato-detto-che-subito-dopo-toglieranno-quell\\\/eolie-news\\\/#breadcrumb\"},\"inLanguage\":\"it-IT\",\"potentialAction\":[{\"@type\":\"ReadAction\",\"target\":[\"https:\\\/\\\/www.isoleolie.it\\\/eolie\\\/giorno-21-settembre-a-piazza-duomo-si-terra-il-concerto-dei-the-kolors-la-cosa-mi-lascia-indifferente-se-non-per-il-fatto-che-mi-e-stato-detto-che-subito-dopo-toglieranno-quell\\\/eolie-news\\\/\"]}]},{\"@type\":\"BreadcrumbList\",\"@id\":\"https:\\\/\\\/www.isoleolie.it\\\/eolie\\\/giorno-21-settembre-a-piazza-duomo-si-terra-il-concerto-dei-the-kolors-la-cosa-mi-lascia-indifferente-se-non-per-il-fatto-che-mi-e-stato-detto-che-subito-dopo-toglieranno-quell\\\/eolie-news\\\/#breadcrumb\",\"itemListElement\":[{\"@type\":\"ListItem\",\"position\":1,\"name\":\"Home\",\"item\":\"https:\\\/\\\/www.isoleolie.it\\\/eolie\\\/\"},{\"@type\":\"ListItem\",\"position\":2,\"name\":\"\u201cGiorno 21 settembre a Piazza Duomo si terr\u00e0 il concerto dei The Kolors\u2026 la cosa mi lascia indifferente, se non per il fatto che mi \u00e8 stato detto che subito dopo toglieranno quell\u2019orribile recinzione \u2018antivandali\u2019: Ma quali vandali? Il vero vandalismo \u00e8 mantenere la fontana e con essa Piazza Duomo in stato di abbandono\u201d\"}]},{\"@type\":\"WebSite\",\"@id\":\"https:\\\/\\\/www.isoleolie.it\\\/eolie\\\/#website\",\"url\":\"https:\\\/\\\/www.isoleolie.it\\\/eolie\\\/\",\"name\":\"ISOLE EOLIE Turismo e Vacanze alle Isole Eolie Hotel B&B Residence Case Vacanza\",\"description\":\"The first and official tourism site for the Aeolian Islands\",\"publisher\":{\"@id\":\"https:\\\/\\\/www.isoleolie.it\\\/eolie\\\/#organization\"},\"potentialAction\":[{\"@type\":\"SearchAction\",\"target\":{\"@type\":\"EntryPoint\",\"urlTemplate\":\"https:\\\/\\\/www.isoleolie.it\\\/eolie\\\/?s={search_term_string}\"},\"query-input\":{\"@type\":\"PropertyValueSpecification\",\"valueRequired\":true,\"valueName\":\"search_term_string\"}}],\"inLanguage\":\"it-IT\"},{\"@type\":\"Organization\",\"@id\":\"https:\\\/\\\/www.isoleolie.it\\\/eolie\\\/#organization\",\"name\":\"ISOLE EOLIE\",\"url\":\"https:\\\/\\\/www.isoleolie.it\\\/eolie\\\/\",\"logo\":{\"@type\":\"ImageObject\",\"inLanguage\":\"it-IT\",\"@id\":\"https:\\\/\\\/www.isoleolie.it\\\/eolie\\\/#\\\/schema\\\/logo\\\/image\\\/\",\"url\":\"https:\\\/\\\/www.isoleolie.it\\\/eolie\\\/wp-content\\\/uploads\\\/2024\\\/11\\\/oMv8p0-4_400x400.jpg\",\"contentUrl\":\"https:\\\/\\\/www.isoleolie.it\\\/eolie\\\/wp-content\\\/uploads\\\/2024\\\/11\\\/oMv8p0-4_400x400.jpg\",\"width\":400,\"height\":400,\"caption\":\"ISOLE EOLIE\"},\"image\":{\"@id\":\"https:\\\/\\\/www.isoleolie.it\\\/eolie\\\/#\\\/schema\\\/logo\\\/image\\\/\"}},{\"@type\":\"Person\",\"@id\":\"https:\\\/\\\/www.isoleolie.it\\\/eolie\\\/#\\\/schema\\\/person\\\/4c400db26884d9f212712636db6c1746\",\"name\":\"Tourism Manager\",\"image\":{\"@type\":\"ImageObject\",\"inLanguage\":\"it-IT\",\"@id\":\"https:\\\/\\\/secure.gravatar.com\\\/avatar\\\/3446a46a5f1bdb4055f313474780b529660445bd2d0364f2472d83fd63ed9bbc?s=96&d=mm&r=g\",\"url\":\"https:\\\/\\\/secure.gravatar.com\\\/avatar\\\/3446a46a5f1bdb4055f313474780b529660445bd2d0364f2472d83fd63ed9bbc?s=96&d=mm&r=g\",\"contentUrl\":\"https:\\\/\\\/secure.gravatar.com\\\/avatar\\\/3446a46a5f1bdb4055f313474780b529660445bd2d0364f2472d83fd63ed9bbc?s=96&d=mm&r=g\",\"caption\":\"Tourism Manager\"},\"description\":\"Che cos'\u00e8 un manager del turismo? Tecnicamente, un manager del turismo \u00e8 un nome dato a qualsiasi professionista della gestione che lavora in un'azienda collegata all'industria del turismo. Ci\u00f2 include i direttori generali, che si assumono la responsabilit\u00e0 generale di garantire che le operazioni quotidiane si svolgano senza intoppi, ma includono anche i singoli responsabili di reparto all'interno delle aziende. Il ruolo di manager del turismo implica la supervisione delle operazioni all'interno di un'impresa o organizzazione turistica. \u00c8 una posizione di alto livello, che richiede una comprensione approfondita dei concetti di gestione e dell'industria nel suo insieme.\",\"sameAs\":[\"https:\\\/\\\/www.isoleolie.it\\\/\"],\"url\":\"https:\\\/\\\/www.isoleolie.it\\\/eolie\\\/author\\\/isoleolie_2\\\/\"}]}<\/script>\r\n<!-- \/ Yoast SEO plugin. -->","yoast_head_json":{"title":"\u201cGiorno 21 settembre a Piazza Duomo si terr\u00e0 il concerto dei The Kolors\u2026 la cosa mi lascia indifferente, se non per il fatto che mi \u00e8 stato detto che subito dopo toglieranno quell\u2019orribile recinzione \u2018antivandali\u2019: Ma quali vandali? Il vero vandalismo \u00e8 mantenere la fontana e con essa Piazza Duomo in stato di abbandono\u201d - ISOLE EOLIE Turismo e Vacanze Hotel B&amp;B Residence Case Vacanza","robots":{"index":"index","follow":"follow","max-snippet":"max-snippet:-1","max-image-preview":"max-image-preview:large","max-video-preview":"max-video-preview:-1"},"canonical":"https:\/\/www.isoleolie.it\/eolie\/giorno-21-settembre-a-piazza-duomo-si-terra-il-concerto-dei-the-kolors-la-cosa-mi-lascia-indifferente-se-non-per-il-fatto-che-mi-e-stato-detto-che-subito-dopo-toglieranno-quell\/eolie-news\/","og_locale":"it_IT","og_type":"article","og_title":"\u201cGiorno 21 settembre a Piazza Duomo si terr\u00e0 il concerto dei The Kolors\u2026 la cosa mi lascia indifferente, se non per il fatto che mi \u00e8 stato detto che subito dopo toglieranno quell\u2019orribile recinzione \u2018antivandali\u2019: Ma quali vandali? Il vero vandalismo \u00e8 mantenere la fontana e con essa Piazza Duomo in stato di abbandono\u201d - ISOLE EOLIE Turismo e Vacanze Hotel B&amp;B Residence Case Vacanza","og_description":"\u201cGiorno 21 settembre a Piazza Duomo si terr\u00e0 il concerto dei The Kolors\u2026 la cosa mi lascia indifferente, se non per il fatto che mi \u00e8 stato detto che subito dopo toglieranno quell\u2019orribile recinzione \u2018antivandali\u2019: Ma quali vandali? Il vero vandalismo \u00e8 mantenere la fontana e con essa Piazza Duomo in stato di abbandono\u201d. Lo [&hellip;]","og_url":"https:\/\/www.isoleolie.it\/eolie\/giorno-21-settembre-a-piazza-duomo-si-terra-il-concerto-dei-the-kolors-la-cosa-mi-lascia-indifferente-se-non-per-il-fatto-che-mi-e-stato-detto-che-subito-dopo-toglieranno-quell\/eolie-news\/","og_site_name":"ISOLE EOLIE Turismo e Vacanze Hotel B&amp;B Residence Case Vacanza","article_published_time":"2025-09-07T08:47:40+00:00","article_modified_time":"2025-09-09T07:20:47+00:00","author":"Tourism Manager","twitter_card":"summary_large_image","twitter_misc":{"Scritto da":"Tourism Manager","Tempo di lettura stimato":"1 minuto"},"schema":{"@context":"https:\/\/schema.org","@graph":[{"@type":"Article","@id":"https:\/\/www.isoleolie.it\/eolie\/giorno-21-settembre-a-piazza-duomo-si-terra-il-concerto-dei-the-kolors-la-cosa-mi-lascia-indifferente-se-non-per-il-fatto-che-mi-e-stato-detto-che-subito-dopo-toglieranno-quell\/eolie-news\/#article","isPartOf":{"@id":"https:\/\/www.isoleolie.it\/eolie\/giorno-21-settembre-a-piazza-duomo-si-terra-il-concerto-dei-the-kolors-la-cosa-mi-lascia-indifferente-se-non-per-il-fatto-che-mi-e-stato-detto-che-subito-dopo-toglieranno-quell\/eolie-news\/"},"author":{"name":"Tourism Manager","@id":"https:\/\/www.isoleolie.it\/eolie\/#\/schema\/person\/4c400db26884d9f212712636db6c1746"},"headline":"\u201cGiorno 21 settembre a Piazza Duomo si terr\u00e0 il concerto dei The Kolors\u2026 la cosa mi lascia indifferente, se non per il fatto che mi \u00e8 stato detto che subito dopo toglieranno quell\u2019orribile recinzione \u2018antivandali\u2019: Ma quali vandali? Il vero vandalismo \u00e8 mantenere la fontana e con essa Piazza Duomo in stato di abbandono\u201d","datePublished":"2025-09-07T08:47:40+00:00","dateModified":"2025-09-09T07:20:47+00:00","mainEntityOfPage":{"@id":"https:\/\/www.isoleolie.it\/eolie\/giorno-21-settembre-a-piazza-duomo-si-terra-il-concerto-dei-the-kolors-la-cosa-mi-lascia-indifferente-se-non-per-il-fatto-che-mi-e-stato-detto-che-subito-dopo-toglieranno-quell\/eolie-news\/"},"wordCount":324,"publisher":{"@id":"https:\/\/www.isoleolie.it\/eolie\/#organization"},"articleSection":["NEWS"],"inLanguage":"it-IT"},{"@type":"WebPage","@id":"https:\/\/www.isoleolie.it\/eolie\/giorno-21-settembre-a-piazza-duomo-si-terra-il-concerto-dei-the-kolors-la-cosa-mi-lascia-indifferente-se-non-per-il-fatto-che-mi-e-stato-detto-che-subito-dopo-toglieranno-quell\/eolie-news\/","url":"https:\/\/www.isoleolie.it\/eolie\/giorno-21-settembre-a-piazza-duomo-si-terra-il-concerto-dei-the-kolors-la-cosa-mi-lascia-indifferente-se-non-per-il-fatto-che-mi-e-stato-detto-che-subito-dopo-toglieranno-quell\/eolie-news\/","name":"\u201cGiorno 21 settembre a Piazza Duomo si terr\u00e0 il concerto dei The Kolors\u2026 la cosa mi lascia indifferente, se non per il fatto che mi \u00e8 stato detto che subito dopo toglieranno quell\u2019orribile recinzione \u2018antivandali\u2019: Ma quali vandali? Il vero vandalismo \u00e8 mantenere la fontana e con essa Piazza Duomo in stato di abbandono\u201d - ISOLE EOLIE Turismo e Vacanze Hotel B&amp;B Residence Case Vacanza","isPartOf":{"@id":"https:\/\/www.isoleolie.it\/eolie\/#website"},"datePublished":"2025-09-07T08:47:40+00:00","dateModified":"2025-09-09T07:20:47+00:00","breadcrumb":{"@id":"https:\/\/www.isoleolie.it\/eolie\/giorno-21-settembre-a-piazza-duomo-si-terra-il-concerto-dei-the-kolors-la-cosa-mi-lascia-indifferente-se-non-per-il-fatto-che-mi-e-stato-detto-che-subito-dopo-toglieranno-quell\/eolie-news\/#breadcrumb"},"inLanguage":"it-IT","potentialAction":[{"@type":"ReadAction","target":["https:\/\/www.isoleolie.it\/eolie\/giorno-21-settembre-a-piazza-duomo-si-terra-il-concerto-dei-the-kolors-la-cosa-mi-lascia-indifferente-se-non-per-il-fatto-che-mi-e-stato-detto-che-subito-dopo-toglieranno-quell\/eolie-news\/"]}]},{"@type":"BreadcrumbList","@id":"https:\/\/www.isoleolie.it\/eolie\/giorno-21-settembre-a-piazza-duomo-si-terra-il-concerto-dei-the-kolors-la-cosa-mi-lascia-indifferente-se-non-per-il-fatto-che-mi-e-stato-detto-che-subito-dopo-toglieranno-quell\/eolie-news\/#breadcrumb","itemListElement":[{"@type":"ListItem","position":1,"name":"Home","item":"https:\/\/www.isoleolie.it\/eolie\/"},{"@type":"ListItem","position":2,"name":"\u201cGiorno 21 settembre a Piazza Duomo si terr\u00e0 il concerto dei The Kolors\u2026 la cosa mi lascia indifferente, se non per il fatto che mi \u00e8 stato detto che subito dopo toglieranno quell\u2019orribile recinzione \u2018antivandali\u2019: Ma quali vandali? Il vero vandalismo \u00e8 mantenere la fontana e con essa Piazza Duomo in stato di abbandono\u201d"}]},{"@type":"WebSite","@id":"https:\/\/www.isoleolie.it\/eolie\/#website","url":"https:\/\/www.isoleolie.it\/eolie\/","name":"ISOLE EOLIE Turismo e Vacanze alle Isole Eolie Hotel B&B Residence Case Vacanza","description":"The first and official tourism site for the Aeolian Islands","publisher":{"@id":"https:\/\/www.isoleolie.it\/eolie\/#organization"},"potentialAction":[{"@type":"SearchAction","target":{"@type":"EntryPoint","urlTemplate":"https:\/\/www.isoleolie.it\/eolie\/?s={search_term_string}"},"query-input":{"@type":"PropertyValueSpecification","valueRequired":true,"valueName":"search_term_string"}}],"inLanguage":"it-IT"},{"@type":"Organization","@id":"https:\/\/www.isoleolie.it\/eolie\/#organization","name":"ISOLE EOLIE","url":"https:\/\/www.isoleolie.it\/eolie\/","logo":{"@type":"ImageObject","inLanguage":"it-IT","@id":"https:\/\/www.isoleolie.it\/eolie\/#\/schema\/logo\/image\/","url":"https:\/\/www.isoleolie.it\/eolie\/wp-content\/uploads\/2024\/11\/oMv8p0-4_400x400.jpg","contentUrl":"https:\/\/www.isoleolie.it\/eolie\/wp-content\/uploads\/2024\/11\/oMv8p0-4_400x400.jpg","width":400,"height":400,"caption":"ISOLE EOLIE"},"image":{"@id":"https:\/\/www.isoleolie.it\/eolie\/#\/schema\/logo\/image\/"}},{"@type":"Person","@id":"https:\/\/www.isoleolie.it\/eolie\/#\/schema\/person\/4c400db26884d9f212712636db6c1746","name":"Tourism Manager","image":{"@type":"ImageObject","inLanguage":"it-IT","@id":"https:\/\/secure.gravatar.com\/avatar\/3446a46a5f1bdb4055f313474780b529660445bd2d0364f2472d83fd63ed9bbc?s=96&d=mm&r=g","url":"https:\/\/secure.gravatar.com\/avatar\/3446a46a5f1bdb4055f313474780b529660445bd2d0364f2472d83fd63ed9bbc?s=96&d=mm&r=g","contentUrl":"https:\/\/secure.gravatar.com\/avatar\/3446a46a5f1bdb4055f313474780b529660445bd2d0364f2472d83fd63ed9bbc?s=96&d=mm&r=g","caption":"Tourism Manager"},"description":"Che cos'\u00e8 un manager del turismo? Tecnicamente, un manager del turismo \u00e8 un nome dato a qualsiasi professionista della gestione che lavora in un'azienda collegata all'industria del turismo. Ci\u00f2 include i direttori generali, che si assumono la responsabilit\u00e0 generale di garantire che le operazioni quotidiane si svolgano senza intoppi, ma includono anche i singoli responsabili di reparto all'interno delle aziende. Il ruolo di manager del turismo implica la supervisione delle operazioni all'interno di un'impresa o organizzazione turistica. \u00c8 una posizione di alto livello, che richiede una comprensione approfondita dei concetti di gestione e dell'industria nel suo insieme.","sameAs":["https:\/\/www.isoleolie.it\/"],"url":"https:\/\/www.isoleolie.it\/eolie\/author\/isoleolie_2\/"}]}},"_links":{"self":[{"href":"https:\/\/www.isoleolie.it\/eolie\/wp-json\/wp\/v2\/posts\/2417","targetHints":{"allow":["GET"]}}],"collection":[{"href":"https:\/\/www.isoleolie.it\/eolie\/wp-json\/wp\/v2\/posts"}],"about":[{"href":"https:\/\/www.isoleolie.it\/eolie\/wp-json\/wp\/v2\/types\/post"}],"author":[{"embeddable":true,"href":"https:\/\/www.isoleolie.it\/eolie\/wp-json\/wp\/v2\/users\/1"}],"replies":[{"embeddable":true,"href":"https:\/\/www.isoleolie.it\/eolie\/wp-json\/wp\/v2\/comments?post=2417"}],"version-history":[{"count":1,"href":"https:\/\/www.isoleolie.it\/eolie\/wp-json\/wp\/v2\/posts\/2417\/revisions"}],"predecessor-version":[{"id":2506,"href":"https:\/\/www.isoleolie.it\/eolie\/wp-json\/wp\/v2\/posts\/2417\/revisions\/2506"}],"wp:attachment":[{"href":"https:\/\/www.isoleolie.it\/eolie\/wp-json\/wp\/v2\/media?parent=2417"}],"wp:term":[{"taxonomy":"category","embeddable":true,"href":"https:\/\/www.isoleolie.it\/eolie\/wp-json\/wp\/v2\/categories?post=2417"},{"taxonomy":"post_tag","embeddable":true,"href":"https:\/\/www.isoleolie.it\/eolie\/wp-json\/wp\/v2\/tags?post=2417"}],"curies":[{"name":"wp","href":"https:\/\/api.w.org\/{rel}","templated":true}]}}