{"id":2416,"date":"2025-09-07T12:34:09","date_gmt":"2025-09-07T10:34:09","guid":{"rendered":"https:\/\/www.isoleolie.it\/eolie\/i-responsabili-dellacr-messina-comunicano-che-il-botteghino-del-palarescifina-e-stato-aperto-a-partire-dalle-ore-1200-odierne\/isole-eolie\/"},"modified":"2025-09-09T09:20:36","modified_gmt":"2025-09-09T07:20:36","slug":"i-responsabili-dellacr-messina-comunicano-che-il-botteghino-del-palarescifina-e-stato-aperto-a-partire-dalle-ore-1200-odierne","status":"publish","type":"post","link":"https:\/\/www.isoleolie.it\/eolie\/i-responsabili-dellacr-messina-comunicano-che-il-botteghino-del-palarescifina-e-stato-aperto-a-partire-dalle-ore-1200-odierne\/eolie-news\/","title":{"rendered":"\u201cI responsabili dell\u2019Acr Messina comunicano, che il Botteghino del Palarescifina \u00e8 stato aperto a partire dalle ore 12:00 odierne\u201d"},"content":{"rendered":"<p><strong>\u201cI responsabili dell\u2019Acr Messina comunicano, che il Botteghino del Palarescifina \u00e8 stato aperto a partire dalle ore 12:00 odierne\u201d<\/strong>. Lo si apprende, da una nota ufficiale, pubblicata in data odierna sulla omonima Pagina Facebook della Societ\u00e0 sportiva calcistica messinese\u2026 relativa alla Partita di oggi allo Stadio San Filippo valevole per il Campionato di Serie D, prevista alle ore 15.00 contro l\u2019Athletic Palermo.<\/p>\n<p><strong>Cos\u00ec prosegue il testo diffuso<\/strong>:<\/p>\n<ul>\n<li><span>\u201cI tagliandi possono essere anche acquistati presso i punti vendita autorizzati in citt\u00e0 e provincia o sul sito postoriservato.it\u201d.<\/span><\/li>\n<\/ul>\n<p><strong>Tutti i dettagli<\/strong><br \/>\nEcco dove trovare i biglietti in prevendita:<\/p>\n<ul>\n<li><span>Bar Maracan\u00e0 (Viale S. Martino, 403);<\/span><\/li>\n<li><span>Ricevitoria Bossa (Via T. Cannizzaro, 132);<\/span><\/li>\n<li><span>Il Botteghino (Viale della Libert\u00e0, 391);<\/span><\/li>\n<li><span>Tabacchi Lauro (Via Salandra 50);<\/span><\/li>\n<li><span>Tabacchi Manganaro (S.S. 114 km 15.300 Giampilieri Marina);<\/span><\/li>\n<li><span>Bar La Rosa Nera (Via Giorgio la pira 7 Messina 98125 \u2013 PISTUNINA);<\/span><\/li>\n<li><span>Tabacchi Ballar\u00f2 (Viale Europa 243, Torregrotta);<\/span><\/li>\n<li><span>Tabacchi Viola (Via Roma 164, Barcellona);<\/span><\/li>\n<li><span>Scotch Bar ( Via Cassisi, 2 Milazzo).<\/span><\/li>\n<\/ul>\n<p>L&#8217;articolo <a href=\"https:\/\/www.messinamagazine.it\/primo-piano\/i-responsabili-dellacr-messina-comunicano-che-il-botteghino-del-palarescifina-e-stato-aperto-a-partire-dalle-ore-1200-odierne\/\">\u201cI responsabili dell\u2019Acr Messina comunicano, che il Botteghino del Palarescifina \u00e8 stato aperto a partire dalle ore 12:00 odierne\u201d<\/a> proviene da <a href=\"https:\/\/www.messinamagazine.it\/\">Messina Magazine<\/a>.<\/p>\n","protected":false},"excerpt":{"rendered":"<p>\u201cI responsabili dell\u2019Acr Messina comunicano, che il Botteghino del Palarescifina \u00e8 stato aperto a partire dalle ore 12:00 odierne\u201d. Lo si apprende, da una nota ufficiale, pubblicata in data odierna sulla omonima Pagina Facebook della Societ\u00e0 sportiva calcistica messinese\u2026 relativa alla Partita di oggi allo Stadio San Filippo valevole per il Campionato di Serie D, [&hellip;]<\/p>\n","protected":false},"author":1,"featured_media":0,"comment_status":"closed","ping_status":"","sticky":false,"template":"","format":"standard","meta":{"footnotes":""},"categories":[22],"tags":[],"class_list":["post-2416","post","type-post","status-publish","format-standard","hentry","category-eolie-news"],"yoast_head":"<!-- This site is optimized with the Yoast SEO plugin v27.5 - https:\/\/yoast.com\/product\/yoast-seo-wordpress\/ -->\r\n<title>\u201cI responsabili dell\u2019Acr Messina comunicano, che il Botteghino del Palarescifina \u00e8 stato aperto a partire dalle ore 12:00 odierne\u201d - ISOLE EOLIE Turismo e Vacanze Hotel B&amp;B Residence Case Vacanza<\/title>\r\n<meta name=\"robots\" content=\"index, follow, max-snippet:-1, max-image-preview:large, max-video-preview:-1\" \/>\r\n<link rel=\"canonical\" href=\"https:\/\/www.isoleolie.it\/eolie\/i-responsabili-dellacr-messina-comunicano-che-il-botteghino-del-palarescifina-e-stato-aperto-a-partire-dalle-ore-1200-odierne\/eolie-news\/\" \/>\r\n<meta property=\"og:locale\" content=\"it_IT\" \/>\r\n<meta property=\"og:type\" content=\"article\" \/>\r\n<meta property=\"og:title\" content=\"\u201cI responsabili dell\u2019Acr Messina comunicano, che il Botteghino del Palarescifina \u00e8 stato aperto a partire dalle ore 12:00 odierne\u201d - ISOLE EOLIE Turismo e Vacanze Hotel B&amp;B Residence Case Vacanza\" \/>\r\n<meta property=\"og:description\" content=\"\u201cI responsabili dell\u2019Acr Messina comunicano, che il Botteghino del Palarescifina \u00e8 stato aperto a partire dalle ore 12:00 odierne\u201d. Lo si apprende, da una nota ufficiale, pubblicata in data odierna sulla omonima Pagina Facebook della Societ\u00e0 sportiva calcistica messinese\u2026 relativa alla Partita di oggi allo Stadio San Filippo valevole per il Campionato di Serie D, [&hellip;]\" \/>\r\n<meta property=\"og:url\" content=\"https:\/\/www.isoleolie.it\/eolie\/i-responsabili-dellacr-messina-comunicano-che-il-botteghino-del-palarescifina-e-stato-aperto-a-partire-dalle-ore-1200-odierne\/eolie-news\/\" \/>\r\n<meta property=\"og:site_name\" content=\"ISOLE EOLIE Turismo e Vacanze Hotel B&amp;B Residence Case Vacanza\" \/>\r\n<meta property=\"article:published_time\" content=\"2025-09-07T10:34:09+00:00\" \/>\r\n<meta property=\"article:modified_time\" content=\"2025-09-09T07:20:36+00:00\" \/>\r\n<meta name=\"author\" content=\"Tourism Manager\" \/>\r\n<meta name=\"twitter:card\" content=\"summary_large_image\" \/>\r\n<meta name=\"twitter:label1\" content=\"Scritto da\" \/>\n\t<meta name=\"twitter:data1\" content=\"Tourism Manager\" \/>\n\t<meta name=\"twitter:label2\" content=\"Tempo di lettura stimato\" \/>\n\t<meta name=\"twitter:data2\" content=\"1 minuto\" \/>\r\n<script type=\"application\/ld+json\" class=\"yoast-schema-graph\">{\"@context\":\"https:\\\/\\\/schema.org\",\"@graph\":[{\"@type\":\"Article\",\"@id\":\"https:\\\/\\\/www.isoleolie.it\\\/eolie\\\/i-responsabili-dellacr-messina-comunicano-che-il-botteghino-del-palarescifina-e-stato-aperto-a-partire-dalle-ore-1200-odierne\\\/eolie-news\\\/#article\",\"isPartOf\":{\"@id\":\"https:\\\/\\\/www.isoleolie.it\\\/eolie\\\/i-responsabili-dellacr-messina-comunicano-che-il-botteghino-del-palarescifina-e-stato-aperto-a-partire-dalle-ore-1200-odierne\\\/eolie-news\\\/\"},\"author\":{\"name\":\"Tourism Manager\",\"@id\":\"https:\\\/\\\/www.isoleolie.it\\\/eolie\\\/#\\\/schema\\\/person\\\/4c400db26884d9f212712636db6c1746\"},\"headline\":\"\u201cI responsabili dell\u2019Acr Messina comunicano, che il Botteghino del Palarescifina \u00e8 stato aperto a partire dalle ore 12:00 odierne\u201d\",\"datePublished\":\"2025-09-07T10:34:09+00:00\",\"dateModified\":\"2025-09-09T07:20:36+00:00\",\"mainEntityOfPage\":{\"@id\":\"https:\\\/\\\/www.isoleolie.it\\\/eolie\\\/i-responsabili-dellacr-messina-comunicano-che-il-botteghino-del-palarescifina-e-stato-aperto-a-partire-dalle-ore-1200-odierne\\\/eolie-news\\\/\"},\"wordCount\":189,\"publisher\":{\"@id\":\"https:\\\/\\\/www.isoleolie.it\\\/eolie\\\/#organization\"},\"articleSection\":[\"NEWS\"],\"inLanguage\":\"it-IT\"},{\"@type\":\"WebPage\",\"@id\":\"https:\\\/\\\/www.isoleolie.it\\\/eolie\\\/i-responsabili-dellacr-messina-comunicano-che-il-botteghino-del-palarescifina-e-stato-aperto-a-partire-dalle-ore-1200-odierne\\\/eolie-news\\\/\",\"url\":\"https:\\\/\\\/www.isoleolie.it\\\/eolie\\\/i-responsabili-dellacr-messina-comunicano-che-il-botteghino-del-palarescifina-e-stato-aperto-a-partire-dalle-ore-1200-odierne\\\/eolie-news\\\/\",\"name\":\"\u201cI responsabili dell\u2019Acr Messina comunicano, che il Botteghino del Palarescifina \u00e8 stato aperto a partire dalle ore 12:00 odierne\u201d - ISOLE EOLIE Turismo e Vacanze Hotel B&amp;B Residence Case Vacanza\",\"isPartOf\":{\"@id\":\"https:\\\/\\\/www.isoleolie.it\\\/eolie\\\/#website\"},\"datePublished\":\"2025-09-07T10:34:09+00:00\",\"dateModified\":\"2025-09-09T07:20:36+00:00\",\"breadcrumb\":{\"@id\":\"https:\\\/\\\/www.isoleolie.it\\\/eolie\\\/i-responsabili-dellacr-messina-comunicano-che-il-botteghino-del-palarescifina-e-stato-aperto-a-partire-dalle-ore-1200-odierne\\\/eolie-news\\\/#breadcrumb\"},\"inLanguage\":\"it-IT\",\"potentialAction\":[{\"@type\":\"ReadAction\",\"target\":[\"https:\\\/\\\/www.isoleolie.it\\\/eolie\\\/i-responsabili-dellacr-messina-comunicano-che-il-botteghino-del-palarescifina-e-stato-aperto-a-partire-dalle-ore-1200-odierne\\\/eolie-news\\\/\"]}]},{\"@type\":\"BreadcrumbList\",\"@id\":\"https:\\\/\\\/www.isoleolie.it\\\/eolie\\\/i-responsabili-dellacr-messina-comunicano-che-il-botteghino-del-palarescifina-e-stato-aperto-a-partire-dalle-ore-1200-odierne\\\/eolie-news\\\/#breadcrumb\",\"itemListElement\":[{\"@type\":\"ListItem\",\"position\":1,\"name\":\"Home\",\"item\":\"https:\\\/\\\/www.isoleolie.it\\\/eolie\\\/\"},{\"@type\":\"ListItem\",\"position\":2,\"name\":\"\u201cI responsabili dell\u2019Acr Messina comunicano, che il Botteghino del Palarescifina \u00e8 stato aperto a partire dalle ore 12:00 odierne\u201d\"}]},{\"@type\":\"WebSite\",\"@id\":\"https:\\\/\\\/www.isoleolie.it\\\/eolie\\\/#website\",\"url\":\"https:\\\/\\\/www.isoleolie.it\\\/eolie\\\/\",\"name\":\"ISOLE EOLIE Turismo e Vacanze alle Isole Eolie Hotel B&B Residence Case Vacanza\",\"description\":\"The first and official tourism site for the Aeolian Islands\",\"publisher\":{\"@id\":\"https:\\\/\\\/www.isoleolie.it\\\/eolie\\\/#organization\"},\"potentialAction\":[{\"@type\":\"SearchAction\",\"target\":{\"@type\":\"EntryPoint\",\"urlTemplate\":\"https:\\\/\\\/www.isoleolie.it\\\/eolie\\\/?s={search_term_string}\"},\"query-input\":{\"@type\":\"PropertyValueSpecification\",\"valueRequired\":true,\"valueName\":\"search_term_string\"}}],\"inLanguage\":\"it-IT\"},{\"@type\":\"Organization\",\"@id\":\"https:\\\/\\\/www.isoleolie.it\\\/eolie\\\/#organization\",\"name\":\"ISOLE EOLIE\",\"url\":\"https:\\\/\\\/www.isoleolie.it\\\/eolie\\\/\",\"logo\":{\"@type\":\"ImageObject\",\"inLanguage\":\"it-IT\",\"@id\":\"https:\\\/\\\/www.isoleolie.it\\\/eolie\\\/#\\\/schema\\\/logo\\\/image\\\/\",\"url\":\"https:\\\/\\\/www.isoleolie.it\\\/eolie\\\/wp-content\\\/uploads\\\/2024\\\/11\\\/oMv8p0-4_400x400.jpg\",\"contentUrl\":\"https:\\\/\\\/www.isoleolie.it\\\/eolie\\\/wp-content\\\/uploads\\\/2024\\\/11\\\/oMv8p0-4_400x400.jpg\",\"width\":400,\"height\":400,\"caption\":\"ISOLE EOLIE\"},\"image\":{\"@id\":\"https:\\\/\\\/www.isoleolie.it\\\/eolie\\\/#\\\/schema\\\/logo\\\/image\\\/\"}},{\"@type\":\"Person\",\"@id\":\"https:\\\/\\\/www.isoleolie.it\\\/eolie\\\/#\\\/schema\\\/person\\\/4c400db26884d9f212712636db6c1746\",\"name\":\"Tourism Manager\",\"image\":{\"@type\":\"ImageObject\",\"inLanguage\":\"it-IT\",\"@id\":\"https:\\\/\\\/secure.gravatar.com\\\/avatar\\\/3446a46a5f1bdb4055f313474780b529660445bd2d0364f2472d83fd63ed9bbc?s=96&d=mm&r=g\",\"url\":\"https:\\\/\\\/secure.gravatar.com\\\/avatar\\\/3446a46a5f1bdb4055f313474780b529660445bd2d0364f2472d83fd63ed9bbc?s=96&d=mm&r=g\",\"contentUrl\":\"https:\\\/\\\/secure.gravatar.com\\\/avatar\\\/3446a46a5f1bdb4055f313474780b529660445bd2d0364f2472d83fd63ed9bbc?s=96&d=mm&r=g\",\"caption\":\"Tourism Manager\"},\"description\":\"Che cos'\u00e8 un manager del turismo? Tecnicamente, un manager del turismo \u00e8 un nome dato a qualsiasi professionista della gestione che lavora in un'azienda collegata all'industria del turismo. Ci\u00f2 include i direttori generali, che si assumono la responsabilit\u00e0 generale di garantire che le operazioni quotidiane si svolgano senza intoppi, ma includono anche i singoli responsabili di reparto all'interno delle aziende. Il ruolo di manager del turismo implica la supervisione delle operazioni all'interno di un'impresa o organizzazione turistica. \u00c8 una posizione di alto livello, che richiede una comprensione approfondita dei concetti di gestione e dell'industria nel suo insieme.\",\"sameAs\":[\"https:\\\/\\\/www.isoleolie.it\\\/\"],\"url\":\"https:\\\/\\\/www.isoleolie.it\\\/eolie\\\/author\\\/isoleolie_2\\\/\"}]}<\/script>\r\n<!-- \/ Yoast SEO plugin. -->","yoast_head_json":{"title":"\u201cI responsabili dell\u2019Acr Messina comunicano, che il Botteghino del Palarescifina \u00e8 stato aperto a partire dalle ore 12:00 odierne\u201d - ISOLE EOLIE Turismo e Vacanze Hotel B&amp;B Residence Case Vacanza","robots":{"index":"index","follow":"follow","max-snippet":"max-snippet:-1","max-image-preview":"max-image-preview:large","max-video-preview":"max-video-preview:-1"},"canonical":"https:\/\/www.isoleolie.it\/eolie\/i-responsabili-dellacr-messina-comunicano-che-il-botteghino-del-palarescifina-e-stato-aperto-a-partire-dalle-ore-1200-odierne\/eolie-news\/","og_locale":"it_IT","og_type":"article","og_title":"\u201cI responsabili dell\u2019Acr Messina comunicano, che il Botteghino del Palarescifina \u00e8 stato aperto a partire dalle ore 12:00 odierne\u201d - ISOLE EOLIE Turismo e Vacanze Hotel B&amp;B Residence Case Vacanza","og_description":"\u201cI responsabili dell\u2019Acr Messina comunicano, che il Botteghino del Palarescifina \u00e8 stato aperto a partire dalle ore 12:00 odierne\u201d. Lo si apprende, da una nota ufficiale, pubblicata in data odierna sulla omonima Pagina Facebook della Societ\u00e0 sportiva calcistica messinese\u2026 relativa alla Partita di oggi allo Stadio San Filippo valevole per il Campionato di Serie D, [&hellip;]","og_url":"https:\/\/www.isoleolie.it\/eolie\/i-responsabili-dellacr-messina-comunicano-che-il-botteghino-del-palarescifina-e-stato-aperto-a-partire-dalle-ore-1200-odierne\/eolie-news\/","og_site_name":"ISOLE EOLIE Turismo e Vacanze Hotel B&amp;B Residence Case Vacanza","article_published_time":"2025-09-07T10:34:09+00:00","article_modified_time":"2025-09-09T07:20:36+00:00","author":"Tourism Manager","twitter_card":"summary_large_image","twitter_misc":{"Scritto da":"Tourism Manager","Tempo di lettura stimato":"1 minuto"},"schema":{"@context":"https:\/\/schema.org","@graph":[{"@type":"Article","@id":"https:\/\/www.isoleolie.it\/eolie\/i-responsabili-dellacr-messina-comunicano-che-il-botteghino-del-palarescifina-e-stato-aperto-a-partire-dalle-ore-1200-odierne\/eolie-news\/#article","isPartOf":{"@id":"https:\/\/www.isoleolie.it\/eolie\/i-responsabili-dellacr-messina-comunicano-che-il-botteghino-del-palarescifina-e-stato-aperto-a-partire-dalle-ore-1200-odierne\/eolie-news\/"},"author":{"name":"Tourism Manager","@id":"https:\/\/www.isoleolie.it\/eolie\/#\/schema\/person\/4c400db26884d9f212712636db6c1746"},"headline":"\u201cI responsabili dell\u2019Acr Messina comunicano, che il Botteghino del Palarescifina \u00e8 stato aperto a partire dalle ore 12:00 odierne\u201d","datePublished":"2025-09-07T10:34:09+00:00","dateModified":"2025-09-09T07:20:36+00:00","mainEntityOfPage":{"@id":"https:\/\/www.isoleolie.it\/eolie\/i-responsabili-dellacr-messina-comunicano-che-il-botteghino-del-palarescifina-e-stato-aperto-a-partire-dalle-ore-1200-odierne\/eolie-news\/"},"wordCount":189,"publisher":{"@id":"https:\/\/www.isoleolie.it\/eolie\/#organization"},"articleSection":["NEWS"],"inLanguage":"it-IT"},{"@type":"WebPage","@id":"https:\/\/www.isoleolie.it\/eolie\/i-responsabili-dellacr-messina-comunicano-che-il-botteghino-del-palarescifina-e-stato-aperto-a-partire-dalle-ore-1200-odierne\/eolie-news\/","url":"https:\/\/www.isoleolie.it\/eolie\/i-responsabili-dellacr-messina-comunicano-che-il-botteghino-del-palarescifina-e-stato-aperto-a-partire-dalle-ore-1200-odierne\/eolie-news\/","name":"\u201cI responsabili dell\u2019Acr Messina comunicano, che il Botteghino del Palarescifina \u00e8 stato aperto a partire dalle ore 12:00 odierne\u201d - ISOLE EOLIE Turismo e Vacanze Hotel B&amp;B Residence Case Vacanza","isPartOf":{"@id":"https:\/\/www.isoleolie.it\/eolie\/#website"},"datePublished":"2025-09-07T10:34:09+00:00","dateModified":"2025-09-09T07:20:36+00:00","breadcrumb":{"@id":"https:\/\/www.isoleolie.it\/eolie\/i-responsabili-dellacr-messina-comunicano-che-il-botteghino-del-palarescifina-e-stato-aperto-a-partire-dalle-ore-1200-odierne\/eolie-news\/#breadcrumb"},"inLanguage":"it-IT","potentialAction":[{"@type":"ReadAction","target":["https:\/\/www.isoleolie.it\/eolie\/i-responsabili-dellacr-messina-comunicano-che-il-botteghino-del-palarescifina-e-stato-aperto-a-partire-dalle-ore-1200-odierne\/eolie-news\/"]}]},{"@type":"BreadcrumbList","@id":"https:\/\/www.isoleolie.it\/eolie\/i-responsabili-dellacr-messina-comunicano-che-il-botteghino-del-palarescifina-e-stato-aperto-a-partire-dalle-ore-1200-odierne\/eolie-news\/#breadcrumb","itemListElement":[{"@type":"ListItem","position":1,"name":"Home","item":"https:\/\/www.isoleolie.it\/eolie\/"},{"@type":"ListItem","position":2,"name":"\u201cI responsabili dell\u2019Acr Messina comunicano, che il Botteghino del Palarescifina \u00e8 stato aperto a partire dalle ore 12:00 odierne\u201d"}]},{"@type":"WebSite","@id":"https:\/\/www.isoleolie.it\/eolie\/#website","url":"https:\/\/www.isoleolie.it\/eolie\/","name":"ISOLE EOLIE Turismo e Vacanze alle Isole Eolie Hotel B&B Residence Case Vacanza","description":"The first and official tourism site for the Aeolian Islands","publisher":{"@id":"https:\/\/www.isoleolie.it\/eolie\/#organization"},"potentialAction":[{"@type":"SearchAction","target":{"@type":"EntryPoint","urlTemplate":"https:\/\/www.isoleolie.it\/eolie\/?s={search_term_string}"},"query-input":{"@type":"PropertyValueSpecification","valueRequired":true,"valueName":"search_term_string"}}],"inLanguage":"it-IT"},{"@type":"Organization","@id":"https:\/\/www.isoleolie.it\/eolie\/#organization","name":"ISOLE EOLIE","url":"https:\/\/www.isoleolie.it\/eolie\/","logo":{"@type":"ImageObject","inLanguage":"it-IT","@id":"https:\/\/www.isoleolie.it\/eolie\/#\/schema\/logo\/image\/","url":"https:\/\/www.isoleolie.it\/eolie\/wp-content\/uploads\/2024\/11\/oMv8p0-4_400x400.jpg","contentUrl":"https:\/\/www.isoleolie.it\/eolie\/wp-content\/uploads\/2024\/11\/oMv8p0-4_400x400.jpg","width":400,"height":400,"caption":"ISOLE EOLIE"},"image":{"@id":"https:\/\/www.isoleolie.it\/eolie\/#\/schema\/logo\/image\/"}},{"@type":"Person","@id":"https:\/\/www.isoleolie.it\/eolie\/#\/schema\/person\/4c400db26884d9f212712636db6c1746","name":"Tourism Manager","image":{"@type":"ImageObject","inLanguage":"it-IT","@id":"https:\/\/secure.gravatar.com\/avatar\/3446a46a5f1bdb4055f313474780b529660445bd2d0364f2472d83fd63ed9bbc?s=96&d=mm&r=g","url":"https:\/\/secure.gravatar.com\/avatar\/3446a46a5f1bdb4055f313474780b529660445bd2d0364f2472d83fd63ed9bbc?s=96&d=mm&r=g","contentUrl":"https:\/\/secure.gravatar.com\/avatar\/3446a46a5f1bdb4055f313474780b529660445bd2d0364f2472d83fd63ed9bbc?s=96&d=mm&r=g","caption":"Tourism Manager"},"description":"Che cos'\u00e8 un manager del turismo? Tecnicamente, un manager del turismo \u00e8 un nome dato a qualsiasi professionista della gestione che lavora in un'azienda collegata all'industria del turismo. Ci\u00f2 include i direttori generali, che si assumono la responsabilit\u00e0 generale di garantire che le operazioni quotidiane si svolgano senza intoppi, ma includono anche i singoli responsabili di reparto all'interno delle aziende. Il ruolo di manager del turismo implica la supervisione delle operazioni all'interno di un'impresa o organizzazione turistica. \u00c8 una posizione di alto livello, che richiede una comprensione approfondita dei concetti di gestione e dell'industria nel suo insieme.","sameAs":["https:\/\/www.isoleolie.it\/"],"url":"https:\/\/www.isoleolie.it\/eolie\/author\/isoleolie_2\/"}]}},"_links":{"self":[{"href":"https:\/\/www.isoleolie.it\/eolie\/wp-json\/wp\/v2\/posts\/2416","targetHints":{"allow":["GET"]}}],"collection":[{"href":"https:\/\/www.isoleolie.it\/eolie\/wp-json\/wp\/v2\/posts"}],"about":[{"href":"https:\/\/www.isoleolie.it\/eolie\/wp-json\/wp\/v2\/types\/post"}],"author":[{"embeddable":true,"href":"https:\/\/www.isoleolie.it\/eolie\/wp-json\/wp\/v2\/users\/1"}],"replies":[{"embeddable":true,"href":"https:\/\/www.isoleolie.it\/eolie\/wp-json\/wp\/v2\/comments?post=2416"}],"version-history":[{"count":1,"href":"https:\/\/www.isoleolie.it\/eolie\/wp-json\/wp\/v2\/posts\/2416\/revisions"}],"predecessor-version":[{"id":2499,"href":"https:\/\/www.isoleolie.it\/eolie\/wp-json\/wp\/v2\/posts\/2416\/revisions\/2499"}],"wp:attachment":[{"href":"https:\/\/www.isoleolie.it\/eolie\/wp-json\/wp\/v2\/media?parent=2416"}],"wp:term":[{"taxonomy":"category","embeddable":true,"href":"https:\/\/www.isoleolie.it\/eolie\/wp-json\/wp\/v2\/categories?post=2416"},{"taxonomy":"post_tag","embeddable":true,"href":"https:\/\/www.isoleolie.it\/eolie\/wp-json\/wp\/v2\/tags?post=2416"}],"curies":[{"name":"wp","href":"https:\/\/api.w.org\/{rel}","templated":true}]}}