{"id":2383,"date":"2025-09-07T10:00:20","date_gmt":"2025-09-07T08:00:20","guid":{"rendered":"https:\/\/www.isoleolie.it\/eolie\/leternita-di-andrea-camilleri-taormina-celebra-il-centenario-dalla-nascita-del-grande-scrittore-siciliano\/isole-eolie\/"},"modified":"2025-09-09T09:24:16","modified_gmt":"2025-09-09T07:24:16","slug":"leternita-di-andrea-camilleri-taormina-celebra-il-centenario-dalla-nascita-del-grande-scrittore-siciliano","status":"publish","type":"post","link":"https:\/\/www.isoleolie.it\/eolie\/leternita-di-andrea-camilleri-taormina-celebra-il-centenario-dalla-nascita-del-grande-scrittore-siciliano\/eolie-news\/","title":{"rendered":"L\u2019eternit\u00e0 di Andrea Camilleri, Taormina celebra il centenario dalla nascita del grande scrittore siciliano"},"content":{"rendered":"<p>Settembre si addice a Taormina , si respirano gli ultimi sorsi d\u2019estate nella serata di venerd\u00ec dedicata al maestro Andrea Camilleri che ieri avrebbe compiuto cento anni, celebrati al Teatro Antico, un libro di pietra che parla di eternit\u00e0, le stesse pietre di quel monumento perenne del Teatro greco di Siracusa dove un Camilleri gi\u00e0 afflitto dalla cecit\u00e0, ma con una visione ancora pi\u00f9 luminosa&#8230;<\/p>\n","protected":false},"excerpt":{"rendered":"<p>Settembre si addice a Taormina , si respirano gli ultimi sorsi d\u2019estate nella serata di venerd\u00ec dedicata al maestro Andrea Camilleri che ieri avrebbe compiuto cento anni, celebrati al Teatro Antico, un libro di pietra che parla di eternit\u00e0, le stesse pietre di quel monumento perenne del Teatro greco di Siracusa dove un Camilleri gi\u00e0 [&hellip;]<\/p>\n","protected":false},"author":1,"featured_media":2384,"comment_status":"closed","ping_status":"","sticky":false,"template":"","format":"standard","meta":{"footnotes":""},"categories":[22],"tags":[],"class_list":["post-2383","post","type-post","status-publish","format-standard","has-post-thumbnail","hentry","category-eolie-news"],"yoast_head":"<!-- This site is optimized with the Yoast SEO plugin v27.5 - https:\/\/yoast.com\/product\/yoast-seo-wordpress\/ -->\r\n<title>L\u2019eternit\u00e0 di Andrea Camilleri, Taormina celebra il centenario dalla nascita del grande scrittore siciliano - ISOLE EOLIE Turismo e Vacanze Hotel B&amp;B Residence Case Vacanza<\/title>\r\n<meta name=\"robots\" content=\"index, follow, max-snippet:-1, max-image-preview:large, max-video-preview:-1\" \/>\r\n<link rel=\"canonical\" href=\"https:\/\/www.isoleolie.it\/eolie\/leternita-di-andrea-camilleri-taormina-celebra-il-centenario-dalla-nascita-del-grande-scrittore-siciliano\/eolie-news\/\" \/>\r\n<meta property=\"og:locale\" content=\"it_IT\" \/>\r\n<meta property=\"og:type\" content=\"article\" \/>\r\n<meta property=\"og:title\" content=\"L\u2019eternit\u00e0 di Andrea Camilleri, Taormina celebra il centenario dalla nascita del grande scrittore siciliano - ISOLE EOLIE Turismo e Vacanze Hotel B&amp;B Residence Case Vacanza\" \/>\r\n<meta property=\"og:description\" content=\"Settembre si addice a Taormina , si respirano gli ultimi sorsi d\u2019estate nella serata di venerd\u00ec dedicata al maestro Andrea Camilleri che ieri avrebbe compiuto cento anni, celebrati al Teatro Antico, un libro di pietra che parla di eternit\u00e0, le stesse pietre di quel monumento perenne del Teatro greco di Siracusa dove un Camilleri gi\u00e0 [&hellip;]\" \/>\r\n<meta property=\"og:url\" content=\"https:\/\/www.isoleolie.it\/eolie\/leternita-di-andrea-camilleri-taormina-celebra-il-centenario-dalla-nascita-del-grande-scrittore-siciliano\/eolie-news\/\" \/>\r\n<meta property=\"og:site_name\" content=\"ISOLE EOLIE Turismo e Vacanze Hotel B&amp;B Residence Case Vacanza\" \/>\r\n<meta property=\"article:published_time\" content=\"2025-09-07T08:00:20+00:00\" \/>\r\n<meta property=\"article:modified_time\" content=\"2025-09-09T07:24:16+00:00\" \/>\r\n<meta property=\"og:image\" content=\"https:\/\/www.isoleolie.it\/eolie\/wp-content\/uploads\/2025\/09\/taormina-celebra-camilleri-970x485-MYV4o8.png\" \/>\r\n\t<meta property=\"og:image:width\" content=\"970\" \/>\r\n\t<meta property=\"og:image:height\" content=\"485\" \/>\r\n\t<meta property=\"og:image:type\" content=\"image\/png\" \/>\r\n<meta name=\"author\" content=\"Tourism Manager\" \/>\r\n<meta name=\"twitter:card\" content=\"summary_large_image\" \/>\r\n<meta name=\"twitter:label1\" content=\"Scritto da\" \/>\n\t<meta name=\"twitter:data1\" content=\"Tourism Manager\" \/>\r\n<script type=\"application\/ld+json\" class=\"yoast-schema-graph\">{\"@context\":\"https:\\\/\\\/schema.org\",\"@graph\":[{\"@type\":\"Article\",\"@id\":\"https:\\\/\\\/www.isoleolie.it\\\/eolie\\\/leternita-di-andrea-camilleri-taormina-celebra-il-centenario-dalla-nascita-del-grande-scrittore-siciliano\\\/eolie-news\\\/#article\",\"isPartOf\":{\"@id\":\"https:\\\/\\\/www.isoleolie.it\\\/eolie\\\/leternita-di-andrea-camilleri-taormina-celebra-il-centenario-dalla-nascita-del-grande-scrittore-siciliano\\\/eolie-news\\\/\"},\"author\":{\"name\":\"Tourism Manager\",\"@id\":\"https:\\\/\\\/www.isoleolie.it\\\/eolie\\\/#\\\/schema\\\/person\\\/4c400db26884d9f212712636db6c1746\"},\"headline\":\"L\u2019eternit\u00e0 di Andrea Camilleri, Taormina celebra il centenario dalla nascita del grande scrittore siciliano\",\"datePublished\":\"2025-09-07T08:00:20+00:00\",\"dateModified\":\"2025-09-09T07:24:16+00:00\",\"mainEntityOfPage\":{\"@id\":\"https:\\\/\\\/www.isoleolie.it\\\/eolie\\\/leternita-di-andrea-camilleri-taormina-celebra-il-centenario-dalla-nascita-del-grande-scrittore-siciliano\\\/eolie-news\\\/\"},\"wordCount\":80,\"publisher\":{\"@id\":\"https:\\\/\\\/www.isoleolie.it\\\/eolie\\\/#organization\"},\"image\":{\"@id\":\"https:\\\/\\\/www.isoleolie.it\\\/eolie\\\/leternita-di-andrea-camilleri-taormina-celebra-il-centenario-dalla-nascita-del-grande-scrittore-siciliano\\\/eolie-news\\\/#primaryimage\"},\"thumbnailUrl\":\"https:\\\/\\\/www.isoleolie.it\\\/eolie\\\/wp-content\\\/uploads\\\/2025\\\/09\\\/taormina-celebra-camilleri-970x485-MYV4o8.png\",\"articleSection\":[\"NEWS\"],\"inLanguage\":\"it-IT\"},{\"@type\":\"WebPage\",\"@id\":\"https:\\\/\\\/www.isoleolie.it\\\/eolie\\\/leternita-di-andrea-camilleri-taormina-celebra-il-centenario-dalla-nascita-del-grande-scrittore-siciliano\\\/eolie-news\\\/\",\"url\":\"https:\\\/\\\/www.isoleolie.it\\\/eolie\\\/leternita-di-andrea-camilleri-taormina-celebra-il-centenario-dalla-nascita-del-grande-scrittore-siciliano\\\/eolie-news\\\/\",\"name\":\"L\u2019eternit\u00e0 di Andrea Camilleri, Taormina celebra il centenario dalla nascita del grande scrittore siciliano - ISOLE EOLIE Turismo e Vacanze Hotel B&amp;B Residence Case Vacanza\",\"isPartOf\":{\"@id\":\"https:\\\/\\\/www.isoleolie.it\\\/eolie\\\/#website\"},\"primaryImageOfPage\":{\"@id\":\"https:\\\/\\\/www.isoleolie.it\\\/eolie\\\/leternita-di-andrea-camilleri-taormina-celebra-il-centenario-dalla-nascita-del-grande-scrittore-siciliano\\\/eolie-news\\\/#primaryimage\"},\"image\":{\"@id\":\"https:\\\/\\\/www.isoleolie.it\\\/eolie\\\/leternita-di-andrea-camilleri-taormina-celebra-il-centenario-dalla-nascita-del-grande-scrittore-siciliano\\\/eolie-news\\\/#primaryimage\"},\"thumbnailUrl\":\"https:\\\/\\\/www.isoleolie.it\\\/eolie\\\/wp-content\\\/uploads\\\/2025\\\/09\\\/taormina-celebra-camilleri-970x485-MYV4o8.png\",\"datePublished\":\"2025-09-07T08:00:20+00:00\",\"dateModified\":\"2025-09-09T07:24:16+00:00\",\"breadcrumb\":{\"@id\":\"https:\\\/\\\/www.isoleolie.it\\\/eolie\\\/leternita-di-andrea-camilleri-taormina-celebra-il-centenario-dalla-nascita-del-grande-scrittore-siciliano\\\/eolie-news\\\/#breadcrumb\"},\"inLanguage\":\"it-IT\",\"potentialAction\":[{\"@type\":\"ReadAction\",\"target\":[\"https:\\\/\\\/www.isoleolie.it\\\/eolie\\\/leternita-di-andrea-camilleri-taormina-celebra-il-centenario-dalla-nascita-del-grande-scrittore-siciliano\\\/eolie-news\\\/\"]}]},{\"@type\":\"ImageObject\",\"inLanguage\":\"it-IT\",\"@id\":\"https:\\\/\\\/www.isoleolie.it\\\/eolie\\\/leternita-di-andrea-camilleri-taormina-celebra-il-centenario-dalla-nascita-del-grande-scrittore-siciliano\\\/eolie-news\\\/#primaryimage\",\"url\":\"https:\\\/\\\/www.isoleolie.it\\\/eolie\\\/wp-content\\\/uploads\\\/2025\\\/09\\\/taormina-celebra-camilleri-970x485-MYV4o8.png\",\"contentUrl\":\"https:\\\/\\\/www.isoleolie.it\\\/eolie\\\/wp-content\\\/uploads\\\/2025\\\/09\\\/taormina-celebra-camilleri-970x485-MYV4o8.png\",\"width\":970,\"height\":485},{\"@type\":\"BreadcrumbList\",\"@id\":\"https:\\\/\\\/www.isoleolie.it\\\/eolie\\\/leternita-di-andrea-camilleri-taormina-celebra-il-centenario-dalla-nascita-del-grande-scrittore-siciliano\\\/eolie-news\\\/#breadcrumb\",\"itemListElement\":[{\"@type\":\"ListItem\",\"position\":1,\"name\":\"Home\",\"item\":\"https:\\\/\\\/www.isoleolie.it\\\/eolie\\\/\"},{\"@type\":\"ListItem\",\"position\":2,\"name\":\"L\u2019eternit\u00e0 di Andrea Camilleri, Taormina celebra il centenario dalla nascita del grande scrittore siciliano\"}]},{\"@type\":\"WebSite\",\"@id\":\"https:\\\/\\\/www.isoleolie.it\\\/eolie\\\/#website\",\"url\":\"https:\\\/\\\/www.isoleolie.it\\\/eolie\\\/\",\"name\":\"ISOLE EOLIE Turismo e Vacanze alle Isole Eolie Hotel B&B Residence Case Vacanza\",\"description\":\"The first and official tourism site for the Aeolian Islands\",\"publisher\":{\"@id\":\"https:\\\/\\\/www.isoleolie.it\\\/eolie\\\/#organization\"},\"potentialAction\":[{\"@type\":\"SearchAction\",\"target\":{\"@type\":\"EntryPoint\",\"urlTemplate\":\"https:\\\/\\\/www.isoleolie.it\\\/eolie\\\/?s={search_term_string}\"},\"query-input\":{\"@type\":\"PropertyValueSpecification\",\"valueRequired\":true,\"valueName\":\"search_term_string\"}}],\"inLanguage\":\"it-IT\"},{\"@type\":\"Organization\",\"@id\":\"https:\\\/\\\/www.isoleolie.it\\\/eolie\\\/#organization\",\"name\":\"ISOLE EOLIE\",\"url\":\"https:\\\/\\\/www.isoleolie.it\\\/eolie\\\/\",\"logo\":{\"@type\":\"ImageObject\",\"inLanguage\":\"it-IT\",\"@id\":\"https:\\\/\\\/www.isoleolie.it\\\/eolie\\\/#\\\/schema\\\/logo\\\/image\\\/\",\"url\":\"https:\\\/\\\/www.isoleolie.it\\\/eolie\\\/wp-content\\\/uploads\\\/2024\\\/11\\\/oMv8p0-4_400x400.jpg\",\"contentUrl\":\"https:\\\/\\\/www.isoleolie.it\\\/eolie\\\/wp-content\\\/uploads\\\/2024\\\/11\\\/oMv8p0-4_400x400.jpg\",\"width\":400,\"height\":400,\"caption\":\"ISOLE EOLIE\"},\"image\":{\"@id\":\"https:\\\/\\\/www.isoleolie.it\\\/eolie\\\/#\\\/schema\\\/logo\\\/image\\\/\"}},{\"@type\":\"Person\",\"@id\":\"https:\\\/\\\/www.isoleolie.it\\\/eolie\\\/#\\\/schema\\\/person\\\/4c400db26884d9f212712636db6c1746\",\"name\":\"Tourism Manager\",\"image\":{\"@type\":\"ImageObject\",\"inLanguage\":\"it-IT\",\"@id\":\"https:\\\/\\\/secure.gravatar.com\\\/avatar\\\/3446a46a5f1bdb4055f313474780b529660445bd2d0364f2472d83fd63ed9bbc?s=96&d=mm&r=g\",\"url\":\"https:\\\/\\\/secure.gravatar.com\\\/avatar\\\/3446a46a5f1bdb4055f313474780b529660445bd2d0364f2472d83fd63ed9bbc?s=96&d=mm&r=g\",\"contentUrl\":\"https:\\\/\\\/secure.gravatar.com\\\/avatar\\\/3446a46a5f1bdb4055f313474780b529660445bd2d0364f2472d83fd63ed9bbc?s=96&d=mm&r=g\",\"caption\":\"Tourism Manager\"},\"description\":\"Che cos'\u00e8 un manager del turismo? Tecnicamente, un manager del turismo \u00e8 un nome dato a qualsiasi professionista della gestione che lavora in un'azienda collegata all'industria del turismo. Ci\u00f2 include i direttori generali, che si assumono la responsabilit\u00e0 generale di garantire che le operazioni quotidiane si svolgano senza intoppi, ma includono anche i singoli responsabili di reparto all'interno delle aziende. Il ruolo di manager del turismo implica la supervisione delle operazioni all'interno di un'impresa o organizzazione turistica. \u00c8 una posizione di alto livello, che richiede una comprensione approfondita dei concetti di gestione e dell'industria nel suo insieme.\",\"sameAs\":[\"https:\\\/\\\/www.isoleolie.it\\\/\"],\"url\":\"https:\\\/\\\/www.isoleolie.it\\\/eolie\\\/author\\\/isoleolie_2\\\/\"}]}<\/script>\r\n<!-- \/ Yoast SEO plugin. -->","yoast_head_json":{"title":"L\u2019eternit\u00e0 di Andrea Camilleri, Taormina celebra il centenario dalla nascita del grande scrittore siciliano - ISOLE EOLIE Turismo e Vacanze Hotel B&amp;B Residence Case Vacanza","robots":{"index":"index","follow":"follow","max-snippet":"max-snippet:-1","max-image-preview":"max-image-preview:large","max-video-preview":"max-video-preview:-1"},"canonical":"https:\/\/www.isoleolie.it\/eolie\/leternita-di-andrea-camilleri-taormina-celebra-il-centenario-dalla-nascita-del-grande-scrittore-siciliano\/eolie-news\/","og_locale":"it_IT","og_type":"article","og_title":"L\u2019eternit\u00e0 di Andrea Camilleri, Taormina celebra il centenario dalla nascita del grande scrittore siciliano - ISOLE EOLIE Turismo e Vacanze Hotel B&amp;B Residence Case Vacanza","og_description":"Settembre si addice a Taormina , si respirano gli ultimi sorsi d\u2019estate nella serata di venerd\u00ec dedicata al maestro Andrea Camilleri che ieri avrebbe compiuto cento anni, celebrati al Teatro Antico, un libro di pietra che parla di eternit\u00e0, le stesse pietre di quel monumento perenne del Teatro greco di Siracusa dove un Camilleri gi\u00e0 [&hellip;]","og_url":"https:\/\/www.isoleolie.it\/eolie\/leternita-di-andrea-camilleri-taormina-celebra-il-centenario-dalla-nascita-del-grande-scrittore-siciliano\/eolie-news\/","og_site_name":"ISOLE EOLIE Turismo e Vacanze Hotel B&amp;B Residence Case Vacanza","article_published_time":"2025-09-07T08:00:20+00:00","article_modified_time":"2025-09-09T07:24:16+00:00","og_image":[{"width":970,"height":485,"url":"https:\/\/www.isoleolie.it\/eolie\/wp-content\/uploads\/2025\/09\/taormina-celebra-camilleri-970x485-MYV4o8.png","type":"image\/png"}],"author":"Tourism Manager","twitter_card":"summary_large_image","twitter_misc":{"Scritto da":"Tourism Manager"},"schema":{"@context":"https:\/\/schema.org","@graph":[{"@type":"Article","@id":"https:\/\/www.isoleolie.it\/eolie\/leternita-di-andrea-camilleri-taormina-celebra-il-centenario-dalla-nascita-del-grande-scrittore-siciliano\/eolie-news\/#article","isPartOf":{"@id":"https:\/\/www.isoleolie.it\/eolie\/leternita-di-andrea-camilleri-taormina-celebra-il-centenario-dalla-nascita-del-grande-scrittore-siciliano\/eolie-news\/"},"author":{"name":"Tourism Manager","@id":"https:\/\/www.isoleolie.it\/eolie\/#\/schema\/person\/4c400db26884d9f212712636db6c1746"},"headline":"L\u2019eternit\u00e0 di Andrea Camilleri, Taormina celebra il centenario dalla nascita del grande scrittore siciliano","datePublished":"2025-09-07T08:00:20+00:00","dateModified":"2025-09-09T07:24:16+00:00","mainEntityOfPage":{"@id":"https:\/\/www.isoleolie.it\/eolie\/leternita-di-andrea-camilleri-taormina-celebra-il-centenario-dalla-nascita-del-grande-scrittore-siciliano\/eolie-news\/"},"wordCount":80,"publisher":{"@id":"https:\/\/www.isoleolie.it\/eolie\/#organization"},"image":{"@id":"https:\/\/www.isoleolie.it\/eolie\/leternita-di-andrea-camilleri-taormina-celebra-il-centenario-dalla-nascita-del-grande-scrittore-siciliano\/eolie-news\/#primaryimage"},"thumbnailUrl":"https:\/\/www.isoleolie.it\/eolie\/wp-content\/uploads\/2025\/09\/taormina-celebra-camilleri-970x485-MYV4o8.png","articleSection":["NEWS"],"inLanguage":"it-IT"},{"@type":"WebPage","@id":"https:\/\/www.isoleolie.it\/eolie\/leternita-di-andrea-camilleri-taormina-celebra-il-centenario-dalla-nascita-del-grande-scrittore-siciliano\/eolie-news\/","url":"https:\/\/www.isoleolie.it\/eolie\/leternita-di-andrea-camilleri-taormina-celebra-il-centenario-dalla-nascita-del-grande-scrittore-siciliano\/eolie-news\/","name":"L\u2019eternit\u00e0 di Andrea Camilleri, Taormina celebra il centenario dalla nascita del grande scrittore siciliano - ISOLE EOLIE Turismo e Vacanze Hotel B&amp;B Residence Case Vacanza","isPartOf":{"@id":"https:\/\/www.isoleolie.it\/eolie\/#website"},"primaryImageOfPage":{"@id":"https:\/\/www.isoleolie.it\/eolie\/leternita-di-andrea-camilleri-taormina-celebra-il-centenario-dalla-nascita-del-grande-scrittore-siciliano\/eolie-news\/#primaryimage"},"image":{"@id":"https:\/\/www.isoleolie.it\/eolie\/leternita-di-andrea-camilleri-taormina-celebra-il-centenario-dalla-nascita-del-grande-scrittore-siciliano\/eolie-news\/#primaryimage"},"thumbnailUrl":"https:\/\/www.isoleolie.it\/eolie\/wp-content\/uploads\/2025\/09\/taormina-celebra-camilleri-970x485-MYV4o8.png","datePublished":"2025-09-07T08:00:20+00:00","dateModified":"2025-09-09T07:24:16+00:00","breadcrumb":{"@id":"https:\/\/www.isoleolie.it\/eolie\/leternita-di-andrea-camilleri-taormina-celebra-il-centenario-dalla-nascita-del-grande-scrittore-siciliano\/eolie-news\/#breadcrumb"},"inLanguage":"it-IT","potentialAction":[{"@type":"ReadAction","target":["https:\/\/www.isoleolie.it\/eolie\/leternita-di-andrea-camilleri-taormina-celebra-il-centenario-dalla-nascita-del-grande-scrittore-siciliano\/eolie-news\/"]}]},{"@type":"ImageObject","inLanguage":"it-IT","@id":"https:\/\/www.isoleolie.it\/eolie\/leternita-di-andrea-camilleri-taormina-celebra-il-centenario-dalla-nascita-del-grande-scrittore-siciliano\/eolie-news\/#primaryimage","url":"https:\/\/www.isoleolie.it\/eolie\/wp-content\/uploads\/2025\/09\/taormina-celebra-camilleri-970x485-MYV4o8.png","contentUrl":"https:\/\/www.isoleolie.it\/eolie\/wp-content\/uploads\/2025\/09\/taormina-celebra-camilleri-970x485-MYV4o8.png","width":970,"height":485},{"@type":"BreadcrumbList","@id":"https:\/\/www.isoleolie.it\/eolie\/leternita-di-andrea-camilleri-taormina-celebra-il-centenario-dalla-nascita-del-grande-scrittore-siciliano\/eolie-news\/#breadcrumb","itemListElement":[{"@type":"ListItem","position":1,"name":"Home","item":"https:\/\/www.isoleolie.it\/eolie\/"},{"@type":"ListItem","position":2,"name":"L\u2019eternit\u00e0 di Andrea Camilleri, Taormina celebra il centenario dalla nascita del grande scrittore siciliano"}]},{"@type":"WebSite","@id":"https:\/\/www.isoleolie.it\/eolie\/#website","url":"https:\/\/www.isoleolie.it\/eolie\/","name":"ISOLE EOLIE Turismo e Vacanze alle Isole Eolie Hotel B&B Residence Case Vacanza","description":"The first and official tourism site for the Aeolian Islands","publisher":{"@id":"https:\/\/www.isoleolie.it\/eolie\/#organization"},"potentialAction":[{"@type":"SearchAction","target":{"@type":"EntryPoint","urlTemplate":"https:\/\/www.isoleolie.it\/eolie\/?s={search_term_string}"},"query-input":{"@type":"PropertyValueSpecification","valueRequired":true,"valueName":"search_term_string"}}],"inLanguage":"it-IT"},{"@type":"Organization","@id":"https:\/\/www.isoleolie.it\/eolie\/#organization","name":"ISOLE EOLIE","url":"https:\/\/www.isoleolie.it\/eolie\/","logo":{"@type":"ImageObject","inLanguage":"it-IT","@id":"https:\/\/www.isoleolie.it\/eolie\/#\/schema\/logo\/image\/","url":"https:\/\/www.isoleolie.it\/eolie\/wp-content\/uploads\/2024\/11\/oMv8p0-4_400x400.jpg","contentUrl":"https:\/\/www.isoleolie.it\/eolie\/wp-content\/uploads\/2024\/11\/oMv8p0-4_400x400.jpg","width":400,"height":400,"caption":"ISOLE EOLIE"},"image":{"@id":"https:\/\/www.isoleolie.it\/eolie\/#\/schema\/logo\/image\/"}},{"@type":"Person","@id":"https:\/\/www.isoleolie.it\/eolie\/#\/schema\/person\/4c400db26884d9f212712636db6c1746","name":"Tourism Manager","image":{"@type":"ImageObject","inLanguage":"it-IT","@id":"https:\/\/secure.gravatar.com\/avatar\/3446a46a5f1bdb4055f313474780b529660445bd2d0364f2472d83fd63ed9bbc?s=96&d=mm&r=g","url":"https:\/\/secure.gravatar.com\/avatar\/3446a46a5f1bdb4055f313474780b529660445bd2d0364f2472d83fd63ed9bbc?s=96&d=mm&r=g","contentUrl":"https:\/\/secure.gravatar.com\/avatar\/3446a46a5f1bdb4055f313474780b529660445bd2d0364f2472d83fd63ed9bbc?s=96&d=mm&r=g","caption":"Tourism Manager"},"description":"Che cos'\u00e8 un manager del turismo? Tecnicamente, un manager del turismo \u00e8 un nome dato a qualsiasi professionista della gestione che lavora in un'azienda collegata all'industria del turismo. Ci\u00f2 include i direttori generali, che si assumono la responsabilit\u00e0 generale di garantire che le operazioni quotidiane si svolgano senza intoppi, ma includono anche i singoli responsabili di reparto all'interno delle aziende. Il ruolo di manager del turismo implica la supervisione delle operazioni all'interno di un'impresa o organizzazione turistica. \u00c8 una posizione di alto livello, che richiede una comprensione approfondita dei concetti di gestione e dell'industria nel suo insieme.","sameAs":["https:\/\/www.isoleolie.it\/"],"url":"https:\/\/www.isoleolie.it\/eolie\/author\/isoleolie_2\/"}]}},"_links":{"self":[{"href":"https:\/\/www.isoleolie.it\/eolie\/wp-json\/wp\/v2\/posts\/2383","targetHints":{"allow":["GET"]}}],"collection":[{"href":"https:\/\/www.isoleolie.it\/eolie\/wp-json\/wp\/v2\/posts"}],"about":[{"href":"https:\/\/www.isoleolie.it\/eolie\/wp-json\/wp\/v2\/types\/post"}],"author":[{"embeddable":true,"href":"https:\/\/www.isoleolie.it\/eolie\/wp-json\/wp\/v2\/users\/1"}],"replies":[{"embeddable":true,"href":"https:\/\/www.isoleolie.it\/eolie\/wp-json\/wp\/v2\/comments?post=2383"}],"version-history":[{"count":1,"href":"https:\/\/www.isoleolie.it\/eolie\/wp-json\/wp\/v2\/posts\/2383\/revisions"}],"predecessor-version":[{"id":2513,"href":"https:\/\/www.isoleolie.it\/eolie\/wp-json\/wp\/v2\/posts\/2383\/revisions\/2513"}],"wp:featuredmedia":[{"embeddable":true,"href":"https:\/\/www.isoleolie.it\/eolie\/wp-json\/wp\/v2\/media\/2384"}],"wp:attachment":[{"href":"https:\/\/www.isoleolie.it\/eolie\/wp-json\/wp\/v2\/media?parent=2383"}],"wp:term":[{"taxonomy":"category","embeddable":true,"href":"https:\/\/www.isoleolie.it\/eolie\/wp-json\/wp\/v2\/categories?post=2383"},{"taxonomy":"post_tag","embeddable":true,"href":"https:\/\/www.isoleolie.it\/eolie\/wp-json\/wp\/v2\/tags?post=2383"}],"curies":[{"name":"wp","href":"https:\/\/api.w.org\/{rel}","templated":true}]}}