{"id":2370,"date":"2025-09-06T10:57:38","date_gmt":"2025-09-06T08:57:38","guid":{"rendered":"https:\/\/www.isoleolie.it\/eolie\/gabriella-castelletti-la-madre-della-ragazza-vittima-nei-mesi-scorsi-di-violenza-sessuale-a-seminara-nel-reggino-e-poi-isolata-dai-suoi-concittadini-e-stata-candidata-da-forza-italia-nella-circosc\/isole-eolie\/"},"modified":"2025-09-09T09:33:52","modified_gmt":"2025-09-09T07:33:52","slug":"gabriella-castelletti-la-madre-della-ragazza-vittima-nei-mesi-scorsi-di-violenza-sessuale-a-seminara-nel-reggino-e-poi-isolata-dai-suoi-concittadini-e-stata-candidata-da-forza-italia-nella-circosc","status":"publish","type":"post","link":"https:\/\/www.isoleolie.it\/eolie\/gabriella-castelletti-la-madre-della-ragazza-vittima-nei-mesi-scorsi-di-violenza-sessuale-a-seminara-nel-reggino-e-poi-isolata-dai-suoi-concittadini-e-stata-candidata-da-forza-italia-nella-circosc\/eolie-news\/","title":{"rendered":"Gabriella Castelletti, la madre della ragazza vittima nei mesi scorsi di violenza sessuale a Seminara, nel reggino, e poi isolata dai suoi concittadini, \u00e9 stata candidata da Forza Italia nella circoscrizione sud della Calabria come capolista di Forza Azzurri"},"content":{"rendered":"<p><strong>Testo\u2026 tratto, da\u2026 (www.ansa.it\/calabria)<\/strong>.<\/p>\n<p>Gabriella Castelletti, la madre della ragazza vittima nei mesi scorsi di violenza sessuale a Seminara, nel reggino, e poi isolata dai suoi concittadini, \u00e9 stata candidata da Forza Italia nella circoscrizione sud della Calabria come capolista di Forza Azzurri.<\/p>\n<p>Dopo che aveva denunciato i suoi stupratori, la minorenne non era pi\u00f9 uscita di casa, mentre i suoi genitori avevano subito minacce e danneggiamenti: per la famiglia cos\u00ec era diventato impossibile continuare a vivere a Seminara.<\/p>\n<p>Per questo motivo, dopo un incontro con il presidente Roberto Occhiuto, la Regione ha messo a disposizione della famiglia un alloggio popolare in un altro centro della provincia di Reggio Calabria.<\/p>\n<p>L&#8217;articolo <a href=\"https:\/\/www.messinamagazine.it\/primo-piano\/gabriella-castelletti-la-madre-della-ragazza-vittima-nei-mesi-scorsi-di-violenza-sessuale-a-seminara-nel-reggino-e-poi-isolata-dai-suoi-concittadini-e-stata-candidata-da-forza-italia-nella-circosc\/\">Gabriella Castelletti, la madre della ragazza vittima nei mesi scorsi di violenza sessuale a Seminara, nel reggino, e poi isolata dai suoi concittadini, \u00e9 stata candidata da Forza Italia nella circoscrizione sud della Calabria come capolista di Forza Azzurri<\/a> proviene da <a href=\"https:\/\/www.messinamagazine.it\/\">Messina Magazine<\/a>.<\/p>\n","protected":false},"excerpt":{"rendered":"<p>Testo\u2026 tratto, da\u2026 (www.ansa.it\/calabria). Gabriella Castelletti, la madre della ragazza vittima nei mesi scorsi di violenza sessuale a Seminara, nel reggino, e poi isolata dai suoi concittadini, \u00e9 stata candidata da Forza Italia nella circoscrizione sud della Calabria come capolista di Forza Azzurri. Dopo che aveva denunciato i suoi stupratori, la minorenne non era pi\u00f9 [&hellip;]<\/p>\n","protected":false},"author":1,"featured_media":0,"comment_status":"closed","ping_status":"","sticky":false,"template":"","format":"standard","meta":{"footnotes":""},"categories":[22],"tags":[],"class_list":["post-2370","post","type-post","status-publish","format-standard","hentry","category-eolie-news"],"yoast_head":"<!-- This site is optimized with the Yoast SEO plugin v27.5 - https:\/\/yoast.com\/product\/yoast-seo-wordpress\/ -->\r\n<title>Gabriella Castelletti, la madre della ragazza vittima nei mesi scorsi di violenza sessuale a Seminara, nel reggino, e poi isolata dai suoi concittadini, \u00e9 stata candidata da Forza Italia nella circoscrizione sud della Calabria come capolista di Forza Azzurri - ISOLE EOLIE Turismo e Vacanze Hotel B&amp;B Residence Case Vacanza<\/title>\r\n<meta name=\"robots\" content=\"index, follow, max-snippet:-1, max-image-preview:large, max-video-preview:-1\" \/>\r\n<link rel=\"canonical\" href=\"https:\/\/www.isoleolie.it\/eolie\/gabriella-castelletti-la-madre-della-ragazza-vittima-nei-mesi-scorsi-di-violenza-sessuale-a-seminara-nel-reggino-e-poi-isolata-dai-suoi-concittadini-e-stata-candidata-da-forza-italia-nella-circosc\/eolie-news\/\" \/>\r\n<meta property=\"og:locale\" content=\"it_IT\" \/>\r\n<meta property=\"og:type\" content=\"article\" \/>\r\n<meta property=\"og:title\" content=\"Gabriella Castelletti, la madre della ragazza vittima nei mesi scorsi di violenza sessuale a Seminara, nel reggino, e poi isolata dai suoi concittadini, \u00e9 stata candidata da Forza Italia nella circoscrizione sud della Calabria come capolista di Forza Azzurri - ISOLE EOLIE Turismo e Vacanze Hotel B&amp;B Residence Case Vacanza\" \/>\r\n<meta property=\"og:description\" content=\"Testo\u2026 tratto, da\u2026 (www.ansa.it\/calabria). Gabriella Castelletti, la madre della ragazza vittima nei mesi scorsi di violenza sessuale a Seminara, nel reggino, e poi isolata dai suoi concittadini, \u00e9 stata candidata da Forza Italia nella circoscrizione sud della Calabria come capolista di Forza Azzurri. Dopo che aveva denunciato i suoi stupratori, la minorenne non era pi\u00f9 [&hellip;]\" \/>\r\n<meta property=\"og:url\" content=\"https:\/\/www.isoleolie.it\/eolie\/gabriella-castelletti-la-madre-della-ragazza-vittima-nei-mesi-scorsi-di-violenza-sessuale-a-seminara-nel-reggino-e-poi-isolata-dai-suoi-concittadini-e-stata-candidata-da-forza-italia-nella-circosc\/eolie-news\/\" \/>\r\n<meta property=\"og:site_name\" content=\"ISOLE EOLIE Turismo e Vacanze Hotel B&amp;B Residence Case Vacanza\" \/>\r\n<meta property=\"article:published_time\" content=\"2025-09-06T08:57:38+00:00\" \/>\r\n<meta property=\"article:modified_time\" content=\"2025-09-09T07:33:52+00:00\" \/>\r\n<meta name=\"author\" content=\"Tourism Manager\" \/>\r\n<meta name=\"twitter:card\" content=\"summary_large_image\" \/>\r\n<meta name=\"twitter:label1\" content=\"Scritto da\" \/>\n\t<meta name=\"twitter:data1\" content=\"Tourism Manager\" \/>\n\t<meta name=\"twitter:label2\" content=\"Tempo di lettura stimato\" \/>\n\t<meta name=\"twitter:data2\" content=\"1 minuto\" \/>\r\n<script type=\"application\/ld+json\" class=\"yoast-schema-graph\">{\"@context\":\"https:\\\/\\\/schema.org\",\"@graph\":[{\"@type\":\"Article\",\"@id\":\"https:\\\/\\\/www.isoleolie.it\\\/eolie\\\/gabriella-castelletti-la-madre-della-ragazza-vittima-nei-mesi-scorsi-di-violenza-sessuale-a-seminara-nel-reggino-e-poi-isolata-dai-suoi-concittadini-e-stata-candidata-da-forza-italia-nella-circosc\\\/eolie-news\\\/#article\",\"isPartOf\":{\"@id\":\"https:\\\/\\\/www.isoleolie.it\\\/eolie\\\/gabriella-castelletti-la-madre-della-ragazza-vittima-nei-mesi-scorsi-di-violenza-sessuale-a-seminara-nel-reggino-e-poi-isolata-dai-suoi-concittadini-e-stata-candidata-da-forza-italia-nella-circosc\\\/eolie-news\\\/\"},\"author\":{\"name\":\"Tourism Manager\",\"@id\":\"https:\\\/\\\/www.isoleolie.it\\\/eolie\\\/#\\\/schema\\\/person\\\/4c400db26884d9f212712636db6c1746\"},\"headline\":\"Gabriella Castelletti, la madre della ragazza vittima nei mesi scorsi di violenza sessuale a Seminara, nel reggino, e poi isolata dai suoi concittadini, \u00e9 stata candidata da Forza Italia nella circoscrizione sud della Calabria come capolista di Forza Azzurri\",\"datePublished\":\"2025-09-06T08:57:38+00:00\",\"dateModified\":\"2025-09-09T07:33:52+00:00\",\"mainEntityOfPage\":{\"@id\":\"https:\\\/\\\/www.isoleolie.it\\\/eolie\\\/gabriella-castelletti-la-madre-della-ragazza-vittima-nei-mesi-scorsi-di-violenza-sessuale-a-seminara-nel-reggino-e-poi-isolata-dai-suoi-concittadini-e-stata-candidata-da-forza-italia-nella-circosc\\\/eolie-news\\\/\"},\"wordCount\":194,\"publisher\":{\"@id\":\"https:\\\/\\\/www.isoleolie.it\\\/eolie\\\/#organization\"},\"articleSection\":[\"NEWS\"],\"inLanguage\":\"it-IT\"},{\"@type\":\"WebPage\",\"@id\":\"https:\\\/\\\/www.isoleolie.it\\\/eolie\\\/gabriella-castelletti-la-madre-della-ragazza-vittima-nei-mesi-scorsi-di-violenza-sessuale-a-seminara-nel-reggino-e-poi-isolata-dai-suoi-concittadini-e-stata-candidata-da-forza-italia-nella-circosc\\\/eolie-news\\\/\",\"url\":\"https:\\\/\\\/www.isoleolie.it\\\/eolie\\\/gabriella-castelletti-la-madre-della-ragazza-vittima-nei-mesi-scorsi-di-violenza-sessuale-a-seminara-nel-reggino-e-poi-isolata-dai-suoi-concittadini-e-stata-candidata-da-forza-italia-nella-circosc\\\/eolie-news\\\/\",\"name\":\"Gabriella Castelletti, la madre della ragazza vittima nei mesi scorsi di violenza sessuale a Seminara, nel reggino, e poi isolata dai suoi concittadini, \u00e9 stata candidata da Forza Italia nella circoscrizione sud della Calabria come capolista di Forza Azzurri - ISOLE EOLIE Turismo e Vacanze Hotel B&amp;B Residence Case Vacanza\",\"isPartOf\":{\"@id\":\"https:\\\/\\\/www.isoleolie.it\\\/eolie\\\/#website\"},\"datePublished\":\"2025-09-06T08:57:38+00:00\",\"dateModified\":\"2025-09-09T07:33:52+00:00\",\"breadcrumb\":{\"@id\":\"https:\\\/\\\/www.isoleolie.it\\\/eolie\\\/gabriella-castelletti-la-madre-della-ragazza-vittima-nei-mesi-scorsi-di-violenza-sessuale-a-seminara-nel-reggino-e-poi-isolata-dai-suoi-concittadini-e-stata-candidata-da-forza-italia-nella-circosc\\\/eolie-news\\\/#breadcrumb\"},\"inLanguage\":\"it-IT\",\"potentialAction\":[{\"@type\":\"ReadAction\",\"target\":[\"https:\\\/\\\/www.isoleolie.it\\\/eolie\\\/gabriella-castelletti-la-madre-della-ragazza-vittima-nei-mesi-scorsi-di-violenza-sessuale-a-seminara-nel-reggino-e-poi-isolata-dai-suoi-concittadini-e-stata-candidata-da-forza-italia-nella-circosc\\\/eolie-news\\\/\"]}]},{\"@type\":\"BreadcrumbList\",\"@id\":\"https:\\\/\\\/www.isoleolie.it\\\/eolie\\\/gabriella-castelletti-la-madre-della-ragazza-vittima-nei-mesi-scorsi-di-violenza-sessuale-a-seminara-nel-reggino-e-poi-isolata-dai-suoi-concittadini-e-stata-candidata-da-forza-italia-nella-circosc\\\/eolie-news\\\/#breadcrumb\",\"itemListElement\":[{\"@type\":\"ListItem\",\"position\":1,\"name\":\"Home\",\"item\":\"https:\\\/\\\/www.isoleolie.it\\\/eolie\\\/\"},{\"@type\":\"ListItem\",\"position\":2,\"name\":\"Gabriella Castelletti, la madre della ragazza vittima nei mesi scorsi di violenza sessuale a Seminara, nel reggino, e poi isolata dai suoi concittadini, \u00e9 stata candidata da Forza Italia nella circoscrizione sud della Calabria come capolista di Forza Azzurri\"}]},{\"@type\":\"WebSite\",\"@id\":\"https:\\\/\\\/www.isoleolie.it\\\/eolie\\\/#website\",\"url\":\"https:\\\/\\\/www.isoleolie.it\\\/eolie\\\/\",\"name\":\"ISOLE EOLIE Turismo e Vacanze alle Isole Eolie Hotel B&B Residence Case Vacanza\",\"description\":\"The first and official tourism site for the Aeolian Islands\",\"publisher\":{\"@id\":\"https:\\\/\\\/www.isoleolie.it\\\/eolie\\\/#organization\"},\"potentialAction\":[{\"@type\":\"SearchAction\",\"target\":{\"@type\":\"EntryPoint\",\"urlTemplate\":\"https:\\\/\\\/www.isoleolie.it\\\/eolie\\\/?s={search_term_string}\"},\"query-input\":{\"@type\":\"PropertyValueSpecification\",\"valueRequired\":true,\"valueName\":\"search_term_string\"}}],\"inLanguage\":\"it-IT\"},{\"@type\":\"Organization\",\"@id\":\"https:\\\/\\\/www.isoleolie.it\\\/eolie\\\/#organization\",\"name\":\"ISOLE EOLIE\",\"url\":\"https:\\\/\\\/www.isoleolie.it\\\/eolie\\\/\",\"logo\":{\"@type\":\"ImageObject\",\"inLanguage\":\"it-IT\",\"@id\":\"https:\\\/\\\/www.isoleolie.it\\\/eolie\\\/#\\\/schema\\\/logo\\\/image\\\/\",\"url\":\"https:\\\/\\\/www.isoleolie.it\\\/eolie\\\/wp-content\\\/uploads\\\/2024\\\/11\\\/oMv8p0-4_400x400.jpg\",\"contentUrl\":\"https:\\\/\\\/www.isoleolie.it\\\/eolie\\\/wp-content\\\/uploads\\\/2024\\\/11\\\/oMv8p0-4_400x400.jpg\",\"width\":400,\"height\":400,\"caption\":\"ISOLE EOLIE\"},\"image\":{\"@id\":\"https:\\\/\\\/www.isoleolie.it\\\/eolie\\\/#\\\/schema\\\/logo\\\/image\\\/\"}},{\"@type\":\"Person\",\"@id\":\"https:\\\/\\\/www.isoleolie.it\\\/eolie\\\/#\\\/schema\\\/person\\\/4c400db26884d9f212712636db6c1746\",\"name\":\"Tourism Manager\",\"image\":{\"@type\":\"ImageObject\",\"inLanguage\":\"it-IT\",\"@id\":\"https:\\\/\\\/secure.gravatar.com\\\/avatar\\\/3446a46a5f1bdb4055f313474780b529660445bd2d0364f2472d83fd63ed9bbc?s=96&d=mm&r=g\",\"url\":\"https:\\\/\\\/secure.gravatar.com\\\/avatar\\\/3446a46a5f1bdb4055f313474780b529660445bd2d0364f2472d83fd63ed9bbc?s=96&d=mm&r=g\",\"contentUrl\":\"https:\\\/\\\/secure.gravatar.com\\\/avatar\\\/3446a46a5f1bdb4055f313474780b529660445bd2d0364f2472d83fd63ed9bbc?s=96&d=mm&r=g\",\"caption\":\"Tourism Manager\"},\"description\":\"Che cos'\u00e8 un manager del turismo? Tecnicamente, un manager del turismo \u00e8 un nome dato a qualsiasi professionista della gestione che lavora in un'azienda collegata all'industria del turismo. Ci\u00f2 include i direttori generali, che si assumono la responsabilit\u00e0 generale di garantire che le operazioni quotidiane si svolgano senza intoppi, ma includono anche i singoli responsabili di reparto all'interno delle aziende. Il ruolo di manager del turismo implica la supervisione delle operazioni all'interno di un'impresa o organizzazione turistica. \u00c8 una posizione di alto livello, che richiede una comprensione approfondita dei concetti di gestione e dell'industria nel suo insieme.\",\"sameAs\":[\"https:\\\/\\\/www.isoleolie.it\\\/\"],\"url\":\"https:\\\/\\\/www.isoleolie.it\\\/eolie\\\/author\\\/isoleolie_2\\\/\"}]}<\/script>\r\n<!-- \/ Yoast SEO plugin. -->","yoast_head_json":{"title":"Gabriella Castelletti, la madre della ragazza vittima nei mesi scorsi di violenza sessuale a Seminara, nel reggino, e poi isolata dai suoi concittadini, \u00e9 stata candidata da Forza Italia nella circoscrizione sud della Calabria come capolista di Forza Azzurri - ISOLE EOLIE Turismo e Vacanze Hotel B&amp;B Residence Case Vacanza","robots":{"index":"index","follow":"follow","max-snippet":"max-snippet:-1","max-image-preview":"max-image-preview:large","max-video-preview":"max-video-preview:-1"},"canonical":"https:\/\/www.isoleolie.it\/eolie\/gabriella-castelletti-la-madre-della-ragazza-vittima-nei-mesi-scorsi-di-violenza-sessuale-a-seminara-nel-reggino-e-poi-isolata-dai-suoi-concittadini-e-stata-candidata-da-forza-italia-nella-circosc\/eolie-news\/","og_locale":"it_IT","og_type":"article","og_title":"Gabriella Castelletti, la madre della ragazza vittima nei mesi scorsi di violenza sessuale a Seminara, nel reggino, e poi isolata dai suoi concittadini, \u00e9 stata candidata da Forza Italia nella circoscrizione sud della Calabria come capolista di Forza Azzurri - ISOLE EOLIE Turismo e Vacanze Hotel B&amp;B Residence Case Vacanza","og_description":"Testo\u2026 tratto, da\u2026 (www.ansa.it\/calabria). Gabriella Castelletti, la madre della ragazza vittima nei mesi scorsi di violenza sessuale a Seminara, nel reggino, e poi isolata dai suoi concittadini, \u00e9 stata candidata da Forza Italia nella circoscrizione sud della Calabria come capolista di Forza Azzurri. Dopo che aveva denunciato i suoi stupratori, la minorenne non era pi\u00f9 [&hellip;]","og_url":"https:\/\/www.isoleolie.it\/eolie\/gabriella-castelletti-la-madre-della-ragazza-vittima-nei-mesi-scorsi-di-violenza-sessuale-a-seminara-nel-reggino-e-poi-isolata-dai-suoi-concittadini-e-stata-candidata-da-forza-italia-nella-circosc\/eolie-news\/","og_site_name":"ISOLE EOLIE Turismo e Vacanze Hotel B&amp;B Residence Case Vacanza","article_published_time":"2025-09-06T08:57:38+00:00","article_modified_time":"2025-09-09T07:33:52+00:00","author":"Tourism Manager","twitter_card":"summary_large_image","twitter_misc":{"Scritto da":"Tourism Manager","Tempo di lettura stimato":"1 minuto"},"schema":{"@context":"https:\/\/schema.org","@graph":[{"@type":"Article","@id":"https:\/\/www.isoleolie.it\/eolie\/gabriella-castelletti-la-madre-della-ragazza-vittima-nei-mesi-scorsi-di-violenza-sessuale-a-seminara-nel-reggino-e-poi-isolata-dai-suoi-concittadini-e-stata-candidata-da-forza-italia-nella-circosc\/eolie-news\/#article","isPartOf":{"@id":"https:\/\/www.isoleolie.it\/eolie\/gabriella-castelletti-la-madre-della-ragazza-vittima-nei-mesi-scorsi-di-violenza-sessuale-a-seminara-nel-reggino-e-poi-isolata-dai-suoi-concittadini-e-stata-candidata-da-forza-italia-nella-circosc\/eolie-news\/"},"author":{"name":"Tourism Manager","@id":"https:\/\/www.isoleolie.it\/eolie\/#\/schema\/person\/4c400db26884d9f212712636db6c1746"},"headline":"Gabriella Castelletti, la madre della ragazza vittima nei mesi scorsi di violenza sessuale a Seminara, nel reggino, e poi isolata dai suoi concittadini, \u00e9 stata candidata da Forza Italia nella circoscrizione sud della Calabria come capolista di Forza Azzurri","datePublished":"2025-09-06T08:57:38+00:00","dateModified":"2025-09-09T07:33:52+00:00","mainEntityOfPage":{"@id":"https:\/\/www.isoleolie.it\/eolie\/gabriella-castelletti-la-madre-della-ragazza-vittima-nei-mesi-scorsi-di-violenza-sessuale-a-seminara-nel-reggino-e-poi-isolata-dai-suoi-concittadini-e-stata-candidata-da-forza-italia-nella-circosc\/eolie-news\/"},"wordCount":194,"publisher":{"@id":"https:\/\/www.isoleolie.it\/eolie\/#organization"},"articleSection":["NEWS"],"inLanguage":"it-IT"},{"@type":"WebPage","@id":"https:\/\/www.isoleolie.it\/eolie\/gabriella-castelletti-la-madre-della-ragazza-vittima-nei-mesi-scorsi-di-violenza-sessuale-a-seminara-nel-reggino-e-poi-isolata-dai-suoi-concittadini-e-stata-candidata-da-forza-italia-nella-circosc\/eolie-news\/","url":"https:\/\/www.isoleolie.it\/eolie\/gabriella-castelletti-la-madre-della-ragazza-vittima-nei-mesi-scorsi-di-violenza-sessuale-a-seminara-nel-reggino-e-poi-isolata-dai-suoi-concittadini-e-stata-candidata-da-forza-italia-nella-circosc\/eolie-news\/","name":"Gabriella Castelletti, la madre della ragazza vittima nei mesi scorsi di violenza sessuale a Seminara, nel reggino, e poi isolata dai suoi concittadini, \u00e9 stata candidata da Forza Italia nella circoscrizione sud della Calabria come capolista di Forza Azzurri - ISOLE EOLIE Turismo e Vacanze Hotel B&amp;B Residence Case Vacanza","isPartOf":{"@id":"https:\/\/www.isoleolie.it\/eolie\/#website"},"datePublished":"2025-09-06T08:57:38+00:00","dateModified":"2025-09-09T07:33:52+00:00","breadcrumb":{"@id":"https:\/\/www.isoleolie.it\/eolie\/gabriella-castelletti-la-madre-della-ragazza-vittima-nei-mesi-scorsi-di-violenza-sessuale-a-seminara-nel-reggino-e-poi-isolata-dai-suoi-concittadini-e-stata-candidata-da-forza-italia-nella-circosc\/eolie-news\/#breadcrumb"},"inLanguage":"it-IT","potentialAction":[{"@type":"ReadAction","target":["https:\/\/www.isoleolie.it\/eolie\/gabriella-castelletti-la-madre-della-ragazza-vittima-nei-mesi-scorsi-di-violenza-sessuale-a-seminara-nel-reggino-e-poi-isolata-dai-suoi-concittadini-e-stata-candidata-da-forza-italia-nella-circosc\/eolie-news\/"]}]},{"@type":"BreadcrumbList","@id":"https:\/\/www.isoleolie.it\/eolie\/gabriella-castelletti-la-madre-della-ragazza-vittima-nei-mesi-scorsi-di-violenza-sessuale-a-seminara-nel-reggino-e-poi-isolata-dai-suoi-concittadini-e-stata-candidata-da-forza-italia-nella-circosc\/eolie-news\/#breadcrumb","itemListElement":[{"@type":"ListItem","position":1,"name":"Home","item":"https:\/\/www.isoleolie.it\/eolie\/"},{"@type":"ListItem","position":2,"name":"Gabriella Castelletti, la madre della ragazza vittima nei mesi scorsi di violenza sessuale a Seminara, nel reggino, e poi isolata dai suoi concittadini, \u00e9 stata candidata da Forza Italia nella circoscrizione sud della Calabria come capolista di Forza Azzurri"}]},{"@type":"WebSite","@id":"https:\/\/www.isoleolie.it\/eolie\/#website","url":"https:\/\/www.isoleolie.it\/eolie\/","name":"ISOLE EOLIE Turismo e Vacanze alle Isole Eolie Hotel B&B Residence Case Vacanza","description":"The first and official tourism site for the Aeolian Islands","publisher":{"@id":"https:\/\/www.isoleolie.it\/eolie\/#organization"},"potentialAction":[{"@type":"SearchAction","target":{"@type":"EntryPoint","urlTemplate":"https:\/\/www.isoleolie.it\/eolie\/?s={search_term_string}"},"query-input":{"@type":"PropertyValueSpecification","valueRequired":true,"valueName":"search_term_string"}}],"inLanguage":"it-IT"},{"@type":"Organization","@id":"https:\/\/www.isoleolie.it\/eolie\/#organization","name":"ISOLE EOLIE","url":"https:\/\/www.isoleolie.it\/eolie\/","logo":{"@type":"ImageObject","inLanguage":"it-IT","@id":"https:\/\/www.isoleolie.it\/eolie\/#\/schema\/logo\/image\/","url":"https:\/\/www.isoleolie.it\/eolie\/wp-content\/uploads\/2024\/11\/oMv8p0-4_400x400.jpg","contentUrl":"https:\/\/www.isoleolie.it\/eolie\/wp-content\/uploads\/2024\/11\/oMv8p0-4_400x400.jpg","width":400,"height":400,"caption":"ISOLE EOLIE"},"image":{"@id":"https:\/\/www.isoleolie.it\/eolie\/#\/schema\/logo\/image\/"}},{"@type":"Person","@id":"https:\/\/www.isoleolie.it\/eolie\/#\/schema\/person\/4c400db26884d9f212712636db6c1746","name":"Tourism Manager","image":{"@type":"ImageObject","inLanguage":"it-IT","@id":"https:\/\/secure.gravatar.com\/avatar\/3446a46a5f1bdb4055f313474780b529660445bd2d0364f2472d83fd63ed9bbc?s=96&d=mm&r=g","url":"https:\/\/secure.gravatar.com\/avatar\/3446a46a5f1bdb4055f313474780b529660445bd2d0364f2472d83fd63ed9bbc?s=96&d=mm&r=g","contentUrl":"https:\/\/secure.gravatar.com\/avatar\/3446a46a5f1bdb4055f313474780b529660445bd2d0364f2472d83fd63ed9bbc?s=96&d=mm&r=g","caption":"Tourism Manager"},"description":"Che cos'\u00e8 un manager del turismo? Tecnicamente, un manager del turismo \u00e8 un nome dato a qualsiasi professionista della gestione che lavora in un'azienda collegata all'industria del turismo. Ci\u00f2 include i direttori generali, che si assumono la responsabilit\u00e0 generale di garantire che le operazioni quotidiane si svolgano senza intoppi, ma includono anche i singoli responsabili di reparto all'interno delle aziende. Il ruolo di manager del turismo implica la supervisione delle operazioni all'interno di un'impresa o organizzazione turistica. \u00c8 una posizione di alto livello, che richiede una comprensione approfondita dei concetti di gestione e dell'industria nel suo insieme.","sameAs":["https:\/\/www.isoleolie.it\/"],"url":"https:\/\/www.isoleolie.it\/eolie\/author\/isoleolie_2\/"}]}},"_links":{"self":[{"href":"https:\/\/www.isoleolie.it\/eolie\/wp-json\/wp\/v2\/posts\/2370","targetHints":{"allow":["GET"]}}],"collection":[{"href":"https:\/\/www.isoleolie.it\/eolie\/wp-json\/wp\/v2\/posts"}],"about":[{"href":"https:\/\/www.isoleolie.it\/eolie\/wp-json\/wp\/v2\/types\/post"}],"author":[{"embeddable":true,"href":"https:\/\/www.isoleolie.it\/eolie\/wp-json\/wp\/v2\/users\/1"}],"replies":[{"embeddable":true,"href":"https:\/\/www.isoleolie.it\/eolie\/wp-json\/wp\/v2\/comments?post=2370"}],"version-history":[{"count":1,"href":"https:\/\/www.isoleolie.it\/eolie\/wp-json\/wp\/v2\/posts\/2370\/revisions"}],"predecessor-version":[{"id":2537,"href":"https:\/\/www.isoleolie.it\/eolie\/wp-json\/wp\/v2\/posts\/2370\/revisions\/2537"}],"wp:attachment":[{"href":"https:\/\/www.isoleolie.it\/eolie\/wp-json\/wp\/v2\/media?parent=2370"}],"wp:term":[{"taxonomy":"category","embeddable":true,"href":"https:\/\/www.isoleolie.it\/eolie\/wp-json\/wp\/v2\/categories?post=2370"},{"taxonomy":"post_tag","embeddable":true,"href":"https:\/\/www.isoleolie.it\/eolie\/wp-json\/wp\/v2\/tags?post=2370"}],"curies":[{"name":"wp","href":"https:\/\/api.w.org\/{rel}","templated":true}]}}