{"id":2368,"date":"2025-09-06T14:36:28","date_gmt":"2025-09-06T12:36:28","guid":{"rendered":"https:\/\/www.isoleolie.it\/eolie\/con-la-canonizzazione-di-carlo-acutis-e-pier-giorgio-frassati-la-questura-di-roma-si-accinge-alla-gestione-di-un-nuovo-step-del-cammino-giubilare-dopo-la-pausa-estiva-segnata-dal-giubileo-dei-giovani\/isole-eolie\/"},"modified":"2025-09-09T09:24:34","modified_gmt":"2025-09-09T07:24:34","slug":"con-la-canonizzazione-di-carlo-acutis-e-pier-giorgio-frassati-la-questura-di-roma-si-accinge-alla-gestione-di-un-nuovo-step-del-cammino-giubilare-dopo-la-pausa-estiva-segnata-dal-giubileo-dei-giovani","status":"publish","type":"post","link":"https:\/\/www.isoleolie.it\/eolie\/con-la-canonizzazione-di-carlo-acutis-e-pier-giorgio-frassati-la-questura-di-roma-si-accinge-alla-gestione-di-un-nuovo-step-del-cammino-giubilare-dopo-la-pausa-estiva-segnata-dal-giubileo-dei-giovani\/eolie-news\/","title":{"rendered":"Con la canonizzazione di Carlo Acutis e Pier Giorgio Frassati la Questura di Roma si accinge alla gestione di un nuovo step del cammino giubilare, dopo la pausa estiva segnata dal Giubileo dei giovani andato in scena a Tor Vergata all\u2019inizio dello scorso agosto"},"content":{"rendered":"<p><strong>Con la canonizzazione di Carlo Acutis e Pier Giorgio Frassati la Questura di Roma si accinge alla gestione di un nuovo step del cammino giubilare<\/strong>, dopo la pausa estiva segnata dal Giubileo dei giovani andato in scena a Tor Vergata all\u2019inizio dello scorso agosto.<\/p>\n<p><strong>Ad accogliere i fedeli che interverranno in piazza S. Pietro in occasione della canonizzazione \u201cdell\u2019influencer\u201d umbro e del \u201cbeato della carit\u00e0\u201d ci sar\u00e0 ancora una volta una macchina della sicurezza interforze<\/strong>, orientata ad un clima di accoglienza, sposata con il rigore dei controlli che un evento del calibro di quello in programma domenica 7 settembre richiede, atteso il numero sensibile di fedeli annunciato.<\/p>\n<p><strong>Parte dei pellegrini raggiungeranno il Vaticano a bordo di un treno charter che far\u00e0 ingresso all\u2019interno dei confini dello Stato Citt\u00e0 del Vaticano attraverso<\/strong> la linea ferrata che approda direttamente in territorio pontificio, assistito da personale della Polizia ferroviaria.<\/p>\n<p><strong>Saranno schierati contingenti della forza pubblica, reparti ippomontati, fino agli assetti speciali antidrone preposti ad intercettare ogni<\/strong> traccia potenzialmente \u201costile\u201d.<\/p>\n<p><strong>Il piano di sicurezza scatter\u00e0 dalle prime ore della notte, quando inizieranno gli allestimenti per l\u2019attivazione dell\u2019area riservata<\/strong>, in cui i fedeli accederanno solo dopo i controlli di rito anche con l\u2019utilizzo di dispositivi metal detector di ultima generazione.<\/p>\n<p><strong>Alle ore 06:00, invece, sar\u00e0 dato l\u2019avvio alle procedure di afflusso, con l\u2019inizio del riempimento di piazza<\/strong> San Pietro, attraverso le trenta postazioni rapiscan e metal detector attive nei pressi del Colonnato del Bernini, fino all\u2019ingombro, a scalare, dell\u2019area di piazza Pio XII\u00b0.<\/p>\n<p><strong>In previsione dell\u2019arrivo di numerosi pullman da tutta Italia, sono state individuate apposite aree di parcheggio a beneficio dei flussi organizzati<\/strong>, in modo da agevolare le operazioni di accoglienza e smistamento verso il perimetro di sicurezza.<\/p>\n<p>L&#8217;articolo <a href=\"https:\/\/www.messinamagazine.it\/primo-piano\/con-la-canonizzazione-di-carlo-acutis-e-pier-giorgio-frassati-la-questura-di-roma-si-accinge-alla-gestione-di-un-nuovo-step-del-cammino-giubilare-dopo-la-pausa-estiva-segnata-dal-giubileo-dei-giovani\/\">Con la canonizzazione di Carlo Acutis e Pier Giorgio Frassati la Questura di Roma si accinge alla gestione di un nuovo step del cammino giubilare, dopo la pausa estiva segnata dal Giubileo dei giovani andato in scena a Tor Vergata all\u2019inizio dello scorso agosto<\/a> proviene da <a href=\"https:\/\/www.messinamagazine.it\/\">Messina Magazine<\/a>.<\/p>\n","protected":false},"excerpt":{"rendered":"<p>Con la canonizzazione di Carlo Acutis e Pier Giorgio Frassati la Questura di Roma si accinge alla gestione di un nuovo step del cammino giubilare, dopo la pausa estiva segnata dal Giubileo dei giovani andato in scena a Tor Vergata all\u2019inizio dello scorso agosto. Ad accogliere i fedeli che interverranno in piazza S. Pietro in [&hellip;]<\/p>\n","protected":false},"author":1,"featured_media":0,"comment_status":"closed","ping_status":"","sticky":false,"template":"","format":"standard","meta":{"footnotes":""},"categories":[22],"tags":[],"class_list":["post-2368","post","type-post","status-publish","format-standard","hentry","category-eolie-news"],"yoast_head":"<!-- This site is optimized with the Yoast SEO plugin v27.5 - https:\/\/yoast.com\/product\/yoast-seo-wordpress\/ -->\r\n<title>Con la canonizzazione di Carlo Acutis e Pier Giorgio Frassati la Questura di Roma si accinge alla gestione di un nuovo step del cammino giubilare, dopo la pausa estiva segnata dal Giubileo dei giovani andato in scena a Tor Vergata all\u2019inizio dello scorso agosto - ISOLE EOLIE Turismo e Vacanze Hotel B&amp;B Residence Case Vacanza<\/title>\r\n<meta name=\"robots\" content=\"index, follow, max-snippet:-1, max-image-preview:large, max-video-preview:-1\" \/>\r\n<link rel=\"canonical\" href=\"https:\/\/www.isoleolie.it\/eolie\/con-la-canonizzazione-di-carlo-acutis-e-pier-giorgio-frassati-la-questura-di-roma-si-accinge-alla-gestione-di-un-nuovo-step-del-cammino-giubilare-dopo-la-pausa-estiva-segnata-dal-giubileo-dei-giovani\/eolie-news\/\" \/>\r\n<meta property=\"og:locale\" content=\"it_IT\" \/>\r\n<meta property=\"og:type\" content=\"article\" \/>\r\n<meta property=\"og:title\" content=\"Con la canonizzazione di Carlo Acutis e Pier Giorgio Frassati la Questura di Roma si accinge alla gestione di un nuovo step del cammino giubilare, dopo la pausa estiva segnata dal Giubileo dei giovani andato in scena a Tor Vergata all\u2019inizio dello scorso agosto - ISOLE EOLIE Turismo e Vacanze Hotel B&amp;B Residence Case Vacanza\" \/>\r\n<meta property=\"og:description\" content=\"Con la canonizzazione di Carlo Acutis e Pier Giorgio Frassati la Questura di Roma si accinge alla gestione di un nuovo step del cammino giubilare, dopo la pausa estiva segnata dal Giubileo dei giovani andato in scena a Tor Vergata all\u2019inizio dello scorso agosto. Ad accogliere i fedeli che interverranno in piazza S. Pietro in [&hellip;]\" \/>\r\n<meta property=\"og:url\" content=\"https:\/\/www.isoleolie.it\/eolie\/con-la-canonizzazione-di-carlo-acutis-e-pier-giorgio-frassati-la-questura-di-roma-si-accinge-alla-gestione-di-un-nuovo-step-del-cammino-giubilare-dopo-la-pausa-estiva-segnata-dal-giubileo-dei-giovani\/eolie-news\/\" \/>\r\n<meta property=\"og:site_name\" content=\"ISOLE EOLIE Turismo e Vacanze Hotel B&amp;B Residence Case Vacanza\" \/>\r\n<meta property=\"article:published_time\" content=\"2025-09-06T12:36:28+00:00\" \/>\r\n<meta property=\"article:modified_time\" content=\"2025-09-09T07:24:34+00:00\" \/>\r\n<meta name=\"author\" content=\"Tourism Manager\" \/>\r\n<meta name=\"twitter:card\" content=\"summary_large_image\" \/>\r\n<meta name=\"twitter:label1\" content=\"Scritto da\" \/>\n\t<meta name=\"twitter:data1\" content=\"Tourism Manager\" \/>\n\t<meta name=\"twitter:label2\" content=\"Tempo di lettura stimato\" \/>\n\t<meta name=\"twitter:data2\" content=\"2 minuti\" \/>\r\n<script type=\"application\/ld+json\" class=\"yoast-schema-graph\">{\"@context\":\"https:\\\/\\\/schema.org\",\"@graph\":[{\"@type\":\"Article\",\"@id\":\"https:\\\/\\\/www.isoleolie.it\\\/eolie\\\/con-la-canonizzazione-di-carlo-acutis-e-pier-giorgio-frassati-la-questura-di-roma-si-accinge-alla-gestione-di-un-nuovo-step-del-cammino-giubilare-dopo-la-pausa-estiva-segnata-dal-giubileo-dei-giovani\\\/eolie-news\\\/#article\",\"isPartOf\":{\"@id\":\"https:\\\/\\\/www.isoleolie.it\\\/eolie\\\/con-la-canonizzazione-di-carlo-acutis-e-pier-giorgio-frassati-la-questura-di-roma-si-accinge-alla-gestione-di-un-nuovo-step-del-cammino-giubilare-dopo-la-pausa-estiva-segnata-dal-giubileo-dei-giovani\\\/eolie-news\\\/\"},\"author\":{\"name\":\"Tourism Manager\",\"@id\":\"https:\\\/\\\/www.isoleolie.it\\\/eolie\\\/#\\\/schema\\\/person\\\/4c400db26884d9f212712636db6c1746\"},\"headline\":\"Con la canonizzazione di Carlo Acutis e Pier Giorgio Frassati la Questura di Roma si accinge alla gestione di un nuovo step del cammino giubilare, dopo la pausa estiva segnata dal Giubileo dei giovani andato in scena a Tor Vergata all\u2019inizio dello scorso agosto\",\"datePublished\":\"2025-09-06T12:36:28+00:00\",\"dateModified\":\"2025-09-09T07:24:34+00:00\",\"mainEntityOfPage\":{\"@id\":\"https:\\\/\\\/www.isoleolie.it\\\/eolie\\\/con-la-canonizzazione-di-carlo-acutis-e-pier-giorgio-frassati-la-questura-di-roma-si-accinge-alla-gestione-di-un-nuovo-step-del-cammino-giubilare-dopo-la-pausa-estiva-segnata-dal-giubileo-dei-giovani\\\/eolie-news\\\/\"},\"wordCount\":389,\"publisher\":{\"@id\":\"https:\\\/\\\/www.isoleolie.it\\\/eolie\\\/#organization\"},\"articleSection\":[\"NEWS\"],\"inLanguage\":\"it-IT\"},{\"@type\":\"WebPage\",\"@id\":\"https:\\\/\\\/www.isoleolie.it\\\/eolie\\\/con-la-canonizzazione-di-carlo-acutis-e-pier-giorgio-frassati-la-questura-di-roma-si-accinge-alla-gestione-di-un-nuovo-step-del-cammino-giubilare-dopo-la-pausa-estiva-segnata-dal-giubileo-dei-giovani\\\/eolie-news\\\/\",\"url\":\"https:\\\/\\\/www.isoleolie.it\\\/eolie\\\/con-la-canonizzazione-di-carlo-acutis-e-pier-giorgio-frassati-la-questura-di-roma-si-accinge-alla-gestione-di-un-nuovo-step-del-cammino-giubilare-dopo-la-pausa-estiva-segnata-dal-giubileo-dei-giovani\\\/eolie-news\\\/\",\"name\":\"Con la canonizzazione di Carlo Acutis e Pier Giorgio Frassati la Questura di Roma si accinge alla gestione di un nuovo step del cammino giubilare, dopo la pausa estiva segnata dal Giubileo dei giovani andato in scena a Tor Vergata all\u2019inizio dello scorso agosto - ISOLE EOLIE Turismo e Vacanze Hotel B&amp;B Residence Case Vacanza\",\"isPartOf\":{\"@id\":\"https:\\\/\\\/www.isoleolie.it\\\/eolie\\\/#website\"},\"datePublished\":\"2025-09-06T12:36:28+00:00\",\"dateModified\":\"2025-09-09T07:24:34+00:00\",\"breadcrumb\":{\"@id\":\"https:\\\/\\\/www.isoleolie.it\\\/eolie\\\/con-la-canonizzazione-di-carlo-acutis-e-pier-giorgio-frassati-la-questura-di-roma-si-accinge-alla-gestione-di-un-nuovo-step-del-cammino-giubilare-dopo-la-pausa-estiva-segnata-dal-giubileo-dei-giovani\\\/eolie-news\\\/#breadcrumb\"},\"inLanguage\":\"it-IT\",\"potentialAction\":[{\"@type\":\"ReadAction\",\"target\":[\"https:\\\/\\\/www.isoleolie.it\\\/eolie\\\/con-la-canonizzazione-di-carlo-acutis-e-pier-giorgio-frassati-la-questura-di-roma-si-accinge-alla-gestione-di-un-nuovo-step-del-cammino-giubilare-dopo-la-pausa-estiva-segnata-dal-giubileo-dei-giovani\\\/eolie-news\\\/\"]}]},{\"@type\":\"BreadcrumbList\",\"@id\":\"https:\\\/\\\/www.isoleolie.it\\\/eolie\\\/con-la-canonizzazione-di-carlo-acutis-e-pier-giorgio-frassati-la-questura-di-roma-si-accinge-alla-gestione-di-un-nuovo-step-del-cammino-giubilare-dopo-la-pausa-estiva-segnata-dal-giubileo-dei-giovani\\\/eolie-news\\\/#breadcrumb\",\"itemListElement\":[{\"@type\":\"ListItem\",\"position\":1,\"name\":\"Home\",\"item\":\"https:\\\/\\\/www.isoleolie.it\\\/eolie\\\/\"},{\"@type\":\"ListItem\",\"position\":2,\"name\":\"Con la canonizzazione di Carlo Acutis e Pier Giorgio Frassati la Questura di Roma si accinge alla gestione di un nuovo step del cammino giubilare, dopo la pausa estiva segnata dal Giubileo dei giovani andato in scena a Tor Vergata all\u2019inizio dello scorso agosto\"}]},{\"@type\":\"WebSite\",\"@id\":\"https:\\\/\\\/www.isoleolie.it\\\/eolie\\\/#website\",\"url\":\"https:\\\/\\\/www.isoleolie.it\\\/eolie\\\/\",\"name\":\"ISOLE EOLIE Turismo e Vacanze alle Isole Eolie Hotel B&B Residence Case Vacanza\",\"description\":\"The first and official tourism site for the Aeolian Islands\",\"publisher\":{\"@id\":\"https:\\\/\\\/www.isoleolie.it\\\/eolie\\\/#organization\"},\"potentialAction\":[{\"@type\":\"SearchAction\",\"target\":{\"@type\":\"EntryPoint\",\"urlTemplate\":\"https:\\\/\\\/www.isoleolie.it\\\/eolie\\\/?s={search_term_string}\"},\"query-input\":{\"@type\":\"PropertyValueSpecification\",\"valueRequired\":true,\"valueName\":\"search_term_string\"}}],\"inLanguage\":\"it-IT\"},{\"@type\":\"Organization\",\"@id\":\"https:\\\/\\\/www.isoleolie.it\\\/eolie\\\/#organization\",\"name\":\"ISOLE EOLIE\",\"url\":\"https:\\\/\\\/www.isoleolie.it\\\/eolie\\\/\",\"logo\":{\"@type\":\"ImageObject\",\"inLanguage\":\"it-IT\",\"@id\":\"https:\\\/\\\/www.isoleolie.it\\\/eolie\\\/#\\\/schema\\\/logo\\\/image\\\/\",\"url\":\"https:\\\/\\\/www.isoleolie.it\\\/eolie\\\/wp-content\\\/uploads\\\/2024\\\/11\\\/oMv8p0-4_400x400.jpg\",\"contentUrl\":\"https:\\\/\\\/www.isoleolie.it\\\/eolie\\\/wp-content\\\/uploads\\\/2024\\\/11\\\/oMv8p0-4_400x400.jpg\",\"width\":400,\"height\":400,\"caption\":\"ISOLE EOLIE\"},\"image\":{\"@id\":\"https:\\\/\\\/www.isoleolie.it\\\/eolie\\\/#\\\/schema\\\/logo\\\/image\\\/\"}},{\"@type\":\"Person\",\"@id\":\"https:\\\/\\\/www.isoleolie.it\\\/eolie\\\/#\\\/schema\\\/person\\\/4c400db26884d9f212712636db6c1746\",\"name\":\"Tourism Manager\",\"image\":{\"@type\":\"ImageObject\",\"inLanguage\":\"it-IT\",\"@id\":\"https:\\\/\\\/secure.gravatar.com\\\/avatar\\\/3446a46a5f1bdb4055f313474780b529660445bd2d0364f2472d83fd63ed9bbc?s=96&d=mm&r=g\",\"url\":\"https:\\\/\\\/secure.gravatar.com\\\/avatar\\\/3446a46a5f1bdb4055f313474780b529660445bd2d0364f2472d83fd63ed9bbc?s=96&d=mm&r=g\",\"contentUrl\":\"https:\\\/\\\/secure.gravatar.com\\\/avatar\\\/3446a46a5f1bdb4055f313474780b529660445bd2d0364f2472d83fd63ed9bbc?s=96&d=mm&r=g\",\"caption\":\"Tourism Manager\"},\"description\":\"Che cos'\u00e8 un manager del turismo? Tecnicamente, un manager del turismo \u00e8 un nome dato a qualsiasi professionista della gestione che lavora in un'azienda collegata all'industria del turismo. Ci\u00f2 include i direttori generali, che si assumono la responsabilit\u00e0 generale di garantire che le operazioni quotidiane si svolgano senza intoppi, ma includono anche i singoli responsabili di reparto all'interno delle aziende. Il ruolo di manager del turismo implica la supervisione delle operazioni all'interno di un'impresa o organizzazione turistica. \u00c8 una posizione di alto livello, che richiede una comprensione approfondita dei concetti di gestione e dell'industria nel suo insieme.\",\"sameAs\":[\"https:\\\/\\\/www.isoleolie.it\\\/\"],\"url\":\"https:\\\/\\\/www.isoleolie.it\\\/eolie\\\/author\\\/isoleolie_2\\\/\"}]}<\/script>\r\n<!-- \/ Yoast SEO plugin. -->","yoast_head_json":{"title":"Con la canonizzazione di Carlo Acutis e Pier Giorgio Frassati la Questura di Roma si accinge alla gestione di un nuovo step del cammino giubilare, dopo la pausa estiva segnata dal Giubileo dei giovani andato in scena a Tor Vergata all\u2019inizio dello scorso agosto - ISOLE EOLIE Turismo e Vacanze Hotel B&amp;B Residence Case Vacanza","robots":{"index":"index","follow":"follow","max-snippet":"max-snippet:-1","max-image-preview":"max-image-preview:large","max-video-preview":"max-video-preview:-1"},"canonical":"https:\/\/www.isoleolie.it\/eolie\/con-la-canonizzazione-di-carlo-acutis-e-pier-giorgio-frassati-la-questura-di-roma-si-accinge-alla-gestione-di-un-nuovo-step-del-cammino-giubilare-dopo-la-pausa-estiva-segnata-dal-giubileo-dei-giovani\/eolie-news\/","og_locale":"it_IT","og_type":"article","og_title":"Con la canonizzazione di Carlo Acutis e Pier Giorgio Frassati la Questura di Roma si accinge alla gestione di un nuovo step del cammino giubilare, dopo la pausa estiva segnata dal Giubileo dei giovani andato in scena a Tor Vergata all\u2019inizio dello scorso agosto - ISOLE EOLIE Turismo e Vacanze Hotel B&amp;B Residence Case Vacanza","og_description":"Con la canonizzazione di Carlo Acutis e Pier Giorgio Frassati la Questura di Roma si accinge alla gestione di un nuovo step del cammino giubilare, dopo la pausa estiva segnata dal Giubileo dei giovani andato in scena a Tor Vergata all\u2019inizio dello scorso agosto. Ad accogliere i fedeli che interverranno in piazza S. Pietro in [&hellip;]","og_url":"https:\/\/www.isoleolie.it\/eolie\/con-la-canonizzazione-di-carlo-acutis-e-pier-giorgio-frassati-la-questura-di-roma-si-accinge-alla-gestione-di-un-nuovo-step-del-cammino-giubilare-dopo-la-pausa-estiva-segnata-dal-giubileo-dei-giovani\/eolie-news\/","og_site_name":"ISOLE EOLIE Turismo e Vacanze Hotel B&amp;B Residence Case Vacanza","article_published_time":"2025-09-06T12:36:28+00:00","article_modified_time":"2025-09-09T07:24:34+00:00","author":"Tourism Manager","twitter_card":"summary_large_image","twitter_misc":{"Scritto da":"Tourism Manager","Tempo di lettura stimato":"2 minuti"},"schema":{"@context":"https:\/\/schema.org","@graph":[{"@type":"Article","@id":"https:\/\/www.isoleolie.it\/eolie\/con-la-canonizzazione-di-carlo-acutis-e-pier-giorgio-frassati-la-questura-di-roma-si-accinge-alla-gestione-di-un-nuovo-step-del-cammino-giubilare-dopo-la-pausa-estiva-segnata-dal-giubileo-dei-giovani\/eolie-news\/#article","isPartOf":{"@id":"https:\/\/www.isoleolie.it\/eolie\/con-la-canonizzazione-di-carlo-acutis-e-pier-giorgio-frassati-la-questura-di-roma-si-accinge-alla-gestione-di-un-nuovo-step-del-cammino-giubilare-dopo-la-pausa-estiva-segnata-dal-giubileo-dei-giovani\/eolie-news\/"},"author":{"name":"Tourism Manager","@id":"https:\/\/www.isoleolie.it\/eolie\/#\/schema\/person\/4c400db26884d9f212712636db6c1746"},"headline":"Con la canonizzazione di Carlo Acutis e Pier Giorgio Frassati la Questura di Roma si accinge alla gestione di un nuovo step del cammino giubilare, dopo la pausa estiva segnata dal Giubileo dei giovani andato in scena a Tor Vergata all\u2019inizio dello scorso agosto","datePublished":"2025-09-06T12:36:28+00:00","dateModified":"2025-09-09T07:24:34+00:00","mainEntityOfPage":{"@id":"https:\/\/www.isoleolie.it\/eolie\/con-la-canonizzazione-di-carlo-acutis-e-pier-giorgio-frassati-la-questura-di-roma-si-accinge-alla-gestione-di-un-nuovo-step-del-cammino-giubilare-dopo-la-pausa-estiva-segnata-dal-giubileo-dei-giovani\/eolie-news\/"},"wordCount":389,"publisher":{"@id":"https:\/\/www.isoleolie.it\/eolie\/#organization"},"articleSection":["NEWS"],"inLanguage":"it-IT"},{"@type":"WebPage","@id":"https:\/\/www.isoleolie.it\/eolie\/con-la-canonizzazione-di-carlo-acutis-e-pier-giorgio-frassati-la-questura-di-roma-si-accinge-alla-gestione-di-un-nuovo-step-del-cammino-giubilare-dopo-la-pausa-estiva-segnata-dal-giubileo-dei-giovani\/eolie-news\/","url":"https:\/\/www.isoleolie.it\/eolie\/con-la-canonizzazione-di-carlo-acutis-e-pier-giorgio-frassati-la-questura-di-roma-si-accinge-alla-gestione-di-un-nuovo-step-del-cammino-giubilare-dopo-la-pausa-estiva-segnata-dal-giubileo-dei-giovani\/eolie-news\/","name":"Con la canonizzazione di Carlo Acutis e Pier Giorgio Frassati la Questura di Roma si accinge alla gestione di un nuovo step del cammino giubilare, dopo la pausa estiva segnata dal Giubileo dei giovani andato in scena a Tor Vergata all\u2019inizio dello scorso agosto - ISOLE EOLIE Turismo e Vacanze Hotel B&amp;B Residence Case Vacanza","isPartOf":{"@id":"https:\/\/www.isoleolie.it\/eolie\/#website"},"datePublished":"2025-09-06T12:36:28+00:00","dateModified":"2025-09-09T07:24:34+00:00","breadcrumb":{"@id":"https:\/\/www.isoleolie.it\/eolie\/con-la-canonizzazione-di-carlo-acutis-e-pier-giorgio-frassati-la-questura-di-roma-si-accinge-alla-gestione-di-un-nuovo-step-del-cammino-giubilare-dopo-la-pausa-estiva-segnata-dal-giubileo-dei-giovani\/eolie-news\/#breadcrumb"},"inLanguage":"it-IT","potentialAction":[{"@type":"ReadAction","target":["https:\/\/www.isoleolie.it\/eolie\/con-la-canonizzazione-di-carlo-acutis-e-pier-giorgio-frassati-la-questura-di-roma-si-accinge-alla-gestione-di-un-nuovo-step-del-cammino-giubilare-dopo-la-pausa-estiva-segnata-dal-giubileo-dei-giovani\/eolie-news\/"]}]},{"@type":"BreadcrumbList","@id":"https:\/\/www.isoleolie.it\/eolie\/con-la-canonizzazione-di-carlo-acutis-e-pier-giorgio-frassati-la-questura-di-roma-si-accinge-alla-gestione-di-un-nuovo-step-del-cammino-giubilare-dopo-la-pausa-estiva-segnata-dal-giubileo-dei-giovani\/eolie-news\/#breadcrumb","itemListElement":[{"@type":"ListItem","position":1,"name":"Home","item":"https:\/\/www.isoleolie.it\/eolie\/"},{"@type":"ListItem","position":2,"name":"Con la canonizzazione di Carlo Acutis e Pier Giorgio Frassati la Questura di Roma si accinge alla gestione di un nuovo step del cammino giubilare, dopo la pausa estiva segnata dal Giubileo dei giovani andato in scena a Tor Vergata all\u2019inizio dello scorso agosto"}]},{"@type":"WebSite","@id":"https:\/\/www.isoleolie.it\/eolie\/#website","url":"https:\/\/www.isoleolie.it\/eolie\/","name":"ISOLE EOLIE Turismo e Vacanze alle Isole Eolie Hotel B&B Residence Case Vacanza","description":"The first and official tourism site for the Aeolian Islands","publisher":{"@id":"https:\/\/www.isoleolie.it\/eolie\/#organization"},"potentialAction":[{"@type":"SearchAction","target":{"@type":"EntryPoint","urlTemplate":"https:\/\/www.isoleolie.it\/eolie\/?s={search_term_string}"},"query-input":{"@type":"PropertyValueSpecification","valueRequired":true,"valueName":"search_term_string"}}],"inLanguage":"it-IT"},{"@type":"Organization","@id":"https:\/\/www.isoleolie.it\/eolie\/#organization","name":"ISOLE EOLIE","url":"https:\/\/www.isoleolie.it\/eolie\/","logo":{"@type":"ImageObject","inLanguage":"it-IT","@id":"https:\/\/www.isoleolie.it\/eolie\/#\/schema\/logo\/image\/","url":"https:\/\/www.isoleolie.it\/eolie\/wp-content\/uploads\/2024\/11\/oMv8p0-4_400x400.jpg","contentUrl":"https:\/\/www.isoleolie.it\/eolie\/wp-content\/uploads\/2024\/11\/oMv8p0-4_400x400.jpg","width":400,"height":400,"caption":"ISOLE EOLIE"},"image":{"@id":"https:\/\/www.isoleolie.it\/eolie\/#\/schema\/logo\/image\/"}},{"@type":"Person","@id":"https:\/\/www.isoleolie.it\/eolie\/#\/schema\/person\/4c400db26884d9f212712636db6c1746","name":"Tourism Manager","image":{"@type":"ImageObject","inLanguage":"it-IT","@id":"https:\/\/secure.gravatar.com\/avatar\/3446a46a5f1bdb4055f313474780b529660445bd2d0364f2472d83fd63ed9bbc?s=96&d=mm&r=g","url":"https:\/\/secure.gravatar.com\/avatar\/3446a46a5f1bdb4055f313474780b529660445bd2d0364f2472d83fd63ed9bbc?s=96&d=mm&r=g","contentUrl":"https:\/\/secure.gravatar.com\/avatar\/3446a46a5f1bdb4055f313474780b529660445bd2d0364f2472d83fd63ed9bbc?s=96&d=mm&r=g","caption":"Tourism Manager"},"description":"Che cos'\u00e8 un manager del turismo? Tecnicamente, un manager del turismo \u00e8 un nome dato a qualsiasi professionista della gestione che lavora in un'azienda collegata all'industria del turismo. Ci\u00f2 include i direttori generali, che si assumono la responsabilit\u00e0 generale di garantire che le operazioni quotidiane si svolgano senza intoppi, ma includono anche i singoli responsabili di reparto all'interno delle aziende. Il ruolo di manager del turismo implica la supervisione delle operazioni all'interno di un'impresa o organizzazione turistica. \u00c8 una posizione di alto livello, che richiede una comprensione approfondita dei concetti di gestione e dell'industria nel suo insieme.","sameAs":["https:\/\/www.isoleolie.it\/"],"url":"https:\/\/www.isoleolie.it\/eolie\/author\/isoleolie_2\/"}]}},"_links":{"self":[{"href":"https:\/\/www.isoleolie.it\/eolie\/wp-json\/wp\/v2\/posts\/2368","targetHints":{"allow":["GET"]}}],"collection":[{"href":"https:\/\/www.isoleolie.it\/eolie\/wp-json\/wp\/v2\/posts"}],"about":[{"href":"https:\/\/www.isoleolie.it\/eolie\/wp-json\/wp\/v2\/types\/post"}],"author":[{"embeddable":true,"href":"https:\/\/www.isoleolie.it\/eolie\/wp-json\/wp\/v2\/users\/1"}],"replies":[{"embeddable":true,"href":"https:\/\/www.isoleolie.it\/eolie\/wp-json\/wp\/v2\/comments?post=2368"}],"version-history":[{"count":1,"href":"https:\/\/www.isoleolie.it\/eolie\/wp-json\/wp\/v2\/posts\/2368\/revisions"}],"predecessor-version":[{"id":2524,"href":"https:\/\/www.isoleolie.it\/eolie\/wp-json\/wp\/v2\/posts\/2368\/revisions\/2524"}],"wp:attachment":[{"href":"https:\/\/www.isoleolie.it\/eolie\/wp-json\/wp\/v2\/media?parent=2368"}],"wp:term":[{"taxonomy":"category","embeddable":true,"href":"https:\/\/www.isoleolie.it\/eolie\/wp-json\/wp\/v2\/categories?post=2368"},{"taxonomy":"post_tag","embeddable":true,"href":"https:\/\/www.isoleolie.it\/eolie\/wp-json\/wp\/v2\/tags?post=2368"}],"curies":[{"name":"wp","href":"https:\/\/api.w.org\/{rel}","templated":true}]}}