{"id":2325,"date":"2025-09-05T09:41:17","date_gmt":"2025-09-05T07:41:17","guid":{"rendered":"https:\/\/www.isoleolie.it\/eolie\/in-occasione-del-centenario-dalla-nascita-dello-scrittore-originario-di-porto-empedocle-andrea-camilleri-scomparso-il-17-luglio-del-2019-fondazione-ferrovie-dello-stato-e-rete-ferroviaria-italiana\/isole-eolie\/"},"modified":"2025-09-09T09:35:51","modified_gmt":"2025-09-09T07:35:51","slug":"in-occasione-del-centenario-dalla-nascita-dello-scrittore-originario-di-porto-empedocle-andrea-camilleri-scomparso-il-17-luglio-del-2019-fondazione-ferrovie-dello-stato-e-rete-ferroviaria-italiana","status":"publish","type":"post","link":"https:\/\/www.isoleolie.it\/eolie\/in-occasione-del-centenario-dalla-nascita-dello-scrittore-originario-di-porto-empedocle-andrea-camilleri-scomparso-il-17-luglio-del-2019-fondazione-ferrovie-dello-stato-e-rete-ferroviaria-italiana\/eolie-news\/","title":{"rendered":"In occasione del centenario dalla nascita dello scrittore originario di Porto Empedocle Andrea Camilleri, scomparso il 17 luglio del 2019, Fondazione Ferrovie dello Stato e Rete Ferroviaria Italiana (Gruppo FS), hanno accolto positivamente la richiesta di concessione di alcuni spazi del Parco Ferroviario di Porto Empedocle avanzata da diversi enti ed associazioni del territorio per celebrare l\u2019autore de \u201cIl commissario Montalbano\u201d"},"content":{"rendered":"<p><strong>In occasione del centenario dalla nascita dello scrittore originario di Porto Empedocle Andrea Camilleri, scomparso il 17 luglio del 2019, Fondazione Ferrovie dello Stato e Rete Ferroviaria Italiana (Gruppo FS), hanno accolto positivamente la richiesta<\/strong> di concessione di alcuni spazi del Parco Ferroviario di Porto Empedocle avanzata da diversi enti ed associazioni del territorio per celebrare l\u2019autore de \u201cIl commissario Montalbano\u201d.<\/p>\n<p><strong>Andrea Camilleri ha manifestato sempre una grande attrazione e interesse per il mondo della<\/strong> ferrovia, fino ad ambientare un proprio romanzo, intitolato \u201cIl Casellante\u201d, proprio tra i binari e le stazioni della linea a scartamento ridotto Porto Empedocle \u2013 Castelvetrano, oggi non pi\u00f9 in esercizio.<\/p>\n<p><strong>Il programma delle manifestazioni, \u00e8 iniziato il 2 settembre e si svolger\u00e0 fino al 6 settembre ed \u00e8 molto ampio\u2026 cos\u00ec come segue<\/strong>:<\/p>\n<ul>\n<li><span>Nella giornata del 6 settembre, nei rinnovati locali dell\u2019ex Magazzino Merci della stazione di Porto Empedocle Centrale, oggi adibito a sala polivalente, sono in programma i convegni dal titolo \u201cCamilleri da Porto Sono\u201d promossi dall\u2019Assessorato Regionale ai Beni Culturali e dell\u2019Identit\u00e0 Siciliana in collaborazione con l\u2019Universit\u00e0 degli Studi di Palermo \u2013 Dipartimento di Scienze Umanistiche, Strada degli Scrittori, Comune di Porto Empedocle e Parco Letterario Andrea Camilleri. Gli incontri si svolgeranno dalle ore 18 e prevedono gli interventi di illustri docenti e studiosi di Camilleri;<\/span><\/li>\n<li><span>Venerd\u00ec 5 settembre, a partire dalle ore 19, presso la stazione di Porto Empedocle Succursale, \u00e8 in programma la presentazione del libro del giornalista agrigentino Lorenzo Rosso dal titolo \u201cLa mia Vigata\u201d, in collaborazione con il Comune di Porto Empedocle e la locale sezione dell\u2019Archeoclub \u2013 i luoghi di Empedocle;<\/span><\/li>\n<li><span>Sabato 6 settembre, dalle ore 19 e sempre nell\u2019area della stazione di Porto Empedocle Succursale si svolger\u00e0 un evento multisensoriale dedicato ad Andrea Camilleri, con pittura dal vivo, musica e letture.<\/span><\/li>\n<\/ul>\n<p><strong>Fondazione FS Italiane e Rete Ferroviaria Italiana, inoltre, hanno concesso l\u2019utilizzo del restaurato<\/strong> fabbricato viaggiatori della stazione di Porto Empedocle Succursale al comune di Porto Empedocle e all\u2019Archeoclub dal 6 settembre fino al prossimo 31 dicembre per organizzare altre iniziative culturali, in particolare mostre e laboratori, dedicate alla memoria dello scrittore empedoclino, offrendo in tal modo un servizio in pi\u00f9 anche ai passeggeri dei treni storici e turistici che percorreranno la Ferrovia dei Templi.<\/p>\n<p>L&#8217;articolo <a href=\"https:\/\/www.messinamagazine.it\/primo-piano\/in-occasione-del-centenario-dalla-nascita-dello-scrittore-originario-di-porto-empedocle-andrea-camilleri-scomparso-il-17-luglio-del-2019-fondazione-ferrovie-dello-stato-e-rete-ferroviaria-italiana\/\">In occasione del centenario dalla nascita dello scrittore originario di Porto Empedocle Andrea Camilleri, scomparso il 17 luglio del 2019, Fondazione Ferrovie dello Stato e Rete Ferroviaria Italiana (Gruppo FS), hanno accolto positivamente la richiesta di concessione di alcuni spazi del Parco Ferroviario di Porto Empedocle avanzata da diversi enti ed associazioni del territorio per celebrare l\u2019autore de \u201cIl commissario Montalbano\u201d<\/a> proviene da <a href=\"https:\/\/www.messinamagazine.it\/\">Messina Magazine<\/a>.<\/p>\n","protected":false},"excerpt":{"rendered":"<p>In occasione del centenario dalla nascita dello scrittore originario di Porto Empedocle Andrea Camilleri, scomparso il 17 luglio del 2019, Fondazione Ferrovie dello Stato e Rete Ferroviaria Italiana (Gruppo FS), hanno accolto positivamente la richiesta di concessione di alcuni spazi del Parco Ferroviario di Porto Empedocle avanzata da diversi enti ed associazioni del territorio per [&hellip;]<\/p>\n","protected":false},"author":1,"featured_media":0,"comment_status":"closed","ping_status":"","sticky":false,"template":"","format":"standard","meta":{"footnotes":""},"categories":[22],"tags":[],"class_list":["post-2325","post","type-post","status-publish","format-standard","hentry","category-eolie-news"],"yoast_head":"<!-- This site is optimized with the Yoast SEO plugin v27.5 - https:\/\/yoast.com\/product\/yoast-seo-wordpress\/ -->\r\n<title>In occasione del centenario dalla nascita dello scrittore originario di Porto Empedocle Andrea Camilleri, scomparso il 17 luglio del 2019, Fondazione Ferrovie dello Stato e Rete Ferroviaria Italiana (Gruppo FS), hanno accolto positivamente la richiesta di concessione di alcuni spazi del Parco Ferroviario di Porto Empedocle avanzata da diversi enti ed associazioni del territorio per celebrare l\u2019autore de \u201cIl commissario Montalbano\u201d - ISOLE EOLIE Turismo e Vacanze Hotel B&amp;B Residence Case Vacanza<\/title>\r\n<meta name=\"robots\" content=\"index, follow, max-snippet:-1, max-image-preview:large, max-video-preview:-1\" \/>\r\n<link rel=\"canonical\" href=\"https:\/\/www.isoleolie.it\/eolie\/in-occasione-del-centenario-dalla-nascita-dello-scrittore-originario-di-porto-empedocle-andrea-camilleri-scomparso-il-17-luglio-del-2019-fondazione-ferrovie-dello-stato-e-rete-ferroviaria-italiana\/eolie-news\/\" \/>\r\n<meta property=\"og:locale\" content=\"it_IT\" \/>\r\n<meta property=\"og:type\" content=\"article\" \/>\r\n<meta property=\"og:title\" content=\"In occasione del centenario dalla nascita dello scrittore originario di Porto Empedocle Andrea Camilleri, scomparso il 17 luglio del 2019, Fondazione Ferrovie dello Stato e Rete Ferroviaria Italiana (Gruppo FS), hanno accolto positivamente la richiesta di concessione di alcuni spazi del Parco Ferroviario di Porto Empedocle avanzata da diversi enti ed associazioni del territorio per celebrare l\u2019autore de \u201cIl commissario Montalbano\u201d - ISOLE EOLIE Turismo e Vacanze Hotel B&amp;B Residence Case Vacanza\" \/>\r\n<meta property=\"og:description\" content=\"In occasione del centenario dalla nascita dello scrittore originario di Porto Empedocle Andrea Camilleri, scomparso il 17 luglio del 2019, Fondazione Ferrovie dello Stato e Rete Ferroviaria Italiana (Gruppo FS), hanno accolto positivamente la richiesta di concessione di alcuni spazi del Parco Ferroviario di Porto Empedocle avanzata da diversi enti ed associazioni del territorio per [&hellip;]\" \/>\r\n<meta property=\"og:url\" content=\"https:\/\/www.isoleolie.it\/eolie\/in-occasione-del-centenario-dalla-nascita-dello-scrittore-originario-di-porto-empedocle-andrea-camilleri-scomparso-il-17-luglio-del-2019-fondazione-ferrovie-dello-stato-e-rete-ferroviaria-italiana\/eolie-news\/\" \/>\r\n<meta property=\"og:site_name\" content=\"ISOLE EOLIE Turismo e Vacanze Hotel B&amp;B Residence Case Vacanza\" \/>\r\n<meta property=\"article:published_time\" content=\"2025-09-05T07:41:17+00:00\" \/>\r\n<meta property=\"article:modified_time\" content=\"2025-09-09T07:35:51+00:00\" \/>\r\n<meta name=\"author\" content=\"Tourism Manager\" \/>\r\n<meta name=\"twitter:card\" content=\"summary_large_image\" \/>\r\n<meta name=\"twitter:label1\" content=\"Scritto da\" \/>\n\t<meta name=\"twitter:data1\" content=\"Tourism Manager\" \/>\n\t<meta name=\"twitter:label2\" content=\"Tempo di lettura stimato\" \/>\n\t<meta name=\"twitter:data2\" content=\"2 minuti\" \/>\r\n<script type=\"application\/ld+json\" class=\"yoast-schema-graph\">{\"@context\":\"https:\\\/\\\/schema.org\",\"@graph\":[{\"@type\":\"Article\",\"@id\":\"https:\\\/\\\/www.isoleolie.it\\\/eolie\\\/in-occasione-del-centenario-dalla-nascita-dello-scrittore-originario-di-porto-empedocle-andrea-camilleri-scomparso-il-17-luglio-del-2019-fondazione-ferrovie-dello-stato-e-rete-ferroviaria-italiana\\\/eolie-news\\\/#article\",\"isPartOf\":{\"@id\":\"https:\\\/\\\/www.isoleolie.it\\\/eolie\\\/in-occasione-del-centenario-dalla-nascita-dello-scrittore-originario-di-porto-empedocle-andrea-camilleri-scomparso-il-17-luglio-del-2019-fondazione-ferrovie-dello-stato-e-rete-ferroviaria-italiana\\\/eolie-news\\\/\"},\"author\":{\"name\":\"Tourism Manager\",\"@id\":\"https:\\\/\\\/www.isoleolie.it\\\/eolie\\\/#\\\/schema\\\/person\\\/4c400db26884d9f212712636db6c1746\"},\"headline\":\"In occasione del centenario dalla nascita dello scrittore originario di Porto Empedocle Andrea Camilleri, scomparso il 17 luglio del 2019, Fondazione Ferrovie dello Stato e Rete Ferroviaria Italiana (Gruppo FS), hanno accolto positivamente la richiesta di concessione di alcuni spazi del Parco Ferroviario di Porto Empedocle avanzata da diversi enti ed associazioni del territorio per celebrare l\u2019autore de \u201cIl commissario Montalbano\u201d\",\"datePublished\":\"2025-09-05T07:41:17+00:00\",\"dateModified\":\"2025-09-09T07:35:51+00:00\",\"mainEntityOfPage\":{\"@id\":\"https:\\\/\\\/www.isoleolie.it\\\/eolie\\\/in-occasione-del-centenario-dalla-nascita-dello-scrittore-originario-di-porto-empedocle-andrea-camilleri-scomparso-il-17-luglio-del-2019-fondazione-ferrovie-dello-stato-e-rete-ferroviaria-italiana\\\/eolie-news\\\/\"},\"wordCount\":486,\"publisher\":{\"@id\":\"https:\\\/\\\/www.isoleolie.it\\\/eolie\\\/#organization\"},\"articleSection\":[\"NEWS\"],\"inLanguage\":\"it-IT\"},{\"@type\":\"WebPage\",\"@id\":\"https:\\\/\\\/www.isoleolie.it\\\/eolie\\\/in-occasione-del-centenario-dalla-nascita-dello-scrittore-originario-di-porto-empedocle-andrea-camilleri-scomparso-il-17-luglio-del-2019-fondazione-ferrovie-dello-stato-e-rete-ferroviaria-italiana\\\/eolie-news\\\/\",\"url\":\"https:\\\/\\\/www.isoleolie.it\\\/eolie\\\/in-occasione-del-centenario-dalla-nascita-dello-scrittore-originario-di-porto-empedocle-andrea-camilleri-scomparso-il-17-luglio-del-2019-fondazione-ferrovie-dello-stato-e-rete-ferroviaria-italiana\\\/eolie-news\\\/\",\"name\":\"In occasione del centenario dalla nascita dello scrittore originario di Porto Empedocle Andrea Camilleri, scomparso il 17 luglio del 2019, Fondazione Ferrovie dello Stato e Rete Ferroviaria Italiana (Gruppo FS), hanno accolto positivamente la richiesta di concessione di alcuni spazi del Parco Ferroviario di Porto Empedocle avanzata da diversi enti ed associazioni del territorio per celebrare l\u2019autore de \u201cIl commissario Montalbano\u201d - ISOLE EOLIE Turismo e Vacanze Hotel B&amp;B Residence Case Vacanza\",\"isPartOf\":{\"@id\":\"https:\\\/\\\/www.isoleolie.it\\\/eolie\\\/#website\"},\"datePublished\":\"2025-09-05T07:41:17+00:00\",\"dateModified\":\"2025-09-09T07:35:51+00:00\",\"breadcrumb\":{\"@id\":\"https:\\\/\\\/www.isoleolie.it\\\/eolie\\\/in-occasione-del-centenario-dalla-nascita-dello-scrittore-originario-di-porto-empedocle-andrea-camilleri-scomparso-il-17-luglio-del-2019-fondazione-ferrovie-dello-stato-e-rete-ferroviaria-italiana\\\/eolie-news\\\/#breadcrumb\"},\"inLanguage\":\"it-IT\",\"potentialAction\":[{\"@type\":\"ReadAction\",\"target\":[\"https:\\\/\\\/www.isoleolie.it\\\/eolie\\\/in-occasione-del-centenario-dalla-nascita-dello-scrittore-originario-di-porto-empedocle-andrea-camilleri-scomparso-il-17-luglio-del-2019-fondazione-ferrovie-dello-stato-e-rete-ferroviaria-italiana\\\/eolie-news\\\/\"]}]},{\"@type\":\"BreadcrumbList\",\"@id\":\"https:\\\/\\\/www.isoleolie.it\\\/eolie\\\/in-occasione-del-centenario-dalla-nascita-dello-scrittore-originario-di-porto-empedocle-andrea-camilleri-scomparso-il-17-luglio-del-2019-fondazione-ferrovie-dello-stato-e-rete-ferroviaria-italiana\\\/eolie-news\\\/#breadcrumb\",\"itemListElement\":[{\"@type\":\"ListItem\",\"position\":1,\"name\":\"Home\",\"item\":\"https:\\\/\\\/www.isoleolie.it\\\/eolie\\\/\"},{\"@type\":\"ListItem\",\"position\":2,\"name\":\"In occasione del centenario dalla nascita dello scrittore originario di Porto Empedocle Andrea Camilleri, scomparso il 17 luglio del 2019, Fondazione Ferrovie dello Stato e Rete Ferroviaria Italiana (Gruppo FS), hanno accolto positivamente la richiesta di concessione di alcuni spazi del Parco Ferroviario di Porto Empedocle avanzata da diversi enti ed associazioni del territorio per celebrare l\u2019autore de \u201cIl commissario Montalbano\u201d\"}]},{\"@type\":\"WebSite\",\"@id\":\"https:\\\/\\\/www.isoleolie.it\\\/eolie\\\/#website\",\"url\":\"https:\\\/\\\/www.isoleolie.it\\\/eolie\\\/\",\"name\":\"ISOLE EOLIE Turismo e Vacanze alle Isole Eolie Hotel B&B Residence Case Vacanza\",\"description\":\"The first and official tourism site for the Aeolian Islands\",\"publisher\":{\"@id\":\"https:\\\/\\\/www.isoleolie.it\\\/eolie\\\/#organization\"},\"potentialAction\":[{\"@type\":\"SearchAction\",\"target\":{\"@type\":\"EntryPoint\",\"urlTemplate\":\"https:\\\/\\\/www.isoleolie.it\\\/eolie\\\/?s={search_term_string}\"},\"query-input\":{\"@type\":\"PropertyValueSpecification\",\"valueRequired\":true,\"valueName\":\"search_term_string\"}}],\"inLanguage\":\"it-IT\"},{\"@type\":\"Organization\",\"@id\":\"https:\\\/\\\/www.isoleolie.it\\\/eolie\\\/#organization\",\"name\":\"ISOLE EOLIE\",\"url\":\"https:\\\/\\\/www.isoleolie.it\\\/eolie\\\/\",\"logo\":{\"@type\":\"ImageObject\",\"inLanguage\":\"it-IT\",\"@id\":\"https:\\\/\\\/www.isoleolie.it\\\/eolie\\\/#\\\/schema\\\/logo\\\/image\\\/\",\"url\":\"https:\\\/\\\/www.isoleolie.it\\\/eolie\\\/wp-content\\\/uploads\\\/2024\\\/11\\\/oMv8p0-4_400x400.jpg\",\"contentUrl\":\"https:\\\/\\\/www.isoleolie.it\\\/eolie\\\/wp-content\\\/uploads\\\/2024\\\/11\\\/oMv8p0-4_400x400.jpg\",\"width\":400,\"height\":400,\"caption\":\"ISOLE EOLIE\"},\"image\":{\"@id\":\"https:\\\/\\\/www.isoleolie.it\\\/eolie\\\/#\\\/schema\\\/logo\\\/image\\\/\"}},{\"@type\":\"Person\",\"@id\":\"https:\\\/\\\/www.isoleolie.it\\\/eolie\\\/#\\\/schema\\\/person\\\/4c400db26884d9f212712636db6c1746\",\"name\":\"Tourism Manager\",\"image\":{\"@type\":\"ImageObject\",\"inLanguage\":\"it-IT\",\"@id\":\"https:\\\/\\\/secure.gravatar.com\\\/avatar\\\/3446a46a5f1bdb4055f313474780b529660445bd2d0364f2472d83fd63ed9bbc?s=96&d=mm&r=g\",\"url\":\"https:\\\/\\\/secure.gravatar.com\\\/avatar\\\/3446a46a5f1bdb4055f313474780b529660445bd2d0364f2472d83fd63ed9bbc?s=96&d=mm&r=g\",\"contentUrl\":\"https:\\\/\\\/secure.gravatar.com\\\/avatar\\\/3446a46a5f1bdb4055f313474780b529660445bd2d0364f2472d83fd63ed9bbc?s=96&d=mm&r=g\",\"caption\":\"Tourism Manager\"},\"description\":\"Che cos'\u00e8 un manager del turismo? Tecnicamente, un manager del turismo \u00e8 un nome dato a qualsiasi professionista della gestione che lavora in un'azienda collegata all'industria del turismo. Ci\u00f2 include i direttori generali, che si assumono la responsabilit\u00e0 generale di garantire che le operazioni quotidiane si svolgano senza intoppi, ma includono anche i singoli responsabili di reparto all'interno delle aziende. Il ruolo di manager del turismo implica la supervisione delle operazioni all'interno di un'impresa o organizzazione turistica. \u00c8 una posizione di alto livello, che richiede una comprensione approfondita dei concetti di gestione e dell'industria nel suo insieme.\",\"sameAs\":[\"https:\\\/\\\/www.isoleolie.it\\\/\"],\"url\":\"https:\\\/\\\/www.isoleolie.it\\\/eolie\\\/author\\\/isoleolie_2\\\/\"}]}<\/script>\r\n<!-- \/ Yoast SEO plugin. -->","yoast_head_json":{"title":"In occasione del centenario dalla nascita dello scrittore originario di Porto Empedocle Andrea Camilleri, scomparso il 17 luglio del 2019, Fondazione Ferrovie dello Stato e Rete Ferroviaria Italiana (Gruppo FS), hanno accolto positivamente la richiesta di concessione di alcuni spazi del Parco Ferroviario di Porto Empedocle avanzata da diversi enti ed associazioni del territorio per celebrare l\u2019autore de \u201cIl commissario Montalbano\u201d - ISOLE EOLIE Turismo e Vacanze Hotel B&amp;B Residence Case Vacanza","robots":{"index":"index","follow":"follow","max-snippet":"max-snippet:-1","max-image-preview":"max-image-preview:large","max-video-preview":"max-video-preview:-1"},"canonical":"https:\/\/www.isoleolie.it\/eolie\/in-occasione-del-centenario-dalla-nascita-dello-scrittore-originario-di-porto-empedocle-andrea-camilleri-scomparso-il-17-luglio-del-2019-fondazione-ferrovie-dello-stato-e-rete-ferroviaria-italiana\/eolie-news\/","og_locale":"it_IT","og_type":"article","og_title":"In occasione del centenario dalla nascita dello scrittore originario di Porto Empedocle Andrea Camilleri, scomparso il 17 luglio del 2019, Fondazione Ferrovie dello Stato e Rete Ferroviaria Italiana (Gruppo FS), hanno accolto positivamente la richiesta di concessione di alcuni spazi del Parco Ferroviario di Porto Empedocle avanzata da diversi enti ed associazioni del territorio per celebrare l\u2019autore de \u201cIl commissario Montalbano\u201d - ISOLE EOLIE Turismo e Vacanze Hotel B&amp;B Residence Case Vacanza","og_description":"In occasione del centenario dalla nascita dello scrittore originario di Porto Empedocle Andrea Camilleri, scomparso il 17 luglio del 2019, Fondazione Ferrovie dello Stato e Rete Ferroviaria Italiana (Gruppo FS), hanno accolto positivamente la richiesta di concessione di alcuni spazi del Parco Ferroviario di Porto Empedocle avanzata da diversi enti ed associazioni del territorio per [&hellip;]","og_url":"https:\/\/www.isoleolie.it\/eolie\/in-occasione-del-centenario-dalla-nascita-dello-scrittore-originario-di-porto-empedocle-andrea-camilleri-scomparso-il-17-luglio-del-2019-fondazione-ferrovie-dello-stato-e-rete-ferroviaria-italiana\/eolie-news\/","og_site_name":"ISOLE EOLIE Turismo e Vacanze Hotel B&amp;B Residence Case Vacanza","article_published_time":"2025-09-05T07:41:17+00:00","article_modified_time":"2025-09-09T07:35:51+00:00","author":"Tourism Manager","twitter_card":"summary_large_image","twitter_misc":{"Scritto da":"Tourism Manager","Tempo di lettura stimato":"2 minuti"},"schema":{"@context":"https:\/\/schema.org","@graph":[{"@type":"Article","@id":"https:\/\/www.isoleolie.it\/eolie\/in-occasione-del-centenario-dalla-nascita-dello-scrittore-originario-di-porto-empedocle-andrea-camilleri-scomparso-il-17-luglio-del-2019-fondazione-ferrovie-dello-stato-e-rete-ferroviaria-italiana\/eolie-news\/#article","isPartOf":{"@id":"https:\/\/www.isoleolie.it\/eolie\/in-occasione-del-centenario-dalla-nascita-dello-scrittore-originario-di-porto-empedocle-andrea-camilleri-scomparso-il-17-luglio-del-2019-fondazione-ferrovie-dello-stato-e-rete-ferroviaria-italiana\/eolie-news\/"},"author":{"name":"Tourism Manager","@id":"https:\/\/www.isoleolie.it\/eolie\/#\/schema\/person\/4c400db26884d9f212712636db6c1746"},"headline":"In occasione del centenario dalla nascita dello scrittore originario di Porto Empedocle Andrea Camilleri, scomparso il 17 luglio del 2019, Fondazione Ferrovie dello Stato e Rete Ferroviaria Italiana (Gruppo FS), hanno accolto positivamente la richiesta di concessione di alcuni spazi del Parco Ferroviario di Porto Empedocle avanzata da diversi enti ed associazioni del territorio per celebrare l\u2019autore de \u201cIl commissario Montalbano\u201d","datePublished":"2025-09-05T07:41:17+00:00","dateModified":"2025-09-09T07:35:51+00:00","mainEntityOfPage":{"@id":"https:\/\/www.isoleolie.it\/eolie\/in-occasione-del-centenario-dalla-nascita-dello-scrittore-originario-di-porto-empedocle-andrea-camilleri-scomparso-il-17-luglio-del-2019-fondazione-ferrovie-dello-stato-e-rete-ferroviaria-italiana\/eolie-news\/"},"wordCount":486,"publisher":{"@id":"https:\/\/www.isoleolie.it\/eolie\/#organization"},"articleSection":["NEWS"],"inLanguage":"it-IT"},{"@type":"WebPage","@id":"https:\/\/www.isoleolie.it\/eolie\/in-occasione-del-centenario-dalla-nascita-dello-scrittore-originario-di-porto-empedocle-andrea-camilleri-scomparso-il-17-luglio-del-2019-fondazione-ferrovie-dello-stato-e-rete-ferroviaria-italiana\/eolie-news\/","url":"https:\/\/www.isoleolie.it\/eolie\/in-occasione-del-centenario-dalla-nascita-dello-scrittore-originario-di-porto-empedocle-andrea-camilleri-scomparso-il-17-luglio-del-2019-fondazione-ferrovie-dello-stato-e-rete-ferroviaria-italiana\/eolie-news\/","name":"In occasione del centenario dalla nascita dello scrittore originario di Porto Empedocle Andrea Camilleri, scomparso il 17 luglio del 2019, Fondazione Ferrovie dello Stato e Rete Ferroviaria Italiana (Gruppo FS), hanno accolto positivamente la richiesta di concessione di alcuni spazi del Parco Ferroviario di Porto Empedocle avanzata da diversi enti ed associazioni del territorio per celebrare l\u2019autore de \u201cIl commissario Montalbano\u201d - ISOLE EOLIE Turismo e Vacanze Hotel B&amp;B Residence Case Vacanza","isPartOf":{"@id":"https:\/\/www.isoleolie.it\/eolie\/#website"},"datePublished":"2025-09-05T07:41:17+00:00","dateModified":"2025-09-09T07:35:51+00:00","breadcrumb":{"@id":"https:\/\/www.isoleolie.it\/eolie\/in-occasione-del-centenario-dalla-nascita-dello-scrittore-originario-di-porto-empedocle-andrea-camilleri-scomparso-il-17-luglio-del-2019-fondazione-ferrovie-dello-stato-e-rete-ferroviaria-italiana\/eolie-news\/#breadcrumb"},"inLanguage":"it-IT","potentialAction":[{"@type":"ReadAction","target":["https:\/\/www.isoleolie.it\/eolie\/in-occasione-del-centenario-dalla-nascita-dello-scrittore-originario-di-porto-empedocle-andrea-camilleri-scomparso-il-17-luglio-del-2019-fondazione-ferrovie-dello-stato-e-rete-ferroviaria-italiana\/eolie-news\/"]}]},{"@type":"BreadcrumbList","@id":"https:\/\/www.isoleolie.it\/eolie\/in-occasione-del-centenario-dalla-nascita-dello-scrittore-originario-di-porto-empedocle-andrea-camilleri-scomparso-il-17-luglio-del-2019-fondazione-ferrovie-dello-stato-e-rete-ferroviaria-italiana\/eolie-news\/#breadcrumb","itemListElement":[{"@type":"ListItem","position":1,"name":"Home","item":"https:\/\/www.isoleolie.it\/eolie\/"},{"@type":"ListItem","position":2,"name":"In occasione del centenario dalla nascita dello scrittore originario di Porto Empedocle Andrea Camilleri, scomparso il 17 luglio del 2019, Fondazione Ferrovie dello Stato e Rete Ferroviaria Italiana (Gruppo FS), hanno accolto positivamente la richiesta di concessione di alcuni spazi del Parco Ferroviario di Porto Empedocle avanzata da diversi enti ed associazioni del territorio per celebrare l\u2019autore de \u201cIl commissario Montalbano\u201d"}]},{"@type":"WebSite","@id":"https:\/\/www.isoleolie.it\/eolie\/#website","url":"https:\/\/www.isoleolie.it\/eolie\/","name":"ISOLE EOLIE Turismo e Vacanze alle Isole Eolie Hotel B&B Residence Case Vacanza","description":"The first and official tourism site for the Aeolian Islands","publisher":{"@id":"https:\/\/www.isoleolie.it\/eolie\/#organization"},"potentialAction":[{"@type":"SearchAction","target":{"@type":"EntryPoint","urlTemplate":"https:\/\/www.isoleolie.it\/eolie\/?s={search_term_string}"},"query-input":{"@type":"PropertyValueSpecification","valueRequired":true,"valueName":"search_term_string"}}],"inLanguage":"it-IT"},{"@type":"Organization","@id":"https:\/\/www.isoleolie.it\/eolie\/#organization","name":"ISOLE EOLIE","url":"https:\/\/www.isoleolie.it\/eolie\/","logo":{"@type":"ImageObject","inLanguage":"it-IT","@id":"https:\/\/www.isoleolie.it\/eolie\/#\/schema\/logo\/image\/","url":"https:\/\/www.isoleolie.it\/eolie\/wp-content\/uploads\/2024\/11\/oMv8p0-4_400x400.jpg","contentUrl":"https:\/\/www.isoleolie.it\/eolie\/wp-content\/uploads\/2024\/11\/oMv8p0-4_400x400.jpg","width":400,"height":400,"caption":"ISOLE EOLIE"},"image":{"@id":"https:\/\/www.isoleolie.it\/eolie\/#\/schema\/logo\/image\/"}},{"@type":"Person","@id":"https:\/\/www.isoleolie.it\/eolie\/#\/schema\/person\/4c400db26884d9f212712636db6c1746","name":"Tourism Manager","image":{"@type":"ImageObject","inLanguage":"it-IT","@id":"https:\/\/secure.gravatar.com\/avatar\/3446a46a5f1bdb4055f313474780b529660445bd2d0364f2472d83fd63ed9bbc?s=96&d=mm&r=g","url":"https:\/\/secure.gravatar.com\/avatar\/3446a46a5f1bdb4055f313474780b529660445bd2d0364f2472d83fd63ed9bbc?s=96&d=mm&r=g","contentUrl":"https:\/\/secure.gravatar.com\/avatar\/3446a46a5f1bdb4055f313474780b529660445bd2d0364f2472d83fd63ed9bbc?s=96&d=mm&r=g","caption":"Tourism Manager"},"description":"Che cos'\u00e8 un manager del turismo? Tecnicamente, un manager del turismo \u00e8 un nome dato a qualsiasi professionista della gestione che lavora in un'azienda collegata all'industria del turismo. Ci\u00f2 include i direttori generali, che si assumono la responsabilit\u00e0 generale di garantire che le operazioni quotidiane si svolgano senza intoppi, ma includono anche i singoli responsabili di reparto all'interno delle aziende. Il ruolo di manager del turismo implica la supervisione delle operazioni all'interno di un'impresa o organizzazione turistica. \u00c8 una posizione di alto livello, che richiede una comprensione approfondita dei concetti di gestione e dell'industria nel suo insieme.","sameAs":["https:\/\/www.isoleolie.it\/"],"url":"https:\/\/www.isoleolie.it\/eolie\/author\/isoleolie_2\/"}]}},"_links":{"self":[{"href":"https:\/\/www.isoleolie.it\/eolie\/wp-json\/wp\/v2\/posts\/2325","targetHints":{"allow":["GET"]}}],"collection":[{"href":"https:\/\/www.isoleolie.it\/eolie\/wp-json\/wp\/v2\/posts"}],"about":[{"href":"https:\/\/www.isoleolie.it\/eolie\/wp-json\/wp\/v2\/types\/post"}],"author":[{"embeddable":true,"href":"https:\/\/www.isoleolie.it\/eolie\/wp-json\/wp\/v2\/users\/1"}],"replies":[{"embeddable":true,"href":"https:\/\/www.isoleolie.it\/eolie\/wp-json\/wp\/v2\/comments?post=2325"}],"version-history":[{"count":1,"href":"https:\/\/www.isoleolie.it\/eolie\/wp-json\/wp\/v2\/posts\/2325\/revisions"}],"predecessor-version":[{"id":2572,"href":"https:\/\/www.isoleolie.it\/eolie\/wp-json\/wp\/v2\/posts\/2325\/revisions\/2572"}],"wp:attachment":[{"href":"https:\/\/www.isoleolie.it\/eolie\/wp-json\/wp\/v2\/media?parent=2325"}],"wp:term":[{"taxonomy":"category","embeddable":true,"href":"https:\/\/www.isoleolie.it\/eolie\/wp-json\/wp\/v2\/categories?post=2325"},{"taxonomy":"post_tag","embeddable":true,"href":"https:\/\/www.isoleolie.it\/eolie\/wp-json\/wp\/v2\/tags?post=2325"}],"curies":[{"name":"wp","href":"https:\/\/api.w.org\/{rel}","templated":true}]}}