{"id":2227,"date":"2025-09-03T10:37:30","date_gmt":"2025-09-03T08:37:30","guid":{"rendered":"https:\/\/www.isoleolie.it\/eolie\/il-rock-e-pop-della-band-le-vibrazioni-sono-arrivati-a-mazzarra-santandrea-con-borghi-e-monti-damare-festival-2025-il-30-agosto-la-culla-dei-vivai\/isole-eolie\/"},"modified":"2025-09-09T09:52:34","modified_gmt":"2025-09-09T07:52:34","slug":"il-rock-e-pop-della-band-le-vibrazioni-sono-arrivati-a-mazzarra-santandrea-con-borghi-e-monti-damare-festival-2025-il-30-agosto-la-culla-dei-vivai","status":"publish","type":"post","link":"https:\/\/www.isoleolie.it\/eolie\/il-rock-e-pop-della-band-le-vibrazioni-sono-arrivati-a-mazzarra-santandrea-con-borghi-e-monti-damare-festival-2025-il-30-agosto-la-culla-dei-vivai\/eolie-news\/","title":{"rendered":"Il rock e pop della band Le Vibrazioni sono arrivati a Mazzarr\u00e0 Sant\u2019Andrea con \u201cBorghi e Monti d\u2019aMare Festival 2025\u201d: il 30 agosto, la \u201cCulla dei Vivai\u201d della provincia di Messina \u00e8 stata onorata di regalare un momento di spettacolo unico, grazie alla manifestazione organizzata dal Gal Tirrenico Mmb che spinge ed alimenta la cultura dei territori e i loro caratteri identitari lungo le localit\u00e0 di pertinenza in un format incisivo"},"content":{"rendered":"<p>Il rock e pop della band Le Vibrazioni sono arrivati a Mazzarr\u00e0 Sant\u2019Andrea con \u201cBorghi e Monti d\u2019aMare Festival 2025\u201d: il 30 agosto, la \u201cCulla dei Vivai\u201d della provincia di Messina \u00e8 stata onorata di regalare un momento di spettacolo unico, grazie alla manifestazione organizzata dal Gal Tirrenico Mmb che spinge ed alimenta la cultura dei territori e i loro caratteri identitari lungo le localit\u00e0 di pertinenza in un format incisivo.<\/p>\n<p>Proprio lo scorso 26 agosto a Lipari, si \u00e8 svolta l\u2019inaugurazione della tappa in trasferta \u201cEolie in classico\u201d che \u00e8 continuato fino al 30 agosto nei Giardini di Palazzo Vescovile, con la sezione dedicata ai concerti classici e un\u2019altra con il Villaggio Enogastronomico che pone in degustazione i prodotti tipici dei tredici comuni del Gal Tirrenico con grandi riscontri di pubblico\u2026 e poi una novit\u00e0\u2026 il Programma di Sviluppo Rurale potrebbe continuare e allargarsi<\/p>\n<p>Dopo uno strepitoso inizio di tappa di Lipari con \u201cEolie in classico\u201d e con il Cooking Show dello chef di fama internazionale Lucio Bernardi del prestigioso \u201cRistorante da Filippino\u201d, \u201cBorghi e Monti d\u2019aMare Festival 2025\u201d, firmato Gal Tirrenico Mmb, \u00e8 giunto al suo ricco epilogo con la tappa di Mazzarr\u00e0 Sant\u2019Andrea dal 28 al 30 agosto, inserendo come finale col botto del 30 agosto a Largo Manzoni il concerto della band Le Vibrazioni guidata dal leader Francesco Sarcina e una tre giorni di Festival degli Agrumi con angoli di riflessione sul territorio ed enogastronomia.<\/p>\n<p>Il cartellone artistico ha voluto chiudere in bellezza con una formazione che ha fatto la storia della musica, vincitrice anche di disco di platino, che ha infervorato le piazze e l\u2019amore con lo stile del rock: la rassegna portata avanti dal Gruppo d\u2019Azione Locale Tirrenico si muove con degli input culturali ben precisi che rientrano in un Programma di Sviluppo Rurale e che prevedono lo studio e il risalto dei requisiti d\u2019identit\u00e0 dei tredici siti ricadenti in questa realt\u00e0 di promozione, intervenendo anche come vetrina socio \u2013 turistica.<\/p>\n<p>Per quanto riguarda Mazzarr\u00e0 Sant\u2019Andrea, senza dubbio, il cardine della propria economia \u00e8 il florovivaismo con un centinaio di aziende che insistono e producono in questo centro che meritano di essere valorizzate con una pista di lancio come questa: non a caso, la localit\u00e0 \u00e8 classificata \u201cMazzarr\u00e0 Culla dei Vivai\u201d (anche con un cartello stradale di benvenuto al suo ingresso). L\u2019iniziativa proposta a Mazzarr\u00e0 Sant\u2019Andrea rispecchia il contenitore che ha esplorato le varie localit\u00e0, a partire dallo scorso 27 luglio con Castroreale e con all\u2019interno il suo \u201cCastroreale Jazz Festival\u201d.<\/p>\n<p>L\u2019evento itinerante di cultura che parla di ambiente, sostenibilit\u00e0, arte, tutela del patrimonio materiale e immateriale, comprese le risorse agroalimentari e tipicit\u00e0 della cucina, si \u00e8 concluso dunque nella citt\u00e0 del presidente del Gal Tirrenico che \u00e8 anche sindaco del territorio, Carmelo Pietrafitta e viene incentivato anche dall\u2019impegno del direttore generale Roberto Sauerborn, in sinergia con tutte le Amministrazioni municipali ospitanti di volta in volta.<\/p>\n<p>La kermesse nel cuore mazzarese ha visto il primo giorno una rievocazione del passato di Mazzarr\u00e0, in ricordo di Basilio La Rosa, presso l\u2019Anfiteatro Comunale \u201cParco Robinson\u201d, con i saluti del primo cittadino Pietrafitta e gli interventi di Davide F. D\u2019Amico su \u201cIl mio amico Basilio e il nostro legame di una vita\u201d, Liliana La Rosa su \u201cL\u2019Amore di mio marito per il suo paese\u201d, Giovanni Conti su \u201cBasilio e le sue ricerche sulle origini di Mazzarr\u00e0\u201d, Santino Marsala su \u201cRicordi ed emozioni su Mazzarr\u00e0\u201d, Maria Tramontana e Nino Baglione su \u201cLe Festivit\u00e0 religiose del paese e le tradizioni culinarie ad esso connesse\u201d.<\/p>\n<p>Ad introdurre le battute della tavola rotonda Carmelo D\u2019Amico. A rappresentare un vanto e orgoglio per la comunit\u00e0 mazzarese \u00e8 proprio il professore Davide D\u2019Amico che la sera del 23 novembre 1990, a Padova, ha eseguito il suo primo trapianto di fegato su una donna calabrese. Nella carica di Direttore del Dipartimento assistenziale integrato di Chirurgia Generale e trapianti di fegato a Padova, ha effettuato con successo oltre 500 trapianti epatobiliari. Con lui, il centro trapianti padovano si \u00e8 attestato come punto di riferimento per tanti pazienti.<\/p>\n<p>Il professore D\u2019Amico \u00e8 stato docente ordinario di Chirurgia Generale all\u2019Universit\u00e0 di Padova, in pensione dal 2009. E\u2019 autore di circa 500 pubblicazioni medico scientifiche. Ogni sera uno spettacolo diverso tra one man show e commedia fino a giungere al 30 agosto, alle ore 21.30, Largo Manzoni, con Le Vibrazioni in concerto. Nella prima serata, il soprano Rosanna Leonti si \u00e8 esibita in alcuni brani con la pianista Vera Pulvirenti, spazio anche alla poesia.<\/p>\n<p>A seguire della rievocazione del 28, c\u2019\u00e8 stata una serie di interviste ai protagonisti dell\u2019evento, come da consuetudine nel format \u201cBorghi e Monti d\u2019aMare Festival 2025\u201d, su quali strategie siano state messe in campo con il Gal Tirrenico per potenziare le qualit\u00e0 preesistenti del territorio, con il padrone di casa Pietrafitta, il direttore Sauerborn, lo storico del paese Giovanni Conti, i due assessori con delega all\u2019Agricoltura Giuseppe Coppolino e alle Attivit\u00e0 Produttive Antonino Mandanici, i produttori di vino e olio \u2013 i fratelli Giovanni e Alessandro Salvo dei Principi di Mola e dell\u2019Azienda Agricola Salvo Giovanni.<\/p>\n<p>Il Villaggio Enogastronomico del Gal Tirrenico, presente in ogni meta del tour, \u00e8 stato allestito in Piazza Umberto I\u00b0. L\u2019omaggio culinario all\u2019area mazzarese non \u00e8 mancato attraverso l\u2019arte dal vivo dello chef Tindaro Ricciardo, con l\u2019incarico di accompagnare le tappe con i loro ingredienti distintivi\u2026 in questo caso, \u00e8 stato preparato un piatto con un tripudio di agrumi un ovvero maialino marinato con agrumi con tecnica sottovuoto a bassa temperatura con aromi vari e un pre -dessert a base di yogurt e Kumquat.<\/p>\n<p>Anche il sindaco Pietrafitta \u00e8 stato coinvolto nel procedimento di preparazione del pre \u2013 dessert. Mentre, per esempio, per la tappa del 27 agosto a Rod\u00ec Milici (terra anche di buon olio e buon vino), amministrata dal sindaco Eugenio Aliberti, appassionato di cucina, si \u00e8 pensato ai Grani Antichi Siciliani arricchiti dall\u2019olio Evo e un formaggio di zona. Aliberti si \u00e8 divertito nella partecipazione del Cooking Show, grazie alla farcitura del primo piatto. Ricordiamo la pietanza \u2013 compendio di quasi tutte le materie prime del Gal Tirrenico, congegnata dal maestro chef Lucio Bernardi, che ha voluto rivolgere un pensiero a tutti i produttori eccellenti di queste zone\u2026 da Basic\u00f2 con la sua Provola a Castroreale con il suo olio e pasta artigianale, da Barcellona con i suoi pomodori e le sue marmellate ad Oliveri con il suo vino alle nocciole di Fondachelli Fantina.<\/p>\n<p>Apprezzamento a tuttotondo di tante personalit\u00e0 intervenute: dagli amministratori dei tanti comuni ad altri importanti personaggi delle Eolie verso l\u2019organizzazione della serata esclusiva e del tour. Gradito anche l\u2019intrattenimento musicale con Rossano Giorgi \u2013 chitarra. A gestire la conduzione degli approfondimenti di ogni tappa e del singolo Cooking show \u00e8 la giornalista Marcella Ruggeri. Essenziale novit\u00e0\u2026 il Gal Tirrenico pu\u00f2 estendere l\u2019area in cui e\u0300 possibile beneficiare dei contributi concessi attraverso bandi pubblici, grazie ad una manifestazione di interesse pubblico che intraprenda una ricognizione del coinvolgimento di aziende, imprese, organizzazioni di categoria, associazioni, organismi del terzo settore, enti privati e pubblici (Province, Unioni di Comuni, Unioni Montane, Unioni Collinari, Consorzi di bonifica, Comuni singoli, Universit\u00e0, ecc.).<\/p>\n<p>L&#8217;articolo <a href=\"https:\/\/www.messinamagazine.it\/primo-piano\/il-rock-e-pop-della-band-le-vibrazioni-sono-arrivati-a-mazzarra-santandrea-con-borghi-e-monti-damare-festival-2025-il-30-agosto-la-culla-dei-vivai\/\">Il rock e pop della band Le Vibrazioni sono arrivati a Mazzarr\u00e0 Sant\u2019Andrea con \u201cBorghi e Monti d\u2019aMare Festival 2025\u201d: il 30 agosto, la \u201cCulla dei Vivai\u201d della provincia di Messina \u00e8 stata onorata di regalare un momento di spettacolo unico, grazie alla manifestazione organizzata dal Gal Tirrenico Mmb che spinge ed alimenta la cultura dei territori e i loro caratteri identitari lungo le localit\u00e0 di pertinenza in un format incisivo<\/a> proviene da <a href=\"https:\/\/www.messinamagazine.it\/\">Messina Magazine<\/a>.<\/p>\n","protected":false},"excerpt":{"rendered":"<p>Il rock e pop della band Le Vibrazioni sono arrivati a Mazzarr\u00e0 Sant\u2019Andrea con \u201cBorghi e Monti d\u2019aMare Festival 2025\u201d: il 30 agosto, la \u201cCulla dei Vivai\u201d della provincia di Messina \u00e8 stata onorata di regalare un momento di spettacolo unico, grazie alla manifestazione organizzata dal Gal Tirrenico Mmb che spinge ed alimenta la cultura [&hellip;]<\/p>\n","protected":false},"author":1,"featured_media":0,"comment_status":"closed","ping_status":"","sticky":false,"template":"","format":"standard","meta":{"footnotes":""},"categories":[22],"tags":[],"class_list":["post-2227","post","type-post","status-publish","format-standard","hentry","category-eolie-news"],"yoast_head":"<!-- This site is optimized with the Yoast SEO plugin v27.5 - https:\/\/yoast.com\/product\/yoast-seo-wordpress\/ -->\r\n<title>Il rock e pop della band Le Vibrazioni sono arrivati a Mazzarr\u00e0 Sant\u2019Andrea con \u201cBorghi e Monti d\u2019aMare Festival 2025\u201d: il 30 agosto, la \u201cCulla dei Vivai\u201d della provincia di Messina \u00e8 stata onorata di regalare un momento di spettacolo unico, grazie alla manifestazione organizzata dal Gal Tirrenico Mmb che spinge ed alimenta la cultura dei territori e i loro caratteri identitari lungo le localit\u00e0 di pertinenza in un format incisivo - ISOLE EOLIE Turismo e Vacanze Hotel B&amp;B Residence Case Vacanza<\/title>\r\n<meta name=\"robots\" content=\"index, follow, max-snippet:-1, max-image-preview:large, max-video-preview:-1\" \/>\r\n<link rel=\"canonical\" href=\"https:\/\/www.isoleolie.it\/eolie\/il-rock-e-pop-della-band-le-vibrazioni-sono-arrivati-a-mazzarra-santandrea-con-borghi-e-monti-damare-festival-2025-il-30-agosto-la-culla-dei-vivai\/eolie-news\/\" \/>\r\n<meta property=\"og:locale\" content=\"it_IT\" \/>\r\n<meta property=\"og:type\" content=\"article\" \/>\r\n<meta property=\"og:title\" content=\"Il rock e pop della band Le Vibrazioni sono arrivati a Mazzarr\u00e0 Sant\u2019Andrea con \u201cBorghi e Monti d\u2019aMare Festival 2025\u201d: il 30 agosto, la \u201cCulla dei Vivai\u201d della provincia di Messina \u00e8 stata onorata di regalare un momento di spettacolo unico, grazie alla manifestazione organizzata dal Gal Tirrenico Mmb che spinge ed alimenta la cultura dei territori e i loro caratteri identitari lungo le localit\u00e0 di pertinenza in un format incisivo - ISOLE EOLIE Turismo e Vacanze Hotel B&amp;B Residence Case Vacanza\" \/>\r\n<meta property=\"og:description\" content=\"Il rock e pop della band Le Vibrazioni sono arrivati a Mazzarr\u00e0 Sant\u2019Andrea con \u201cBorghi e Monti d\u2019aMare Festival 2025\u201d: il 30 agosto, la \u201cCulla dei Vivai\u201d della provincia di Messina \u00e8 stata onorata di regalare un momento di spettacolo unico, grazie alla manifestazione organizzata dal Gal Tirrenico Mmb che spinge ed alimenta la cultura [&hellip;]\" \/>\r\n<meta property=\"og:url\" content=\"https:\/\/www.isoleolie.it\/eolie\/il-rock-e-pop-della-band-le-vibrazioni-sono-arrivati-a-mazzarra-santandrea-con-borghi-e-monti-damare-festival-2025-il-30-agosto-la-culla-dei-vivai\/eolie-news\/\" \/>\r\n<meta property=\"og:site_name\" content=\"ISOLE EOLIE Turismo e Vacanze Hotel B&amp;B Residence Case Vacanza\" \/>\r\n<meta property=\"article:published_time\" content=\"2025-09-03T08:37:30+00:00\" \/>\r\n<meta property=\"article:modified_time\" content=\"2025-09-09T07:52:34+00:00\" \/>\r\n<meta name=\"author\" content=\"Tourism Manager\" \/>\r\n<meta name=\"twitter:card\" content=\"summary_large_image\" \/>\r\n<meta name=\"twitter:label1\" content=\"Scritto da\" \/>\n\t<meta name=\"twitter:data1\" content=\"Tourism Manager\" \/>\n\t<meta name=\"twitter:label2\" content=\"Tempo di lettura stimato\" \/>\n\t<meta name=\"twitter:data2\" content=\"6 minuti\" \/>\r\n<script type=\"application\/ld+json\" class=\"yoast-schema-graph\">{\"@context\":\"https:\\\/\\\/schema.org\",\"@graph\":[{\"@type\":\"Article\",\"@id\":\"https:\\\/\\\/www.isoleolie.it\\\/eolie\\\/il-rock-e-pop-della-band-le-vibrazioni-sono-arrivati-a-mazzarra-santandrea-con-borghi-e-monti-damare-festival-2025-il-30-agosto-la-culla-dei-vivai\\\/eolie-news\\\/#article\",\"isPartOf\":{\"@id\":\"https:\\\/\\\/www.isoleolie.it\\\/eolie\\\/il-rock-e-pop-della-band-le-vibrazioni-sono-arrivati-a-mazzarra-santandrea-con-borghi-e-monti-damare-festival-2025-il-30-agosto-la-culla-dei-vivai\\\/eolie-news\\\/\"},\"author\":{\"name\":\"Tourism Manager\",\"@id\":\"https:\\\/\\\/www.isoleolie.it\\\/eolie\\\/#\\\/schema\\\/person\\\/4c400db26884d9f212712636db6c1746\"},\"headline\":\"Il rock e pop della band Le Vibrazioni sono arrivati a Mazzarr\u00e0 Sant\u2019Andrea con \u201cBorghi e Monti d\u2019aMare Festival 2025\u201d: il 30 agosto, la \u201cCulla dei Vivai\u201d della provincia di Messina \u00e8 stata onorata di regalare un momento di spettacolo unico, grazie alla manifestazione organizzata dal Gal Tirrenico Mmb che spinge ed alimenta la cultura dei territori e i loro caratteri identitari lungo le localit\u00e0 di pertinenza in un format incisivo\",\"datePublished\":\"2025-09-03T08:37:30+00:00\",\"dateModified\":\"2025-09-09T07:52:34+00:00\",\"mainEntityOfPage\":{\"@id\":\"https:\\\/\\\/www.isoleolie.it\\\/eolie\\\/il-rock-e-pop-della-band-le-vibrazioni-sono-arrivati-a-mazzarra-santandrea-con-borghi-e-monti-damare-festival-2025-il-30-agosto-la-culla-dei-vivai\\\/eolie-news\\\/\"},\"wordCount\":1321,\"publisher\":{\"@id\":\"https:\\\/\\\/www.isoleolie.it\\\/eolie\\\/#organization\"},\"articleSection\":[\"NEWS\"],\"inLanguage\":\"it-IT\"},{\"@type\":\"WebPage\",\"@id\":\"https:\\\/\\\/www.isoleolie.it\\\/eolie\\\/il-rock-e-pop-della-band-le-vibrazioni-sono-arrivati-a-mazzarra-santandrea-con-borghi-e-monti-damare-festival-2025-il-30-agosto-la-culla-dei-vivai\\\/eolie-news\\\/\",\"url\":\"https:\\\/\\\/www.isoleolie.it\\\/eolie\\\/il-rock-e-pop-della-band-le-vibrazioni-sono-arrivati-a-mazzarra-santandrea-con-borghi-e-monti-damare-festival-2025-il-30-agosto-la-culla-dei-vivai\\\/eolie-news\\\/\",\"name\":\"Il rock e pop della band Le Vibrazioni sono arrivati a Mazzarr\u00e0 Sant\u2019Andrea con \u201cBorghi e Monti d\u2019aMare Festival 2025\u201d: il 30 agosto, la \u201cCulla dei Vivai\u201d della provincia di Messina \u00e8 stata onorata di regalare un momento di spettacolo unico, grazie alla manifestazione organizzata dal Gal Tirrenico Mmb che spinge ed alimenta la cultura dei territori e i loro caratteri identitari lungo le localit\u00e0 di pertinenza in un format incisivo - ISOLE EOLIE Turismo e Vacanze Hotel B&amp;B Residence Case Vacanza\",\"isPartOf\":{\"@id\":\"https:\\\/\\\/www.isoleolie.it\\\/eolie\\\/#website\"},\"datePublished\":\"2025-09-03T08:37:30+00:00\",\"dateModified\":\"2025-09-09T07:52:34+00:00\",\"breadcrumb\":{\"@id\":\"https:\\\/\\\/www.isoleolie.it\\\/eolie\\\/il-rock-e-pop-della-band-le-vibrazioni-sono-arrivati-a-mazzarra-santandrea-con-borghi-e-monti-damare-festival-2025-il-30-agosto-la-culla-dei-vivai\\\/eolie-news\\\/#breadcrumb\"},\"inLanguage\":\"it-IT\",\"potentialAction\":[{\"@type\":\"ReadAction\",\"target\":[\"https:\\\/\\\/www.isoleolie.it\\\/eolie\\\/il-rock-e-pop-della-band-le-vibrazioni-sono-arrivati-a-mazzarra-santandrea-con-borghi-e-monti-damare-festival-2025-il-30-agosto-la-culla-dei-vivai\\\/eolie-news\\\/\"]}]},{\"@type\":\"BreadcrumbList\",\"@id\":\"https:\\\/\\\/www.isoleolie.it\\\/eolie\\\/il-rock-e-pop-della-band-le-vibrazioni-sono-arrivati-a-mazzarra-santandrea-con-borghi-e-monti-damare-festival-2025-il-30-agosto-la-culla-dei-vivai\\\/eolie-news\\\/#breadcrumb\",\"itemListElement\":[{\"@type\":\"ListItem\",\"position\":1,\"name\":\"Home\",\"item\":\"https:\\\/\\\/www.isoleolie.it\\\/eolie\\\/\"},{\"@type\":\"ListItem\",\"position\":2,\"name\":\"Il rock e pop della band Le Vibrazioni sono arrivati a Mazzarr\u00e0 Sant\u2019Andrea con \u201cBorghi e Monti d\u2019aMare Festival 2025\u201d: il 30 agosto, la \u201cCulla dei Vivai\u201d della provincia di Messina \u00e8 stata onorata di regalare un momento di spettacolo unico, grazie alla manifestazione organizzata dal Gal Tirrenico Mmb che spinge ed alimenta la cultura dei territori e i loro caratteri identitari lungo le localit\u00e0 di pertinenza in un format incisivo\"}]},{\"@type\":\"WebSite\",\"@id\":\"https:\\\/\\\/www.isoleolie.it\\\/eolie\\\/#website\",\"url\":\"https:\\\/\\\/www.isoleolie.it\\\/eolie\\\/\",\"name\":\"ISOLE EOLIE Turismo e Vacanze alle Isole Eolie Hotel B&B Residence Case Vacanza\",\"description\":\"The first and official tourism site for the Aeolian Islands\",\"publisher\":{\"@id\":\"https:\\\/\\\/www.isoleolie.it\\\/eolie\\\/#organization\"},\"potentialAction\":[{\"@type\":\"SearchAction\",\"target\":{\"@type\":\"EntryPoint\",\"urlTemplate\":\"https:\\\/\\\/www.isoleolie.it\\\/eolie\\\/?s={search_term_string}\"},\"query-input\":{\"@type\":\"PropertyValueSpecification\",\"valueRequired\":true,\"valueName\":\"search_term_string\"}}],\"inLanguage\":\"it-IT\"},{\"@type\":\"Organization\",\"@id\":\"https:\\\/\\\/www.isoleolie.it\\\/eolie\\\/#organization\",\"name\":\"ISOLE EOLIE\",\"url\":\"https:\\\/\\\/www.isoleolie.it\\\/eolie\\\/\",\"logo\":{\"@type\":\"ImageObject\",\"inLanguage\":\"it-IT\",\"@id\":\"https:\\\/\\\/www.isoleolie.it\\\/eolie\\\/#\\\/schema\\\/logo\\\/image\\\/\",\"url\":\"https:\\\/\\\/www.isoleolie.it\\\/eolie\\\/wp-content\\\/uploads\\\/2024\\\/11\\\/oMv8p0-4_400x400.jpg\",\"contentUrl\":\"https:\\\/\\\/www.isoleolie.it\\\/eolie\\\/wp-content\\\/uploads\\\/2024\\\/11\\\/oMv8p0-4_400x400.jpg\",\"width\":400,\"height\":400,\"caption\":\"ISOLE EOLIE\"},\"image\":{\"@id\":\"https:\\\/\\\/www.isoleolie.it\\\/eolie\\\/#\\\/schema\\\/logo\\\/image\\\/\"}},{\"@type\":\"Person\",\"@id\":\"https:\\\/\\\/www.isoleolie.it\\\/eolie\\\/#\\\/schema\\\/person\\\/4c400db26884d9f212712636db6c1746\",\"name\":\"Tourism Manager\",\"image\":{\"@type\":\"ImageObject\",\"inLanguage\":\"it-IT\",\"@id\":\"https:\\\/\\\/secure.gravatar.com\\\/avatar\\\/3446a46a5f1bdb4055f313474780b529660445bd2d0364f2472d83fd63ed9bbc?s=96&d=mm&r=g\",\"url\":\"https:\\\/\\\/secure.gravatar.com\\\/avatar\\\/3446a46a5f1bdb4055f313474780b529660445bd2d0364f2472d83fd63ed9bbc?s=96&d=mm&r=g\",\"contentUrl\":\"https:\\\/\\\/secure.gravatar.com\\\/avatar\\\/3446a46a5f1bdb4055f313474780b529660445bd2d0364f2472d83fd63ed9bbc?s=96&d=mm&r=g\",\"caption\":\"Tourism Manager\"},\"description\":\"Che cos'\u00e8 un manager del turismo? Tecnicamente, un manager del turismo \u00e8 un nome dato a qualsiasi professionista della gestione che lavora in un'azienda collegata all'industria del turismo. Ci\u00f2 include i direttori generali, che si assumono la responsabilit\u00e0 generale di garantire che le operazioni quotidiane si svolgano senza intoppi, ma includono anche i singoli responsabili di reparto all'interno delle aziende. Il ruolo di manager del turismo implica la supervisione delle operazioni all'interno di un'impresa o organizzazione turistica. \u00c8 una posizione di alto livello, che richiede una comprensione approfondita dei concetti di gestione e dell'industria nel suo insieme.\",\"sameAs\":[\"https:\\\/\\\/www.isoleolie.it\\\/\"],\"url\":\"https:\\\/\\\/www.isoleolie.it\\\/eolie\\\/author\\\/isoleolie_2\\\/\"}]}<\/script>\r\n<!-- \/ Yoast SEO plugin. -->","yoast_head_json":{"title":"Il rock e pop della band Le Vibrazioni sono arrivati a Mazzarr\u00e0 Sant\u2019Andrea con \u201cBorghi e Monti d\u2019aMare Festival 2025\u201d: il 30 agosto, la \u201cCulla dei Vivai\u201d della provincia di Messina \u00e8 stata onorata di regalare un momento di spettacolo unico, grazie alla manifestazione organizzata dal Gal Tirrenico Mmb che spinge ed alimenta la cultura dei territori e i loro caratteri identitari lungo le localit\u00e0 di pertinenza in un format incisivo - ISOLE EOLIE Turismo e Vacanze Hotel B&amp;B Residence Case Vacanza","robots":{"index":"index","follow":"follow","max-snippet":"max-snippet:-1","max-image-preview":"max-image-preview:large","max-video-preview":"max-video-preview:-1"},"canonical":"https:\/\/www.isoleolie.it\/eolie\/il-rock-e-pop-della-band-le-vibrazioni-sono-arrivati-a-mazzarra-santandrea-con-borghi-e-monti-damare-festival-2025-il-30-agosto-la-culla-dei-vivai\/eolie-news\/","og_locale":"it_IT","og_type":"article","og_title":"Il rock e pop della band Le Vibrazioni sono arrivati a Mazzarr\u00e0 Sant\u2019Andrea con \u201cBorghi e Monti d\u2019aMare Festival 2025\u201d: il 30 agosto, la \u201cCulla dei Vivai\u201d della provincia di Messina \u00e8 stata onorata di regalare un momento di spettacolo unico, grazie alla manifestazione organizzata dal Gal Tirrenico Mmb che spinge ed alimenta la cultura dei territori e i loro caratteri identitari lungo le localit\u00e0 di pertinenza in un format incisivo - ISOLE EOLIE Turismo e Vacanze Hotel B&amp;B Residence Case Vacanza","og_description":"Il rock e pop della band Le Vibrazioni sono arrivati a Mazzarr\u00e0 Sant\u2019Andrea con \u201cBorghi e Monti d\u2019aMare Festival 2025\u201d: il 30 agosto, la \u201cCulla dei Vivai\u201d della provincia di Messina \u00e8 stata onorata di regalare un momento di spettacolo unico, grazie alla manifestazione organizzata dal Gal Tirrenico Mmb che spinge ed alimenta la cultura [&hellip;]","og_url":"https:\/\/www.isoleolie.it\/eolie\/il-rock-e-pop-della-band-le-vibrazioni-sono-arrivati-a-mazzarra-santandrea-con-borghi-e-monti-damare-festival-2025-il-30-agosto-la-culla-dei-vivai\/eolie-news\/","og_site_name":"ISOLE EOLIE Turismo e Vacanze Hotel B&amp;B Residence Case Vacanza","article_published_time":"2025-09-03T08:37:30+00:00","article_modified_time":"2025-09-09T07:52:34+00:00","author":"Tourism Manager","twitter_card":"summary_large_image","twitter_misc":{"Scritto da":"Tourism Manager","Tempo di lettura stimato":"6 minuti"},"schema":{"@context":"https:\/\/schema.org","@graph":[{"@type":"Article","@id":"https:\/\/www.isoleolie.it\/eolie\/il-rock-e-pop-della-band-le-vibrazioni-sono-arrivati-a-mazzarra-santandrea-con-borghi-e-monti-damare-festival-2025-il-30-agosto-la-culla-dei-vivai\/eolie-news\/#article","isPartOf":{"@id":"https:\/\/www.isoleolie.it\/eolie\/il-rock-e-pop-della-band-le-vibrazioni-sono-arrivati-a-mazzarra-santandrea-con-borghi-e-monti-damare-festival-2025-il-30-agosto-la-culla-dei-vivai\/eolie-news\/"},"author":{"name":"Tourism Manager","@id":"https:\/\/www.isoleolie.it\/eolie\/#\/schema\/person\/4c400db26884d9f212712636db6c1746"},"headline":"Il rock e pop della band Le Vibrazioni sono arrivati a Mazzarr\u00e0 Sant\u2019Andrea con \u201cBorghi e Monti d\u2019aMare Festival 2025\u201d: il 30 agosto, la \u201cCulla dei Vivai\u201d della provincia di Messina \u00e8 stata onorata di regalare un momento di spettacolo unico, grazie alla manifestazione organizzata dal Gal Tirrenico Mmb che spinge ed alimenta la cultura dei territori e i loro caratteri identitari lungo le localit\u00e0 di pertinenza in un format incisivo","datePublished":"2025-09-03T08:37:30+00:00","dateModified":"2025-09-09T07:52:34+00:00","mainEntityOfPage":{"@id":"https:\/\/www.isoleolie.it\/eolie\/il-rock-e-pop-della-band-le-vibrazioni-sono-arrivati-a-mazzarra-santandrea-con-borghi-e-monti-damare-festival-2025-il-30-agosto-la-culla-dei-vivai\/eolie-news\/"},"wordCount":1321,"publisher":{"@id":"https:\/\/www.isoleolie.it\/eolie\/#organization"},"articleSection":["NEWS"],"inLanguage":"it-IT"},{"@type":"WebPage","@id":"https:\/\/www.isoleolie.it\/eolie\/il-rock-e-pop-della-band-le-vibrazioni-sono-arrivati-a-mazzarra-santandrea-con-borghi-e-monti-damare-festival-2025-il-30-agosto-la-culla-dei-vivai\/eolie-news\/","url":"https:\/\/www.isoleolie.it\/eolie\/il-rock-e-pop-della-band-le-vibrazioni-sono-arrivati-a-mazzarra-santandrea-con-borghi-e-monti-damare-festival-2025-il-30-agosto-la-culla-dei-vivai\/eolie-news\/","name":"Il rock e pop della band Le Vibrazioni sono arrivati a Mazzarr\u00e0 Sant\u2019Andrea con \u201cBorghi e Monti d\u2019aMare Festival 2025\u201d: il 30 agosto, la \u201cCulla dei Vivai\u201d della provincia di Messina \u00e8 stata onorata di regalare un momento di spettacolo unico, grazie alla manifestazione organizzata dal Gal Tirrenico Mmb che spinge ed alimenta la cultura dei territori e i loro caratteri identitari lungo le localit\u00e0 di pertinenza in un format incisivo - ISOLE EOLIE Turismo e Vacanze Hotel B&amp;B Residence Case Vacanza","isPartOf":{"@id":"https:\/\/www.isoleolie.it\/eolie\/#website"},"datePublished":"2025-09-03T08:37:30+00:00","dateModified":"2025-09-09T07:52:34+00:00","breadcrumb":{"@id":"https:\/\/www.isoleolie.it\/eolie\/il-rock-e-pop-della-band-le-vibrazioni-sono-arrivati-a-mazzarra-santandrea-con-borghi-e-monti-damare-festival-2025-il-30-agosto-la-culla-dei-vivai\/eolie-news\/#breadcrumb"},"inLanguage":"it-IT","potentialAction":[{"@type":"ReadAction","target":["https:\/\/www.isoleolie.it\/eolie\/il-rock-e-pop-della-band-le-vibrazioni-sono-arrivati-a-mazzarra-santandrea-con-borghi-e-monti-damare-festival-2025-il-30-agosto-la-culla-dei-vivai\/eolie-news\/"]}]},{"@type":"BreadcrumbList","@id":"https:\/\/www.isoleolie.it\/eolie\/il-rock-e-pop-della-band-le-vibrazioni-sono-arrivati-a-mazzarra-santandrea-con-borghi-e-monti-damare-festival-2025-il-30-agosto-la-culla-dei-vivai\/eolie-news\/#breadcrumb","itemListElement":[{"@type":"ListItem","position":1,"name":"Home","item":"https:\/\/www.isoleolie.it\/eolie\/"},{"@type":"ListItem","position":2,"name":"Il rock e pop della band Le Vibrazioni sono arrivati a Mazzarr\u00e0 Sant\u2019Andrea con \u201cBorghi e Monti d\u2019aMare Festival 2025\u201d: il 30 agosto, la \u201cCulla dei Vivai\u201d della provincia di Messina \u00e8 stata onorata di regalare un momento di spettacolo unico, grazie alla manifestazione organizzata dal Gal Tirrenico Mmb che spinge ed alimenta la cultura dei territori e i loro caratteri identitari lungo le localit\u00e0 di pertinenza in un format incisivo"}]},{"@type":"WebSite","@id":"https:\/\/www.isoleolie.it\/eolie\/#website","url":"https:\/\/www.isoleolie.it\/eolie\/","name":"ISOLE EOLIE Turismo e Vacanze alle Isole Eolie Hotel B&B Residence Case Vacanza","description":"The first and official tourism site for the Aeolian Islands","publisher":{"@id":"https:\/\/www.isoleolie.it\/eolie\/#organization"},"potentialAction":[{"@type":"SearchAction","target":{"@type":"EntryPoint","urlTemplate":"https:\/\/www.isoleolie.it\/eolie\/?s={search_term_string}"},"query-input":{"@type":"PropertyValueSpecification","valueRequired":true,"valueName":"search_term_string"}}],"inLanguage":"it-IT"},{"@type":"Organization","@id":"https:\/\/www.isoleolie.it\/eolie\/#organization","name":"ISOLE EOLIE","url":"https:\/\/www.isoleolie.it\/eolie\/","logo":{"@type":"ImageObject","inLanguage":"it-IT","@id":"https:\/\/www.isoleolie.it\/eolie\/#\/schema\/logo\/image\/","url":"https:\/\/www.isoleolie.it\/eolie\/wp-content\/uploads\/2024\/11\/oMv8p0-4_400x400.jpg","contentUrl":"https:\/\/www.isoleolie.it\/eolie\/wp-content\/uploads\/2024\/11\/oMv8p0-4_400x400.jpg","width":400,"height":400,"caption":"ISOLE EOLIE"},"image":{"@id":"https:\/\/www.isoleolie.it\/eolie\/#\/schema\/logo\/image\/"}},{"@type":"Person","@id":"https:\/\/www.isoleolie.it\/eolie\/#\/schema\/person\/4c400db26884d9f212712636db6c1746","name":"Tourism Manager","image":{"@type":"ImageObject","inLanguage":"it-IT","@id":"https:\/\/secure.gravatar.com\/avatar\/3446a46a5f1bdb4055f313474780b529660445bd2d0364f2472d83fd63ed9bbc?s=96&d=mm&r=g","url":"https:\/\/secure.gravatar.com\/avatar\/3446a46a5f1bdb4055f313474780b529660445bd2d0364f2472d83fd63ed9bbc?s=96&d=mm&r=g","contentUrl":"https:\/\/secure.gravatar.com\/avatar\/3446a46a5f1bdb4055f313474780b529660445bd2d0364f2472d83fd63ed9bbc?s=96&d=mm&r=g","caption":"Tourism Manager"},"description":"Che cos'\u00e8 un manager del turismo? Tecnicamente, un manager del turismo \u00e8 un nome dato a qualsiasi professionista della gestione che lavora in un'azienda collegata all'industria del turismo. Ci\u00f2 include i direttori generali, che si assumono la responsabilit\u00e0 generale di garantire che le operazioni quotidiane si svolgano senza intoppi, ma includono anche i singoli responsabili di reparto all'interno delle aziende. Il ruolo di manager del turismo implica la supervisione delle operazioni all'interno di un'impresa o organizzazione turistica. \u00c8 una posizione di alto livello, che richiede una comprensione approfondita dei concetti di gestione e dell'industria nel suo insieme.","sameAs":["https:\/\/www.isoleolie.it\/"],"url":"https:\/\/www.isoleolie.it\/eolie\/author\/isoleolie_2\/"}]}},"_links":{"self":[{"href":"https:\/\/www.isoleolie.it\/eolie\/wp-json\/wp\/v2\/posts\/2227","targetHints":{"allow":["GET"]}}],"collection":[{"href":"https:\/\/www.isoleolie.it\/eolie\/wp-json\/wp\/v2\/posts"}],"about":[{"href":"https:\/\/www.isoleolie.it\/eolie\/wp-json\/wp\/v2\/types\/post"}],"author":[{"embeddable":true,"href":"https:\/\/www.isoleolie.it\/eolie\/wp-json\/wp\/v2\/users\/1"}],"replies":[{"embeddable":true,"href":"https:\/\/www.isoleolie.it\/eolie\/wp-json\/wp\/v2\/comments?post=2227"}],"version-history":[{"count":1,"href":"https:\/\/www.isoleolie.it\/eolie\/wp-json\/wp\/v2\/posts\/2227\/revisions"}],"predecessor-version":[{"id":2608,"href":"https:\/\/www.isoleolie.it\/eolie\/wp-json\/wp\/v2\/posts\/2227\/revisions\/2608"}],"wp:attachment":[{"href":"https:\/\/www.isoleolie.it\/eolie\/wp-json\/wp\/v2\/media?parent=2227"}],"wp:term":[{"taxonomy":"category","embeddable":true,"href":"https:\/\/www.isoleolie.it\/eolie\/wp-json\/wp\/v2\/categories?post=2227"},{"taxonomy":"post_tag","embeddable":true,"href":"https:\/\/www.isoleolie.it\/eolie\/wp-json\/wp\/v2\/tags?post=2227"}],"curies":[{"name":"wp","href":"https:\/\/api.w.org\/{rel}","templated":true}]}}