{"id":2149,"date":"2025-09-03T03:35:46","date_gmt":"2025-09-03T01:35:46","guid":{"rendered":"https:\/\/www.isoleolie.it\/eolie\/patti-santagata-militello-e-mistretta-dimezzati-i-tagli-dei-posti-letto-negli-ospedali\/isole-eolie\/"},"modified":"2025-09-03T12:36:13","modified_gmt":"2025-09-03T10:36:13","slug":"patti-santagata-militello-e-mistretta-dimezzati-i-tagli-dei-posti-letto-negli-ospedali","status":"publish","type":"post","link":"https:\/\/www.isoleolie.it\/eolie\/patti-santagata-militello-e-mistretta-dimezzati-i-tagli-dei-posti-letto-negli-ospedali\/eolie-news\/","title":{"rendered":"Patti, Sant\u2019Agata Militello e Mistretta: dimezzati i tagli dei posti letto negli ospedali"},"content":{"rendered":"<p>La girandola dei numeri della sanit\u00e0 torna protagonista alla vigilia dell\u2019attesa seduta della VI Commissione salute dell\u2019Ars che il 10 settembre prossimo discuter\u00e0 della nuova bozza di rete ospedaliera proposta dall\u2019assessora regionale Daniela Faraoni. Una versione 2.0, dopo la prima dello scorso luglio, che aveva suscitato disappunto pressoch\u00e9 unanime e trasversale, nella quale i vertici&#8230;<\/p>\n","protected":false},"excerpt":{"rendered":"<p>La girandola dei numeri della sanit\u00e0 torna protagonista alla vigilia dell\u2019attesa seduta della VI Commissione salute dell\u2019Ars che il 10 settembre prossimo discuter\u00e0 della nuova bozza di rete ospedaliera proposta dall\u2019assessora regionale Daniela Faraoni. Una versione 2.0, dopo la prima dello scorso luglio, che aveva suscitato disappunto pressoch\u00e9 unanime e trasversale, nella quale i vertici&#8230;<\/p>\n","protected":false},"author":1,"featured_media":2150,"comment_status":"closed","ping_status":"","sticky":false,"template":"","format":"standard","meta":{"footnotes":""},"categories":[22],"tags":[],"class_list":["post-2149","post","type-post","status-publish","format-standard","has-post-thumbnail","hentry","category-eolie-news"],"yoast_head":"<!-- This site is optimized with the Yoast SEO plugin v27.5 - https:\/\/yoast.com\/product\/yoast-seo-wordpress\/ -->\r\n<title>Patti, Sant\u2019Agata Militello e Mistretta: dimezzati i tagli dei posti letto negli ospedali - ISOLE EOLIE Turismo e Vacanze Hotel B&amp;B Residence Case Vacanza<\/title>\r\n<meta name=\"robots\" content=\"index, follow, max-snippet:-1, max-image-preview:large, max-video-preview:-1\" \/>\r\n<link rel=\"canonical\" href=\"https:\/\/www.isoleolie.it\/eolie\/patti-santagata-militello-e-mistretta-dimezzati-i-tagli-dei-posti-letto-negli-ospedali\/eolie-news\/\" \/>\r\n<meta property=\"og:locale\" content=\"it_IT\" \/>\r\n<meta property=\"og:type\" content=\"article\" \/>\r\n<meta property=\"og:title\" content=\"Patti, Sant\u2019Agata Militello e Mistretta: dimezzati i tagli dei posti letto negli ospedali - ISOLE EOLIE Turismo e Vacanze Hotel B&amp;B Residence Case Vacanza\" \/>\r\n<meta property=\"og:description\" content=\"La girandola dei numeri della sanit\u00e0 torna protagonista alla vigilia dell\u2019attesa seduta della VI Commissione salute dell\u2019Ars che il 10 settembre prossimo discuter\u00e0 della nuova bozza di rete ospedaliera proposta dall\u2019assessora regionale Daniela Faraoni. Una versione 2.0, dopo la prima dello scorso luglio, che aveva suscitato disappunto pressoch\u00e9 unanime e trasversale, nella quale i vertici&#8230;\" \/>\r\n<meta property=\"og:url\" content=\"https:\/\/www.isoleolie.it\/eolie\/patti-santagata-militello-e-mistretta-dimezzati-i-tagli-dei-posti-letto-negli-ospedali\/eolie-news\/\" \/>\r\n<meta property=\"og:site_name\" content=\"ISOLE EOLIE Turismo e Vacanze Hotel B&amp;B Residence Case Vacanza\" \/>\r\n<meta property=\"article:published_time\" content=\"2025-09-03T01:35:46+00:00\" \/>\r\n<meta property=\"article:modified_time\" content=\"2025-09-03T10:36:13+00:00\" \/>\r\n<meta property=\"og:image\" content=\"https:\/\/www.isoleolie.it\/eolie\/wp-content\/uploads\/2025\/09\/Pronto-Soccorso-SantAgata-Militello-970x485-cw8sBs.jpeg\" \/>\r\n\t<meta property=\"og:image:width\" content=\"970\" \/>\r\n\t<meta property=\"og:image:height\" content=\"485\" \/>\r\n\t<meta property=\"og:image:type\" content=\"image\/jpeg\" \/>\r\n<meta name=\"author\" content=\"Tourism Manager\" \/>\r\n<meta name=\"twitter:card\" content=\"summary_large_image\" \/>\r\n<meta name=\"twitter:label1\" content=\"Scritto da\" \/>\n\t<meta name=\"twitter:data1\" content=\"Tourism Manager\" \/>\r\n<script type=\"application\/ld+json\" class=\"yoast-schema-graph\">{\"@context\":\"https:\\\/\\\/schema.org\",\"@graph\":[{\"@type\":\"Article\",\"@id\":\"https:\\\/\\\/www.isoleolie.it\\\/eolie\\\/patti-santagata-militello-e-mistretta-dimezzati-i-tagli-dei-posti-letto-negli-ospedali\\\/eolie-news\\\/#article\",\"isPartOf\":{\"@id\":\"https:\\\/\\\/www.isoleolie.it\\\/eolie\\\/patti-santagata-militello-e-mistretta-dimezzati-i-tagli-dei-posti-letto-negli-ospedali\\\/eolie-news\\\/\"},\"author\":{\"name\":\"Tourism Manager\",\"@id\":\"https:\\\/\\\/www.isoleolie.it\\\/eolie\\\/#\\\/schema\\\/person\\\/4c400db26884d9f212712636db6c1746\"},\"headline\":\"Patti, Sant\u2019Agata Militello e Mistretta: dimezzati i tagli dei posti letto negli ospedali\",\"datePublished\":\"2025-09-03T01:35:46+00:00\",\"dateModified\":\"2025-09-03T10:36:13+00:00\",\"mainEntityOfPage\":{\"@id\":\"https:\\\/\\\/www.isoleolie.it\\\/eolie\\\/patti-santagata-militello-e-mistretta-dimezzati-i-tagli-dei-posti-letto-negli-ospedali\\\/eolie-news\\\/\"},\"wordCount\":70,\"publisher\":{\"@id\":\"https:\\\/\\\/www.isoleolie.it\\\/eolie\\\/#organization\"},\"image\":{\"@id\":\"https:\\\/\\\/www.isoleolie.it\\\/eolie\\\/patti-santagata-militello-e-mistretta-dimezzati-i-tagli-dei-posti-letto-negli-ospedali\\\/eolie-news\\\/#primaryimage\"},\"thumbnailUrl\":\"https:\\\/\\\/www.isoleolie.it\\\/eolie\\\/wp-content\\\/uploads\\\/2025\\\/09\\\/Pronto-Soccorso-SantAgata-Militello-970x485-cw8sBs.jpeg\",\"articleSection\":[\"NEWS\"],\"inLanguage\":\"it-IT\"},{\"@type\":\"WebPage\",\"@id\":\"https:\\\/\\\/www.isoleolie.it\\\/eolie\\\/patti-santagata-militello-e-mistretta-dimezzati-i-tagli-dei-posti-letto-negli-ospedali\\\/eolie-news\\\/\",\"url\":\"https:\\\/\\\/www.isoleolie.it\\\/eolie\\\/patti-santagata-militello-e-mistretta-dimezzati-i-tagli-dei-posti-letto-negli-ospedali\\\/eolie-news\\\/\",\"name\":\"Patti, Sant\u2019Agata Militello e Mistretta: dimezzati i tagli dei posti letto negli ospedali - ISOLE EOLIE Turismo e Vacanze Hotel B&amp;B Residence Case Vacanza\",\"isPartOf\":{\"@id\":\"https:\\\/\\\/www.isoleolie.it\\\/eolie\\\/#website\"},\"primaryImageOfPage\":{\"@id\":\"https:\\\/\\\/www.isoleolie.it\\\/eolie\\\/patti-santagata-militello-e-mistretta-dimezzati-i-tagli-dei-posti-letto-negli-ospedali\\\/eolie-news\\\/#primaryimage\"},\"image\":{\"@id\":\"https:\\\/\\\/www.isoleolie.it\\\/eolie\\\/patti-santagata-militello-e-mistretta-dimezzati-i-tagli-dei-posti-letto-negli-ospedali\\\/eolie-news\\\/#primaryimage\"},\"thumbnailUrl\":\"https:\\\/\\\/www.isoleolie.it\\\/eolie\\\/wp-content\\\/uploads\\\/2025\\\/09\\\/Pronto-Soccorso-SantAgata-Militello-970x485-cw8sBs.jpeg\",\"datePublished\":\"2025-09-03T01:35:46+00:00\",\"dateModified\":\"2025-09-03T10:36:13+00:00\",\"breadcrumb\":{\"@id\":\"https:\\\/\\\/www.isoleolie.it\\\/eolie\\\/patti-santagata-militello-e-mistretta-dimezzati-i-tagli-dei-posti-letto-negli-ospedali\\\/eolie-news\\\/#breadcrumb\"},\"inLanguage\":\"it-IT\",\"potentialAction\":[{\"@type\":\"ReadAction\",\"target\":[\"https:\\\/\\\/www.isoleolie.it\\\/eolie\\\/patti-santagata-militello-e-mistretta-dimezzati-i-tagli-dei-posti-letto-negli-ospedali\\\/eolie-news\\\/\"]}]},{\"@type\":\"ImageObject\",\"inLanguage\":\"it-IT\",\"@id\":\"https:\\\/\\\/www.isoleolie.it\\\/eolie\\\/patti-santagata-militello-e-mistretta-dimezzati-i-tagli-dei-posti-letto-negli-ospedali\\\/eolie-news\\\/#primaryimage\",\"url\":\"https:\\\/\\\/www.isoleolie.it\\\/eolie\\\/wp-content\\\/uploads\\\/2025\\\/09\\\/Pronto-Soccorso-SantAgata-Militello-970x485-cw8sBs.jpeg\",\"contentUrl\":\"https:\\\/\\\/www.isoleolie.it\\\/eolie\\\/wp-content\\\/uploads\\\/2025\\\/09\\\/Pronto-Soccorso-SantAgata-Militello-970x485-cw8sBs.jpeg\",\"width\":970,\"height\":485},{\"@type\":\"BreadcrumbList\",\"@id\":\"https:\\\/\\\/www.isoleolie.it\\\/eolie\\\/patti-santagata-militello-e-mistretta-dimezzati-i-tagli-dei-posti-letto-negli-ospedali\\\/eolie-news\\\/#breadcrumb\",\"itemListElement\":[{\"@type\":\"ListItem\",\"position\":1,\"name\":\"Home\",\"item\":\"https:\\\/\\\/www.isoleolie.it\\\/eolie\\\/\"},{\"@type\":\"ListItem\",\"position\":2,\"name\":\"Patti, Sant\u2019Agata Militello e Mistretta: dimezzati i tagli dei posti letto negli ospedali\"}]},{\"@type\":\"WebSite\",\"@id\":\"https:\\\/\\\/www.isoleolie.it\\\/eolie\\\/#website\",\"url\":\"https:\\\/\\\/www.isoleolie.it\\\/eolie\\\/\",\"name\":\"ISOLE EOLIE Turismo e Vacanze alle Isole Eolie Hotel B&B Residence Case Vacanza\",\"description\":\"The first and official tourism site for the Aeolian Islands\",\"publisher\":{\"@id\":\"https:\\\/\\\/www.isoleolie.it\\\/eolie\\\/#organization\"},\"potentialAction\":[{\"@type\":\"SearchAction\",\"target\":{\"@type\":\"EntryPoint\",\"urlTemplate\":\"https:\\\/\\\/www.isoleolie.it\\\/eolie\\\/?s={search_term_string}\"},\"query-input\":{\"@type\":\"PropertyValueSpecification\",\"valueRequired\":true,\"valueName\":\"search_term_string\"}}],\"inLanguage\":\"it-IT\"},{\"@type\":\"Organization\",\"@id\":\"https:\\\/\\\/www.isoleolie.it\\\/eolie\\\/#organization\",\"name\":\"ISOLE EOLIE\",\"url\":\"https:\\\/\\\/www.isoleolie.it\\\/eolie\\\/\",\"logo\":{\"@type\":\"ImageObject\",\"inLanguage\":\"it-IT\",\"@id\":\"https:\\\/\\\/www.isoleolie.it\\\/eolie\\\/#\\\/schema\\\/logo\\\/image\\\/\",\"url\":\"https:\\\/\\\/www.isoleolie.it\\\/eolie\\\/wp-content\\\/uploads\\\/2024\\\/11\\\/oMv8p0-4_400x400.jpg\",\"contentUrl\":\"https:\\\/\\\/www.isoleolie.it\\\/eolie\\\/wp-content\\\/uploads\\\/2024\\\/11\\\/oMv8p0-4_400x400.jpg\",\"width\":400,\"height\":400,\"caption\":\"ISOLE EOLIE\"},\"image\":{\"@id\":\"https:\\\/\\\/www.isoleolie.it\\\/eolie\\\/#\\\/schema\\\/logo\\\/image\\\/\"}},{\"@type\":\"Person\",\"@id\":\"https:\\\/\\\/www.isoleolie.it\\\/eolie\\\/#\\\/schema\\\/person\\\/4c400db26884d9f212712636db6c1746\",\"name\":\"Tourism Manager\",\"image\":{\"@type\":\"ImageObject\",\"inLanguage\":\"it-IT\",\"@id\":\"https:\\\/\\\/secure.gravatar.com\\\/avatar\\\/3446a46a5f1bdb4055f313474780b529660445bd2d0364f2472d83fd63ed9bbc?s=96&d=mm&r=g\",\"url\":\"https:\\\/\\\/secure.gravatar.com\\\/avatar\\\/3446a46a5f1bdb4055f313474780b529660445bd2d0364f2472d83fd63ed9bbc?s=96&d=mm&r=g\",\"contentUrl\":\"https:\\\/\\\/secure.gravatar.com\\\/avatar\\\/3446a46a5f1bdb4055f313474780b529660445bd2d0364f2472d83fd63ed9bbc?s=96&d=mm&r=g\",\"caption\":\"Tourism Manager\"},\"description\":\"Che cos'\u00e8 un manager del turismo? Tecnicamente, un manager del turismo \u00e8 un nome dato a qualsiasi professionista della gestione che lavora in un'azienda collegata all'industria del turismo. Ci\u00f2 include i direttori generali, che si assumono la responsabilit\u00e0 generale di garantire che le operazioni quotidiane si svolgano senza intoppi, ma includono anche i singoli responsabili di reparto all'interno delle aziende. Il ruolo di manager del turismo implica la supervisione delle operazioni all'interno di un'impresa o organizzazione turistica. \u00c8 una posizione di alto livello, che richiede una comprensione approfondita dei concetti di gestione e dell'industria nel suo insieme.\",\"sameAs\":[\"https:\\\/\\\/www.isoleolie.it\\\/\"],\"url\":\"https:\\\/\\\/www.isoleolie.it\\\/eolie\\\/author\\\/isoleolie_2\\\/\"}]}<\/script>\r\n<!-- \/ Yoast SEO plugin. -->","yoast_head_json":{"title":"Patti, Sant\u2019Agata Militello e Mistretta: dimezzati i tagli dei posti letto negli ospedali - ISOLE EOLIE Turismo e Vacanze Hotel B&amp;B Residence Case Vacanza","robots":{"index":"index","follow":"follow","max-snippet":"max-snippet:-1","max-image-preview":"max-image-preview:large","max-video-preview":"max-video-preview:-1"},"canonical":"https:\/\/www.isoleolie.it\/eolie\/patti-santagata-militello-e-mistretta-dimezzati-i-tagli-dei-posti-letto-negli-ospedali\/eolie-news\/","og_locale":"it_IT","og_type":"article","og_title":"Patti, Sant\u2019Agata Militello e Mistretta: dimezzati i tagli dei posti letto negli ospedali - ISOLE EOLIE Turismo e Vacanze Hotel B&amp;B Residence Case Vacanza","og_description":"La girandola dei numeri della sanit\u00e0 torna protagonista alla vigilia dell\u2019attesa seduta della VI Commissione salute dell\u2019Ars che il 10 settembre prossimo discuter\u00e0 della nuova bozza di rete ospedaliera proposta dall\u2019assessora regionale Daniela Faraoni. Una versione 2.0, dopo la prima dello scorso luglio, che aveva suscitato disappunto pressoch\u00e9 unanime e trasversale, nella quale i vertici&#8230;","og_url":"https:\/\/www.isoleolie.it\/eolie\/patti-santagata-militello-e-mistretta-dimezzati-i-tagli-dei-posti-letto-negli-ospedali\/eolie-news\/","og_site_name":"ISOLE EOLIE Turismo e Vacanze Hotel B&amp;B Residence Case Vacanza","article_published_time":"2025-09-03T01:35:46+00:00","article_modified_time":"2025-09-03T10:36:13+00:00","og_image":[{"width":970,"height":485,"url":"https:\/\/www.isoleolie.it\/eolie\/wp-content\/uploads\/2025\/09\/Pronto-Soccorso-SantAgata-Militello-970x485-cw8sBs.jpeg","type":"image\/jpeg"}],"author":"Tourism Manager","twitter_card":"summary_large_image","twitter_misc":{"Scritto da":"Tourism Manager"},"schema":{"@context":"https:\/\/schema.org","@graph":[{"@type":"Article","@id":"https:\/\/www.isoleolie.it\/eolie\/patti-santagata-militello-e-mistretta-dimezzati-i-tagli-dei-posti-letto-negli-ospedali\/eolie-news\/#article","isPartOf":{"@id":"https:\/\/www.isoleolie.it\/eolie\/patti-santagata-militello-e-mistretta-dimezzati-i-tagli-dei-posti-letto-negli-ospedali\/eolie-news\/"},"author":{"name":"Tourism Manager","@id":"https:\/\/www.isoleolie.it\/eolie\/#\/schema\/person\/4c400db26884d9f212712636db6c1746"},"headline":"Patti, Sant\u2019Agata Militello e Mistretta: dimezzati i tagli dei posti letto negli ospedali","datePublished":"2025-09-03T01:35:46+00:00","dateModified":"2025-09-03T10:36:13+00:00","mainEntityOfPage":{"@id":"https:\/\/www.isoleolie.it\/eolie\/patti-santagata-militello-e-mistretta-dimezzati-i-tagli-dei-posti-letto-negli-ospedali\/eolie-news\/"},"wordCount":70,"publisher":{"@id":"https:\/\/www.isoleolie.it\/eolie\/#organization"},"image":{"@id":"https:\/\/www.isoleolie.it\/eolie\/patti-santagata-militello-e-mistretta-dimezzati-i-tagli-dei-posti-letto-negli-ospedali\/eolie-news\/#primaryimage"},"thumbnailUrl":"https:\/\/www.isoleolie.it\/eolie\/wp-content\/uploads\/2025\/09\/Pronto-Soccorso-SantAgata-Militello-970x485-cw8sBs.jpeg","articleSection":["NEWS"],"inLanguage":"it-IT"},{"@type":"WebPage","@id":"https:\/\/www.isoleolie.it\/eolie\/patti-santagata-militello-e-mistretta-dimezzati-i-tagli-dei-posti-letto-negli-ospedali\/eolie-news\/","url":"https:\/\/www.isoleolie.it\/eolie\/patti-santagata-militello-e-mistretta-dimezzati-i-tagli-dei-posti-letto-negli-ospedali\/eolie-news\/","name":"Patti, Sant\u2019Agata Militello e Mistretta: dimezzati i tagli dei posti letto negli ospedali - ISOLE EOLIE Turismo e Vacanze Hotel B&amp;B Residence Case Vacanza","isPartOf":{"@id":"https:\/\/www.isoleolie.it\/eolie\/#website"},"primaryImageOfPage":{"@id":"https:\/\/www.isoleolie.it\/eolie\/patti-santagata-militello-e-mistretta-dimezzati-i-tagli-dei-posti-letto-negli-ospedali\/eolie-news\/#primaryimage"},"image":{"@id":"https:\/\/www.isoleolie.it\/eolie\/patti-santagata-militello-e-mistretta-dimezzati-i-tagli-dei-posti-letto-negli-ospedali\/eolie-news\/#primaryimage"},"thumbnailUrl":"https:\/\/www.isoleolie.it\/eolie\/wp-content\/uploads\/2025\/09\/Pronto-Soccorso-SantAgata-Militello-970x485-cw8sBs.jpeg","datePublished":"2025-09-03T01:35:46+00:00","dateModified":"2025-09-03T10:36:13+00:00","breadcrumb":{"@id":"https:\/\/www.isoleolie.it\/eolie\/patti-santagata-militello-e-mistretta-dimezzati-i-tagli-dei-posti-letto-negli-ospedali\/eolie-news\/#breadcrumb"},"inLanguage":"it-IT","potentialAction":[{"@type":"ReadAction","target":["https:\/\/www.isoleolie.it\/eolie\/patti-santagata-militello-e-mistretta-dimezzati-i-tagli-dei-posti-letto-negli-ospedali\/eolie-news\/"]}]},{"@type":"ImageObject","inLanguage":"it-IT","@id":"https:\/\/www.isoleolie.it\/eolie\/patti-santagata-militello-e-mistretta-dimezzati-i-tagli-dei-posti-letto-negli-ospedali\/eolie-news\/#primaryimage","url":"https:\/\/www.isoleolie.it\/eolie\/wp-content\/uploads\/2025\/09\/Pronto-Soccorso-SantAgata-Militello-970x485-cw8sBs.jpeg","contentUrl":"https:\/\/www.isoleolie.it\/eolie\/wp-content\/uploads\/2025\/09\/Pronto-Soccorso-SantAgata-Militello-970x485-cw8sBs.jpeg","width":970,"height":485},{"@type":"BreadcrumbList","@id":"https:\/\/www.isoleolie.it\/eolie\/patti-santagata-militello-e-mistretta-dimezzati-i-tagli-dei-posti-letto-negli-ospedali\/eolie-news\/#breadcrumb","itemListElement":[{"@type":"ListItem","position":1,"name":"Home","item":"https:\/\/www.isoleolie.it\/eolie\/"},{"@type":"ListItem","position":2,"name":"Patti, Sant\u2019Agata Militello e Mistretta: dimezzati i tagli dei posti letto negli ospedali"}]},{"@type":"WebSite","@id":"https:\/\/www.isoleolie.it\/eolie\/#website","url":"https:\/\/www.isoleolie.it\/eolie\/","name":"ISOLE EOLIE Turismo e Vacanze alle Isole Eolie Hotel B&B Residence Case Vacanza","description":"The first and official tourism site for the Aeolian Islands","publisher":{"@id":"https:\/\/www.isoleolie.it\/eolie\/#organization"},"potentialAction":[{"@type":"SearchAction","target":{"@type":"EntryPoint","urlTemplate":"https:\/\/www.isoleolie.it\/eolie\/?s={search_term_string}"},"query-input":{"@type":"PropertyValueSpecification","valueRequired":true,"valueName":"search_term_string"}}],"inLanguage":"it-IT"},{"@type":"Organization","@id":"https:\/\/www.isoleolie.it\/eolie\/#organization","name":"ISOLE EOLIE","url":"https:\/\/www.isoleolie.it\/eolie\/","logo":{"@type":"ImageObject","inLanguage":"it-IT","@id":"https:\/\/www.isoleolie.it\/eolie\/#\/schema\/logo\/image\/","url":"https:\/\/www.isoleolie.it\/eolie\/wp-content\/uploads\/2024\/11\/oMv8p0-4_400x400.jpg","contentUrl":"https:\/\/www.isoleolie.it\/eolie\/wp-content\/uploads\/2024\/11\/oMv8p0-4_400x400.jpg","width":400,"height":400,"caption":"ISOLE EOLIE"},"image":{"@id":"https:\/\/www.isoleolie.it\/eolie\/#\/schema\/logo\/image\/"}},{"@type":"Person","@id":"https:\/\/www.isoleolie.it\/eolie\/#\/schema\/person\/4c400db26884d9f212712636db6c1746","name":"Tourism Manager","image":{"@type":"ImageObject","inLanguage":"it-IT","@id":"https:\/\/secure.gravatar.com\/avatar\/3446a46a5f1bdb4055f313474780b529660445bd2d0364f2472d83fd63ed9bbc?s=96&d=mm&r=g","url":"https:\/\/secure.gravatar.com\/avatar\/3446a46a5f1bdb4055f313474780b529660445bd2d0364f2472d83fd63ed9bbc?s=96&d=mm&r=g","contentUrl":"https:\/\/secure.gravatar.com\/avatar\/3446a46a5f1bdb4055f313474780b529660445bd2d0364f2472d83fd63ed9bbc?s=96&d=mm&r=g","caption":"Tourism Manager"},"description":"Che cos'\u00e8 un manager del turismo? Tecnicamente, un manager del turismo \u00e8 un nome dato a qualsiasi professionista della gestione che lavora in un'azienda collegata all'industria del turismo. Ci\u00f2 include i direttori generali, che si assumono la responsabilit\u00e0 generale di garantire che le operazioni quotidiane si svolgano senza intoppi, ma includono anche i singoli responsabili di reparto all'interno delle aziende. Il ruolo di manager del turismo implica la supervisione delle operazioni all'interno di un'impresa o organizzazione turistica. \u00c8 una posizione di alto livello, che richiede una comprensione approfondita dei concetti di gestione e dell'industria nel suo insieme.","sameAs":["https:\/\/www.isoleolie.it\/"],"url":"https:\/\/www.isoleolie.it\/eolie\/author\/isoleolie_2\/"}]}},"_links":{"self":[{"href":"https:\/\/www.isoleolie.it\/eolie\/wp-json\/wp\/v2\/posts\/2149","targetHints":{"allow":["GET"]}}],"collection":[{"href":"https:\/\/www.isoleolie.it\/eolie\/wp-json\/wp\/v2\/posts"}],"about":[{"href":"https:\/\/www.isoleolie.it\/eolie\/wp-json\/wp\/v2\/types\/post"}],"author":[{"embeddable":true,"href":"https:\/\/www.isoleolie.it\/eolie\/wp-json\/wp\/v2\/users\/1"}],"replies":[{"embeddable":true,"href":"https:\/\/www.isoleolie.it\/eolie\/wp-json\/wp\/v2\/comments?post=2149"}],"version-history":[{"count":1,"href":"https:\/\/www.isoleolie.it\/eolie\/wp-json\/wp\/v2\/posts\/2149\/revisions"}],"predecessor-version":[{"id":2166,"href":"https:\/\/www.isoleolie.it\/eolie\/wp-json\/wp\/v2\/posts\/2149\/revisions\/2166"}],"wp:featuredmedia":[{"embeddable":true,"href":"https:\/\/www.isoleolie.it\/eolie\/wp-json\/wp\/v2\/media\/2150"}],"wp:attachment":[{"href":"https:\/\/www.isoleolie.it\/eolie\/wp-json\/wp\/v2\/media?parent=2149"}],"wp:term":[{"taxonomy":"category","embeddable":true,"href":"https:\/\/www.isoleolie.it\/eolie\/wp-json\/wp\/v2\/categories?post=2149"},{"taxonomy":"post_tag","embeddable":true,"href":"https:\/\/www.isoleolie.it\/eolie\/wp-json\/wp\/v2\/tags?post=2149"}],"curies":[{"name":"wp","href":"https:\/\/api.w.org\/{rel}","templated":true}]}}