{"id":2126,"date":"2025-09-02T08:50:52","date_gmt":"2025-09-02T06:50:52","guid":{"rendered":"https:\/\/www.isoleolie.it\/eolie\/anche-presso-il-policlinico-di-messina-oltreche-allospedale-papardo-e-stata-avviata-la-profilassi-prevista-per-i-casi-di-sospetta-salmonellosi-in-seguito-allaccesso-nella-struttura\/isole-eolie\/"},"modified":"2025-09-03T12:11:42","modified_gmt":"2025-09-03T10:11:42","slug":"anche-presso-il-policlinico-di-messina-oltreche-allospedale-papardo-e-stata-avviata-la-profilassi-prevista-per-i-casi-di-sospetta-salmonellosi-in-seguito-allaccesso-nella-struttura","status":"publish","type":"post","link":"https:\/\/www.isoleolie.it\/eolie\/anche-presso-il-policlinico-di-messina-oltreche-allospedale-papardo-e-stata-avviata-la-profilassi-prevista-per-i-casi-di-sospetta-salmonellosi-in-seguito-allaccesso-nella-struttura\/eolie-news\/","title":{"rendered":"Anche presso il Policlinico di Messina oltrech\u00e9 all\u2019ospedale Papardo, \u00e8 stata avviata la profilassi prevista per i casi di sospetta salmonellosi, in seguito all\u2019accesso nella Struttura ospedaliera di una ragazzina di 10 anni che soffriva dei sintomi tipici dell\u2019infezione"},"content":{"rendered":"<p><strong>Anche presso il Policlinico di Messina oltrech\u00e9 all\u2019ospedale Papardo, \u00e8 stata avviata la profilassi prevista per<\/strong> i casi di sospetta salmonellosi, in seguito all\u2019accesso nella Struttura ospedaliera di una ragazzina di 10 anni che soffriva dei sintomi tipici dell\u2019infezione.<\/p>\n<p><strong>Ai sanitari che l\u2019hanno presa in cura, la minore ha raccontato di avere mangiato un Hot Dog in un locale del centro<\/strong> Citt\u00e0.<\/p>\n<p><strong>Il caso di una Festa di compleanno dei giorni scorsi<\/strong><br \/>\nDurante il pomeriggio di qualche giorno fa, due bambini sono stati ricoverati al Papardo dopo aver avuto forte mal di pancia e diarrea. I minori, erano insieme ad una Festa di compleanno nel corso della quale complessivamente 6 bimbi accusavano dolori e altri segnali che i medici hanno classificato come riconducibili alla salmonellosi. Non per tutti i piccoli pazienti, \u00e8 stato necessario il ricovero ospedaliero.<\/p>\n<p><strong>Ora per la giornata odierna, sono attesi i risultati delle Analisi, al termine dei quali sar\u00e0 possibile confermare o<\/strong> escludere l\u2019avvenuto contagio con il batterio della Salmonella.<\/p>\n<p>L&#8217;articolo <a href=\"https:\/\/www.messinamagazine.it\/primo-piano\/anche-presso-il-policlinico-di-messina-oltreche-allospedale-papardo-e-stata-avviata-la-profilassi-prevista-per-i-casi-di-sospetta-salmonellosi-in-seguito-allaccesso-nella-struttura-ospedaliera-d\/\">Anche presso il Policlinico di Messina oltrech\u00e9 all\u2019ospedale Papardo, \u00e8 stata avviata la profilassi prevista per i casi di sospetta salmonellosi, in seguito all\u2019accesso nella Struttura ospedaliera di una ragazzina di 10 anni che soffriva dei sintomi tipici dell\u2019infezione<\/a> proviene da <a href=\"https:\/\/www.messinamagazine.it\/\">Messina Magazine<\/a>.<\/p>\n","protected":false},"excerpt":{"rendered":"<p>Anche presso il Policlinico di Messina oltrech\u00e9 all\u2019ospedale Papardo, \u00e8 stata avviata la profilassi prevista per i casi di sospetta salmonellosi, in seguito all\u2019accesso nella Struttura ospedaliera di una ragazzina di 10 anni che soffriva dei sintomi tipici dell\u2019infezione. Ai sanitari che l\u2019hanno presa in cura, la minore ha raccontato di avere mangiato un Hot [&hellip;]<\/p>\n","protected":false},"author":1,"featured_media":0,"comment_status":"closed","ping_status":"","sticky":false,"template":"","format":"standard","meta":{"footnotes":""},"categories":[22],"tags":[],"class_list":["post-2126","post","type-post","status-publish","format-standard","hentry","category-eolie-news"],"yoast_head":"<!-- This site is optimized with the Yoast SEO plugin v27.5 - https:\/\/yoast.com\/product\/yoast-seo-wordpress\/ -->\r\n<title>Anche presso il Policlinico di Messina oltrech\u00e9 all\u2019ospedale Papardo, \u00e8 stata avviata la profilassi prevista per i casi di sospetta salmonellosi, in seguito all\u2019accesso nella Struttura ospedaliera di una ragazzina di 10 anni che soffriva dei sintomi tipici dell\u2019infezione - ISOLE EOLIE Turismo e Vacanze Hotel B&amp;B Residence Case Vacanza<\/title>\r\n<meta name=\"robots\" content=\"index, follow, max-snippet:-1, max-image-preview:large, max-video-preview:-1\" \/>\r\n<link rel=\"canonical\" href=\"https:\/\/www.isoleolie.it\/eolie\/anche-presso-il-policlinico-di-messina-oltreche-allospedale-papardo-e-stata-avviata-la-profilassi-prevista-per-i-casi-di-sospetta-salmonellosi-in-seguito-allaccesso-nella-struttura\/eolie-news\/\" \/>\r\n<meta property=\"og:locale\" content=\"it_IT\" \/>\r\n<meta property=\"og:type\" content=\"article\" \/>\r\n<meta property=\"og:title\" content=\"Anche presso il Policlinico di Messina oltrech\u00e9 all\u2019ospedale Papardo, \u00e8 stata avviata la profilassi prevista per i casi di sospetta salmonellosi, in seguito all\u2019accesso nella Struttura ospedaliera di una ragazzina di 10 anni che soffriva dei sintomi tipici dell\u2019infezione - ISOLE EOLIE Turismo e Vacanze Hotel B&amp;B Residence Case Vacanza\" \/>\r\n<meta property=\"og:description\" content=\"Anche presso il Policlinico di Messina oltrech\u00e9 all\u2019ospedale Papardo, \u00e8 stata avviata la profilassi prevista per i casi di sospetta salmonellosi, in seguito all\u2019accesso nella Struttura ospedaliera di una ragazzina di 10 anni che soffriva dei sintomi tipici dell\u2019infezione. Ai sanitari che l\u2019hanno presa in cura, la minore ha raccontato di avere mangiato un Hot [&hellip;]\" \/>\r\n<meta property=\"og:url\" content=\"https:\/\/www.isoleolie.it\/eolie\/anche-presso-il-policlinico-di-messina-oltreche-allospedale-papardo-e-stata-avviata-la-profilassi-prevista-per-i-casi-di-sospetta-salmonellosi-in-seguito-allaccesso-nella-struttura\/eolie-news\/\" \/>\r\n<meta property=\"og:site_name\" content=\"ISOLE EOLIE Turismo e Vacanze Hotel B&amp;B Residence Case Vacanza\" \/>\r\n<meta property=\"article:published_time\" content=\"2025-09-02T06:50:52+00:00\" \/>\r\n<meta property=\"article:modified_time\" content=\"2025-09-03T10:11:42+00:00\" \/>\r\n<meta name=\"author\" content=\"Tourism Manager\" \/>\r\n<meta name=\"twitter:card\" content=\"summary_large_image\" \/>\r\n<meta name=\"twitter:label1\" content=\"Scritto da\" \/>\n\t<meta name=\"twitter:data1\" content=\"Tourism Manager\" \/>\n\t<meta name=\"twitter:label2\" content=\"Tempo di lettura stimato\" \/>\n\t<meta name=\"twitter:data2\" content=\"1 minuto\" \/>\r\n<script type=\"application\/ld+json\" class=\"yoast-schema-graph\">{\"@context\":\"https:\\\/\\\/schema.org\",\"@graph\":[{\"@type\":\"Article\",\"@id\":\"https:\\\/\\\/www.isoleolie.it\\\/eolie\\\/anche-presso-il-policlinico-di-messina-oltreche-allospedale-papardo-e-stata-avviata-la-profilassi-prevista-per-i-casi-di-sospetta-salmonellosi-in-seguito-allaccesso-nella-struttura\\\/eolie-news\\\/#article\",\"isPartOf\":{\"@id\":\"https:\\\/\\\/www.isoleolie.it\\\/eolie\\\/anche-presso-il-policlinico-di-messina-oltreche-allospedale-papardo-e-stata-avviata-la-profilassi-prevista-per-i-casi-di-sospetta-salmonellosi-in-seguito-allaccesso-nella-struttura\\\/eolie-news\\\/\"},\"author\":{\"name\":\"Tourism Manager\",\"@id\":\"https:\\\/\\\/www.isoleolie.it\\\/eolie\\\/#\\\/schema\\\/person\\\/4c400db26884d9f212712636db6c1746\"},\"headline\":\"Anche presso il Policlinico di Messina oltrech\u00e9 all\u2019ospedale Papardo, \u00e8 stata avviata la profilassi prevista per i casi di sospetta salmonellosi, in seguito all\u2019accesso nella Struttura ospedaliera di una ragazzina di 10 anni che soffriva dei sintomi tipici dell\u2019infezione\",\"datePublished\":\"2025-09-02T06:50:52+00:00\",\"dateModified\":\"2025-09-03T10:11:42+00:00\",\"mainEntityOfPage\":{\"@id\":\"https:\\\/\\\/www.isoleolie.it\\\/eolie\\\/anche-presso-il-policlinico-di-messina-oltreche-allospedale-papardo-e-stata-avviata-la-profilassi-prevista-per-i-casi-di-sospetta-salmonellosi-in-seguito-allaccesso-nella-struttura\\\/eolie-news\\\/\"},\"wordCount\":251,\"publisher\":{\"@id\":\"https:\\\/\\\/www.isoleolie.it\\\/eolie\\\/#organization\"},\"articleSection\":[\"NEWS\"],\"inLanguage\":\"it-IT\"},{\"@type\":\"WebPage\",\"@id\":\"https:\\\/\\\/www.isoleolie.it\\\/eolie\\\/anche-presso-il-policlinico-di-messina-oltreche-allospedale-papardo-e-stata-avviata-la-profilassi-prevista-per-i-casi-di-sospetta-salmonellosi-in-seguito-allaccesso-nella-struttura\\\/eolie-news\\\/\",\"url\":\"https:\\\/\\\/www.isoleolie.it\\\/eolie\\\/anche-presso-il-policlinico-di-messina-oltreche-allospedale-papardo-e-stata-avviata-la-profilassi-prevista-per-i-casi-di-sospetta-salmonellosi-in-seguito-allaccesso-nella-struttura\\\/eolie-news\\\/\",\"name\":\"Anche presso il Policlinico di Messina oltrech\u00e9 all\u2019ospedale Papardo, \u00e8 stata avviata la profilassi prevista per i casi di sospetta salmonellosi, in seguito all\u2019accesso nella Struttura ospedaliera di una ragazzina di 10 anni che soffriva dei sintomi tipici dell\u2019infezione - ISOLE EOLIE Turismo e Vacanze Hotel B&amp;B Residence Case Vacanza\",\"isPartOf\":{\"@id\":\"https:\\\/\\\/www.isoleolie.it\\\/eolie\\\/#website\"},\"datePublished\":\"2025-09-02T06:50:52+00:00\",\"dateModified\":\"2025-09-03T10:11:42+00:00\",\"breadcrumb\":{\"@id\":\"https:\\\/\\\/www.isoleolie.it\\\/eolie\\\/anche-presso-il-policlinico-di-messina-oltreche-allospedale-papardo-e-stata-avviata-la-profilassi-prevista-per-i-casi-di-sospetta-salmonellosi-in-seguito-allaccesso-nella-struttura\\\/eolie-news\\\/#breadcrumb\"},\"inLanguage\":\"it-IT\",\"potentialAction\":[{\"@type\":\"ReadAction\",\"target\":[\"https:\\\/\\\/www.isoleolie.it\\\/eolie\\\/anche-presso-il-policlinico-di-messina-oltreche-allospedale-papardo-e-stata-avviata-la-profilassi-prevista-per-i-casi-di-sospetta-salmonellosi-in-seguito-allaccesso-nella-struttura\\\/eolie-news\\\/\"]}]},{\"@type\":\"BreadcrumbList\",\"@id\":\"https:\\\/\\\/www.isoleolie.it\\\/eolie\\\/anche-presso-il-policlinico-di-messina-oltreche-allospedale-papardo-e-stata-avviata-la-profilassi-prevista-per-i-casi-di-sospetta-salmonellosi-in-seguito-allaccesso-nella-struttura\\\/eolie-news\\\/#breadcrumb\",\"itemListElement\":[{\"@type\":\"ListItem\",\"position\":1,\"name\":\"Home\",\"item\":\"https:\\\/\\\/www.isoleolie.it\\\/eolie\\\/\"},{\"@type\":\"ListItem\",\"position\":2,\"name\":\"Anche presso il Policlinico di Messina oltrech\u00e9 all\u2019ospedale Papardo, \u00e8 stata avviata la profilassi prevista per i casi di sospetta salmonellosi, in seguito all\u2019accesso nella Struttura ospedaliera di una ragazzina di 10 anni che soffriva dei sintomi tipici dell\u2019infezione\"}]},{\"@type\":\"WebSite\",\"@id\":\"https:\\\/\\\/www.isoleolie.it\\\/eolie\\\/#website\",\"url\":\"https:\\\/\\\/www.isoleolie.it\\\/eolie\\\/\",\"name\":\"ISOLE EOLIE Turismo e Vacanze alle Isole Eolie Hotel B&B Residence Case Vacanza\",\"description\":\"The first and official tourism site for the Aeolian Islands\",\"publisher\":{\"@id\":\"https:\\\/\\\/www.isoleolie.it\\\/eolie\\\/#organization\"},\"potentialAction\":[{\"@type\":\"SearchAction\",\"target\":{\"@type\":\"EntryPoint\",\"urlTemplate\":\"https:\\\/\\\/www.isoleolie.it\\\/eolie\\\/?s={search_term_string}\"},\"query-input\":{\"@type\":\"PropertyValueSpecification\",\"valueRequired\":true,\"valueName\":\"search_term_string\"}}],\"inLanguage\":\"it-IT\"},{\"@type\":\"Organization\",\"@id\":\"https:\\\/\\\/www.isoleolie.it\\\/eolie\\\/#organization\",\"name\":\"ISOLE EOLIE\",\"url\":\"https:\\\/\\\/www.isoleolie.it\\\/eolie\\\/\",\"logo\":{\"@type\":\"ImageObject\",\"inLanguage\":\"it-IT\",\"@id\":\"https:\\\/\\\/www.isoleolie.it\\\/eolie\\\/#\\\/schema\\\/logo\\\/image\\\/\",\"url\":\"https:\\\/\\\/www.isoleolie.it\\\/eolie\\\/wp-content\\\/uploads\\\/2024\\\/11\\\/oMv8p0-4_400x400.jpg\",\"contentUrl\":\"https:\\\/\\\/www.isoleolie.it\\\/eolie\\\/wp-content\\\/uploads\\\/2024\\\/11\\\/oMv8p0-4_400x400.jpg\",\"width\":400,\"height\":400,\"caption\":\"ISOLE EOLIE\"},\"image\":{\"@id\":\"https:\\\/\\\/www.isoleolie.it\\\/eolie\\\/#\\\/schema\\\/logo\\\/image\\\/\"}},{\"@type\":\"Person\",\"@id\":\"https:\\\/\\\/www.isoleolie.it\\\/eolie\\\/#\\\/schema\\\/person\\\/4c400db26884d9f212712636db6c1746\",\"name\":\"Tourism Manager\",\"image\":{\"@type\":\"ImageObject\",\"inLanguage\":\"it-IT\",\"@id\":\"https:\\\/\\\/secure.gravatar.com\\\/avatar\\\/3446a46a5f1bdb4055f313474780b529660445bd2d0364f2472d83fd63ed9bbc?s=96&d=mm&r=g\",\"url\":\"https:\\\/\\\/secure.gravatar.com\\\/avatar\\\/3446a46a5f1bdb4055f313474780b529660445bd2d0364f2472d83fd63ed9bbc?s=96&d=mm&r=g\",\"contentUrl\":\"https:\\\/\\\/secure.gravatar.com\\\/avatar\\\/3446a46a5f1bdb4055f313474780b529660445bd2d0364f2472d83fd63ed9bbc?s=96&d=mm&r=g\",\"caption\":\"Tourism Manager\"},\"description\":\"Che cos'\u00e8 un manager del turismo? Tecnicamente, un manager del turismo \u00e8 un nome dato a qualsiasi professionista della gestione che lavora in un'azienda collegata all'industria del turismo. Ci\u00f2 include i direttori generali, che si assumono la responsabilit\u00e0 generale di garantire che le operazioni quotidiane si svolgano senza intoppi, ma includono anche i singoli responsabili di reparto all'interno delle aziende. Il ruolo di manager del turismo implica la supervisione delle operazioni all'interno di un'impresa o organizzazione turistica. \u00c8 una posizione di alto livello, che richiede una comprensione approfondita dei concetti di gestione e dell'industria nel suo insieme.\",\"sameAs\":[\"https:\\\/\\\/www.isoleolie.it\\\/\"],\"url\":\"https:\\\/\\\/www.isoleolie.it\\\/eolie\\\/author\\\/isoleolie_2\\\/\"}]}<\/script>\r\n<!-- \/ Yoast SEO plugin. -->","yoast_head_json":{"title":"Anche presso il Policlinico di Messina oltrech\u00e9 all\u2019ospedale Papardo, \u00e8 stata avviata la profilassi prevista per i casi di sospetta salmonellosi, in seguito all\u2019accesso nella Struttura ospedaliera di una ragazzina di 10 anni che soffriva dei sintomi tipici dell\u2019infezione - ISOLE EOLIE Turismo e Vacanze Hotel B&amp;B Residence Case Vacanza","robots":{"index":"index","follow":"follow","max-snippet":"max-snippet:-1","max-image-preview":"max-image-preview:large","max-video-preview":"max-video-preview:-1"},"canonical":"https:\/\/www.isoleolie.it\/eolie\/anche-presso-il-policlinico-di-messina-oltreche-allospedale-papardo-e-stata-avviata-la-profilassi-prevista-per-i-casi-di-sospetta-salmonellosi-in-seguito-allaccesso-nella-struttura\/eolie-news\/","og_locale":"it_IT","og_type":"article","og_title":"Anche presso il Policlinico di Messina oltrech\u00e9 all\u2019ospedale Papardo, \u00e8 stata avviata la profilassi prevista per i casi di sospetta salmonellosi, in seguito all\u2019accesso nella Struttura ospedaliera di una ragazzina di 10 anni che soffriva dei sintomi tipici dell\u2019infezione - ISOLE EOLIE Turismo e Vacanze Hotel B&amp;B Residence Case Vacanza","og_description":"Anche presso il Policlinico di Messina oltrech\u00e9 all\u2019ospedale Papardo, \u00e8 stata avviata la profilassi prevista per i casi di sospetta salmonellosi, in seguito all\u2019accesso nella Struttura ospedaliera di una ragazzina di 10 anni che soffriva dei sintomi tipici dell\u2019infezione. Ai sanitari che l\u2019hanno presa in cura, la minore ha raccontato di avere mangiato un Hot [&hellip;]","og_url":"https:\/\/www.isoleolie.it\/eolie\/anche-presso-il-policlinico-di-messina-oltreche-allospedale-papardo-e-stata-avviata-la-profilassi-prevista-per-i-casi-di-sospetta-salmonellosi-in-seguito-allaccesso-nella-struttura\/eolie-news\/","og_site_name":"ISOLE EOLIE Turismo e Vacanze Hotel B&amp;B Residence Case Vacanza","article_published_time":"2025-09-02T06:50:52+00:00","article_modified_time":"2025-09-03T10:11:42+00:00","author":"Tourism Manager","twitter_card":"summary_large_image","twitter_misc":{"Scritto da":"Tourism Manager","Tempo di lettura stimato":"1 minuto"},"schema":{"@context":"https:\/\/schema.org","@graph":[{"@type":"Article","@id":"https:\/\/www.isoleolie.it\/eolie\/anche-presso-il-policlinico-di-messina-oltreche-allospedale-papardo-e-stata-avviata-la-profilassi-prevista-per-i-casi-di-sospetta-salmonellosi-in-seguito-allaccesso-nella-struttura\/eolie-news\/#article","isPartOf":{"@id":"https:\/\/www.isoleolie.it\/eolie\/anche-presso-il-policlinico-di-messina-oltreche-allospedale-papardo-e-stata-avviata-la-profilassi-prevista-per-i-casi-di-sospetta-salmonellosi-in-seguito-allaccesso-nella-struttura\/eolie-news\/"},"author":{"name":"Tourism Manager","@id":"https:\/\/www.isoleolie.it\/eolie\/#\/schema\/person\/4c400db26884d9f212712636db6c1746"},"headline":"Anche presso il Policlinico di Messina oltrech\u00e9 all\u2019ospedale Papardo, \u00e8 stata avviata la profilassi prevista per i casi di sospetta salmonellosi, in seguito all\u2019accesso nella Struttura ospedaliera di una ragazzina di 10 anni che soffriva dei sintomi tipici dell\u2019infezione","datePublished":"2025-09-02T06:50:52+00:00","dateModified":"2025-09-03T10:11:42+00:00","mainEntityOfPage":{"@id":"https:\/\/www.isoleolie.it\/eolie\/anche-presso-il-policlinico-di-messina-oltreche-allospedale-papardo-e-stata-avviata-la-profilassi-prevista-per-i-casi-di-sospetta-salmonellosi-in-seguito-allaccesso-nella-struttura\/eolie-news\/"},"wordCount":251,"publisher":{"@id":"https:\/\/www.isoleolie.it\/eolie\/#organization"},"articleSection":["NEWS"],"inLanguage":"it-IT"},{"@type":"WebPage","@id":"https:\/\/www.isoleolie.it\/eolie\/anche-presso-il-policlinico-di-messina-oltreche-allospedale-papardo-e-stata-avviata-la-profilassi-prevista-per-i-casi-di-sospetta-salmonellosi-in-seguito-allaccesso-nella-struttura\/eolie-news\/","url":"https:\/\/www.isoleolie.it\/eolie\/anche-presso-il-policlinico-di-messina-oltreche-allospedale-papardo-e-stata-avviata-la-profilassi-prevista-per-i-casi-di-sospetta-salmonellosi-in-seguito-allaccesso-nella-struttura\/eolie-news\/","name":"Anche presso il Policlinico di Messina oltrech\u00e9 all\u2019ospedale Papardo, \u00e8 stata avviata la profilassi prevista per i casi di sospetta salmonellosi, in seguito all\u2019accesso nella Struttura ospedaliera di una ragazzina di 10 anni che soffriva dei sintomi tipici dell\u2019infezione - ISOLE EOLIE Turismo e Vacanze Hotel B&amp;B Residence Case Vacanza","isPartOf":{"@id":"https:\/\/www.isoleolie.it\/eolie\/#website"},"datePublished":"2025-09-02T06:50:52+00:00","dateModified":"2025-09-03T10:11:42+00:00","breadcrumb":{"@id":"https:\/\/www.isoleolie.it\/eolie\/anche-presso-il-policlinico-di-messina-oltreche-allospedale-papardo-e-stata-avviata-la-profilassi-prevista-per-i-casi-di-sospetta-salmonellosi-in-seguito-allaccesso-nella-struttura\/eolie-news\/#breadcrumb"},"inLanguage":"it-IT","potentialAction":[{"@type":"ReadAction","target":["https:\/\/www.isoleolie.it\/eolie\/anche-presso-il-policlinico-di-messina-oltreche-allospedale-papardo-e-stata-avviata-la-profilassi-prevista-per-i-casi-di-sospetta-salmonellosi-in-seguito-allaccesso-nella-struttura\/eolie-news\/"]}]},{"@type":"BreadcrumbList","@id":"https:\/\/www.isoleolie.it\/eolie\/anche-presso-il-policlinico-di-messina-oltreche-allospedale-papardo-e-stata-avviata-la-profilassi-prevista-per-i-casi-di-sospetta-salmonellosi-in-seguito-allaccesso-nella-struttura\/eolie-news\/#breadcrumb","itemListElement":[{"@type":"ListItem","position":1,"name":"Home","item":"https:\/\/www.isoleolie.it\/eolie\/"},{"@type":"ListItem","position":2,"name":"Anche presso il Policlinico di Messina oltrech\u00e9 all\u2019ospedale Papardo, \u00e8 stata avviata la profilassi prevista per i casi di sospetta salmonellosi, in seguito all\u2019accesso nella Struttura ospedaliera di una ragazzina di 10 anni che soffriva dei sintomi tipici dell\u2019infezione"}]},{"@type":"WebSite","@id":"https:\/\/www.isoleolie.it\/eolie\/#website","url":"https:\/\/www.isoleolie.it\/eolie\/","name":"ISOLE EOLIE Turismo e Vacanze alle Isole Eolie Hotel B&B Residence Case Vacanza","description":"The first and official tourism site for the Aeolian Islands","publisher":{"@id":"https:\/\/www.isoleolie.it\/eolie\/#organization"},"potentialAction":[{"@type":"SearchAction","target":{"@type":"EntryPoint","urlTemplate":"https:\/\/www.isoleolie.it\/eolie\/?s={search_term_string}"},"query-input":{"@type":"PropertyValueSpecification","valueRequired":true,"valueName":"search_term_string"}}],"inLanguage":"it-IT"},{"@type":"Organization","@id":"https:\/\/www.isoleolie.it\/eolie\/#organization","name":"ISOLE EOLIE","url":"https:\/\/www.isoleolie.it\/eolie\/","logo":{"@type":"ImageObject","inLanguage":"it-IT","@id":"https:\/\/www.isoleolie.it\/eolie\/#\/schema\/logo\/image\/","url":"https:\/\/www.isoleolie.it\/eolie\/wp-content\/uploads\/2024\/11\/oMv8p0-4_400x400.jpg","contentUrl":"https:\/\/www.isoleolie.it\/eolie\/wp-content\/uploads\/2024\/11\/oMv8p0-4_400x400.jpg","width":400,"height":400,"caption":"ISOLE EOLIE"},"image":{"@id":"https:\/\/www.isoleolie.it\/eolie\/#\/schema\/logo\/image\/"}},{"@type":"Person","@id":"https:\/\/www.isoleolie.it\/eolie\/#\/schema\/person\/4c400db26884d9f212712636db6c1746","name":"Tourism Manager","image":{"@type":"ImageObject","inLanguage":"it-IT","@id":"https:\/\/secure.gravatar.com\/avatar\/3446a46a5f1bdb4055f313474780b529660445bd2d0364f2472d83fd63ed9bbc?s=96&d=mm&r=g","url":"https:\/\/secure.gravatar.com\/avatar\/3446a46a5f1bdb4055f313474780b529660445bd2d0364f2472d83fd63ed9bbc?s=96&d=mm&r=g","contentUrl":"https:\/\/secure.gravatar.com\/avatar\/3446a46a5f1bdb4055f313474780b529660445bd2d0364f2472d83fd63ed9bbc?s=96&d=mm&r=g","caption":"Tourism Manager"},"description":"Che cos'\u00e8 un manager del turismo? Tecnicamente, un manager del turismo \u00e8 un nome dato a qualsiasi professionista della gestione che lavora in un'azienda collegata all'industria del turismo. Ci\u00f2 include i direttori generali, che si assumono la responsabilit\u00e0 generale di garantire che le operazioni quotidiane si svolgano senza intoppi, ma includono anche i singoli responsabili di reparto all'interno delle aziende. Il ruolo di manager del turismo implica la supervisione delle operazioni all'interno di un'impresa o organizzazione turistica. \u00c8 una posizione di alto livello, che richiede una comprensione approfondita dei concetti di gestione e dell'industria nel suo insieme.","sameAs":["https:\/\/www.isoleolie.it\/"],"url":"https:\/\/www.isoleolie.it\/eolie\/author\/isoleolie_2\/"}]}},"_links":{"self":[{"href":"https:\/\/www.isoleolie.it\/eolie\/wp-json\/wp\/v2\/posts\/2126","targetHints":{"allow":["GET"]}}],"collection":[{"href":"https:\/\/www.isoleolie.it\/eolie\/wp-json\/wp\/v2\/posts"}],"about":[{"href":"https:\/\/www.isoleolie.it\/eolie\/wp-json\/wp\/v2\/types\/post"}],"author":[{"embeddable":true,"href":"https:\/\/www.isoleolie.it\/eolie\/wp-json\/wp\/v2\/users\/1"}],"replies":[{"embeddable":true,"href":"https:\/\/www.isoleolie.it\/eolie\/wp-json\/wp\/v2\/comments?post=2126"}],"version-history":[{"count":1,"href":"https:\/\/www.isoleolie.it\/eolie\/wp-json\/wp\/v2\/posts\/2126\/revisions"}],"predecessor-version":[{"id":2134,"href":"https:\/\/www.isoleolie.it\/eolie\/wp-json\/wp\/v2\/posts\/2126\/revisions\/2134"}],"wp:attachment":[{"href":"https:\/\/www.isoleolie.it\/eolie\/wp-json\/wp\/v2\/media?parent=2126"}],"wp:term":[{"taxonomy":"category","embeddable":true,"href":"https:\/\/www.isoleolie.it\/eolie\/wp-json\/wp\/v2\/categories?post=2126"},{"taxonomy":"post_tag","embeddable":true,"href":"https:\/\/www.isoleolie.it\/eolie\/wp-json\/wp\/v2\/tags?post=2126"}],"curies":[{"name":"wp","href":"https:\/\/api.w.org\/{rel}","templated":true}]}}