{"id":2103,"date":"2025-09-01T08:25:25","date_gmt":"2025-09-01T06:25:25","guid":{"rendered":"https:\/\/www.isoleolie.it\/eolie\/messina-sara-la-prima-tappa-della-pedalata-solidale-di-maf-italia-giunta-alla-sua-seconda-edizione-in-sicilia-lunedi-1-settembre-2025-alle-ore-10-in-piazza-unione-europea-la-citta-dello-stretto-ac\/isole-eolie\/"},"modified":"2025-09-03T12:11:52","modified_gmt":"2025-09-03T10:11:52","slug":"messina-sara-la-prima-tappa-della-pedalata-solidale-di-maf-italia-giunta-alla-sua-seconda-edizione-in-sicilia-lunedi-1-settembre-2025-alle-ore-10-in-piazza-unione-europea-la-citta-dello-stretto-ac","status":"publish","type":"post","link":"https:\/\/www.isoleolie.it\/eolie\/messina-sara-la-prima-tappa-della-pedalata-solidale-di-maf-italia-giunta-alla-sua-seconda-edizione-in-sicilia-lunedi-1-settembre-2025-alle-ore-10-in-piazza-unione-europea-la-citta-dello-stretto-ac\/eolie-news\/","title":{"rendered":"Messina sar\u00e0 la prima tappa della Pedalata Solidale di MAF Italia, giunta alla sua seconda edizione in Sicilia: luned\u00ec 1 settembre 2025, alle ore 10 in piazza Unione Europea, la citt\u00e0 dello Stretto accoglier\u00e0 la carovana dei ciclisti, che da qui prender\u00e0 il via verso Mistretta"},"content":{"rendered":"<p><strong>Messina sar\u00e0 la prima tappa della Pedalata Solidale di MAF Italia, giunta alla sua seconda edizione in Sicilia<\/strong>: luned\u00ec 1 settembre 2025, alle ore 10 in piazza Unione Europea, la citt\u00e0 dello Stretto accoglier\u00e0 la carovana dei ciclisti, che da qui prender\u00e0 il via verso Mistretta. L\u2019iniziativa, patrocinata dal Comune di Messina e dalla Citt\u00e0 Metropolitana, \u00e8 un momento di sport, solidariet\u00e0 e sensibilizzazione, aperto alla partecipazione della stampa e della cittadinanza.<\/p>\n<p><strong>\u201cAccogliamo con entusiasmo la Pedalata Solidale e il messaggio che porta con s\u00e9 \u2013 dichiarano il Sindaco Federico Basile e l\u2019Assessore alle Politiche Sportive e ai Grandi Eventi cittadini Massimo Finocchiaro<\/strong> \u2013. Come Amministrazione sosteniamo con convinzione eventi che uniscono sport e impegno sociale, contribuendo a diffondere valori di solidariet\u00e0, inclusione e speranza\u201d.<\/p>\n<p><strong>La Pedalata Solidale 2025 attraverser\u00e0 la Sicilia in tre tappe, da Messina a Trapani, con l\u2019obiettivo di sostenere le missioni di MAF<\/strong> (Mission Aviation Fellowship) in Timor Leste, portando assistenza sanitaria, medicinali e aiuti essenziali alle comunit\u00e0 pi\u00f9 remote.<\/p>\n<p>L&#8217;articolo <a href=\"https:\/\/www.messinamagazine.it\/primo-piano\/messina-sara-la-prima-tappa-della-pedalata-solidale-di-maf-italia-giunta-alla-sua-seconda-edizione-in-sicilia-lunedi-1-settembre-2025-alle-ore-10-in-piazza-unione-europea-la-citta-dello-stretto-ac\/\">Messina sar\u00e0 la prima tappa della Pedalata Solidale di MAF Italia, giunta alla sua seconda edizione in Sicilia: luned\u00ec 1 settembre 2025, alle ore 10 in piazza Unione Europea, la citt\u00e0 dello Stretto accoglier\u00e0 la carovana dei ciclisti, che da qui prender\u00e0 il via verso Mistretta<\/a> proviene da <a href=\"https:\/\/www.messinamagazine.it\/\">Messina Magazine<\/a>.<\/p>\n","protected":false},"excerpt":{"rendered":"<p>Messina sar\u00e0 la prima tappa della Pedalata Solidale di MAF Italia, giunta alla sua seconda edizione in Sicilia: luned\u00ec 1 settembre 2025, alle ore 10 in piazza Unione Europea, la citt\u00e0 dello Stretto accoglier\u00e0 la carovana dei ciclisti, che da qui prender\u00e0 il via verso Mistretta. L\u2019iniziativa, patrocinata dal Comune di Messina e dalla Citt\u00e0 [&hellip;]<\/p>\n","protected":false},"author":1,"featured_media":0,"comment_status":"closed","ping_status":"closed","sticky":false,"template":"","format":"standard","meta":{"footnotes":""},"categories":[22],"tags":[],"class_list":["post-2103","post","type-post","status-publish","format-standard","hentry","category-eolie-news"],"yoast_head":"<!-- This site is optimized with the Yoast SEO plugin v27.5 - https:\/\/yoast.com\/product\/yoast-seo-wordpress\/ -->\r\n<title>Messina sar\u00e0 la prima tappa della Pedalata Solidale di MAF Italia, giunta alla sua seconda edizione in Sicilia: luned\u00ec 1 settembre 2025, alle ore 10 in piazza Unione Europea, la citt\u00e0 dello Stretto accoglier\u00e0 la carovana dei ciclisti, che da qui prender\u00e0 il via verso Mistretta - ISOLE EOLIE Turismo e Vacanze Hotel B&amp;B Residence Case Vacanza<\/title>\r\n<meta name=\"robots\" content=\"index, follow, max-snippet:-1, max-image-preview:large, max-video-preview:-1\" \/>\r\n<link rel=\"canonical\" href=\"https:\/\/www.isoleolie.it\/eolie\/messina-sara-la-prima-tappa-della-pedalata-solidale-di-maf-italia-giunta-alla-sua-seconda-edizione-in-sicilia-lunedi-1-settembre-2025-alle-ore-10-in-piazza-unione-europea-la-citta-dello-stretto-ac\/eolie-news\/\" \/>\r\n<meta property=\"og:locale\" content=\"it_IT\" \/>\r\n<meta property=\"og:type\" content=\"article\" \/>\r\n<meta property=\"og:title\" content=\"Messina sar\u00e0 la prima tappa della Pedalata Solidale di MAF Italia, giunta alla sua seconda edizione in Sicilia: luned\u00ec 1 settembre 2025, alle ore 10 in piazza Unione Europea, la citt\u00e0 dello Stretto accoglier\u00e0 la carovana dei ciclisti, che da qui prender\u00e0 il via verso Mistretta - ISOLE EOLIE Turismo e Vacanze Hotel B&amp;B Residence Case Vacanza\" \/>\r\n<meta property=\"og:description\" content=\"Messina sar\u00e0 la prima tappa della Pedalata Solidale di MAF Italia, giunta alla sua seconda edizione in Sicilia: luned\u00ec 1 settembre 2025, alle ore 10 in piazza Unione Europea, la citt\u00e0 dello Stretto accoglier\u00e0 la carovana dei ciclisti, che da qui prender\u00e0 il via verso Mistretta. L\u2019iniziativa, patrocinata dal Comune di Messina e dalla Citt\u00e0 [&hellip;]\" \/>\r\n<meta property=\"og:url\" content=\"https:\/\/www.isoleolie.it\/eolie\/messina-sara-la-prima-tappa-della-pedalata-solidale-di-maf-italia-giunta-alla-sua-seconda-edizione-in-sicilia-lunedi-1-settembre-2025-alle-ore-10-in-piazza-unione-europea-la-citta-dello-stretto-ac\/eolie-news\/\" \/>\r\n<meta property=\"og:site_name\" content=\"ISOLE EOLIE Turismo e Vacanze Hotel B&amp;B Residence Case Vacanza\" \/>\r\n<meta property=\"article:published_time\" content=\"2025-09-01T06:25:25+00:00\" \/>\r\n<meta property=\"article:modified_time\" content=\"2025-09-03T10:11:52+00:00\" \/>\r\n<meta name=\"author\" content=\"Tourism Manager\" \/>\r\n<meta name=\"twitter:card\" content=\"summary_large_image\" \/>\r\n<meta name=\"twitter:label1\" content=\"Scritto da\" \/>\n\t<meta name=\"twitter:data1\" content=\"Tourism Manager\" \/>\n\t<meta name=\"twitter:label2\" content=\"Tempo di lettura stimato\" \/>\n\t<meta name=\"twitter:data2\" content=\"1 minuto\" \/>\r\n<script type=\"application\/ld+json\" class=\"yoast-schema-graph\">{\"@context\":\"https:\\\/\\\/schema.org\",\"@graph\":[{\"@type\":\"Article\",\"@id\":\"https:\\\/\\\/www.isoleolie.it\\\/eolie\\\/messina-sara-la-prima-tappa-della-pedalata-solidale-di-maf-italia-giunta-alla-sua-seconda-edizione-in-sicilia-lunedi-1-settembre-2025-alle-ore-10-in-piazza-unione-europea-la-citta-dello-stretto-ac\\\/eolie-news\\\/#article\",\"isPartOf\":{\"@id\":\"https:\\\/\\\/www.isoleolie.it\\\/eolie\\\/messina-sara-la-prima-tappa-della-pedalata-solidale-di-maf-italia-giunta-alla-sua-seconda-edizione-in-sicilia-lunedi-1-settembre-2025-alle-ore-10-in-piazza-unione-europea-la-citta-dello-stretto-ac\\\/eolie-news\\\/\"},\"author\":{\"name\":\"Tourism Manager\",\"@id\":\"https:\\\/\\\/www.isoleolie.it\\\/eolie\\\/#\\\/schema\\\/person\\\/4c400db26884d9f212712636db6c1746\"},\"headline\":\"Messina sar\u00e0 la prima tappa della Pedalata Solidale di MAF Italia, giunta alla sua seconda edizione in Sicilia: luned\u00ec 1 settembre 2025, alle ore 10 in piazza Unione Europea, la citt\u00e0 dello Stretto accoglier\u00e0 la carovana dei ciclisti, che da qui prender\u00e0 il via verso Mistretta\",\"datePublished\":\"2025-09-01T06:25:25+00:00\",\"dateModified\":\"2025-09-03T10:11:52+00:00\",\"mainEntityOfPage\":{\"@id\":\"https:\\\/\\\/www.isoleolie.it\\\/eolie\\\/messina-sara-la-prima-tappa-della-pedalata-solidale-di-maf-italia-giunta-alla-sua-seconda-edizione-in-sicilia-lunedi-1-settembre-2025-alle-ore-10-in-piazza-unione-europea-la-citta-dello-stretto-ac\\\/eolie-news\\\/\"},\"wordCount\":252,\"publisher\":{\"@id\":\"https:\\\/\\\/www.isoleolie.it\\\/eolie\\\/#organization\"},\"articleSection\":[\"NEWS\"],\"inLanguage\":\"it-IT\"},{\"@type\":\"WebPage\",\"@id\":\"https:\\\/\\\/www.isoleolie.it\\\/eolie\\\/messina-sara-la-prima-tappa-della-pedalata-solidale-di-maf-italia-giunta-alla-sua-seconda-edizione-in-sicilia-lunedi-1-settembre-2025-alle-ore-10-in-piazza-unione-europea-la-citta-dello-stretto-ac\\\/eolie-news\\\/\",\"url\":\"https:\\\/\\\/www.isoleolie.it\\\/eolie\\\/messina-sara-la-prima-tappa-della-pedalata-solidale-di-maf-italia-giunta-alla-sua-seconda-edizione-in-sicilia-lunedi-1-settembre-2025-alle-ore-10-in-piazza-unione-europea-la-citta-dello-stretto-ac\\\/eolie-news\\\/\",\"name\":\"Messina sar\u00e0 la prima tappa della Pedalata Solidale di MAF Italia, giunta alla sua seconda edizione in Sicilia: luned\u00ec 1 settembre 2025, alle ore 10 in piazza Unione Europea, la citt\u00e0 dello Stretto accoglier\u00e0 la carovana dei ciclisti, che da qui prender\u00e0 il via verso Mistretta - ISOLE EOLIE Turismo e Vacanze Hotel B&amp;B Residence Case Vacanza\",\"isPartOf\":{\"@id\":\"https:\\\/\\\/www.isoleolie.it\\\/eolie\\\/#website\"},\"datePublished\":\"2025-09-01T06:25:25+00:00\",\"dateModified\":\"2025-09-03T10:11:52+00:00\",\"breadcrumb\":{\"@id\":\"https:\\\/\\\/www.isoleolie.it\\\/eolie\\\/messina-sara-la-prima-tappa-della-pedalata-solidale-di-maf-italia-giunta-alla-sua-seconda-edizione-in-sicilia-lunedi-1-settembre-2025-alle-ore-10-in-piazza-unione-europea-la-citta-dello-stretto-ac\\\/eolie-news\\\/#breadcrumb\"},\"inLanguage\":\"it-IT\",\"potentialAction\":[{\"@type\":\"ReadAction\",\"target\":[\"https:\\\/\\\/www.isoleolie.it\\\/eolie\\\/messina-sara-la-prima-tappa-della-pedalata-solidale-di-maf-italia-giunta-alla-sua-seconda-edizione-in-sicilia-lunedi-1-settembre-2025-alle-ore-10-in-piazza-unione-europea-la-citta-dello-stretto-ac\\\/eolie-news\\\/\"]}]},{\"@type\":\"BreadcrumbList\",\"@id\":\"https:\\\/\\\/www.isoleolie.it\\\/eolie\\\/messina-sara-la-prima-tappa-della-pedalata-solidale-di-maf-italia-giunta-alla-sua-seconda-edizione-in-sicilia-lunedi-1-settembre-2025-alle-ore-10-in-piazza-unione-europea-la-citta-dello-stretto-ac\\\/eolie-news\\\/#breadcrumb\",\"itemListElement\":[{\"@type\":\"ListItem\",\"position\":1,\"name\":\"Home\",\"item\":\"https:\\\/\\\/www.isoleolie.it\\\/eolie\\\/\"},{\"@type\":\"ListItem\",\"position\":2,\"name\":\"Messina sar\u00e0 la prima tappa della Pedalata Solidale di MAF Italia, giunta alla sua seconda edizione in Sicilia: luned\u00ec 1 settembre 2025, alle ore 10 in piazza Unione Europea, la citt\u00e0 dello Stretto accoglier\u00e0 la carovana dei ciclisti, che da qui prender\u00e0 il via verso Mistretta\"}]},{\"@type\":\"WebSite\",\"@id\":\"https:\\\/\\\/www.isoleolie.it\\\/eolie\\\/#website\",\"url\":\"https:\\\/\\\/www.isoleolie.it\\\/eolie\\\/\",\"name\":\"ISOLE EOLIE Turismo e Vacanze alle Isole Eolie Hotel B&B Residence Case Vacanza\",\"description\":\"The first and official tourism site for the Aeolian Islands\",\"publisher\":{\"@id\":\"https:\\\/\\\/www.isoleolie.it\\\/eolie\\\/#organization\"},\"potentialAction\":[{\"@type\":\"SearchAction\",\"target\":{\"@type\":\"EntryPoint\",\"urlTemplate\":\"https:\\\/\\\/www.isoleolie.it\\\/eolie\\\/?s={search_term_string}\"},\"query-input\":{\"@type\":\"PropertyValueSpecification\",\"valueRequired\":true,\"valueName\":\"search_term_string\"}}],\"inLanguage\":\"it-IT\"},{\"@type\":\"Organization\",\"@id\":\"https:\\\/\\\/www.isoleolie.it\\\/eolie\\\/#organization\",\"name\":\"ISOLE EOLIE\",\"url\":\"https:\\\/\\\/www.isoleolie.it\\\/eolie\\\/\",\"logo\":{\"@type\":\"ImageObject\",\"inLanguage\":\"it-IT\",\"@id\":\"https:\\\/\\\/www.isoleolie.it\\\/eolie\\\/#\\\/schema\\\/logo\\\/image\\\/\",\"url\":\"https:\\\/\\\/www.isoleolie.it\\\/eolie\\\/wp-content\\\/uploads\\\/2024\\\/11\\\/oMv8p0-4_400x400.jpg\",\"contentUrl\":\"https:\\\/\\\/www.isoleolie.it\\\/eolie\\\/wp-content\\\/uploads\\\/2024\\\/11\\\/oMv8p0-4_400x400.jpg\",\"width\":400,\"height\":400,\"caption\":\"ISOLE EOLIE\"},\"image\":{\"@id\":\"https:\\\/\\\/www.isoleolie.it\\\/eolie\\\/#\\\/schema\\\/logo\\\/image\\\/\"}},{\"@type\":\"Person\",\"@id\":\"https:\\\/\\\/www.isoleolie.it\\\/eolie\\\/#\\\/schema\\\/person\\\/4c400db26884d9f212712636db6c1746\",\"name\":\"Tourism Manager\",\"image\":{\"@type\":\"ImageObject\",\"inLanguage\":\"it-IT\",\"@id\":\"https:\\\/\\\/secure.gravatar.com\\\/avatar\\\/3446a46a5f1bdb4055f313474780b529660445bd2d0364f2472d83fd63ed9bbc?s=96&d=mm&r=g\",\"url\":\"https:\\\/\\\/secure.gravatar.com\\\/avatar\\\/3446a46a5f1bdb4055f313474780b529660445bd2d0364f2472d83fd63ed9bbc?s=96&d=mm&r=g\",\"contentUrl\":\"https:\\\/\\\/secure.gravatar.com\\\/avatar\\\/3446a46a5f1bdb4055f313474780b529660445bd2d0364f2472d83fd63ed9bbc?s=96&d=mm&r=g\",\"caption\":\"Tourism Manager\"},\"description\":\"Che cos'\u00e8 un manager del turismo? Tecnicamente, un manager del turismo \u00e8 un nome dato a qualsiasi professionista della gestione che lavora in un'azienda collegata all'industria del turismo. Ci\u00f2 include i direttori generali, che si assumono la responsabilit\u00e0 generale di garantire che le operazioni quotidiane si svolgano senza intoppi, ma includono anche i singoli responsabili di reparto all'interno delle aziende. Il ruolo di manager del turismo implica la supervisione delle operazioni all'interno di un'impresa o organizzazione turistica. \u00c8 una posizione di alto livello, che richiede una comprensione approfondita dei concetti di gestione e dell'industria nel suo insieme.\",\"sameAs\":[\"https:\\\/\\\/www.isoleolie.it\\\/\"],\"url\":\"https:\\\/\\\/www.isoleolie.it\\\/eolie\\\/author\\\/isoleolie_2\\\/\"}]}<\/script>\r\n<!-- \/ Yoast SEO plugin. -->","yoast_head_json":{"title":"Messina sar\u00e0 la prima tappa della Pedalata Solidale di MAF Italia, giunta alla sua seconda edizione in Sicilia: luned\u00ec 1 settembre 2025, alle ore 10 in piazza Unione Europea, la citt\u00e0 dello Stretto accoglier\u00e0 la carovana dei ciclisti, che da qui prender\u00e0 il via verso Mistretta - ISOLE EOLIE Turismo e Vacanze Hotel B&amp;B Residence Case Vacanza","robots":{"index":"index","follow":"follow","max-snippet":"max-snippet:-1","max-image-preview":"max-image-preview:large","max-video-preview":"max-video-preview:-1"},"canonical":"https:\/\/www.isoleolie.it\/eolie\/messina-sara-la-prima-tappa-della-pedalata-solidale-di-maf-italia-giunta-alla-sua-seconda-edizione-in-sicilia-lunedi-1-settembre-2025-alle-ore-10-in-piazza-unione-europea-la-citta-dello-stretto-ac\/eolie-news\/","og_locale":"it_IT","og_type":"article","og_title":"Messina sar\u00e0 la prima tappa della Pedalata Solidale di MAF Italia, giunta alla sua seconda edizione in Sicilia: luned\u00ec 1 settembre 2025, alle ore 10 in piazza Unione Europea, la citt\u00e0 dello Stretto accoglier\u00e0 la carovana dei ciclisti, che da qui prender\u00e0 il via verso Mistretta - ISOLE EOLIE Turismo e Vacanze Hotel B&amp;B Residence Case Vacanza","og_description":"Messina sar\u00e0 la prima tappa della Pedalata Solidale di MAF Italia, giunta alla sua seconda edizione in Sicilia: luned\u00ec 1 settembre 2025, alle ore 10 in piazza Unione Europea, la citt\u00e0 dello Stretto accoglier\u00e0 la carovana dei ciclisti, che da qui prender\u00e0 il via verso Mistretta. L\u2019iniziativa, patrocinata dal Comune di Messina e dalla Citt\u00e0 [&hellip;]","og_url":"https:\/\/www.isoleolie.it\/eolie\/messina-sara-la-prima-tappa-della-pedalata-solidale-di-maf-italia-giunta-alla-sua-seconda-edizione-in-sicilia-lunedi-1-settembre-2025-alle-ore-10-in-piazza-unione-europea-la-citta-dello-stretto-ac\/eolie-news\/","og_site_name":"ISOLE EOLIE Turismo e Vacanze Hotel B&amp;B Residence Case Vacanza","article_published_time":"2025-09-01T06:25:25+00:00","article_modified_time":"2025-09-03T10:11:52+00:00","author":"Tourism Manager","twitter_card":"summary_large_image","twitter_misc":{"Scritto da":"Tourism Manager","Tempo di lettura stimato":"1 minuto"},"schema":{"@context":"https:\/\/schema.org","@graph":[{"@type":"Article","@id":"https:\/\/www.isoleolie.it\/eolie\/messina-sara-la-prima-tappa-della-pedalata-solidale-di-maf-italia-giunta-alla-sua-seconda-edizione-in-sicilia-lunedi-1-settembre-2025-alle-ore-10-in-piazza-unione-europea-la-citta-dello-stretto-ac\/eolie-news\/#article","isPartOf":{"@id":"https:\/\/www.isoleolie.it\/eolie\/messina-sara-la-prima-tappa-della-pedalata-solidale-di-maf-italia-giunta-alla-sua-seconda-edizione-in-sicilia-lunedi-1-settembre-2025-alle-ore-10-in-piazza-unione-europea-la-citta-dello-stretto-ac\/eolie-news\/"},"author":{"name":"Tourism Manager","@id":"https:\/\/www.isoleolie.it\/eolie\/#\/schema\/person\/4c400db26884d9f212712636db6c1746"},"headline":"Messina sar\u00e0 la prima tappa della Pedalata Solidale di MAF Italia, giunta alla sua seconda edizione in Sicilia: luned\u00ec 1 settembre 2025, alle ore 10 in piazza Unione Europea, la citt\u00e0 dello Stretto accoglier\u00e0 la carovana dei ciclisti, che da qui prender\u00e0 il via verso Mistretta","datePublished":"2025-09-01T06:25:25+00:00","dateModified":"2025-09-03T10:11:52+00:00","mainEntityOfPage":{"@id":"https:\/\/www.isoleolie.it\/eolie\/messina-sara-la-prima-tappa-della-pedalata-solidale-di-maf-italia-giunta-alla-sua-seconda-edizione-in-sicilia-lunedi-1-settembre-2025-alle-ore-10-in-piazza-unione-europea-la-citta-dello-stretto-ac\/eolie-news\/"},"wordCount":252,"publisher":{"@id":"https:\/\/www.isoleolie.it\/eolie\/#organization"},"articleSection":["NEWS"],"inLanguage":"it-IT"},{"@type":"WebPage","@id":"https:\/\/www.isoleolie.it\/eolie\/messina-sara-la-prima-tappa-della-pedalata-solidale-di-maf-italia-giunta-alla-sua-seconda-edizione-in-sicilia-lunedi-1-settembre-2025-alle-ore-10-in-piazza-unione-europea-la-citta-dello-stretto-ac\/eolie-news\/","url":"https:\/\/www.isoleolie.it\/eolie\/messina-sara-la-prima-tappa-della-pedalata-solidale-di-maf-italia-giunta-alla-sua-seconda-edizione-in-sicilia-lunedi-1-settembre-2025-alle-ore-10-in-piazza-unione-europea-la-citta-dello-stretto-ac\/eolie-news\/","name":"Messina sar\u00e0 la prima tappa della Pedalata Solidale di MAF Italia, giunta alla sua seconda edizione in Sicilia: luned\u00ec 1 settembre 2025, alle ore 10 in piazza Unione Europea, la citt\u00e0 dello Stretto accoglier\u00e0 la carovana dei ciclisti, che da qui prender\u00e0 il via verso Mistretta - ISOLE EOLIE Turismo e Vacanze Hotel B&amp;B Residence Case Vacanza","isPartOf":{"@id":"https:\/\/www.isoleolie.it\/eolie\/#website"},"datePublished":"2025-09-01T06:25:25+00:00","dateModified":"2025-09-03T10:11:52+00:00","breadcrumb":{"@id":"https:\/\/www.isoleolie.it\/eolie\/messina-sara-la-prima-tappa-della-pedalata-solidale-di-maf-italia-giunta-alla-sua-seconda-edizione-in-sicilia-lunedi-1-settembre-2025-alle-ore-10-in-piazza-unione-europea-la-citta-dello-stretto-ac\/eolie-news\/#breadcrumb"},"inLanguage":"it-IT","potentialAction":[{"@type":"ReadAction","target":["https:\/\/www.isoleolie.it\/eolie\/messina-sara-la-prima-tappa-della-pedalata-solidale-di-maf-italia-giunta-alla-sua-seconda-edizione-in-sicilia-lunedi-1-settembre-2025-alle-ore-10-in-piazza-unione-europea-la-citta-dello-stretto-ac\/eolie-news\/"]}]},{"@type":"BreadcrumbList","@id":"https:\/\/www.isoleolie.it\/eolie\/messina-sara-la-prima-tappa-della-pedalata-solidale-di-maf-italia-giunta-alla-sua-seconda-edizione-in-sicilia-lunedi-1-settembre-2025-alle-ore-10-in-piazza-unione-europea-la-citta-dello-stretto-ac\/eolie-news\/#breadcrumb","itemListElement":[{"@type":"ListItem","position":1,"name":"Home","item":"https:\/\/www.isoleolie.it\/eolie\/"},{"@type":"ListItem","position":2,"name":"Messina sar\u00e0 la prima tappa della Pedalata Solidale di MAF Italia, giunta alla sua seconda edizione in Sicilia: luned\u00ec 1 settembre 2025, alle ore 10 in piazza Unione Europea, la citt\u00e0 dello Stretto accoglier\u00e0 la carovana dei ciclisti, che da qui prender\u00e0 il via verso Mistretta"}]},{"@type":"WebSite","@id":"https:\/\/www.isoleolie.it\/eolie\/#website","url":"https:\/\/www.isoleolie.it\/eolie\/","name":"ISOLE EOLIE Turismo e Vacanze alle Isole Eolie Hotel B&B Residence Case Vacanza","description":"The first and official tourism site for the Aeolian Islands","publisher":{"@id":"https:\/\/www.isoleolie.it\/eolie\/#organization"},"potentialAction":[{"@type":"SearchAction","target":{"@type":"EntryPoint","urlTemplate":"https:\/\/www.isoleolie.it\/eolie\/?s={search_term_string}"},"query-input":{"@type":"PropertyValueSpecification","valueRequired":true,"valueName":"search_term_string"}}],"inLanguage":"it-IT"},{"@type":"Organization","@id":"https:\/\/www.isoleolie.it\/eolie\/#organization","name":"ISOLE EOLIE","url":"https:\/\/www.isoleolie.it\/eolie\/","logo":{"@type":"ImageObject","inLanguage":"it-IT","@id":"https:\/\/www.isoleolie.it\/eolie\/#\/schema\/logo\/image\/","url":"https:\/\/www.isoleolie.it\/eolie\/wp-content\/uploads\/2024\/11\/oMv8p0-4_400x400.jpg","contentUrl":"https:\/\/www.isoleolie.it\/eolie\/wp-content\/uploads\/2024\/11\/oMv8p0-4_400x400.jpg","width":400,"height":400,"caption":"ISOLE EOLIE"},"image":{"@id":"https:\/\/www.isoleolie.it\/eolie\/#\/schema\/logo\/image\/"}},{"@type":"Person","@id":"https:\/\/www.isoleolie.it\/eolie\/#\/schema\/person\/4c400db26884d9f212712636db6c1746","name":"Tourism Manager","image":{"@type":"ImageObject","inLanguage":"it-IT","@id":"https:\/\/secure.gravatar.com\/avatar\/3446a46a5f1bdb4055f313474780b529660445bd2d0364f2472d83fd63ed9bbc?s=96&d=mm&r=g","url":"https:\/\/secure.gravatar.com\/avatar\/3446a46a5f1bdb4055f313474780b529660445bd2d0364f2472d83fd63ed9bbc?s=96&d=mm&r=g","contentUrl":"https:\/\/secure.gravatar.com\/avatar\/3446a46a5f1bdb4055f313474780b529660445bd2d0364f2472d83fd63ed9bbc?s=96&d=mm&r=g","caption":"Tourism Manager"},"description":"Che cos'\u00e8 un manager del turismo? Tecnicamente, un manager del turismo \u00e8 un nome dato a qualsiasi professionista della gestione che lavora in un'azienda collegata all'industria del turismo. Ci\u00f2 include i direttori generali, che si assumono la responsabilit\u00e0 generale di garantire che le operazioni quotidiane si svolgano senza intoppi, ma includono anche i singoli responsabili di reparto all'interno delle aziende. Il ruolo di manager del turismo implica la supervisione delle operazioni all'interno di un'impresa o organizzazione turistica. \u00c8 una posizione di alto livello, che richiede una comprensione approfondita dei concetti di gestione e dell'industria nel suo insieme.","sameAs":["https:\/\/www.isoleolie.it\/"],"url":"https:\/\/www.isoleolie.it\/eolie\/author\/isoleolie_2\/"}]}},"_links":{"self":[{"href":"https:\/\/www.isoleolie.it\/eolie\/wp-json\/wp\/v2\/posts\/2103","targetHints":{"allow":["GET"]}}],"collection":[{"href":"https:\/\/www.isoleolie.it\/eolie\/wp-json\/wp\/v2\/posts"}],"about":[{"href":"https:\/\/www.isoleolie.it\/eolie\/wp-json\/wp\/v2\/types\/post"}],"author":[{"embeddable":true,"href":"https:\/\/www.isoleolie.it\/eolie\/wp-json\/wp\/v2\/users\/1"}],"replies":[{"embeddable":true,"href":"https:\/\/www.isoleolie.it\/eolie\/wp-json\/wp\/v2\/comments?post=2103"}],"version-history":[{"count":1,"href":"https:\/\/www.isoleolie.it\/eolie\/wp-json\/wp\/v2\/posts\/2103\/revisions"}],"predecessor-version":[{"id":2115,"href":"https:\/\/www.isoleolie.it\/eolie\/wp-json\/wp\/v2\/posts\/2103\/revisions\/2115"}],"wp:attachment":[{"href":"https:\/\/www.isoleolie.it\/eolie\/wp-json\/wp\/v2\/media?parent=2103"}],"wp:term":[{"taxonomy":"category","embeddable":true,"href":"https:\/\/www.isoleolie.it\/eolie\/wp-json\/wp\/v2\/categories?post=2103"},{"taxonomy":"post_tag","embeddable":true,"href":"https:\/\/www.isoleolie.it\/eolie\/wp-json\/wp\/v2\/tags?post=2103"}],"curies":[{"name":"wp","href":"https:\/\/api.w.org\/{rel}","templated":true}]}}