{"id":2016,"date":"2025-03-04T17:25:50","date_gmt":"2025-03-04T16:25:50","guid":{"rendered":"https:\/\/www.isoleolie.it\/eolie\/?p=2016"},"modified":"2025-09-03T12:12:04","modified_gmt":"2025-09-03T10:12:04","slug":"al-via-litb-a-berlino-il-programma-degli-eventi-dellenit","status":"publish","type":"post","link":"https:\/\/www.isoleolie.it\/eolie\/al-via-litb-a-berlino-il-programma-degli-eventi-dellenit\/eolie-news\/","title":{"rendered":"Al via l\u2019Itb a Berlino: il programma degli eventi dell\u2019Enit"},"content":{"rendered":"<p>l via oggi a Berlino l\u2019ITB, una delle fiere del turismo pi\u00f9 importanti al mondo che si conclude gioved\u00ec 6 marzo. Alla presenza\u00a0 dell\u2019Ambasciatore d\u2019Italia a Berlino Fabrizio Bucci e del ministro del Turismo Daniela Santanch\u00e8, \u00e8 stato inaugurato lo stand di Enit. Realizzato con il ministero del Turismo, ha una superficie di 1.391 mq e ospita una nutrita rappresentanza di Regioni italiane: Basilicata, Calabria, Campania, Emilia-Romagna, Friuli Venezia Giulia, Lazio, Liguria, Lombardia, Marche, Piemonte, Puglia, Sicilia, Toscana e Valle d\u2019Aosta \u2013 e partner istituzionali e del territorio: i Comuni di Napoli, Genova e Torino, la Repubblica di San Marino, Gestione Governativa Navigazione Laghi, Residenze Reali Sabaude Piemonte e Camera di Commercio Como-Lecco. Presenti anche 200 operatori turistici italiani che avranno a disposizione delle postazioni dedicate per gli incontri B2B con i buyer internazionali.<\/p>\n<p>Anche quest\u2019anno, ITB Berlino si conferma un\u2019occasione unica per promuovere l\u2019offerta turistica italiana nel mondo e per creare nuove opportunit\u00e0 di business per gli operatori del settore. Questo il programma degli eventi nello stand Enit\/Italia Hall 1.2<\/p>\n<div class=\"dm-articolo\">\n<div class=\" text-left\">\n<h3>Marted\u00ec 4 marzo<\/h3>\n<\/div>\n<\/div>\n<div class=\"dm-articolo\">\n<div class=\" text-left\">\n<h2>09.30 Briefing per co-espositori sul mercato DACH<\/h2>\n<p>Relatrice: Maria Elena Rossi, Direttrice Promozione<\/p>\n<h2>11.15 \u2013 Conferenza stampa Italia<\/h2>\n<p>Relatori: Daniela Garnero Santanch\u00e8, Ministro del Turismo; Fabrizio Bucci, Ambasciatore d\u2019Italia a Berlino; Alessandra Priante, Presidente ENIT S.p.A.; Ivana Jelinic, CEO ENIT S.p.A.<br \/>\n<script async src=\"https:\/\/pagead2.googlesyndication.com\/pagead\/js\/adsbygoogle.js?client=ca-pub-0374348204273382\" crossorigin=\"anonymous\"><\/script><br \/>\n<ins class=\"adsbygoogle\" style=\"display: block; text-align: center;\" data-ad-layout=\"in-article\" data-ad-format=\"fluid\" data-ad-client=\"ca-pub-0374348204273382\" data-ad-slot=\"7701142189\"><\/ins><br \/>\n<script>\n     (adsbygoogle = window.adsbygoogle || []).push({});\n<\/script><br \/>\nModeratore: Alexander Mazza<\/p>\n<h2>14.00 \u2013 Conferenza stampa Piemonte: \u201cPiemonte 2025: un anno di grandi eventi\u201d<\/h2>\n<p>Relatrice: Marina Chiarelli, Assessore Turismo, Cultura, Sport e post olimpico, Pari opportunit\u00e0 e politiche giovanili.<\/p>\n<h2>15.00 \u2013 Conferenza stampa Calabria: \u201cGerace Sogno Normanno e le Perle dello Ionio\u201d (a seguire, degustazione)<\/h2>\n<p>Relatori: Giovanni Calabrese, Assessore al Turismo della Regione Calabria; Cosimo Caridi, Dirigente Dipartimento Turismo della Regione Calabria; Marisa Larosa, Assessore al Turismo e Cultura del Comune di Gerace; Giuseppe Varacalli, Consigliere Comune di Gerace; Loredana Panetta e Domenico Romeo, Dirigenti del Comune di Gerace; Roberto Quatraccioni, Esperto di valorizzazione territoriale; Viorika Schmidinger, Product Coordinator DACH.<\/p>\n<h2>16.00 \u2013 Conferenza stampa Sicilia: \u201cSicily all year long\u201d (a seguire, degustazione)<\/h2>\n<p>Relatori: On.le Elvira Amata, Assessore Turismo Sport Spettacolo della Regione Siciliana; Alessandro Anello, Assessore Turismo, Sport e Impianti sportivi del comune di Palermo; Caterina Guercio, Dirigente Ufficio Sport, Turismo e Gestione Impianti Sportivi Comune di Palermo; Christian Del Bono, presidente Islands of Sicily, DMO delle Isole di Sicilia; Marco Platania, Direttore Osservatorio Turistico della destinazione turistica Enjoy Barocco.<\/p>\n<\/div>\n<\/div>\n<div class=\"dm-articolo\">\n<div class=\" text-left\">\n<hr \/>\n<\/div>\n<\/div>\n<div class=\"dm-articolo\">\n<div class=\" text-left\">\n<h3>Mercoled\u00ec 5 marzo<\/h3>\n<\/div>\n<\/div>\n<div class=\"dm-articolo\">\n<div class=\" text-left\">\n<h2>11.00 \u2013 Conferenza stampa Toscana: \u201cToscana Family Friendly\u201d<\/h2>\n<p>Relatori: Francesco Tapinassi, Direttore Toscana Promozione Turistica; Clara Svanera, Coordinatrice Relazioni internazionali per Toscana Promozione Turistica.<\/p>\n<h2>11.30 \u2013 Conferenza stampa Emilia Romagna: \u201cEmilia Romagna Rainbow\u201d<\/h2>\n<p>Relatori: Roberta Frisoni, Assessora Turismo, Commercio e Sport Regione Emilia Romagna; Alessio Virgili, AD Sonders&amp;Beach srl e Presidente ELTA (European LGBTQ+ Travel Alliance); Giovanna Ceccherini, Sales &amp; Brand Manager Sonders and Beach Italia.<\/p>\n<h2>12.30 \u2013 Conferenza stampa Piemonte 2025: \u201cViaggio nel Cuore del Piemonte: Storia, Borghi e Tradizioni \u2013 Le Novit\u00e0 dell\u2019Offerta Turistica\u201d<\/h2>\n<p>Relatori: TBD<\/p>\n<h2>13.00 \u2013 Evento Regione Campania: \u201cViaggio alla scoperta della cultura del cibo\u201d<\/h2>\n<p>Degustazione Street Food con l\u2019Associazione Verace Pizza Napoletana a cura di Emmanuele Cirillo.<\/p>\n<p>Videosaluto: Felice Casucci, Assessore al Turismo Regione Campania.<\/p>\n<p>Relatore: Luca D\u2019Ambra, Presidente Federalberghi Ischia e Procida.<\/p>\n<h2>15.00 \u2013 Conferenza stampa Lazio: \u201cLazio terra di turismo: dalle destinazioni alle esperienze\u201d<\/h2>\n<p>Relatori: Luigi Sciarra, Presidente Skal Roma; Jo Jungwirth, Presidente Skal Deutschland; Luca Albano, Director and Sales of Customer Alliance Berlin; Vinicio Borsi, Vicepresidente Skal Roma; Lecizio Parlagreco, DMO Dai Monti Lepini al Mare; Andrea Masci, DMO Dai Monti Lepini al Mare; Luciano Crea, Presidente V Commissione consiliare permanente del Consiglio regionale del Lazio Cultura, spettacolo, sport e turismo.<\/p>\n<p>Moderatore: Paolo Giuntarelli, Direttore Regionale Affari della Presidenza, Turismo, Cinema, Audiovisivo e Sport<\/p>\n<h2>16.00 \u2013 Conferenza stampa Comune di Milano: \u201cDiscover Milano: Sustainability and Culture\u201d (a seguire, aperitivo)<\/h2>\n<p>Relatori: Mariangela Pantaleoni, Tourism Manager YESMILANO; Luciano Bersano, Head of Marketing and Visitor Experience Office Comune di Milano.<\/p>\n<\/div>\n<\/div>\n<div class=\"dm-articolo\">\n<div class=\" text-left\"><script async src=\"https:\/\/pagead2.googlesyndication.com\/pagead\/js\/adsbygoogle.js?client=ca-pub-0374348204273382\" crossorigin=\"anonymous\"><\/script><br \/>\n<ins class=\"adsbygoogle\" style=\"display: block; text-align: center;\" data-ad-layout=\"in-article\" data-ad-format=\"fluid\" data-ad-client=\"ca-pub-0374348204273382\" data-ad-slot=\"7701142189\"><\/ins><br \/>\n<script>\n     (adsbygoogle = window.adsbygoogle || []).push({});\n<\/script><\/p>\n<hr \/>\n<\/div>\n<\/div>\n<div class=\"dm-articolo\">\n<div class=\" text-left\">\n<h3>Gioved\u00ec 6 marzo<\/h3>\n<\/div>\n<\/div>\n<div class=\"dm-articolo\">\n<div class=\" text-left\">\n<h2>10.30 \u2013 Conferenza stampa Calabria: \u201cHighWellness \u2013 South Italy: un sistema integrato per il rilancio del turismo montano\u201d (a seguire, degustazione)<\/h2>\n<p>Relatore: Luigi Barberio, CEO di Destinazioni Innovative, membro dell\u2019ATI HighWellness e responsabile dello sviluppo della piattaforma HWSI.<\/p>\n<h2>14.00 \u2013 Evento Camera di Commercio Como-Lecco: \u201cLago di Como\u201d<\/h2>\n<p>Video-presentazione e sorteggio buono soggiorno.<\/p>\n<\/div>\n<\/div>\n<p>nella foto da sinistra verso destra: Elvira Amata, assessore Turismo Sport Spettacolo della Regione Siciliana; Alessandra Priante, presidente ENIT S.p.A.; Fabrizio Bucci, ambasciatore d\u2019Italia a Berlino; Daniela Santanch\u00e8, ministro del Turismo; Ivana Jelinic, amministratore delegato ENIT S.p.A.; Gianluca Caramanna, consigliere del Ministro del Turismo per i rapporti istituzionali; Marina Chiarelli, assessore Turismo, Cultura, Sport della Regione Piemonte.<\/p>\n<p>[Fonte:travelnostop.com]<\/p>\n","protected":false},"excerpt":{"rendered":"<p>l via oggi a Berlino l\u2019ITB, una delle fiere del turismo pi\u00f9 importanti al mondo che si conclude gioved\u00ec 6 marzo. Alla presenza\u00a0 dell\u2019Ambasciatore d\u2019Italia a Berlino Fabrizio Bucci e del ministro del Turismo Daniela Santanch\u00e8, \u00e8 stato inaugurato lo stand di Enit. Realizzato con il ministero del Turismo, ha una superficie di 1.391 mq [&hellip;]<\/p>\n","protected":false},"author":1,"featured_media":2017,"comment_status":"closed","ping_status":"closed","sticky":false,"template":"","format":"standard","meta":{"footnotes":""},"categories":[22],"tags":[],"class_list":["post-2016","post","type-post","status-publish","format-standard","has-post-thumbnail","hentry","category-eolie-news"],"yoast_head":"<!-- This site is optimized with the Yoast SEO plugin v27.5 - https:\/\/yoast.com\/product\/yoast-seo-wordpress\/ -->\r\n<title>Al via l\u2019Itb a Berlino: il programma degli eventi dell\u2019Enit - ISOLE EOLIE Turismo e Vacanze Hotel B&amp;B Residence Case Vacanza<\/title>\r\n<meta name=\"robots\" content=\"index, follow, max-snippet:-1, max-image-preview:large, max-video-preview:-1\" \/>\r\n<link rel=\"canonical\" href=\"https:\/\/www.isoleolie.it\/eolie\/al-via-litb-a-berlino-il-programma-degli-eventi-dellenit\/eolie-news\/\" \/>\r\n<meta property=\"og:locale\" content=\"it_IT\" \/>\r\n<meta property=\"og:type\" content=\"article\" \/>\r\n<meta property=\"og:title\" content=\"Al via l\u2019Itb a Berlino: il programma degli eventi dell\u2019Enit - ISOLE EOLIE Turismo e Vacanze Hotel B&amp;B Residence Case Vacanza\" \/>\r\n<meta property=\"og:description\" content=\"l via oggi a Berlino l\u2019ITB, una delle fiere del turismo pi\u00f9 importanti al mondo che si conclude gioved\u00ec 6 marzo. Alla presenza\u00a0 dell\u2019Ambasciatore d\u2019Italia a Berlino Fabrizio Bucci e del ministro del Turismo Daniela Santanch\u00e8, \u00e8 stato inaugurato lo stand di Enit. Realizzato con il ministero del Turismo, ha una superficie di 1.391 mq [&hellip;]\" \/>\r\n<meta property=\"og:url\" content=\"https:\/\/www.isoleolie.it\/eolie\/al-via-litb-a-berlino-il-programma-degli-eventi-dellenit\/eolie-news\/\" \/>\r\n<meta property=\"og:site_name\" content=\"ISOLE EOLIE Turismo e Vacanze Hotel B&amp;B Residence Case Vacanza\" \/>\r\n<meta property=\"article:published_time\" content=\"2025-03-04T16:25:50+00:00\" \/>\r\n<meta property=\"article:modified_time\" content=\"2025-09-03T10:12:04+00:00\" \/>\r\n<meta property=\"og:image\" content=\"https:\/\/www.isoleolie.it\/eolie\/wp-content\/uploads\/2025\/03\/IMG_20250304_1041401.jpg\" \/>\r\n\t<meta property=\"og:image:width\" content=\"1431\" \/>\r\n\t<meta property=\"og:image:height\" content=\"1073\" \/>\r\n\t<meta property=\"og:image:type\" content=\"image\/jpeg\" \/>\r\n<meta name=\"author\" content=\"Tourism Manager\" \/>\r\n<meta name=\"twitter:card\" content=\"summary_large_image\" \/>\r\n<meta name=\"twitter:label1\" content=\"Scritto da\" \/>\n\t<meta name=\"twitter:data1\" content=\"Tourism Manager\" \/>\n\t<meta name=\"twitter:label2\" content=\"Tempo di lettura stimato\" \/>\n\t<meta name=\"twitter:data2\" content=\"5 minuti\" \/>\r\n<script type=\"application\/ld+json\" class=\"yoast-schema-graph\">{\"@context\":\"https:\\\/\\\/schema.org\",\"@graph\":[{\"@type\":\"Article\",\"@id\":\"https:\\\/\\\/www.isoleolie.it\\\/eolie\\\/al-via-litb-a-berlino-il-programma-degli-eventi-dellenit\\\/eolie-news\\\/#article\",\"isPartOf\":{\"@id\":\"https:\\\/\\\/www.isoleolie.it\\\/eolie\\\/al-via-litb-a-berlino-il-programma-degli-eventi-dellenit\\\/eolie-news\\\/\"},\"author\":{\"name\":\"Tourism Manager\",\"@id\":\"https:\\\/\\\/www.isoleolie.it\\\/eolie\\\/#\\\/schema\\\/person\\\/4c400db26884d9f212712636db6c1746\"},\"headline\":\"Al via l\u2019Itb a Berlino: il programma degli eventi dell\u2019Enit\",\"datePublished\":\"2025-03-04T16:25:50+00:00\",\"dateModified\":\"2025-09-03T10:12:04+00:00\",\"mainEntityOfPage\":{\"@id\":\"https:\\\/\\\/www.isoleolie.it\\\/eolie\\\/al-via-litb-a-berlino-il-programma-degli-eventi-dellenit\\\/eolie-news\\\/\"},\"wordCount\":751,\"publisher\":{\"@id\":\"https:\\\/\\\/www.isoleolie.it\\\/eolie\\\/#organization\"},\"image\":{\"@id\":\"https:\\\/\\\/www.isoleolie.it\\\/eolie\\\/al-via-litb-a-berlino-il-programma-degli-eventi-dellenit\\\/eolie-news\\\/#primaryimage\"},\"thumbnailUrl\":\"https:\\\/\\\/www.isoleolie.it\\\/eolie\\\/wp-content\\\/uploads\\\/2025\\\/03\\\/IMG_20250304_1041401.jpg\",\"articleSection\":[\"NEWS\"],\"inLanguage\":\"it-IT\"},{\"@type\":\"WebPage\",\"@id\":\"https:\\\/\\\/www.isoleolie.it\\\/eolie\\\/al-via-litb-a-berlino-il-programma-degli-eventi-dellenit\\\/eolie-news\\\/\",\"url\":\"https:\\\/\\\/www.isoleolie.it\\\/eolie\\\/al-via-litb-a-berlino-il-programma-degli-eventi-dellenit\\\/eolie-news\\\/\",\"name\":\"Al via l\u2019Itb a Berlino: il programma degli eventi dell\u2019Enit - ISOLE EOLIE Turismo e Vacanze Hotel B&amp;B Residence Case Vacanza\",\"isPartOf\":{\"@id\":\"https:\\\/\\\/www.isoleolie.it\\\/eolie\\\/#website\"},\"primaryImageOfPage\":{\"@id\":\"https:\\\/\\\/www.isoleolie.it\\\/eolie\\\/al-via-litb-a-berlino-il-programma-degli-eventi-dellenit\\\/eolie-news\\\/#primaryimage\"},\"image\":{\"@id\":\"https:\\\/\\\/www.isoleolie.it\\\/eolie\\\/al-via-litb-a-berlino-il-programma-degli-eventi-dellenit\\\/eolie-news\\\/#primaryimage\"},\"thumbnailUrl\":\"https:\\\/\\\/www.isoleolie.it\\\/eolie\\\/wp-content\\\/uploads\\\/2025\\\/03\\\/IMG_20250304_1041401.jpg\",\"datePublished\":\"2025-03-04T16:25:50+00:00\",\"dateModified\":\"2025-09-03T10:12:04+00:00\",\"breadcrumb\":{\"@id\":\"https:\\\/\\\/www.isoleolie.it\\\/eolie\\\/al-via-litb-a-berlino-il-programma-degli-eventi-dellenit\\\/eolie-news\\\/#breadcrumb\"},\"inLanguage\":\"it-IT\",\"potentialAction\":[{\"@type\":\"ReadAction\",\"target\":[\"https:\\\/\\\/www.isoleolie.it\\\/eolie\\\/al-via-litb-a-berlino-il-programma-degli-eventi-dellenit\\\/eolie-news\\\/\"]}]},{\"@type\":\"ImageObject\",\"inLanguage\":\"it-IT\",\"@id\":\"https:\\\/\\\/www.isoleolie.it\\\/eolie\\\/al-via-litb-a-berlino-il-programma-degli-eventi-dellenit\\\/eolie-news\\\/#primaryimage\",\"url\":\"https:\\\/\\\/www.isoleolie.it\\\/eolie\\\/wp-content\\\/uploads\\\/2025\\\/03\\\/IMG_20250304_1041401.jpg\",\"contentUrl\":\"https:\\\/\\\/www.isoleolie.it\\\/eolie\\\/wp-content\\\/uploads\\\/2025\\\/03\\\/IMG_20250304_1041401.jpg\",\"width\":1431,\"height\":1073,\"caption\":\"Itb a Berlino 2025\"},{\"@type\":\"BreadcrumbList\",\"@id\":\"https:\\\/\\\/www.isoleolie.it\\\/eolie\\\/al-via-litb-a-berlino-il-programma-degli-eventi-dellenit\\\/eolie-news\\\/#breadcrumb\",\"itemListElement\":[{\"@type\":\"ListItem\",\"position\":1,\"name\":\"Home\",\"item\":\"https:\\\/\\\/www.isoleolie.it\\\/eolie\\\/\"},{\"@type\":\"ListItem\",\"position\":2,\"name\":\"Al via l\u2019Itb a Berlino: il programma degli eventi dell\u2019Enit\"}]},{\"@type\":\"WebSite\",\"@id\":\"https:\\\/\\\/www.isoleolie.it\\\/eolie\\\/#website\",\"url\":\"https:\\\/\\\/www.isoleolie.it\\\/eolie\\\/\",\"name\":\"ISOLE EOLIE Turismo e Vacanze alle Isole Eolie Hotel B&B Residence Case Vacanza\",\"description\":\"The first and official tourism site for the Aeolian Islands\",\"publisher\":{\"@id\":\"https:\\\/\\\/www.isoleolie.it\\\/eolie\\\/#organization\"},\"potentialAction\":[{\"@type\":\"SearchAction\",\"target\":{\"@type\":\"EntryPoint\",\"urlTemplate\":\"https:\\\/\\\/www.isoleolie.it\\\/eolie\\\/?s={search_term_string}\"},\"query-input\":{\"@type\":\"PropertyValueSpecification\",\"valueRequired\":true,\"valueName\":\"search_term_string\"}}],\"inLanguage\":\"it-IT\"},{\"@type\":\"Organization\",\"@id\":\"https:\\\/\\\/www.isoleolie.it\\\/eolie\\\/#organization\",\"name\":\"ISOLE EOLIE\",\"url\":\"https:\\\/\\\/www.isoleolie.it\\\/eolie\\\/\",\"logo\":{\"@type\":\"ImageObject\",\"inLanguage\":\"it-IT\",\"@id\":\"https:\\\/\\\/www.isoleolie.it\\\/eolie\\\/#\\\/schema\\\/logo\\\/image\\\/\",\"url\":\"https:\\\/\\\/www.isoleolie.it\\\/eolie\\\/wp-content\\\/uploads\\\/2024\\\/11\\\/oMv8p0-4_400x400.jpg\",\"contentUrl\":\"https:\\\/\\\/www.isoleolie.it\\\/eolie\\\/wp-content\\\/uploads\\\/2024\\\/11\\\/oMv8p0-4_400x400.jpg\",\"width\":400,\"height\":400,\"caption\":\"ISOLE EOLIE\"},\"image\":{\"@id\":\"https:\\\/\\\/www.isoleolie.it\\\/eolie\\\/#\\\/schema\\\/logo\\\/image\\\/\"}},{\"@type\":\"Person\",\"@id\":\"https:\\\/\\\/www.isoleolie.it\\\/eolie\\\/#\\\/schema\\\/person\\\/4c400db26884d9f212712636db6c1746\",\"name\":\"Tourism Manager\",\"image\":{\"@type\":\"ImageObject\",\"inLanguage\":\"it-IT\",\"@id\":\"https:\\\/\\\/secure.gravatar.com\\\/avatar\\\/3446a46a5f1bdb4055f313474780b529660445bd2d0364f2472d83fd63ed9bbc?s=96&d=mm&r=g\",\"url\":\"https:\\\/\\\/secure.gravatar.com\\\/avatar\\\/3446a46a5f1bdb4055f313474780b529660445bd2d0364f2472d83fd63ed9bbc?s=96&d=mm&r=g\",\"contentUrl\":\"https:\\\/\\\/secure.gravatar.com\\\/avatar\\\/3446a46a5f1bdb4055f313474780b529660445bd2d0364f2472d83fd63ed9bbc?s=96&d=mm&r=g\",\"caption\":\"Tourism Manager\"},\"description\":\"Che cos'\u00e8 un manager del turismo? Tecnicamente, un manager del turismo \u00e8 un nome dato a qualsiasi professionista della gestione che lavora in un'azienda collegata all'industria del turismo. Ci\u00f2 include i direttori generali, che si assumono la responsabilit\u00e0 generale di garantire che le operazioni quotidiane si svolgano senza intoppi, ma includono anche i singoli responsabili di reparto all'interno delle aziende. Il ruolo di manager del turismo implica la supervisione delle operazioni all'interno di un'impresa o organizzazione turistica. \u00c8 una posizione di alto livello, che richiede una comprensione approfondita dei concetti di gestione e dell'industria nel suo insieme.\",\"sameAs\":[\"https:\\\/\\\/www.isoleolie.it\\\/\"],\"url\":\"https:\\\/\\\/www.isoleolie.it\\\/eolie\\\/author\\\/isoleolie_2\\\/\"}]}<\/script>\r\n<!-- \/ Yoast SEO plugin. -->","yoast_head_json":{"title":"Al via l\u2019Itb a Berlino: il programma degli eventi dell\u2019Enit - ISOLE EOLIE Turismo e Vacanze Hotel B&amp;B Residence Case Vacanza","robots":{"index":"index","follow":"follow","max-snippet":"max-snippet:-1","max-image-preview":"max-image-preview:large","max-video-preview":"max-video-preview:-1"},"canonical":"https:\/\/www.isoleolie.it\/eolie\/al-via-litb-a-berlino-il-programma-degli-eventi-dellenit\/eolie-news\/","og_locale":"it_IT","og_type":"article","og_title":"Al via l\u2019Itb a Berlino: il programma degli eventi dell\u2019Enit - ISOLE EOLIE Turismo e Vacanze Hotel B&amp;B Residence Case Vacanza","og_description":"l via oggi a Berlino l\u2019ITB, una delle fiere del turismo pi\u00f9 importanti al mondo che si conclude gioved\u00ec 6 marzo. Alla presenza\u00a0 dell\u2019Ambasciatore d\u2019Italia a Berlino Fabrizio Bucci e del ministro del Turismo Daniela Santanch\u00e8, \u00e8 stato inaugurato lo stand di Enit. Realizzato con il ministero del Turismo, ha una superficie di 1.391 mq [&hellip;]","og_url":"https:\/\/www.isoleolie.it\/eolie\/al-via-litb-a-berlino-il-programma-degli-eventi-dellenit\/eolie-news\/","og_site_name":"ISOLE EOLIE Turismo e Vacanze Hotel B&amp;B Residence Case Vacanza","article_published_time":"2025-03-04T16:25:50+00:00","article_modified_time":"2025-09-03T10:12:04+00:00","og_image":[{"width":1431,"height":1073,"url":"https:\/\/www.isoleolie.it\/eolie\/wp-content\/uploads\/2025\/03\/IMG_20250304_1041401.jpg","type":"image\/jpeg"}],"author":"Tourism Manager","twitter_card":"summary_large_image","twitter_misc":{"Scritto da":"Tourism Manager","Tempo di lettura stimato":"5 minuti"},"schema":{"@context":"https:\/\/schema.org","@graph":[{"@type":"Article","@id":"https:\/\/www.isoleolie.it\/eolie\/al-via-litb-a-berlino-il-programma-degli-eventi-dellenit\/eolie-news\/#article","isPartOf":{"@id":"https:\/\/www.isoleolie.it\/eolie\/al-via-litb-a-berlino-il-programma-degli-eventi-dellenit\/eolie-news\/"},"author":{"name":"Tourism Manager","@id":"https:\/\/www.isoleolie.it\/eolie\/#\/schema\/person\/4c400db26884d9f212712636db6c1746"},"headline":"Al via l\u2019Itb a Berlino: il programma degli eventi dell\u2019Enit","datePublished":"2025-03-04T16:25:50+00:00","dateModified":"2025-09-03T10:12:04+00:00","mainEntityOfPage":{"@id":"https:\/\/www.isoleolie.it\/eolie\/al-via-litb-a-berlino-il-programma-degli-eventi-dellenit\/eolie-news\/"},"wordCount":751,"publisher":{"@id":"https:\/\/www.isoleolie.it\/eolie\/#organization"},"image":{"@id":"https:\/\/www.isoleolie.it\/eolie\/al-via-litb-a-berlino-il-programma-degli-eventi-dellenit\/eolie-news\/#primaryimage"},"thumbnailUrl":"https:\/\/www.isoleolie.it\/eolie\/wp-content\/uploads\/2025\/03\/IMG_20250304_1041401.jpg","articleSection":["NEWS"],"inLanguage":"it-IT"},{"@type":"WebPage","@id":"https:\/\/www.isoleolie.it\/eolie\/al-via-litb-a-berlino-il-programma-degli-eventi-dellenit\/eolie-news\/","url":"https:\/\/www.isoleolie.it\/eolie\/al-via-litb-a-berlino-il-programma-degli-eventi-dellenit\/eolie-news\/","name":"Al via l\u2019Itb a Berlino: il programma degli eventi dell\u2019Enit - ISOLE EOLIE Turismo e Vacanze Hotel B&amp;B Residence Case Vacanza","isPartOf":{"@id":"https:\/\/www.isoleolie.it\/eolie\/#website"},"primaryImageOfPage":{"@id":"https:\/\/www.isoleolie.it\/eolie\/al-via-litb-a-berlino-il-programma-degli-eventi-dellenit\/eolie-news\/#primaryimage"},"image":{"@id":"https:\/\/www.isoleolie.it\/eolie\/al-via-litb-a-berlino-il-programma-degli-eventi-dellenit\/eolie-news\/#primaryimage"},"thumbnailUrl":"https:\/\/www.isoleolie.it\/eolie\/wp-content\/uploads\/2025\/03\/IMG_20250304_1041401.jpg","datePublished":"2025-03-04T16:25:50+00:00","dateModified":"2025-09-03T10:12:04+00:00","breadcrumb":{"@id":"https:\/\/www.isoleolie.it\/eolie\/al-via-litb-a-berlino-il-programma-degli-eventi-dellenit\/eolie-news\/#breadcrumb"},"inLanguage":"it-IT","potentialAction":[{"@type":"ReadAction","target":["https:\/\/www.isoleolie.it\/eolie\/al-via-litb-a-berlino-il-programma-degli-eventi-dellenit\/eolie-news\/"]}]},{"@type":"ImageObject","inLanguage":"it-IT","@id":"https:\/\/www.isoleolie.it\/eolie\/al-via-litb-a-berlino-il-programma-degli-eventi-dellenit\/eolie-news\/#primaryimage","url":"https:\/\/www.isoleolie.it\/eolie\/wp-content\/uploads\/2025\/03\/IMG_20250304_1041401.jpg","contentUrl":"https:\/\/www.isoleolie.it\/eolie\/wp-content\/uploads\/2025\/03\/IMG_20250304_1041401.jpg","width":1431,"height":1073,"caption":"Itb a Berlino 2025"},{"@type":"BreadcrumbList","@id":"https:\/\/www.isoleolie.it\/eolie\/al-via-litb-a-berlino-il-programma-degli-eventi-dellenit\/eolie-news\/#breadcrumb","itemListElement":[{"@type":"ListItem","position":1,"name":"Home","item":"https:\/\/www.isoleolie.it\/eolie\/"},{"@type":"ListItem","position":2,"name":"Al via l\u2019Itb a Berlino: il programma degli eventi dell\u2019Enit"}]},{"@type":"WebSite","@id":"https:\/\/www.isoleolie.it\/eolie\/#website","url":"https:\/\/www.isoleolie.it\/eolie\/","name":"ISOLE EOLIE Turismo e Vacanze alle Isole Eolie Hotel B&B Residence Case Vacanza","description":"The first and official tourism site for the Aeolian Islands","publisher":{"@id":"https:\/\/www.isoleolie.it\/eolie\/#organization"},"potentialAction":[{"@type":"SearchAction","target":{"@type":"EntryPoint","urlTemplate":"https:\/\/www.isoleolie.it\/eolie\/?s={search_term_string}"},"query-input":{"@type":"PropertyValueSpecification","valueRequired":true,"valueName":"search_term_string"}}],"inLanguage":"it-IT"},{"@type":"Organization","@id":"https:\/\/www.isoleolie.it\/eolie\/#organization","name":"ISOLE EOLIE","url":"https:\/\/www.isoleolie.it\/eolie\/","logo":{"@type":"ImageObject","inLanguage":"it-IT","@id":"https:\/\/www.isoleolie.it\/eolie\/#\/schema\/logo\/image\/","url":"https:\/\/www.isoleolie.it\/eolie\/wp-content\/uploads\/2024\/11\/oMv8p0-4_400x400.jpg","contentUrl":"https:\/\/www.isoleolie.it\/eolie\/wp-content\/uploads\/2024\/11\/oMv8p0-4_400x400.jpg","width":400,"height":400,"caption":"ISOLE EOLIE"},"image":{"@id":"https:\/\/www.isoleolie.it\/eolie\/#\/schema\/logo\/image\/"}},{"@type":"Person","@id":"https:\/\/www.isoleolie.it\/eolie\/#\/schema\/person\/4c400db26884d9f212712636db6c1746","name":"Tourism Manager","image":{"@type":"ImageObject","inLanguage":"it-IT","@id":"https:\/\/secure.gravatar.com\/avatar\/3446a46a5f1bdb4055f313474780b529660445bd2d0364f2472d83fd63ed9bbc?s=96&d=mm&r=g","url":"https:\/\/secure.gravatar.com\/avatar\/3446a46a5f1bdb4055f313474780b529660445bd2d0364f2472d83fd63ed9bbc?s=96&d=mm&r=g","contentUrl":"https:\/\/secure.gravatar.com\/avatar\/3446a46a5f1bdb4055f313474780b529660445bd2d0364f2472d83fd63ed9bbc?s=96&d=mm&r=g","caption":"Tourism Manager"},"description":"Che cos'\u00e8 un manager del turismo? Tecnicamente, un manager del turismo \u00e8 un nome dato a qualsiasi professionista della gestione che lavora in un'azienda collegata all'industria del turismo. Ci\u00f2 include i direttori generali, che si assumono la responsabilit\u00e0 generale di garantire che le operazioni quotidiane si svolgano senza intoppi, ma includono anche i singoli responsabili di reparto all'interno delle aziende. Il ruolo di manager del turismo implica la supervisione delle operazioni all'interno di un'impresa o organizzazione turistica. \u00c8 una posizione di alto livello, che richiede una comprensione approfondita dei concetti di gestione e dell'industria nel suo insieme.","sameAs":["https:\/\/www.isoleolie.it\/"],"url":"https:\/\/www.isoleolie.it\/eolie\/author\/isoleolie_2\/"}]}},"_links":{"self":[{"href":"https:\/\/www.isoleolie.it\/eolie\/wp-json\/wp\/v2\/posts\/2016","targetHints":{"allow":["GET"]}}],"collection":[{"href":"https:\/\/www.isoleolie.it\/eolie\/wp-json\/wp\/v2\/posts"}],"about":[{"href":"https:\/\/www.isoleolie.it\/eolie\/wp-json\/wp\/v2\/types\/post"}],"author":[{"embeddable":true,"href":"https:\/\/www.isoleolie.it\/eolie\/wp-json\/wp\/v2\/users\/1"}],"replies":[{"embeddable":true,"href":"https:\/\/www.isoleolie.it\/eolie\/wp-json\/wp\/v2\/comments?post=2016"}],"version-history":[{"count":1,"href":"https:\/\/www.isoleolie.it\/eolie\/wp-json\/wp\/v2\/posts\/2016\/revisions"}],"predecessor-version":[{"id":2018,"href":"https:\/\/www.isoleolie.it\/eolie\/wp-json\/wp\/v2\/posts\/2016\/revisions\/2018"}],"wp:featuredmedia":[{"embeddable":true,"href":"https:\/\/www.isoleolie.it\/eolie\/wp-json\/wp\/v2\/media\/2017"}],"wp:attachment":[{"href":"https:\/\/www.isoleolie.it\/eolie\/wp-json\/wp\/v2\/media?parent=2016"}],"wp:term":[{"taxonomy":"category","embeddable":true,"href":"https:\/\/www.isoleolie.it\/eolie\/wp-json\/wp\/v2\/categories?post=2016"},{"taxonomy":"post_tag","embeddable":true,"href":"https:\/\/www.isoleolie.it\/eolie\/wp-json\/wp\/v2\/tags?post=2016"}],"curies":[{"name":"wp","href":"https:\/\/api.w.org\/{rel}","templated":true}]}}