{"id":2008,"date":"2025-02-07T10:17:28","date_gmt":"2025-02-07T09:17:28","guid":{"rendered":"https:\/\/www.isoleolie.it\/eolie\/?p=2008"},"modified":"2025-09-01T22:22:47","modified_gmt":"2025-09-01T20:22:47","slug":"estate-2025-2-italiani-su-3-pronti-a-partire-in-estate-italia-prima-scelta","status":"publish","type":"post","link":"https:\/\/www.isoleolie.it\/eolie\/estate-2025-2-italiani-su-3-pronti-a-partire-in-estate-italia-prima-scelta\/eolie-news\/","title":{"rendered":"ESTATE 2025: 2 italiani su 3 pronti a partire in estate: Italia prima scelta"},"content":{"rendered":"<h1>Dopo le festivit\u00e0 di Natale, gli italiani pensano gi\u00e0 alle vacanze estive.<\/h1>\n<p><span style=\"font-size: 14pt;\">A programmarle sono 2 intervistati su 3 ma senza dimenticare i ponti primaverili, che saranno l\u2019occasione per viaggiare per pi\u00f9 di 1 italiano su 4. I prezzi sono determinanti per la scelta della meta cos\u00ec come per le modalit\u00e0 di pagamento adottate. In generale, gli italiani spendono in media circa 1.130\u20ac a persona, cifra che sale a quasi 1.900\u20ac per i viaggi extraeuropei. <\/span><\/p>\n<p><span style=\"font-size: 14pt;\">Per agevolare il budget, il 26% degli italiani prenderebbe in considerazione il Buy Now Pay Later (BNPL), quota che sale ulteriormente tra i viaggiatori che organizzano con anticipo la propria vacanza. Sono queste le principali evidenze del nuovo Osservatorio Compass\u00a0dedicato alle\u00a0previsioni per le vacanze 2025\u00a0e divulgato in occasione della\u00a0BIT 2025,\u00a0in programma a Milano dal 9 all\u201911 febbraio.<\/span><\/p>\n<p><span style=\"font-size: 14pt;\">Nel 2024, il 72% degli italiani si \u00e8 concesso una vacanza durante il periodo estivo, mentre una minoranza ha deciso di temporeggiare posticipando la partenza alla stagione invernale (23%). \u00c8 ancora presto per capire come varieranno le scelte in tema di viaggi nel 2025, ma una cosa \u00e8 certa: gli italiani non amano la monotonia. La met\u00e0 del campione (47%) dichiara di variare meta di viaggio ogni anno. Solo il 15% torna sempre nei luoghi del cuore, mentre il restante 38% alterna l\u2019abitudine con la scelta di nuove mete. <\/span><\/p>\n<p><span style=\"font-size: 14pt;\">A prescindere dalla destinazione, l\u2019Osservatorio Compass stima che 2 italiani su 3 (65%) hanno gi\u00e0 in programma una vacanza nei prossimi mesi estivi. Particolarmente sfruttati dagli italiani per staccare la spina dalla quotidianit\u00e0 (28%) saranno anche i ponti tra Pasqua e 1\u00b0 maggio. <\/span><\/p>\n<p><span style=\"font-size: 14pt;\">La maggior parte delle persone pensa comunque alle proprie vacanze cercando di conciliare il proprio budget con la ricerca di novit\u00e0. Non sorprendono le differenze generazionali: per i Boomer \u00e8 importante trovare un luogo tranquillo e poco affollato, diversamente dagli esponenti della Gen Z per cui non conta tanto il posto quanto i compagni di viaggio.<\/span><\/p>\n<p><span style=\"font-size: 14pt;\">Il mare resta la meta pi\u00f9 ambita a tutte le et\u00e0: il 48% della popolazione ha infatti in programma di visitare una localit\u00e0 marittima la prossima estate. Nella Top 4 delle preferenze degli italiani seguono il viaggio itinerante (16%), la montagna (12%) e le citt\u00e0 d\u2019arte (7%), queste ultime particolarmente apprezzate dai pi\u00f9 giovani. I tour dedicati all\u2019arte sono comunque attrattivi per buona parte degli italiani, a giudicare dall\u2019intenzione, per il 71% degli intervistati, di intraprendere nei prossimi mesi un viaggio all\u2019insegna della cultura. <\/span><\/p>\n<p><span style=\"font-size: 14pt;\">Quanto alla\u00a0durata del soggiorno, la met\u00e0 di chi viaggia trascorrer\u00e0 una settimana fuori casa. Tuttavia, con il crescere dell\u2019et\u00e0 aumentano anche i giorni di permanenza della vacanza, specialmente per coloro che prevedono di raggiungere destinazioni a lungo raggio.<\/span><\/p>\n<p><span style=\"font-size: 14pt;\">La prenotazione anticipata permette spesso di risparmiare. A gennaio 2025 solo 1 persona su 10 ha gi\u00e0 prenotato, mentre la maggior parte degli italiani lo far\u00e0 nei prossimi mesi (74%). I giovani della Gen Z prenoteranno a ridosso (19%), o non prenoteranno affatto (8%). <\/span><br \/>\n<script async src=\"https:\/\/pagead2.googlesyndication.com\/pagead\/js\/adsbygoogle.js?client=ca-pub-0374348204273382\" crossorigin=\"anonymous\"><\/script><br \/>\n<ins class=\"adsbygoogle\" style=\"display: block; text-align: center;\" data-ad-layout=\"in-article\" data-ad-format=\"fluid\" data-ad-client=\"ca-pub-0374348204273382\" data-ad-slot=\"7701142189\"><\/ins><br \/>\n<script>\n     (adsbygoogle = window.adsbygoogle || []).push({});\n<\/script><\/p>\n<p><span style=\"font-size: 14pt;\">Per quanto riguarda le modalit\u00e0, circa il 65% delle persone prenoter\u00e0 in completa autonomia sfruttando i canali online, dato che aumenta progressivamente tra le generazioni pi\u00f9 giovani, arrivando al 79% per la Gen Z. Al contrario, le generazioni pi\u00f9 adulte si rivolgeranno ad agenzie viaggi e tour operator.<\/span><\/p>\n<p><span style=\"font-size: 14pt;\">In fase di prenotazione, i viaggiatori ambiscono ad assicurarsi la cancellazione gratuita last minute (56%) e lo sconto immediato del 10% (1 intervistato su 3). Questa soluzione \u00e8 preferita soprattutto da chi prevede viaggi avventura o verso destinazioni extra-europee.<\/span><\/p>\n<p><span style=\"font-size: 14pt;\">Il\u00a0budget medio stimato\u00a0per una vacanza di almeno 3-4 notti sar\u00e0 circa di\u00a01.130\u20ac a persona, cifra che tocca i 1.600\u20ac per soggiorni che superano le 8 notti e che sale a quasi 1.900\u20ac nei viaggi extra-europei. Rispetto al 2024, quasi 1 viaggiatore su 3 prevede di spendere di pi\u00f9 per gli spostamenti verso la destinazione e per l\u2019alloggio, anche se complessivamente quasi la met\u00e0 del campione manterr\u00e0 lo stesso budget.<\/span><\/p>\n<p><span style=\"font-size: 14pt;\">In alternativa al pagamento dell\u2019intero importo al momento della prenotazione, o della formula \u201cacconto e saldo\u201d concordato con la struttura ricettiva, nel settore del turismo prendono sempre pi\u00f9 piede soluzioni di pagamento alternative come il\u00a0Buy Now Pay Later (BNPL). Questa formula di dilazione \u00e8 ritenuta interessante dal\u00a026%\u00a0degli intervistati. <\/span><\/p>\n<p><span style=\"font-size: 14pt;\">Il BNPL raccoglie particolare apprezzamento tra chi organizza con anticipo le proprie vacanze: il 43% di chi ha gi\u00e0 prenotato lo ha infatti preso in considerazione, soprattutto nel caso di transazioni per importi elevati (ad esempio pacchetti esperienziali e all-inclusive).<\/span><\/p>\n<p><span style=\"font-size: 14pt;\">\u201cIl 2025 si prospetta come un anno cruciale per il settore del turismo, gi\u00e0 da anni in forte evoluzione \u2013\u00a0commenta\u00a0Luigi Pace, Direttore Centrale Marketing e Financial Partnership di Compass \u2013\u00a0Gli italiani pianificano con largo anticipo le proprie vacanze, esplorano nuove mete e cercano un alleato per avere maggiore flessibilit\u00e0 nei pagamenti e permettersi spese pi\u00f9 elevate. <\/span><\/p>\n<p><span style=\"font-size: 14pt;\">Per questo, con il Buy Now Pay Later, gli operatori del turismo possono rafforzare la loro offerta multicanale e soddisfare al meglio le esigenze dei viaggiatori. Lo dimostrano anche le testimonianze dei merchant che hanno gi\u00e0 scelto\u00a0HeyLight, la nostra piattaforma internazionale di BNPL, che riportano un aumento delle vendite e un consistente aumento del ticket medio\u201d.<\/span><\/p>\n","protected":false},"excerpt":{"rendered":"<p>Dopo le festivit\u00e0 di Natale, gli italiani pensano gi\u00e0 alle vacanze estive. A programmarle sono 2 intervistati su 3 ma senza dimenticare i ponti primaverili, che saranno l\u2019occasione per viaggiare per pi\u00f9 di 1 italiano su 4. I prezzi sono determinanti per la scelta della meta cos\u00ec come per le modalit\u00e0 di pagamento adottate. In [&hellip;]<\/p>\n","protected":false},"author":1,"featured_media":1533,"comment_status":"closed","ping_status":"closed","sticky":false,"template":"","format":"standard","meta":{"footnotes":""},"categories":[22],"tags":[],"class_list":["post-2008","post","type-post","status-publish","format-standard","has-post-thumbnail","hentry","category-eolie-news"],"yoast_head":"<!-- This site is optimized with the Yoast SEO plugin v27.5 - https:\/\/yoast.com\/product\/yoast-seo-wordpress\/ -->\r\n<title>ESTATE 2025: 2 italiani su 3 pronti a partire in estate: Italia prima scelta - ISOLE EOLIE Turismo e Vacanze Hotel B&amp;B Residence Case Vacanza<\/title>\r\n<meta name=\"robots\" content=\"index, follow, max-snippet:-1, max-image-preview:large, max-video-preview:-1\" \/>\r\n<link rel=\"canonical\" href=\"https:\/\/www.isoleolie.it\/eolie\/estate-2025-2-italiani-su-3-pronti-a-partire-in-estate-italia-prima-scelta\/eolie-news\/\" \/>\r\n<meta property=\"og:locale\" content=\"it_IT\" \/>\r\n<meta property=\"og:type\" content=\"article\" \/>\r\n<meta property=\"og:title\" content=\"ESTATE 2025: 2 italiani su 3 pronti a partire in estate: Italia prima scelta - ISOLE EOLIE Turismo e Vacanze Hotel B&amp;B Residence Case Vacanza\" \/>\r\n<meta property=\"og:description\" content=\"Dopo le festivit\u00e0 di Natale, gli italiani pensano gi\u00e0 alle vacanze estive. A programmarle sono 2 intervistati su 3 ma senza dimenticare i ponti primaverili, che saranno l\u2019occasione per viaggiare per pi\u00f9 di 1 italiano su 4. I prezzi sono determinanti per la scelta della meta cos\u00ec come per le modalit\u00e0 di pagamento adottate. In [&hellip;]\" \/>\r\n<meta property=\"og:url\" content=\"https:\/\/www.isoleolie.it\/eolie\/estate-2025-2-italiani-su-3-pronti-a-partire-in-estate-italia-prima-scelta\/eolie-news\/\" \/>\r\n<meta property=\"og:site_name\" content=\"ISOLE EOLIE Turismo e Vacanze Hotel B&amp;B Residence Case Vacanza\" \/>\r\n<meta property=\"article:published_time\" content=\"2025-02-07T09:17:28+00:00\" \/>\r\n<meta property=\"article:modified_time\" content=\"2025-09-01T20:22:47+00:00\" \/>\r\n<meta property=\"og:image\" content=\"https:\/\/www.isoleolie.it\/eolie\/wp-content\/uploads\/2023\/09\/estate-vacanze-610x3661-1.jpg\" \/>\r\n\t<meta property=\"og:image:width\" content=\"610\" \/>\r\n\t<meta property=\"og:image:height\" content=\"366\" \/>\r\n\t<meta property=\"og:image:type\" content=\"image\/jpeg\" \/>\r\n<meta name=\"author\" content=\"Tourism Manager\" \/>\r\n<meta name=\"twitter:card\" content=\"summary_large_image\" \/>\r\n<meta name=\"twitter:label1\" content=\"Scritto da\" \/>\n\t<meta name=\"twitter:data1\" content=\"Tourism Manager\" \/>\n\t<meta name=\"twitter:label2\" content=\"Tempo di lettura stimato\" \/>\n\t<meta name=\"twitter:data2\" content=\"5 minuti\" \/>\r\n<script type=\"application\/ld+json\" class=\"yoast-schema-graph\">{\"@context\":\"https:\\\/\\\/schema.org\",\"@graph\":[{\"@type\":\"Article\",\"@id\":\"https:\\\/\\\/www.isoleolie.it\\\/eolie\\\/estate-2025-2-italiani-su-3-pronti-a-partire-in-estate-italia-prima-scelta\\\/eolie-news\\\/#article\",\"isPartOf\":{\"@id\":\"https:\\\/\\\/www.isoleolie.it\\\/eolie\\\/estate-2025-2-italiani-su-3-pronti-a-partire-in-estate-italia-prima-scelta\\\/eolie-news\\\/\"},\"author\":{\"name\":\"Tourism Manager\",\"@id\":\"https:\\\/\\\/www.isoleolie.it\\\/eolie\\\/#\\\/schema\\\/person\\\/4c400db26884d9f212712636db6c1746\"},\"headline\":\"ESTATE 2025: 2 italiani su 3 pronti a partire in estate: Italia prima scelta\",\"datePublished\":\"2025-02-07T09:17:28+00:00\",\"dateModified\":\"2025-09-01T20:22:47+00:00\",\"mainEntityOfPage\":{\"@id\":\"https:\\\/\\\/www.isoleolie.it\\\/eolie\\\/estate-2025-2-italiani-su-3-pronti-a-partire-in-estate-italia-prima-scelta\\\/eolie-news\\\/\"},\"wordCount\":821,\"publisher\":{\"@id\":\"https:\\\/\\\/www.isoleolie.it\\\/eolie\\\/#organization\"},\"image\":{\"@id\":\"https:\\\/\\\/www.isoleolie.it\\\/eolie\\\/estate-2025-2-italiani-su-3-pronti-a-partire-in-estate-italia-prima-scelta\\\/eolie-news\\\/#primaryimage\"},\"thumbnailUrl\":\"https:\\\/\\\/www.isoleolie.it\\\/eolie\\\/wp-content\\\/uploads\\\/2023\\\/09\\\/estate-vacanze-610x3661-1.jpg\",\"articleSection\":[\"NEWS\"],\"inLanguage\":\"it-IT\"},{\"@type\":\"WebPage\",\"@id\":\"https:\\\/\\\/www.isoleolie.it\\\/eolie\\\/estate-2025-2-italiani-su-3-pronti-a-partire-in-estate-italia-prima-scelta\\\/eolie-news\\\/\",\"url\":\"https:\\\/\\\/www.isoleolie.it\\\/eolie\\\/estate-2025-2-italiani-su-3-pronti-a-partire-in-estate-italia-prima-scelta\\\/eolie-news\\\/\",\"name\":\"ESTATE 2025: 2 italiani su 3 pronti a partire in estate: Italia prima scelta - ISOLE EOLIE Turismo e Vacanze Hotel B&amp;B Residence Case Vacanza\",\"isPartOf\":{\"@id\":\"https:\\\/\\\/www.isoleolie.it\\\/eolie\\\/#website\"},\"primaryImageOfPage\":{\"@id\":\"https:\\\/\\\/www.isoleolie.it\\\/eolie\\\/estate-2025-2-italiani-su-3-pronti-a-partire-in-estate-italia-prima-scelta\\\/eolie-news\\\/#primaryimage\"},\"image\":{\"@id\":\"https:\\\/\\\/www.isoleolie.it\\\/eolie\\\/estate-2025-2-italiani-su-3-pronti-a-partire-in-estate-italia-prima-scelta\\\/eolie-news\\\/#primaryimage\"},\"thumbnailUrl\":\"https:\\\/\\\/www.isoleolie.it\\\/eolie\\\/wp-content\\\/uploads\\\/2023\\\/09\\\/estate-vacanze-610x3661-1.jpg\",\"datePublished\":\"2025-02-07T09:17:28+00:00\",\"dateModified\":\"2025-09-01T20:22:47+00:00\",\"breadcrumb\":{\"@id\":\"https:\\\/\\\/www.isoleolie.it\\\/eolie\\\/estate-2025-2-italiani-su-3-pronti-a-partire-in-estate-italia-prima-scelta\\\/eolie-news\\\/#breadcrumb\"},\"inLanguage\":\"it-IT\",\"potentialAction\":[{\"@type\":\"ReadAction\",\"target\":[\"https:\\\/\\\/www.isoleolie.it\\\/eolie\\\/estate-2025-2-italiani-su-3-pronti-a-partire-in-estate-italia-prima-scelta\\\/eolie-news\\\/\"]}]},{\"@type\":\"ImageObject\",\"inLanguage\":\"it-IT\",\"@id\":\"https:\\\/\\\/www.isoleolie.it\\\/eolie\\\/estate-2025-2-italiani-su-3-pronti-a-partire-in-estate-italia-prima-scelta\\\/eolie-news\\\/#primaryimage\",\"url\":\"https:\\\/\\\/www.isoleolie.it\\\/eolie\\\/wp-content\\\/uploads\\\/2023\\\/09\\\/estate-vacanze-610x3661-1.jpg\",\"contentUrl\":\"https:\\\/\\\/www.isoleolie.it\\\/eolie\\\/wp-content\\\/uploads\\\/2023\\\/09\\\/estate-vacanze-610x3661-1.jpg\",\"width\":610,\"height\":366},{\"@type\":\"BreadcrumbList\",\"@id\":\"https:\\\/\\\/www.isoleolie.it\\\/eolie\\\/estate-2025-2-italiani-su-3-pronti-a-partire-in-estate-italia-prima-scelta\\\/eolie-news\\\/#breadcrumb\",\"itemListElement\":[{\"@type\":\"ListItem\",\"position\":1,\"name\":\"Home\",\"item\":\"https:\\\/\\\/www.isoleolie.it\\\/eolie\\\/\"},{\"@type\":\"ListItem\",\"position\":2,\"name\":\"ESTATE 2025: 2 italiani su 3 pronti a partire in estate: Italia prima scelta\"}]},{\"@type\":\"WebSite\",\"@id\":\"https:\\\/\\\/www.isoleolie.it\\\/eolie\\\/#website\",\"url\":\"https:\\\/\\\/www.isoleolie.it\\\/eolie\\\/\",\"name\":\"ISOLE EOLIE Turismo e Vacanze alle Isole Eolie Hotel B&B Residence Case Vacanza\",\"description\":\"The first and official tourism site for the Aeolian Islands\",\"publisher\":{\"@id\":\"https:\\\/\\\/www.isoleolie.it\\\/eolie\\\/#organization\"},\"potentialAction\":[{\"@type\":\"SearchAction\",\"target\":{\"@type\":\"EntryPoint\",\"urlTemplate\":\"https:\\\/\\\/www.isoleolie.it\\\/eolie\\\/?s={search_term_string}\"},\"query-input\":{\"@type\":\"PropertyValueSpecification\",\"valueRequired\":true,\"valueName\":\"search_term_string\"}}],\"inLanguage\":\"it-IT\"},{\"@type\":\"Organization\",\"@id\":\"https:\\\/\\\/www.isoleolie.it\\\/eolie\\\/#organization\",\"name\":\"ISOLE EOLIE\",\"url\":\"https:\\\/\\\/www.isoleolie.it\\\/eolie\\\/\",\"logo\":{\"@type\":\"ImageObject\",\"inLanguage\":\"it-IT\",\"@id\":\"https:\\\/\\\/www.isoleolie.it\\\/eolie\\\/#\\\/schema\\\/logo\\\/image\\\/\",\"url\":\"https:\\\/\\\/www.isoleolie.it\\\/eolie\\\/wp-content\\\/uploads\\\/2024\\\/11\\\/oMv8p0-4_400x400.jpg\",\"contentUrl\":\"https:\\\/\\\/www.isoleolie.it\\\/eolie\\\/wp-content\\\/uploads\\\/2024\\\/11\\\/oMv8p0-4_400x400.jpg\",\"width\":400,\"height\":400,\"caption\":\"ISOLE EOLIE\"},\"image\":{\"@id\":\"https:\\\/\\\/www.isoleolie.it\\\/eolie\\\/#\\\/schema\\\/logo\\\/image\\\/\"}},{\"@type\":\"Person\",\"@id\":\"https:\\\/\\\/www.isoleolie.it\\\/eolie\\\/#\\\/schema\\\/person\\\/4c400db26884d9f212712636db6c1746\",\"name\":\"Tourism Manager\",\"image\":{\"@type\":\"ImageObject\",\"inLanguage\":\"it-IT\",\"@id\":\"https:\\\/\\\/secure.gravatar.com\\\/avatar\\\/3446a46a5f1bdb4055f313474780b529660445bd2d0364f2472d83fd63ed9bbc?s=96&d=mm&r=g\",\"url\":\"https:\\\/\\\/secure.gravatar.com\\\/avatar\\\/3446a46a5f1bdb4055f313474780b529660445bd2d0364f2472d83fd63ed9bbc?s=96&d=mm&r=g\",\"contentUrl\":\"https:\\\/\\\/secure.gravatar.com\\\/avatar\\\/3446a46a5f1bdb4055f313474780b529660445bd2d0364f2472d83fd63ed9bbc?s=96&d=mm&r=g\",\"caption\":\"Tourism Manager\"},\"description\":\"Che cos'\u00e8 un manager del turismo? Tecnicamente, un manager del turismo \u00e8 un nome dato a qualsiasi professionista della gestione che lavora in un'azienda collegata all'industria del turismo. Ci\u00f2 include i direttori generali, che si assumono la responsabilit\u00e0 generale di garantire che le operazioni quotidiane si svolgano senza intoppi, ma includono anche i singoli responsabili di reparto all'interno delle aziende. Il ruolo di manager del turismo implica la supervisione delle operazioni all'interno di un'impresa o organizzazione turistica. \u00c8 una posizione di alto livello, che richiede una comprensione approfondita dei concetti di gestione e dell'industria nel suo insieme.\",\"sameAs\":[\"https:\\\/\\\/www.isoleolie.it\\\/\"],\"url\":\"https:\\\/\\\/www.isoleolie.it\\\/eolie\\\/author\\\/isoleolie_2\\\/\"}]}<\/script>\r\n<!-- \/ Yoast SEO plugin. -->","yoast_head_json":{"title":"ESTATE 2025: 2 italiani su 3 pronti a partire in estate: Italia prima scelta - ISOLE EOLIE Turismo e Vacanze Hotel B&amp;B Residence Case Vacanza","robots":{"index":"index","follow":"follow","max-snippet":"max-snippet:-1","max-image-preview":"max-image-preview:large","max-video-preview":"max-video-preview:-1"},"canonical":"https:\/\/www.isoleolie.it\/eolie\/estate-2025-2-italiani-su-3-pronti-a-partire-in-estate-italia-prima-scelta\/eolie-news\/","og_locale":"it_IT","og_type":"article","og_title":"ESTATE 2025: 2 italiani su 3 pronti a partire in estate: Italia prima scelta - ISOLE EOLIE Turismo e Vacanze Hotel B&amp;B Residence Case Vacanza","og_description":"Dopo le festivit\u00e0 di Natale, gli italiani pensano gi\u00e0 alle vacanze estive. A programmarle sono 2 intervistati su 3 ma senza dimenticare i ponti primaverili, che saranno l\u2019occasione per viaggiare per pi\u00f9 di 1 italiano su 4. I prezzi sono determinanti per la scelta della meta cos\u00ec come per le modalit\u00e0 di pagamento adottate. In [&hellip;]","og_url":"https:\/\/www.isoleolie.it\/eolie\/estate-2025-2-italiani-su-3-pronti-a-partire-in-estate-italia-prima-scelta\/eolie-news\/","og_site_name":"ISOLE EOLIE Turismo e Vacanze Hotel B&amp;B Residence Case Vacanza","article_published_time":"2025-02-07T09:17:28+00:00","article_modified_time":"2025-09-01T20:22:47+00:00","og_image":[{"width":610,"height":366,"url":"https:\/\/www.isoleolie.it\/eolie\/wp-content\/uploads\/2023\/09\/estate-vacanze-610x3661-1.jpg","type":"image\/jpeg"}],"author":"Tourism Manager","twitter_card":"summary_large_image","twitter_misc":{"Scritto da":"Tourism Manager","Tempo di lettura stimato":"5 minuti"},"schema":{"@context":"https:\/\/schema.org","@graph":[{"@type":"Article","@id":"https:\/\/www.isoleolie.it\/eolie\/estate-2025-2-italiani-su-3-pronti-a-partire-in-estate-italia-prima-scelta\/eolie-news\/#article","isPartOf":{"@id":"https:\/\/www.isoleolie.it\/eolie\/estate-2025-2-italiani-su-3-pronti-a-partire-in-estate-italia-prima-scelta\/eolie-news\/"},"author":{"name":"Tourism Manager","@id":"https:\/\/www.isoleolie.it\/eolie\/#\/schema\/person\/4c400db26884d9f212712636db6c1746"},"headline":"ESTATE 2025: 2 italiani su 3 pronti a partire in estate: Italia prima scelta","datePublished":"2025-02-07T09:17:28+00:00","dateModified":"2025-09-01T20:22:47+00:00","mainEntityOfPage":{"@id":"https:\/\/www.isoleolie.it\/eolie\/estate-2025-2-italiani-su-3-pronti-a-partire-in-estate-italia-prima-scelta\/eolie-news\/"},"wordCount":821,"publisher":{"@id":"https:\/\/www.isoleolie.it\/eolie\/#organization"},"image":{"@id":"https:\/\/www.isoleolie.it\/eolie\/estate-2025-2-italiani-su-3-pronti-a-partire-in-estate-italia-prima-scelta\/eolie-news\/#primaryimage"},"thumbnailUrl":"https:\/\/www.isoleolie.it\/eolie\/wp-content\/uploads\/2023\/09\/estate-vacanze-610x3661-1.jpg","articleSection":["NEWS"],"inLanguage":"it-IT"},{"@type":"WebPage","@id":"https:\/\/www.isoleolie.it\/eolie\/estate-2025-2-italiani-su-3-pronti-a-partire-in-estate-italia-prima-scelta\/eolie-news\/","url":"https:\/\/www.isoleolie.it\/eolie\/estate-2025-2-italiani-su-3-pronti-a-partire-in-estate-italia-prima-scelta\/eolie-news\/","name":"ESTATE 2025: 2 italiani su 3 pronti a partire in estate: Italia prima scelta - ISOLE EOLIE Turismo e Vacanze Hotel B&amp;B Residence Case Vacanza","isPartOf":{"@id":"https:\/\/www.isoleolie.it\/eolie\/#website"},"primaryImageOfPage":{"@id":"https:\/\/www.isoleolie.it\/eolie\/estate-2025-2-italiani-su-3-pronti-a-partire-in-estate-italia-prima-scelta\/eolie-news\/#primaryimage"},"image":{"@id":"https:\/\/www.isoleolie.it\/eolie\/estate-2025-2-italiani-su-3-pronti-a-partire-in-estate-italia-prima-scelta\/eolie-news\/#primaryimage"},"thumbnailUrl":"https:\/\/www.isoleolie.it\/eolie\/wp-content\/uploads\/2023\/09\/estate-vacanze-610x3661-1.jpg","datePublished":"2025-02-07T09:17:28+00:00","dateModified":"2025-09-01T20:22:47+00:00","breadcrumb":{"@id":"https:\/\/www.isoleolie.it\/eolie\/estate-2025-2-italiani-su-3-pronti-a-partire-in-estate-italia-prima-scelta\/eolie-news\/#breadcrumb"},"inLanguage":"it-IT","potentialAction":[{"@type":"ReadAction","target":["https:\/\/www.isoleolie.it\/eolie\/estate-2025-2-italiani-su-3-pronti-a-partire-in-estate-italia-prima-scelta\/eolie-news\/"]}]},{"@type":"ImageObject","inLanguage":"it-IT","@id":"https:\/\/www.isoleolie.it\/eolie\/estate-2025-2-italiani-su-3-pronti-a-partire-in-estate-italia-prima-scelta\/eolie-news\/#primaryimage","url":"https:\/\/www.isoleolie.it\/eolie\/wp-content\/uploads\/2023\/09\/estate-vacanze-610x3661-1.jpg","contentUrl":"https:\/\/www.isoleolie.it\/eolie\/wp-content\/uploads\/2023\/09\/estate-vacanze-610x3661-1.jpg","width":610,"height":366},{"@type":"BreadcrumbList","@id":"https:\/\/www.isoleolie.it\/eolie\/estate-2025-2-italiani-su-3-pronti-a-partire-in-estate-italia-prima-scelta\/eolie-news\/#breadcrumb","itemListElement":[{"@type":"ListItem","position":1,"name":"Home","item":"https:\/\/www.isoleolie.it\/eolie\/"},{"@type":"ListItem","position":2,"name":"ESTATE 2025: 2 italiani su 3 pronti a partire in estate: Italia prima scelta"}]},{"@type":"WebSite","@id":"https:\/\/www.isoleolie.it\/eolie\/#website","url":"https:\/\/www.isoleolie.it\/eolie\/","name":"ISOLE EOLIE Turismo e Vacanze alle Isole Eolie Hotel B&B Residence Case Vacanza","description":"The first and official tourism site for the Aeolian Islands","publisher":{"@id":"https:\/\/www.isoleolie.it\/eolie\/#organization"},"potentialAction":[{"@type":"SearchAction","target":{"@type":"EntryPoint","urlTemplate":"https:\/\/www.isoleolie.it\/eolie\/?s={search_term_string}"},"query-input":{"@type":"PropertyValueSpecification","valueRequired":true,"valueName":"search_term_string"}}],"inLanguage":"it-IT"},{"@type":"Organization","@id":"https:\/\/www.isoleolie.it\/eolie\/#organization","name":"ISOLE EOLIE","url":"https:\/\/www.isoleolie.it\/eolie\/","logo":{"@type":"ImageObject","inLanguage":"it-IT","@id":"https:\/\/www.isoleolie.it\/eolie\/#\/schema\/logo\/image\/","url":"https:\/\/www.isoleolie.it\/eolie\/wp-content\/uploads\/2024\/11\/oMv8p0-4_400x400.jpg","contentUrl":"https:\/\/www.isoleolie.it\/eolie\/wp-content\/uploads\/2024\/11\/oMv8p0-4_400x400.jpg","width":400,"height":400,"caption":"ISOLE EOLIE"},"image":{"@id":"https:\/\/www.isoleolie.it\/eolie\/#\/schema\/logo\/image\/"}},{"@type":"Person","@id":"https:\/\/www.isoleolie.it\/eolie\/#\/schema\/person\/4c400db26884d9f212712636db6c1746","name":"Tourism Manager","image":{"@type":"ImageObject","inLanguage":"it-IT","@id":"https:\/\/secure.gravatar.com\/avatar\/3446a46a5f1bdb4055f313474780b529660445bd2d0364f2472d83fd63ed9bbc?s=96&d=mm&r=g","url":"https:\/\/secure.gravatar.com\/avatar\/3446a46a5f1bdb4055f313474780b529660445bd2d0364f2472d83fd63ed9bbc?s=96&d=mm&r=g","contentUrl":"https:\/\/secure.gravatar.com\/avatar\/3446a46a5f1bdb4055f313474780b529660445bd2d0364f2472d83fd63ed9bbc?s=96&d=mm&r=g","caption":"Tourism Manager"},"description":"Che cos'\u00e8 un manager del turismo? Tecnicamente, un manager del turismo \u00e8 un nome dato a qualsiasi professionista della gestione che lavora in un'azienda collegata all'industria del turismo. Ci\u00f2 include i direttori generali, che si assumono la responsabilit\u00e0 generale di garantire che le operazioni quotidiane si svolgano senza intoppi, ma includono anche i singoli responsabili di reparto all'interno delle aziende. Il ruolo di manager del turismo implica la supervisione delle operazioni all'interno di un'impresa o organizzazione turistica. \u00c8 una posizione di alto livello, che richiede una comprensione approfondita dei concetti di gestione e dell'industria nel suo insieme.","sameAs":["https:\/\/www.isoleolie.it\/"],"url":"https:\/\/www.isoleolie.it\/eolie\/author\/isoleolie_2\/"}]}},"_links":{"self":[{"href":"https:\/\/www.isoleolie.it\/eolie\/wp-json\/wp\/v2\/posts\/2008","targetHints":{"allow":["GET"]}}],"collection":[{"href":"https:\/\/www.isoleolie.it\/eolie\/wp-json\/wp\/v2\/posts"}],"about":[{"href":"https:\/\/www.isoleolie.it\/eolie\/wp-json\/wp\/v2\/types\/post"}],"author":[{"embeddable":true,"href":"https:\/\/www.isoleolie.it\/eolie\/wp-json\/wp\/v2\/users\/1"}],"replies":[{"embeddable":true,"href":"https:\/\/www.isoleolie.it\/eolie\/wp-json\/wp\/v2\/comments?post=2008"}],"version-history":[{"count":1,"href":"https:\/\/www.isoleolie.it\/eolie\/wp-json\/wp\/v2\/posts\/2008\/revisions"}],"predecessor-version":[{"id":2009,"href":"https:\/\/www.isoleolie.it\/eolie\/wp-json\/wp\/v2\/posts\/2008\/revisions\/2009"}],"wp:featuredmedia":[{"embeddable":true,"href":"https:\/\/www.isoleolie.it\/eolie\/wp-json\/wp\/v2\/media\/1533"}],"wp:attachment":[{"href":"https:\/\/www.isoleolie.it\/eolie\/wp-json\/wp\/v2\/media?parent=2008"}],"wp:term":[{"taxonomy":"category","embeddable":true,"href":"https:\/\/www.isoleolie.it\/eolie\/wp-json\/wp\/v2\/categories?post=2008"},{"taxonomy":"post_tag","embeddable":true,"href":"https:\/\/www.isoleolie.it\/eolie\/wp-json\/wp\/v2\/tags?post=2008"}],"curies":[{"name":"wp","href":"https:\/\/api.w.org\/{rel}","templated":true}]}}