{"id":2005,"date":"2025-02-07T10:00:30","date_gmt":"2025-02-07T09:00:30","guid":{"rendered":"https:\/\/www.isoleolie.it\/eolie\/?p=2005"},"modified":"2025-02-07T10:00:30","modified_gmt":"2025-02-07T09:00:30","slug":"bit-milano-2025-la-sicilia-punta-sullallungamento-delle-stagionalita","status":"publish","type":"post","link":"https:\/\/www.isoleolie.it\/eolie\/bit-milano-2025-la-sicilia-punta-sullallungamento-delle-stagionalita\/eolie-news\/","title":{"rendered":"BIT MILANO 2025: La Sicilia punta sull\u2019allungamento delle stagionalit\u00e0"},"content":{"rendered":"<h2>Anche quest\u2019anno la Regione Siciliana torna a Milano partecipando a BIT 2025 con uno stand che si ispira ai colori del mare di 1.100 metri quadrati, animato da un interessante programma di talk e presentazioni che si andranno ad alternare sul grande palco dedicato al suo interno.<\/h2>\n<p><span style=\"font-size: 14pt;\">Luned\u00ec 10 febbraio alle 11.30 \u00e8 in programma la conferenza stampa a cui interverranno il presidente della Regione Siciliana, Renato Schifani e\u00a0l\u2019assessore del Turismo, Sport e Spettacolo, Elvira Amata per raccontare una Regione in continua evoluzione, che punta strategicamente alla diversificazione dell\u2019offerta turistica, all\u2019allungamento della stagione turistica attraverso la valorizzazione del patrimonio culturale, artistico, enogastronomico e delle tradizioni locali.<\/span><br \/>\n<script async src=\"https:\/\/pagead2.googlesyndication.com\/pagead\/js\/adsbygoogle.js?client=ca-pub-0374348204273382\" crossorigin=\"anonymous\"><\/script><br \/>\n<ins class=\"adsbygoogle\" style=\"display: block; text-align: center;\" data-ad-layout=\"in-article\" data-ad-format=\"fluid\" data-ad-client=\"ca-pub-0374348204273382\" data-ad-slot=\"7701142189\"><\/ins><br \/>\n<script>\n     (adsbygoogle = window.adsbygoogle || []).push({});\n<\/script><br \/>\n<span style=\"font-size: 14pt;\">La destinazione continua a crescere e a guardare ai mercati internazionali. Saranno illustrati, nel corso della conferenza stampa, i dati provvisori del 2024 che mostrano incrementi significativi nelle presenze turistiche, specie per quel che riguarda il comparto extralberghiero e la componente straniera che fanno rilevare incrementi a due cifre.<\/span><\/p>\n<p><span style=\"font-size: 14pt;\">L\u2019obiettivo della destagionalizzazione sta dando risultati che si consolidano sempre pi\u00f9 rispetto al passato, anche sotto il profilo dell\u2019andamento delle presenze turistiche nei mesi non estivi grazie ad eventi ormai stabili, come il Sicilia Jazz Festival, la Coppa degli Assi, Belliniana, la Settimana di Musica Sacra e i Treni Storici, che attraggono numerosi visitatori nei periodi di bassa stagione.<\/span><\/p>\n<p><span style=\"font-size: 14pt;\">Il 2025 si preannuncia, peraltro, ricco di opportunit\u00e0 anche grazie al riconoscimento di Agrigento Capitale italiana della Cultura che rappresenta indubbiamente un ulteriore attrattore turistico.<\/span><\/p>\n<p><span style=\"font-size: 14pt;\">Anche per il 2025, la Regione ha gi\u00e0 predisposto un calendario ricco di eventi che spazia da manifestazioni artistico-culturali a rassegne gastronomiche, cinematografiche ed altro.<\/span><\/p>\n<p><span style=\"font-size: 14pt;\">Sempre in tema di destagionalizzazione dei flussi turistici, saranno presentate le iniziative dell\u2019assessorato relative ad un progetto che innova rispetto al passato, denominato \u201cSicilia d\u2019Inverno\u201d grazie al quale gli operatori dell\u2019incoming turistico avranno l\u2019opportunit\u00e0 di proporre e veicolare i propri pacchetti turistici, cos\u00ec come le offerte di viaggio e le proposte di turismo esperienziale, attraverso il sito ufficiale visitsicily.info, le attivit\u00e0 di promozione svolte in occasione di Borse, Fiere di settore ed altro.<\/span><\/p>\n","protected":false},"excerpt":{"rendered":"<p>Anche quest\u2019anno la Regione Siciliana torna a Milano partecipando a BIT 2025 con uno stand che si ispira ai colori del mare di 1.100 metri quadrati, animato da un interessante programma di talk e presentazioni che si andranno ad alternare sul grande palco dedicato al suo interno. Luned\u00ec 10 febbraio alle 11.30 \u00e8 in programma [&hellip;]<\/p>\n","protected":false},"author":1,"featured_media":2006,"comment_status":"closed","ping_status":"closed","sticky":false,"template":"","format":"standard","meta":{"footnotes":""},"categories":[22,62],"tags":[],"class_list":["post-2005","post","type-post","status-publish","format-standard","has-post-thumbnail","hentry","category-eolie-news","category-turismo"],"yoast_head":"<!-- This site is optimized with the Yoast SEO plugin v27.5 - https:\/\/yoast.com\/product\/yoast-seo-wordpress\/ -->\r\n<title>BIT MILANO 2025: La Sicilia punta sull\u2019allungamento delle stagionalit\u00e0 - ISOLE EOLIE Turismo e Vacanze Hotel B&amp;B Residence Case Vacanza<\/title>\r\n<meta name=\"robots\" content=\"index, follow, max-snippet:-1, max-image-preview:large, max-video-preview:-1\" \/>\r\n<link rel=\"canonical\" href=\"https:\/\/www.isoleolie.it\/eolie\/bit-milano-2025-la-sicilia-punta-sullallungamento-delle-stagionalita\/eolie-news\/\" \/>\r\n<meta property=\"og:locale\" content=\"it_IT\" \/>\r\n<meta property=\"og:type\" content=\"article\" \/>\r\n<meta property=\"og:title\" content=\"BIT MILANO 2025: La Sicilia punta sull\u2019allungamento delle stagionalit\u00e0 - ISOLE EOLIE Turismo e Vacanze Hotel B&amp;B Residence Case Vacanza\" \/>\r\n<meta property=\"og:description\" content=\"Anche quest\u2019anno la Regione Siciliana torna a Milano partecipando a BIT 2025 con uno stand che si ispira ai colori del mare di 1.100 metri quadrati, animato da un interessante programma di talk e presentazioni che si andranno ad alternare sul grande palco dedicato al suo interno. Luned\u00ec 10 febbraio alle 11.30 \u00e8 in programma [&hellip;]\" \/>\r\n<meta property=\"og:url\" content=\"https:\/\/www.isoleolie.it\/eolie\/bit-milano-2025-la-sicilia-punta-sullallungamento-delle-stagionalita\/eolie-news\/\" \/>\r\n<meta property=\"og:site_name\" content=\"ISOLE EOLIE Turismo e Vacanze Hotel B&amp;B Residence Case Vacanza\" \/>\r\n<meta property=\"article:published_time\" content=\"2025-02-07T09:00:30+00:00\" \/>\r\n<meta property=\"og:image\" content=\"https:\/\/www.isoleolie.it\/eolie\/wp-content\/uploads\/2025\/02\/Bit-Milano.jpg\" \/>\r\n\t<meta property=\"og:image:width\" content=\"573\" \/>\r\n\t<meta property=\"og:image:height\" content=\"377\" \/>\r\n\t<meta property=\"og:image:type\" content=\"image\/jpeg\" \/>\r\n<meta name=\"author\" content=\"Tourism Manager\" \/>\r\n<meta name=\"twitter:card\" content=\"summary_large_image\" \/>\r\n<meta name=\"twitter:label1\" content=\"Scritto da\" \/>\n\t<meta name=\"twitter:data1\" content=\"Tourism Manager\" \/>\n\t<meta name=\"twitter:label2\" content=\"Tempo di lettura stimato\" \/>\n\t<meta name=\"twitter:data2\" content=\"2 minuti\" \/>\r\n<script type=\"application\/ld+json\" class=\"yoast-schema-graph\">{\"@context\":\"https:\\\/\\\/schema.org\",\"@graph\":[{\"@type\":\"Article\",\"@id\":\"https:\\\/\\\/www.isoleolie.it\\\/eolie\\\/bit-milano-2025-la-sicilia-punta-sullallungamento-delle-stagionalita\\\/eolie-news\\\/#article\",\"isPartOf\":{\"@id\":\"https:\\\/\\\/www.isoleolie.it\\\/eolie\\\/bit-milano-2025-la-sicilia-punta-sullallungamento-delle-stagionalita\\\/eolie-news\\\/\"},\"author\":{\"name\":\"Tourism Manager\",\"@id\":\"https:\\\/\\\/www.isoleolie.it\\\/eolie\\\/#\\\/schema\\\/person\\\/4c400db26884d9f212712636db6c1746\"},\"headline\":\"BIT MILANO 2025: La Sicilia punta sull\u2019allungamento delle stagionalit\u00e0\",\"datePublished\":\"2025-02-07T09:00:30+00:00\",\"mainEntityOfPage\":{\"@id\":\"https:\\\/\\\/www.isoleolie.it\\\/eolie\\\/bit-milano-2025-la-sicilia-punta-sullallungamento-delle-stagionalita\\\/eolie-news\\\/\"},\"wordCount\":350,\"publisher\":{\"@id\":\"https:\\\/\\\/www.isoleolie.it\\\/eolie\\\/#organization\"},\"image\":{\"@id\":\"https:\\\/\\\/www.isoleolie.it\\\/eolie\\\/bit-milano-2025-la-sicilia-punta-sullallungamento-delle-stagionalita\\\/eolie-news\\\/#primaryimage\"},\"thumbnailUrl\":\"https:\\\/\\\/www.isoleolie.it\\\/eolie\\\/wp-content\\\/uploads\\\/2025\\\/02\\\/Bit-Milano.jpg\",\"articleSection\":[\"NEWS\",\"Turismo\"],\"inLanguage\":\"it-IT\"},{\"@type\":\"WebPage\",\"@id\":\"https:\\\/\\\/www.isoleolie.it\\\/eolie\\\/bit-milano-2025-la-sicilia-punta-sullallungamento-delle-stagionalita\\\/eolie-news\\\/\",\"url\":\"https:\\\/\\\/www.isoleolie.it\\\/eolie\\\/bit-milano-2025-la-sicilia-punta-sullallungamento-delle-stagionalita\\\/eolie-news\\\/\",\"name\":\"BIT MILANO 2025: La Sicilia punta sull\u2019allungamento delle stagionalit\u00e0 - ISOLE EOLIE Turismo e Vacanze Hotel B&amp;B Residence Case Vacanza\",\"isPartOf\":{\"@id\":\"https:\\\/\\\/www.isoleolie.it\\\/eolie\\\/#website\"},\"primaryImageOfPage\":{\"@id\":\"https:\\\/\\\/www.isoleolie.it\\\/eolie\\\/bit-milano-2025-la-sicilia-punta-sullallungamento-delle-stagionalita\\\/eolie-news\\\/#primaryimage\"},\"image\":{\"@id\":\"https:\\\/\\\/www.isoleolie.it\\\/eolie\\\/bit-milano-2025-la-sicilia-punta-sullallungamento-delle-stagionalita\\\/eolie-news\\\/#primaryimage\"},\"thumbnailUrl\":\"https:\\\/\\\/www.isoleolie.it\\\/eolie\\\/wp-content\\\/uploads\\\/2025\\\/02\\\/Bit-Milano.jpg\",\"datePublished\":\"2025-02-07T09:00:30+00:00\",\"breadcrumb\":{\"@id\":\"https:\\\/\\\/www.isoleolie.it\\\/eolie\\\/bit-milano-2025-la-sicilia-punta-sullallungamento-delle-stagionalita\\\/eolie-news\\\/#breadcrumb\"},\"inLanguage\":\"it-IT\",\"potentialAction\":[{\"@type\":\"ReadAction\",\"target\":[\"https:\\\/\\\/www.isoleolie.it\\\/eolie\\\/bit-milano-2025-la-sicilia-punta-sullallungamento-delle-stagionalita\\\/eolie-news\\\/\"]}]},{\"@type\":\"ImageObject\",\"inLanguage\":\"it-IT\",\"@id\":\"https:\\\/\\\/www.isoleolie.it\\\/eolie\\\/bit-milano-2025-la-sicilia-punta-sullallungamento-delle-stagionalita\\\/eolie-news\\\/#primaryimage\",\"url\":\"https:\\\/\\\/www.isoleolie.it\\\/eolie\\\/wp-content\\\/uploads\\\/2025\\\/02\\\/Bit-Milano.jpg\",\"contentUrl\":\"https:\\\/\\\/www.isoleolie.it\\\/eolie\\\/wp-content\\\/uploads\\\/2025\\\/02\\\/Bit-Milano.jpg\",\"width\":573,\"height\":377},{\"@type\":\"BreadcrumbList\",\"@id\":\"https:\\\/\\\/www.isoleolie.it\\\/eolie\\\/bit-milano-2025-la-sicilia-punta-sullallungamento-delle-stagionalita\\\/eolie-news\\\/#breadcrumb\",\"itemListElement\":[{\"@type\":\"ListItem\",\"position\":1,\"name\":\"Home\",\"item\":\"https:\\\/\\\/www.isoleolie.it\\\/eolie\\\/\"},{\"@type\":\"ListItem\",\"position\":2,\"name\":\"BIT MILANO 2025: La Sicilia punta sull\u2019allungamento delle stagionalit\u00e0\"}]},{\"@type\":\"WebSite\",\"@id\":\"https:\\\/\\\/www.isoleolie.it\\\/eolie\\\/#website\",\"url\":\"https:\\\/\\\/www.isoleolie.it\\\/eolie\\\/\",\"name\":\"ISOLE EOLIE Turismo e Vacanze alle Isole Eolie Hotel B&B Residence Case Vacanza\",\"description\":\"The first and official tourism site for the Aeolian Islands\",\"publisher\":{\"@id\":\"https:\\\/\\\/www.isoleolie.it\\\/eolie\\\/#organization\"},\"potentialAction\":[{\"@type\":\"SearchAction\",\"target\":{\"@type\":\"EntryPoint\",\"urlTemplate\":\"https:\\\/\\\/www.isoleolie.it\\\/eolie\\\/?s={search_term_string}\"},\"query-input\":{\"@type\":\"PropertyValueSpecification\",\"valueRequired\":true,\"valueName\":\"search_term_string\"}}],\"inLanguage\":\"it-IT\"},{\"@type\":\"Organization\",\"@id\":\"https:\\\/\\\/www.isoleolie.it\\\/eolie\\\/#organization\",\"name\":\"ISOLE EOLIE\",\"url\":\"https:\\\/\\\/www.isoleolie.it\\\/eolie\\\/\",\"logo\":{\"@type\":\"ImageObject\",\"inLanguage\":\"it-IT\",\"@id\":\"https:\\\/\\\/www.isoleolie.it\\\/eolie\\\/#\\\/schema\\\/logo\\\/image\\\/\",\"url\":\"https:\\\/\\\/www.isoleolie.it\\\/eolie\\\/wp-content\\\/uploads\\\/2024\\\/11\\\/oMv8p0-4_400x400.jpg\",\"contentUrl\":\"https:\\\/\\\/www.isoleolie.it\\\/eolie\\\/wp-content\\\/uploads\\\/2024\\\/11\\\/oMv8p0-4_400x400.jpg\",\"width\":400,\"height\":400,\"caption\":\"ISOLE EOLIE\"},\"image\":{\"@id\":\"https:\\\/\\\/www.isoleolie.it\\\/eolie\\\/#\\\/schema\\\/logo\\\/image\\\/\"}},{\"@type\":\"Person\",\"@id\":\"https:\\\/\\\/www.isoleolie.it\\\/eolie\\\/#\\\/schema\\\/person\\\/4c400db26884d9f212712636db6c1746\",\"name\":\"Tourism Manager\",\"image\":{\"@type\":\"ImageObject\",\"inLanguage\":\"it-IT\",\"@id\":\"https:\\\/\\\/secure.gravatar.com\\\/avatar\\\/3446a46a5f1bdb4055f313474780b529660445bd2d0364f2472d83fd63ed9bbc?s=96&d=mm&r=g\",\"url\":\"https:\\\/\\\/secure.gravatar.com\\\/avatar\\\/3446a46a5f1bdb4055f313474780b529660445bd2d0364f2472d83fd63ed9bbc?s=96&d=mm&r=g\",\"contentUrl\":\"https:\\\/\\\/secure.gravatar.com\\\/avatar\\\/3446a46a5f1bdb4055f313474780b529660445bd2d0364f2472d83fd63ed9bbc?s=96&d=mm&r=g\",\"caption\":\"Tourism Manager\"},\"description\":\"Che cos'\u00e8 un manager del turismo? Tecnicamente, un manager del turismo \u00e8 un nome dato a qualsiasi professionista della gestione che lavora in un'azienda collegata all'industria del turismo. Ci\u00f2 include i direttori generali, che si assumono la responsabilit\u00e0 generale di garantire che le operazioni quotidiane si svolgano senza intoppi, ma includono anche i singoli responsabili di reparto all'interno delle aziende. Il ruolo di manager del turismo implica la supervisione delle operazioni all'interno di un'impresa o organizzazione turistica. \u00c8 una posizione di alto livello, che richiede una comprensione approfondita dei concetti di gestione e dell'industria nel suo insieme.\",\"sameAs\":[\"https:\\\/\\\/www.isoleolie.it\\\/\"],\"url\":\"https:\\\/\\\/www.isoleolie.it\\\/eolie\\\/author\\\/isoleolie_2\\\/\"}]}<\/script>\r\n<!-- \/ Yoast SEO plugin. -->","yoast_head_json":{"title":"BIT MILANO 2025: La Sicilia punta sull\u2019allungamento delle stagionalit\u00e0 - ISOLE EOLIE Turismo e Vacanze Hotel B&amp;B Residence Case Vacanza","robots":{"index":"index","follow":"follow","max-snippet":"max-snippet:-1","max-image-preview":"max-image-preview:large","max-video-preview":"max-video-preview:-1"},"canonical":"https:\/\/www.isoleolie.it\/eolie\/bit-milano-2025-la-sicilia-punta-sullallungamento-delle-stagionalita\/eolie-news\/","og_locale":"it_IT","og_type":"article","og_title":"BIT MILANO 2025: La Sicilia punta sull\u2019allungamento delle stagionalit\u00e0 - ISOLE EOLIE Turismo e Vacanze Hotel B&amp;B Residence Case Vacanza","og_description":"Anche quest\u2019anno la Regione Siciliana torna a Milano partecipando a BIT 2025 con uno stand che si ispira ai colori del mare di 1.100 metri quadrati, animato da un interessante programma di talk e presentazioni che si andranno ad alternare sul grande palco dedicato al suo interno. Luned\u00ec 10 febbraio alle 11.30 \u00e8 in programma [&hellip;]","og_url":"https:\/\/www.isoleolie.it\/eolie\/bit-milano-2025-la-sicilia-punta-sullallungamento-delle-stagionalita\/eolie-news\/","og_site_name":"ISOLE EOLIE Turismo e Vacanze Hotel B&amp;B Residence Case Vacanza","article_published_time":"2025-02-07T09:00:30+00:00","og_image":[{"width":573,"height":377,"url":"https:\/\/www.isoleolie.it\/eolie\/wp-content\/uploads\/2025\/02\/Bit-Milano.jpg","type":"image\/jpeg"}],"author":"Tourism Manager","twitter_card":"summary_large_image","twitter_misc":{"Scritto da":"Tourism Manager","Tempo di lettura stimato":"2 minuti"},"schema":{"@context":"https:\/\/schema.org","@graph":[{"@type":"Article","@id":"https:\/\/www.isoleolie.it\/eolie\/bit-milano-2025-la-sicilia-punta-sullallungamento-delle-stagionalita\/eolie-news\/#article","isPartOf":{"@id":"https:\/\/www.isoleolie.it\/eolie\/bit-milano-2025-la-sicilia-punta-sullallungamento-delle-stagionalita\/eolie-news\/"},"author":{"name":"Tourism Manager","@id":"https:\/\/www.isoleolie.it\/eolie\/#\/schema\/person\/4c400db26884d9f212712636db6c1746"},"headline":"BIT MILANO 2025: La Sicilia punta sull\u2019allungamento delle stagionalit\u00e0","datePublished":"2025-02-07T09:00:30+00:00","mainEntityOfPage":{"@id":"https:\/\/www.isoleolie.it\/eolie\/bit-milano-2025-la-sicilia-punta-sullallungamento-delle-stagionalita\/eolie-news\/"},"wordCount":350,"publisher":{"@id":"https:\/\/www.isoleolie.it\/eolie\/#organization"},"image":{"@id":"https:\/\/www.isoleolie.it\/eolie\/bit-milano-2025-la-sicilia-punta-sullallungamento-delle-stagionalita\/eolie-news\/#primaryimage"},"thumbnailUrl":"https:\/\/www.isoleolie.it\/eolie\/wp-content\/uploads\/2025\/02\/Bit-Milano.jpg","articleSection":["NEWS","Turismo"],"inLanguage":"it-IT"},{"@type":"WebPage","@id":"https:\/\/www.isoleolie.it\/eolie\/bit-milano-2025-la-sicilia-punta-sullallungamento-delle-stagionalita\/eolie-news\/","url":"https:\/\/www.isoleolie.it\/eolie\/bit-milano-2025-la-sicilia-punta-sullallungamento-delle-stagionalita\/eolie-news\/","name":"BIT MILANO 2025: La Sicilia punta sull\u2019allungamento delle stagionalit\u00e0 - ISOLE EOLIE Turismo e Vacanze Hotel B&amp;B Residence Case Vacanza","isPartOf":{"@id":"https:\/\/www.isoleolie.it\/eolie\/#website"},"primaryImageOfPage":{"@id":"https:\/\/www.isoleolie.it\/eolie\/bit-milano-2025-la-sicilia-punta-sullallungamento-delle-stagionalita\/eolie-news\/#primaryimage"},"image":{"@id":"https:\/\/www.isoleolie.it\/eolie\/bit-milano-2025-la-sicilia-punta-sullallungamento-delle-stagionalita\/eolie-news\/#primaryimage"},"thumbnailUrl":"https:\/\/www.isoleolie.it\/eolie\/wp-content\/uploads\/2025\/02\/Bit-Milano.jpg","datePublished":"2025-02-07T09:00:30+00:00","breadcrumb":{"@id":"https:\/\/www.isoleolie.it\/eolie\/bit-milano-2025-la-sicilia-punta-sullallungamento-delle-stagionalita\/eolie-news\/#breadcrumb"},"inLanguage":"it-IT","potentialAction":[{"@type":"ReadAction","target":["https:\/\/www.isoleolie.it\/eolie\/bit-milano-2025-la-sicilia-punta-sullallungamento-delle-stagionalita\/eolie-news\/"]}]},{"@type":"ImageObject","inLanguage":"it-IT","@id":"https:\/\/www.isoleolie.it\/eolie\/bit-milano-2025-la-sicilia-punta-sullallungamento-delle-stagionalita\/eolie-news\/#primaryimage","url":"https:\/\/www.isoleolie.it\/eolie\/wp-content\/uploads\/2025\/02\/Bit-Milano.jpg","contentUrl":"https:\/\/www.isoleolie.it\/eolie\/wp-content\/uploads\/2025\/02\/Bit-Milano.jpg","width":573,"height":377},{"@type":"BreadcrumbList","@id":"https:\/\/www.isoleolie.it\/eolie\/bit-milano-2025-la-sicilia-punta-sullallungamento-delle-stagionalita\/eolie-news\/#breadcrumb","itemListElement":[{"@type":"ListItem","position":1,"name":"Home","item":"https:\/\/www.isoleolie.it\/eolie\/"},{"@type":"ListItem","position":2,"name":"BIT MILANO 2025: La Sicilia punta sull\u2019allungamento delle stagionalit\u00e0"}]},{"@type":"WebSite","@id":"https:\/\/www.isoleolie.it\/eolie\/#website","url":"https:\/\/www.isoleolie.it\/eolie\/","name":"ISOLE EOLIE Turismo e Vacanze alle Isole Eolie Hotel B&B Residence Case Vacanza","description":"The first and official tourism site for the Aeolian Islands","publisher":{"@id":"https:\/\/www.isoleolie.it\/eolie\/#organization"},"potentialAction":[{"@type":"SearchAction","target":{"@type":"EntryPoint","urlTemplate":"https:\/\/www.isoleolie.it\/eolie\/?s={search_term_string}"},"query-input":{"@type":"PropertyValueSpecification","valueRequired":true,"valueName":"search_term_string"}}],"inLanguage":"it-IT"},{"@type":"Organization","@id":"https:\/\/www.isoleolie.it\/eolie\/#organization","name":"ISOLE EOLIE","url":"https:\/\/www.isoleolie.it\/eolie\/","logo":{"@type":"ImageObject","inLanguage":"it-IT","@id":"https:\/\/www.isoleolie.it\/eolie\/#\/schema\/logo\/image\/","url":"https:\/\/www.isoleolie.it\/eolie\/wp-content\/uploads\/2024\/11\/oMv8p0-4_400x400.jpg","contentUrl":"https:\/\/www.isoleolie.it\/eolie\/wp-content\/uploads\/2024\/11\/oMv8p0-4_400x400.jpg","width":400,"height":400,"caption":"ISOLE EOLIE"},"image":{"@id":"https:\/\/www.isoleolie.it\/eolie\/#\/schema\/logo\/image\/"}},{"@type":"Person","@id":"https:\/\/www.isoleolie.it\/eolie\/#\/schema\/person\/4c400db26884d9f212712636db6c1746","name":"Tourism Manager","image":{"@type":"ImageObject","inLanguage":"it-IT","@id":"https:\/\/secure.gravatar.com\/avatar\/3446a46a5f1bdb4055f313474780b529660445bd2d0364f2472d83fd63ed9bbc?s=96&d=mm&r=g","url":"https:\/\/secure.gravatar.com\/avatar\/3446a46a5f1bdb4055f313474780b529660445bd2d0364f2472d83fd63ed9bbc?s=96&d=mm&r=g","contentUrl":"https:\/\/secure.gravatar.com\/avatar\/3446a46a5f1bdb4055f313474780b529660445bd2d0364f2472d83fd63ed9bbc?s=96&d=mm&r=g","caption":"Tourism Manager"},"description":"Che cos'\u00e8 un manager del turismo? Tecnicamente, un manager del turismo \u00e8 un nome dato a qualsiasi professionista della gestione che lavora in un'azienda collegata all'industria del turismo. Ci\u00f2 include i direttori generali, che si assumono la responsabilit\u00e0 generale di garantire che le operazioni quotidiane si svolgano senza intoppi, ma includono anche i singoli responsabili di reparto all'interno delle aziende. Il ruolo di manager del turismo implica la supervisione delle operazioni all'interno di un'impresa o organizzazione turistica. \u00c8 una posizione di alto livello, che richiede una comprensione approfondita dei concetti di gestione e dell'industria nel suo insieme.","sameAs":["https:\/\/www.isoleolie.it\/"],"url":"https:\/\/www.isoleolie.it\/eolie\/author\/isoleolie_2\/"}]}},"_links":{"self":[{"href":"https:\/\/www.isoleolie.it\/eolie\/wp-json\/wp\/v2\/posts\/2005","targetHints":{"allow":["GET"]}}],"collection":[{"href":"https:\/\/www.isoleolie.it\/eolie\/wp-json\/wp\/v2\/posts"}],"about":[{"href":"https:\/\/www.isoleolie.it\/eolie\/wp-json\/wp\/v2\/types\/post"}],"author":[{"embeddable":true,"href":"https:\/\/www.isoleolie.it\/eolie\/wp-json\/wp\/v2\/users\/1"}],"replies":[{"embeddable":true,"href":"https:\/\/www.isoleolie.it\/eolie\/wp-json\/wp\/v2\/comments?post=2005"}],"version-history":[{"count":1,"href":"https:\/\/www.isoleolie.it\/eolie\/wp-json\/wp\/v2\/posts\/2005\/revisions"}],"predecessor-version":[{"id":2007,"href":"https:\/\/www.isoleolie.it\/eolie\/wp-json\/wp\/v2\/posts\/2005\/revisions\/2007"}],"wp:featuredmedia":[{"embeddable":true,"href":"https:\/\/www.isoleolie.it\/eolie\/wp-json\/wp\/v2\/media\/2006"}],"wp:attachment":[{"href":"https:\/\/www.isoleolie.it\/eolie\/wp-json\/wp\/v2\/media?parent=2005"}],"wp:term":[{"taxonomy":"category","embeddable":true,"href":"https:\/\/www.isoleolie.it\/eolie\/wp-json\/wp\/v2\/categories?post=2005"},{"taxonomy":"post_tag","embeddable":true,"href":"https:\/\/www.isoleolie.it\/eolie\/wp-json\/wp\/v2\/tags?post=2005"}],"curies":[{"name":"wp","href":"https:\/\/api.w.org\/{rel}","templated":true}]}}