{"id":1837,"date":"2024-11-07T11:36:59","date_gmt":"2024-11-07T10:36:59","guid":{"rendered":"https:\/\/www.isoleolie.it\/eolie\/?p=1837"},"modified":"2024-11-07T11:39:25","modified_gmt":"2024-11-07T10:39:25","slug":"sicilia-protagonista-anche-dinverno-la-regione-in-prima-fila-al-wtm","status":"publish","type":"post","link":"https:\/\/www.isoleolie.it\/eolie\/sicilia-protagonista-anche-dinverno-la-regione-in-prima-fila-al-wtm\/eolie-news\/","title":{"rendered":"Sicilia protagonista anche d\u2019inverno: la Regione in prima fila al WTM"},"content":{"rendered":"<p><span style=\"font-size: 14pt;\">In occasione del World Travel Market (WTM) di Londra, la Regione Sicilia rafforza la propria presenza sul palcoscenico del turismo mondiale con la conferenza stampa dal titolo \u201cSicilia in inverno: emozione autentica\u201d, a cura dell\u2019assessore al Turismo Elvira Amata. L\u2019evento si terr\u00e0 il 6 novembre alle 16 presso l\u2019area eventi del padiglione Italia, firmato ENIT, consolidando il ruolo della Sicilia come meta turistica attrattiva, anche nei mesi invernali.<\/span><\/p>\n<p><span style=\"font-size: 14pt;\">La partecipazione della Sicilia al WTM rappresenta un\u2019importante opportunit\u00e0 di visibilit\u00e0 internazionale, permettendo alla Regione di presentare il proprio potenziale in un contesto di eccellenza, accanto alle principali destinazioni turistiche mondiali. La fiera londinese, riconosciuta per l\u2019incontro tra domanda e offerta del settore, \u00e8 l\u2019occasione ideale per lanciare iniziative innovative e promuovere la variet\u00e0 del patrimonio culturale, enogastronomico e naturale che la Sicilia pu\u00f2 offrire in ogni stagione dell\u2019anno.<\/span><\/p>\n<p><span style=\"font-size: 14pt;\"><script async src=\"https:\/\/pagead2.googlesyndication.com\/pagead\/js\/adsbygoogle.js?client=ca-pub-0374348204273382\" crossorigin=\"anonymous\"><\/script><\/span><br \/>\n<ins class=\"adsbygoogle\" style=\"display: block; text-align: center;\" data-ad-layout=\"in-article\" data-ad-format=\"fluid\" data-ad-client=\"ca-pub-0374348204273382\" data-ad-slot=\"7701142189\"><\/ins><br \/>\n<span style=\"font-size: 14pt;\"><script>\n     (adsbygoogle = window.adsbygoogle || []).push({});\n<\/script><\/span><\/p>\n<p><span style=\"font-size: 14pt;\">Durante la conferenza stampa, l\u2019assessore Amata illustrer\u00e0 il calendario degli eventi del 2025, elaborato con l\u2019obiettivo di proseguire il percorso di destagionalizzazione dei flussi turistici, una strategia chiave per l\u2019assessorato. La Sicilia, con il suo clima mite, il suo patrimonio culturale e la sua tradizione culinaria e vitivinicola, si propone come una destinazione ideale anche per il turismo invernale. Attraverso queste nuove iniziative, la Regione mira a offrire esperienze uniche e genuine, invitando i visitatori a scoprire un volto inedito e affascinante dell\u2019Isola, lontano dalle folle estive.<\/span><\/p>\n<p><span style=\"font-size: 14pt;\">A sottolineare l\u2019importanza di una gestione sinergica e sostenibile del turismo, alla conferenza stampa interverranno anche i vertici dei principali aeroporti siciliani: Salvatore Burrafato, presidente dell\u2019Aeroporto di Palermo, Nico Torrisi, ad dell\u2019Aeroporto di Catania, Rosario Dibennardo, ad dell\u2019Aeroporto di Comiso, e Biagio Picarella, dirigente dell\u2019Aeroporto di Lampedusa. Parteciperanno inoltre il presidente della D.M.O. Islands of Sicily Cristian Del Bono, il segretario generale del GAL Terra Barocca Simone Tumino, e l\u2019Ambassador di Le Vie dei Tesori Francesco Lo Giudice. Questi rappresentanti illustreranno le azioni intraprese per facilitare un flusso turistico costante e distribuito nell\u2019arco dell\u2019anno, garantendo connettivit\u00e0 efficiente e una rete di accoglienza di alta qualit\u00e0.\u00a0<\/span><\/p>\n<p><span style=\"font-size: 14pt;\">[fonte:travelnostop.it]<\/span><\/p>\n","protected":false},"excerpt":{"rendered":"<p>In occasione del World Travel Market (WTM) di Londra, la Regione Sicilia rafforza la propria presenza sul palcoscenico del turismo mondiale con la conferenza stampa dal titolo \u201cSicilia in inverno: emozione autentica\u201d, a cura dell\u2019assessore al Turismo Elvira Amata. L\u2019evento si terr\u00e0 il 6 novembre alle 16 presso l\u2019area eventi del padiglione Italia, firmato ENIT, [&hellip;]<\/p>\n","protected":false},"author":1,"featured_media":1839,"comment_status":"closed","ping_status":"closed","sticky":false,"template":"","format":"standard","meta":{"footnotes":""},"categories":[22],"tags":[],"class_list":["post-1837","post","type-post","status-publish","format-standard","has-post-thumbnail","hentry","category-eolie-news"],"yoast_head":"<!-- This site is optimized with the Yoast SEO plugin v27.5 - https:\/\/yoast.com\/product\/yoast-seo-wordpress\/ -->\r\n<title>Sicilia protagonista anche d\u2019inverno: la Regione in prima fila al WTM - ISOLE EOLIE Turismo e Vacanze Hotel B&amp;B Residence Case Vacanza<\/title>\r\n<meta name=\"robots\" content=\"index, follow, max-snippet:-1, max-image-preview:large, max-video-preview:-1\" \/>\r\n<link rel=\"canonical\" href=\"https:\/\/www.isoleolie.it\/eolie\/sicilia-protagonista-anche-dinverno-la-regione-in-prima-fila-al-wtm\/eolie-news\/\" \/>\r\n<meta property=\"og:locale\" content=\"it_IT\" \/>\r\n<meta property=\"og:type\" content=\"article\" \/>\r\n<meta property=\"og:title\" content=\"Sicilia protagonista anche d\u2019inverno: la Regione in prima fila al WTM - ISOLE EOLIE Turismo e Vacanze Hotel B&amp;B Residence Case Vacanza\" \/>\r\n<meta property=\"og:description\" content=\"In occasione del World Travel Market (WTM) di Londra, la Regione Sicilia rafforza la propria presenza sul palcoscenico del turismo mondiale con la conferenza stampa dal titolo \u201cSicilia in inverno: emozione autentica\u201d, a cura dell\u2019assessore al Turismo Elvira Amata. L\u2019evento si terr\u00e0 il 6 novembre alle 16 presso l\u2019area eventi del padiglione Italia, firmato ENIT, [&hellip;]\" \/>\r\n<meta property=\"og:url\" content=\"https:\/\/www.isoleolie.it\/eolie\/sicilia-protagonista-anche-dinverno-la-regione-in-prima-fila-al-wtm\/eolie-news\/\" \/>\r\n<meta property=\"og:site_name\" content=\"ISOLE EOLIE Turismo e Vacanze Hotel B&amp;B Residence Case Vacanza\" \/>\r\n<meta property=\"article:published_time\" content=\"2024-11-07T10:36:59+00:00\" \/>\r\n<meta property=\"article:modified_time\" content=\"2024-11-07T10:39:25+00:00\" \/>\r\n<meta property=\"og:image\" content=\"https:\/\/www.isoleolie.it\/eolie\/wp-content\/uploads\/2024\/11\/visit-what-is-WTM.jpg\" \/>\r\n\t<meta property=\"og:image:width\" content=\"551\" \/>\r\n\t<meta property=\"og:image:height\" content=\"310\" \/>\r\n\t<meta property=\"og:image:type\" content=\"image\/jpeg\" \/>\r\n<meta name=\"author\" content=\"Tourism Manager\" \/>\r\n<meta name=\"twitter:card\" content=\"summary_large_image\" \/>\r\n<meta name=\"twitter:label1\" content=\"Scritto da\" \/>\n\t<meta name=\"twitter:data1\" content=\"Tourism Manager\" \/>\n\t<meta name=\"twitter:label2\" content=\"Tempo di lettura stimato\" \/>\n\t<meta name=\"twitter:data2\" content=\"2 minuti\" \/>\r\n<script type=\"application\/ld+json\" class=\"yoast-schema-graph\">{\"@context\":\"https:\\\/\\\/schema.org\",\"@graph\":[{\"@type\":\"Article\",\"@id\":\"https:\\\/\\\/www.isoleolie.it\\\/eolie\\\/sicilia-protagonista-anche-dinverno-la-regione-in-prima-fila-al-wtm\\\/eolie-news\\\/#article\",\"isPartOf\":{\"@id\":\"https:\\\/\\\/www.isoleolie.it\\\/eolie\\\/sicilia-protagonista-anche-dinverno-la-regione-in-prima-fila-al-wtm\\\/eolie-news\\\/\"},\"author\":{\"name\":\"Tourism Manager\",\"@id\":\"https:\\\/\\\/www.isoleolie.it\\\/eolie\\\/#\\\/schema\\\/person\\\/4c400db26884d9f212712636db6c1746\"},\"headline\":\"Sicilia protagonista anche d\u2019inverno: la Regione in prima fila al WTM\",\"datePublished\":\"2024-11-07T10:36:59+00:00\",\"dateModified\":\"2024-11-07T10:39:25+00:00\",\"mainEntityOfPage\":{\"@id\":\"https:\\\/\\\/www.isoleolie.it\\\/eolie\\\/sicilia-protagonista-anche-dinverno-la-regione-in-prima-fila-al-wtm\\\/eolie-news\\\/\"},\"wordCount\":361,\"publisher\":{\"@id\":\"https:\\\/\\\/www.isoleolie.it\\\/eolie\\\/#organization\"},\"image\":{\"@id\":\"https:\\\/\\\/www.isoleolie.it\\\/eolie\\\/sicilia-protagonista-anche-dinverno-la-regione-in-prima-fila-al-wtm\\\/eolie-news\\\/#primaryimage\"},\"thumbnailUrl\":\"https:\\\/\\\/www.isoleolie.it\\\/eolie\\\/wp-content\\\/uploads\\\/2024\\\/11\\\/visit-what-is-WTM.jpg\",\"articleSection\":[\"NEWS\"],\"inLanguage\":\"it-IT\"},{\"@type\":\"WebPage\",\"@id\":\"https:\\\/\\\/www.isoleolie.it\\\/eolie\\\/sicilia-protagonista-anche-dinverno-la-regione-in-prima-fila-al-wtm\\\/eolie-news\\\/\",\"url\":\"https:\\\/\\\/www.isoleolie.it\\\/eolie\\\/sicilia-protagonista-anche-dinverno-la-regione-in-prima-fila-al-wtm\\\/eolie-news\\\/\",\"name\":\"Sicilia protagonista anche d\u2019inverno: la Regione in prima fila al WTM - ISOLE EOLIE Turismo e Vacanze Hotel B&amp;B Residence Case Vacanza\",\"isPartOf\":{\"@id\":\"https:\\\/\\\/www.isoleolie.it\\\/eolie\\\/#website\"},\"primaryImageOfPage\":{\"@id\":\"https:\\\/\\\/www.isoleolie.it\\\/eolie\\\/sicilia-protagonista-anche-dinverno-la-regione-in-prima-fila-al-wtm\\\/eolie-news\\\/#primaryimage\"},\"image\":{\"@id\":\"https:\\\/\\\/www.isoleolie.it\\\/eolie\\\/sicilia-protagonista-anche-dinverno-la-regione-in-prima-fila-al-wtm\\\/eolie-news\\\/#primaryimage\"},\"thumbnailUrl\":\"https:\\\/\\\/www.isoleolie.it\\\/eolie\\\/wp-content\\\/uploads\\\/2024\\\/11\\\/visit-what-is-WTM.jpg\",\"datePublished\":\"2024-11-07T10:36:59+00:00\",\"dateModified\":\"2024-11-07T10:39:25+00:00\",\"breadcrumb\":{\"@id\":\"https:\\\/\\\/www.isoleolie.it\\\/eolie\\\/sicilia-protagonista-anche-dinverno-la-regione-in-prima-fila-al-wtm\\\/eolie-news\\\/#breadcrumb\"},\"inLanguage\":\"it-IT\",\"potentialAction\":[{\"@type\":\"ReadAction\",\"target\":[\"https:\\\/\\\/www.isoleolie.it\\\/eolie\\\/sicilia-protagonista-anche-dinverno-la-regione-in-prima-fila-al-wtm\\\/eolie-news\\\/\"]}]},{\"@type\":\"ImageObject\",\"inLanguage\":\"it-IT\",\"@id\":\"https:\\\/\\\/www.isoleolie.it\\\/eolie\\\/sicilia-protagonista-anche-dinverno-la-regione-in-prima-fila-al-wtm\\\/eolie-news\\\/#primaryimage\",\"url\":\"https:\\\/\\\/www.isoleolie.it\\\/eolie\\\/wp-content\\\/uploads\\\/2024\\\/11\\\/visit-what-is-WTM.jpg\",\"contentUrl\":\"https:\\\/\\\/www.isoleolie.it\\\/eolie\\\/wp-content\\\/uploads\\\/2024\\\/11\\\/visit-what-is-WTM.jpg\",\"width\":551,\"height\":310,\"caption\":\"WTM Sicilia\"},{\"@type\":\"BreadcrumbList\",\"@id\":\"https:\\\/\\\/www.isoleolie.it\\\/eolie\\\/sicilia-protagonista-anche-dinverno-la-regione-in-prima-fila-al-wtm\\\/eolie-news\\\/#breadcrumb\",\"itemListElement\":[{\"@type\":\"ListItem\",\"position\":1,\"name\":\"Home\",\"item\":\"https:\\\/\\\/www.isoleolie.it\\\/eolie\\\/\"},{\"@type\":\"ListItem\",\"position\":2,\"name\":\"Sicilia protagonista anche d\u2019inverno: la Regione in prima fila al WTM\"}]},{\"@type\":\"WebSite\",\"@id\":\"https:\\\/\\\/www.isoleolie.it\\\/eolie\\\/#website\",\"url\":\"https:\\\/\\\/www.isoleolie.it\\\/eolie\\\/\",\"name\":\"ISOLE EOLIE Turismo e Vacanze alle Isole Eolie Hotel B&B Residence Case Vacanza\",\"description\":\"The first and official tourism site for the Aeolian Islands\",\"publisher\":{\"@id\":\"https:\\\/\\\/www.isoleolie.it\\\/eolie\\\/#organization\"},\"potentialAction\":[{\"@type\":\"SearchAction\",\"target\":{\"@type\":\"EntryPoint\",\"urlTemplate\":\"https:\\\/\\\/www.isoleolie.it\\\/eolie\\\/?s={search_term_string}\"},\"query-input\":{\"@type\":\"PropertyValueSpecification\",\"valueRequired\":true,\"valueName\":\"search_term_string\"}}],\"inLanguage\":\"it-IT\"},{\"@type\":\"Organization\",\"@id\":\"https:\\\/\\\/www.isoleolie.it\\\/eolie\\\/#organization\",\"name\":\"ISOLE EOLIE\",\"url\":\"https:\\\/\\\/www.isoleolie.it\\\/eolie\\\/\",\"logo\":{\"@type\":\"ImageObject\",\"inLanguage\":\"it-IT\",\"@id\":\"https:\\\/\\\/www.isoleolie.it\\\/eolie\\\/#\\\/schema\\\/logo\\\/image\\\/\",\"url\":\"https:\\\/\\\/www.isoleolie.it\\\/eolie\\\/wp-content\\\/uploads\\\/2024\\\/11\\\/oMv8p0-4_400x400.jpg\",\"contentUrl\":\"https:\\\/\\\/www.isoleolie.it\\\/eolie\\\/wp-content\\\/uploads\\\/2024\\\/11\\\/oMv8p0-4_400x400.jpg\",\"width\":400,\"height\":400,\"caption\":\"ISOLE EOLIE\"},\"image\":{\"@id\":\"https:\\\/\\\/www.isoleolie.it\\\/eolie\\\/#\\\/schema\\\/logo\\\/image\\\/\"}},{\"@type\":\"Person\",\"@id\":\"https:\\\/\\\/www.isoleolie.it\\\/eolie\\\/#\\\/schema\\\/person\\\/4c400db26884d9f212712636db6c1746\",\"name\":\"Tourism Manager\",\"image\":{\"@type\":\"ImageObject\",\"inLanguage\":\"it-IT\",\"@id\":\"https:\\\/\\\/secure.gravatar.com\\\/avatar\\\/3446a46a5f1bdb4055f313474780b529660445bd2d0364f2472d83fd63ed9bbc?s=96&d=mm&r=g\",\"url\":\"https:\\\/\\\/secure.gravatar.com\\\/avatar\\\/3446a46a5f1bdb4055f313474780b529660445bd2d0364f2472d83fd63ed9bbc?s=96&d=mm&r=g\",\"contentUrl\":\"https:\\\/\\\/secure.gravatar.com\\\/avatar\\\/3446a46a5f1bdb4055f313474780b529660445bd2d0364f2472d83fd63ed9bbc?s=96&d=mm&r=g\",\"caption\":\"Tourism Manager\"},\"description\":\"Che cos'\u00e8 un manager del turismo? Tecnicamente, un manager del turismo \u00e8 un nome dato a qualsiasi professionista della gestione che lavora in un'azienda collegata all'industria del turismo. Ci\u00f2 include i direttori generali, che si assumono la responsabilit\u00e0 generale di garantire che le operazioni quotidiane si svolgano senza intoppi, ma includono anche i singoli responsabili di reparto all'interno delle aziende. Il ruolo di manager del turismo implica la supervisione delle operazioni all'interno di un'impresa o organizzazione turistica. \u00c8 una posizione di alto livello, che richiede una comprensione approfondita dei concetti di gestione e dell'industria nel suo insieme.\",\"sameAs\":[\"https:\\\/\\\/www.isoleolie.it\\\/\"],\"url\":\"https:\\\/\\\/www.isoleolie.it\\\/eolie\\\/author\\\/isoleolie_2\\\/\"}]}<\/script>\r\n<!-- \/ Yoast SEO plugin. -->","yoast_head_json":{"title":"Sicilia protagonista anche d\u2019inverno: la Regione in prima fila al WTM - ISOLE EOLIE Turismo e Vacanze Hotel B&amp;B Residence Case Vacanza","robots":{"index":"index","follow":"follow","max-snippet":"max-snippet:-1","max-image-preview":"max-image-preview:large","max-video-preview":"max-video-preview:-1"},"canonical":"https:\/\/www.isoleolie.it\/eolie\/sicilia-protagonista-anche-dinverno-la-regione-in-prima-fila-al-wtm\/eolie-news\/","og_locale":"it_IT","og_type":"article","og_title":"Sicilia protagonista anche d\u2019inverno: la Regione in prima fila al WTM - ISOLE EOLIE Turismo e Vacanze Hotel B&amp;B Residence Case Vacanza","og_description":"In occasione del World Travel Market (WTM) di Londra, la Regione Sicilia rafforza la propria presenza sul palcoscenico del turismo mondiale con la conferenza stampa dal titolo \u201cSicilia in inverno: emozione autentica\u201d, a cura dell\u2019assessore al Turismo Elvira Amata. L\u2019evento si terr\u00e0 il 6 novembre alle 16 presso l\u2019area eventi del padiglione Italia, firmato ENIT, [&hellip;]","og_url":"https:\/\/www.isoleolie.it\/eolie\/sicilia-protagonista-anche-dinverno-la-regione-in-prima-fila-al-wtm\/eolie-news\/","og_site_name":"ISOLE EOLIE Turismo e Vacanze Hotel B&amp;B Residence Case Vacanza","article_published_time":"2024-11-07T10:36:59+00:00","article_modified_time":"2024-11-07T10:39:25+00:00","og_image":[{"width":551,"height":310,"url":"https:\/\/www.isoleolie.it\/eolie\/wp-content\/uploads\/2024\/11\/visit-what-is-WTM.jpg","type":"image\/jpeg"}],"author":"Tourism Manager","twitter_card":"summary_large_image","twitter_misc":{"Scritto da":"Tourism Manager","Tempo di lettura stimato":"2 minuti"},"schema":{"@context":"https:\/\/schema.org","@graph":[{"@type":"Article","@id":"https:\/\/www.isoleolie.it\/eolie\/sicilia-protagonista-anche-dinverno-la-regione-in-prima-fila-al-wtm\/eolie-news\/#article","isPartOf":{"@id":"https:\/\/www.isoleolie.it\/eolie\/sicilia-protagonista-anche-dinverno-la-regione-in-prima-fila-al-wtm\/eolie-news\/"},"author":{"name":"Tourism Manager","@id":"https:\/\/www.isoleolie.it\/eolie\/#\/schema\/person\/4c400db26884d9f212712636db6c1746"},"headline":"Sicilia protagonista anche d\u2019inverno: la Regione in prima fila al WTM","datePublished":"2024-11-07T10:36:59+00:00","dateModified":"2024-11-07T10:39:25+00:00","mainEntityOfPage":{"@id":"https:\/\/www.isoleolie.it\/eolie\/sicilia-protagonista-anche-dinverno-la-regione-in-prima-fila-al-wtm\/eolie-news\/"},"wordCount":361,"publisher":{"@id":"https:\/\/www.isoleolie.it\/eolie\/#organization"},"image":{"@id":"https:\/\/www.isoleolie.it\/eolie\/sicilia-protagonista-anche-dinverno-la-regione-in-prima-fila-al-wtm\/eolie-news\/#primaryimage"},"thumbnailUrl":"https:\/\/www.isoleolie.it\/eolie\/wp-content\/uploads\/2024\/11\/visit-what-is-WTM.jpg","articleSection":["NEWS"],"inLanguage":"it-IT"},{"@type":"WebPage","@id":"https:\/\/www.isoleolie.it\/eolie\/sicilia-protagonista-anche-dinverno-la-regione-in-prima-fila-al-wtm\/eolie-news\/","url":"https:\/\/www.isoleolie.it\/eolie\/sicilia-protagonista-anche-dinverno-la-regione-in-prima-fila-al-wtm\/eolie-news\/","name":"Sicilia protagonista anche d\u2019inverno: la Regione in prima fila al WTM - ISOLE EOLIE Turismo e Vacanze Hotel B&amp;B Residence Case Vacanza","isPartOf":{"@id":"https:\/\/www.isoleolie.it\/eolie\/#website"},"primaryImageOfPage":{"@id":"https:\/\/www.isoleolie.it\/eolie\/sicilia-protagonista-anche-dinverno-la-regione-in-prima-fila-al-wtm\/eolie-news\/#primaryimage"},"image":{"@id":"https:\/\/www.isoleolie.it\/eolie\/sicilia-protagonista-anche-dinverno-la-regione-in-prima-fila-al-wtm\/eolie-news\/#primaryimage"},"thumbnailUrl":"https:\/\/www.isoleolie.it\/eolie\/wp-content\/uploads\/2024\/11\/visit-what-is-WTM.jpg","datePublished":"2024-11-07T10:36:59+00:00","dateModified":"2024-11-07T10:39:25+00:00","breadcrumb":{"@id":"https:\/\/www.isoleolie.it\/eolie\/sicilia-protagonista-anche-dinverno-la-regione-in-prima-fila-al-wtm\/eolie-news\/#breadcrumb"},"inLanguage":"it-IT","potentialAction":[{"@type":"ReadAction","target":["https:\/\/www.isoleolie.it\/eolie\/sicilia-protagonista-anche-dinverno-la-regione-in-prima-fila-al-wtm\/eolie-news\/"]}]},{"@type":"ImageObject","inLanguage":"it-IT","@id":"https:\/\/www.isoleolie.it\/eolie\/sicilia-protagonista-anche-dinverno-la-regione-in-prima-fila-al-wtm\/eolie-news\/#primaryimage","url":"https:\/\/www.isoleolie.it\/eolie\/wp-content\/uploads\/2024\/11\/visit-what-is-WTM.jpg","contentUrl":"https:\/\/www.isoleolie.it\/eolie\/wp-content\/uploads\/2024\/11\/visit-what-is-WTM.jpg","width":551,"height":310,"caption":"WTM Sicilia"},{"@type":"BreadcrumbList","@id":"https:\/\/www.isoleolie.it\/eolie\/sicilia-protagonista-anche-dinverno-la-regione-in-prima-fila-al-wtm\/eolie-news\/#breadcrumb","itemListElement":[{"@type":"ListItem","position":1,"name":"Home","item":"https:\/\/www.isoleolie.it\/eolie\/"},{"@type":"ListItem","position":2,"name":"Sicilia protagonista anche d\u2019inverno: la Regione in prima fila al WTM"}]},{"@type":"WebSite","@id":"https:\/\/www.isoleolie.it\/eolie\/#website","url":"https:\/\/www.isoleolie.it\/eolie\/","name":"ISOLE EOLIE Turismo e Vacanze alle Isole Eolie Hotel B&B Residence Case Vacanza","description":"The first and official tourism site for the Aeolian Islands","publisher":{"@id":"https:\/\/www.isoleolie.it\/eolie\/#organization"},"potentialAction":[{"@type":"SearchAction","target":{"@type":"EntryPoint","urlTemplate":"https:\/\/www.isoleolie.it\/eolie\/?s={search_term_string}"},"query-input":{"@type":"PropertyValueSpecification","valueRequired":true,"valueName":"search_term_string"}}],"inLanguage":"it-IT"},{"@type":"Organization","@id":"https:\/\/www.isoleolie.it\/eolie\/#organization","name":"ISOLE EOLIE","url":"https:\/\/www.isoleolie.it\/eolie\/","logo":{"@type":"ImageObject","inLanguage":"it-IT","@id":"https:\/\/www.isoleolie.it\/eolie\/#\/schema\/logo\/image\/","url":"https:\/\/www.isoleolie.it\/eolie\/wp-content\/uploads\/2024\/11\/oMv8p0-4_400x400.jpg","contentUrl":"https:\/\/www.isoleolie.it\/eolie\/wp-content\/uploads\/2024\/11\/oMv8p0-4_400x400.jpg","width":400,"height":400,"caption":"ISOLE EOLIE"},"image":{"@id":"https:\/\/www.isoleolie.it\/eolie\/#\/schema\/logo\/image\/"}},{"@type":"Person","@id":"https:\/\/www.isoleolie.it\/eolie\/#\/schema\/person\/4c400db26884d9f212712636db6c1746","name":"Tourism Manager","image":{"@type":"ImageObject","inLanguage":"it-IT","@id":"https:\/\/secure.gravatar.com\/avatar\/3446a46a5f1bdb4055f313474780b529660445bd2d0364f2472d83fd63ed9bbc?s=96&d=mm&r=g","url":"https:\/\/secure.gravatar.com\/avatar\/3446a46a5f1bdb4055f313474780b529660445bd2d0364f2472d83fd63ed9bbc?s=96&d=mm&r=g","contentUrl":"https:\/\/secure.gravatar.com\/avatar\/3446a46a5f1bdb4055f313474780b529660445bd2d0364f2472d83fd63ed9bbc?s=96&d=mm&r=g","caption":"Tourism Manager"},"description":"Che cos'\u00e8 un manager del turismo? Tecnicamente, un manager del turismo \u00e8 un nome dato a qualsiasi professionista della gestione che lavora in un'azienda collegata all'industria del turismo. Ci\u00f2 include i direttori generali, che si assumono la responsabilit\u00e0 generale di garantire che le operazioni quotidiane si svolgano senza intoppi, ma includono anche i singoli responsabili di reparto all'interno delle aziende. Il ruolo di manager del turismo implica la supervisione delle operazioni all'interno di un'impresa o organizzazione turistica. \u00c8 una posizione di alto livello, che richiede una comprensione approfondita dei concetti di gestione e dell'industria nel suo insieme.","sameAs":["https:\/\/www.isoleolie.it\/"],"url":"https:\/\/www.isoleolie.it\/eolie\/author\/isoleolie_2\/"}]}},"_links":{"self":[{"href":"https:\/\/www.isoleolie.it\/eolie\/wp-json\/wp\/v2\/posts\/1837","targetHints":{"allow":["GET"]}}],"collection":[{"href":"https:\/\/www.isoleolie.it\/eolie\/wp-json\/wp\/v2\/posts"}],"about":[{"href":"https:\/\/www.isoleolie.it\/eolie\/wp-json\/wp\/v2\/types\/post"}],"author":[{"embeddable":true,"href":"https:\/\/www.isoleolie.it\/eolie\/wp-json\/wp\/v2\/users\/1"}],"replies":[{"embeddable":true,"href":"https:\/\/www.isoleolie.it\/eolie\/wp-json\/wp\/v2\/comments?post=1837"}],"version-history":[{"count":1,"href":"https:\/\/www.isoleolie.it\/eolie\/wp-json\/wp\/v2\/posts\/1837\/revisions"}],"predecessor-version":[{"id":1838,"href":"https:\/\/www.isoleolie.it\/eolie\/wp-json\/wp\/v2\/posts\/1837\/revisions\/1838"}],"wp:featuredmedia":[{"embeddable":true,"href":"https:\/\/www.isoleolie.it\/eolie\/wp-json\/wp\/v2\/media\/1839"}],"wp:attachment":[{"href":"https:\/\/www.isoleolie.it\/eolie\/wp-json\/wp\/v2\/media?parent=1837"}],"wp:term":[{"taxonomy":"category","embeddable":true,"href":"https:\/\/www.isoleolie.it\/eolie\/wp-json\/wp\/v2\/categories?post=1837"},{"taxonomy":"post_tag","embeddable":true,"href":"https:\/\/www.isoleolie.it\/eolie\/wp-json\/wp\/v2\/tags?post=1837"}],"curies":[{"name":"wp","href":"https:\/\/api.w.org\/{rel}","templated":true}]}}