{"id":1812,"date":"2024-09-02T11:44:52","date_gmt":"2024-09-02T09:44:52","guid":{"rendered":"https:\/\/www.isoleolie.it\/eolie\/?p=1812"},"modified":"2024-09-02T11:53:48","modified_gmt":"2024-09-02T09:53:48","slug":"continuano-le-vacanze-in-italia-meteo-e-tariffe-bassa-stagione-spingono-le-ferie-a-settembre","status":"publish","type":"post","link":"https:\/\/www.isoleolie.it\/eolie\/continuano-le-vacanze-in-italia-meteo-e-tariffe-bassa-stagione-spingono-le-ferie-a-settembre\/eolie-news\/","title":{"rendered":"Continuano le vacanze in Italia. Meteo e tariffe bassa stagione spingono le ferie a settembre"},"content":{"rendered":"<h2 style=\"text-align: left;\" align=\"center\">Meteo caldo e tariffe da \u2018bassa stagione\u2019 danno una spinta al turismo di settembre. Per il mese si prevede l\u2019arrivo nelle strutture ricettive di 15 milioni di turisti per un totale di 50,2 milioni di pernottamenti, lo 0,6% in pi\u00f9 rispetto a settembre 2023.<\/h2>\n<div style=\"text-align: left;\" align=\"center\">\n<p><span style=\"font-size: 14pt;\">A stimarlo il Centro Studi Turistici per Assoturismo Confesercenti che per\u00f2 registra un estate in generale un po\u2019 al di sotto delle aspettative soprattutto per il rallentamento della domanda interna compensata in buona parte dall\u2019aumento degli stranieri.<\/span><\/p>\n<p style=\"text-align: left;\"><span style=\"font-size: 14pt;\">Un trend dunque positivo, anche se le imprese sperano di migliorare ulteriormente i tassi di occupazione con le decisioni di partenza sotto data. Le tendenze pi\u00f9 ottimiste sono attese per le imprese delle citt\u00e0 d\u2019arte (+2,4%%), delle localit\u00e0 rurali e di collina (+2,1%). Una leggera crescita \u00e8 attesa anche per le localit\u00e0 dei laghi (+0,9%) e ad \u201caltro interesse\u201d (+0,8%), mentre per le localit\u00e0 marine (-0,5%), di montagna (-0,6%) e del termale (-1,2%) le previsioni sono di una sostanziale stabilit\u00e0 o di leggera contrazione della domanda.<\/span><\/p>\n<p><script async src=\"https:\/\/pagead2.googlesyndication.com\/pagead\/js\/adsbygoogle.js?client=ca-pub-0374348204273382\" crossorigin=\"anonymous\"><\/script><br \/>\n<ins class=\"adsbygoogle\" style=\"display: block; text-align: center;\" data-ad-layout=\"in-article\" data-ad-format=\"fluid\" data-ad-client=\"ca-pub-0374348204273382\" data-ad-slot=\"7701142189\"><\/ins><br \/>\n<script>\n     (adsbygoogle = window.adsbygoogle || []).push({});\n<\/script><\/p>\n<\/div>\n<div><span style=\"font-size: 14pt;\">Contrazione che si \u00e8 fatta sentire anche nel trimestre estivo, con una stagione turistica sotto le attese: secondo le nostre stime, i pernottamenti tra giugno e agosto sono diminuiti dello 0,7%, per una flessione di 1,4 milioni di presenze rispetto allo scorso anno.<\/span><\/div>\n<div><span style=\"font-size: 14pt;\">A pesare il calo della domanda italiana (-2,9%), con valori di forte diminuzione nelle localit\u00e0 balneari (-4,1%), termali (-5,3%) e dei laghi (-3,7%). In termini assoluti si stimano per il trimestre estivo 105,4 milioni di pernottamenti di italiani, contro i 108,6 milioni del 2023.\u00a0<\/span><\/div>\n<div><\/div>\n<div><span style=\"font-size: 14pt;\">La contrazione della domanda interna \u00e8 stata registrata da tutte le imprese della filiera del turismo, in particolare dagli stabilimenti balneari e dalla ristorazione. Anche le strutture della ricettivit\u00e0 hanno sofferto gli effetti di una minore capacit\u00e0 di spesa degli italiani, che hanno ridotto ulteriormente la durata dei soggiorni e innalzato di conseguenza i costi di gestione delle imprese. Complessivamente la permanenza media degli ospiti \u00e8 scesa a 3,9 notti dalle 4,0 del 2023, ma \u00e8 diminuita anche la richiesta di servizi aggiuntivi ed \u00e8 aumentato l\u2019interesse verso le sistemazioni a tariffe pi\u00f9 contenute per meglio controllare il budget della vacanza.\u00a0<\/span><\/div>\n<div><\/div>\n<div><span style=\"font-size: 14pt;\">In breve, il dinamismo delle prenotazioni registrato ad inizio stagione lasciava intravedere un trimestre estivo abbastanza promettente, ma ad oggi i risultati sembrerebbero al di sotto delle aspettative non solo per le localit\u00e0 del turismo balneare, della montagna e delle aree termali, ma anche per le destinazioni non interessate dal turismo internazionale. Che, invece, \u00e8 andato bene: l\u2019aumento degli stranieri \u00e8 stimato al +1,6%, avvertito maggiormente nel settore alberghiero (+2,4%), ma anche nelle strutture complementari (+0,9%). In termini assoluti i pernottamenti stimati salgono ad oltre 105,1 milioni, contro i 103,4 milioni del 2023. Un aumento che, per\u00f2, non basta a compensare il calo della domanda interna.\u00a0<\/span><\/div>\n<div><\/div>\n<div><span style=\"font-size: 14pt;\">La flessione del mercato \u00e8 stata percepita in tutte le aree del Paese, ad eccezione delle strutture ricettive localizzate nelle regioni del Nord Ovest che hanno segnalato un valore di sostanziale stabilit\u00e0 o di leggerissima crescita (+0,4%), grazie all\u2019aumento dei turisti stranieri (+2,2%).\u00a0<\/span><\/div>\n<div><\/div>\n<div><span style=\"font-size: 14pt;\">Nelle regioni del Nord Est si registra il risultato peggiore (-1%) con un consistente calo degli italiani (-2,9%) e nonostante l\u2019incremento degli stranieri (+0,5%). Nelle regioni del Centro la stima del risultato \u00e8 del -0,8%, determinato dal calo degli italiani (-3,5%) e da un parallelo incremento degli stranieri (+1,9%). Per le regioni del Sud e Isole la stima \u00e8 del -0,6%: le presenze stimate degli italiani sono del -2,8% a fronte di un aumento di quelle straniere del +4,1%.\u00a0<\/span><\/div>\n<p>[Fonte:travelnostop.com]<\/p>\n<p><script async src=\"https:\/\/pagead2.googlesyndication.com\/pagead\/js\/adsbygoogle.js?client=ca-pub-0374348204273382\" crossorigin=\"anonymous\"><\/script><br \/>\n<ins class=\"adsbygoogle\" style=\"display: block; text-align: center;\" data-ad-layout=\"in-article\" data-ad-format=\"fluid\" data-ad-client=\"ca-pub-0374348204273382\" data-ad-slot=\"7701142189\"><\/ins><br \/>\n<script>\n     (adsbygoogle = window.adsbygoogle || []).push({});\n<\/script><\/p>\n","protected":false},"excerpt":{"rendered":"<p>Meteo caldo e tariffe da \u2018bassa stagione\u2019 danno una spinta al turismo di settembre. Per il mese si prevede l\u2019arrivo nelle strutture ricettive di 15 milioni di turisti per un totale di 50,2 milioni di pernottamenti, lo 0,6% in pi\u00f9 rispetto a settembre 2023. A stimarlo il Centro Studi Turistici per Assoturismo Confesercenti che per\u00f2 [&hellip;]<\/p>\n","protected":false},"author":1,"featured_media":1814,"comment_status":"closed","ping_status":"closed","sticky":false,"template":"","format":"standard","meta":{"footnotes":""},"categories":[22],"tags":[],"class_list":["post-1812","post","type-post","status-publish","format-standard","has-post-thumbnail","hentry","category-eolie-news"],"yoast_head":"<!-- This site is optimized with the Yoast SEO plugin v27.5 - https:\/\/yoast.com\/product\/yoast-seo-wordpress\/ -->\r\n<title>Continuano le vacanze in Italia. Meteo e tariffe bassa stagione spingono le ferie a settembre - ISOLE EOLIE Turismo e Vacanze Hotel B&amp;B Residence Case Vacanza<\/title>\r\n<meta name=\"robots\" content=\"index, follow, max-snippet:-1, max-image-preview:large, max-video-preview:-1\" \/>\r\n<link rel=\"canonical\" href=\"https:\/\/www.isoleolie.it\/eolie\/continuano-le-vacanze-in-italia-meteo-e-tariffe-bassa-stagione-spingono-le-ferie-a-settembre\/eolie-news\/\" \/>\r\n<meta property=\"og:locale\" content=\"it_IT\" \/>\r\n<meta property=\"og:type\" content=\"article\" \/>\r\n<meta property=\"og:title\" content=\"Continuano le vacanze in Italia. Meteo e tariffe bassa stagione spingono le ferie a settembre - ISOLE EOLIE Turismo e Vacanze Hotel B&amp;B Residence Case Vacanza\" \/>\r\n<meta property=\"og:description\" content=\"Meteo caldo e tariffe da \u2018bassa stagione\u2019 danno una spinta al turismo di settembre. Per il mese si prevede l\u2019arrivo nelle strutture ricettive di 15 milioni di turisti per un totale di 50,2 milioni di pernottamenti, lo 0,6% in pi\u00f9 rispetto a settembre 2023. A stimarlo il Centro Studi Turistici per Assoturismo Confesercenti che per\u00f2 [&hellip;]\" \/>\r\n<meta property=\"og:url\" content=\"https:\/\/www.isoleolie.it\/eolie\/continuano-le-vacanze-in-italia-meteo-e-tariffe-bassa-stagione-spingono-le-ferie-a-settembre\/eolie-news\/\" \/>\r\n<meta property=\"og:site_name\" content=\"ISOLE EOLIE Turismo e Vacanze Hotel B&amp;B Residence Case Vacanza\" \/>\r\n<meta property=\"article:published_time\" content=\"2024-09-02T09:44:52+00:00\" \/>\r\n<meta property=\"article:modified_time\" content=\"2024-09-02T09:53:48+00:00\" \/>\r\n<meta property=\"og:image\" content=\"https:\/\/www.isoleolie.it\/eolie\/wp-content\/uploads\/2024\/09\/Vacanza-2-610x3661-1.jpg\" \/>\r\n\t<meta property=\"og:image:width\" content=\"610\" \/>\r\n\t<meta property=\"og:image:height\" content=\"366\" \/>\r\n\t<meta property=\"og:image:type\" content=\"image\/jpeg\" \/>\r\n<meta name=\"author\" content=\"Tourism Manager\" \/>\r\n<meta name=\"twitter:card\" content=\"summary_large_image\" \/>\r\n<meta name=\"twitter:label1\" content=\"Scritto da\" \/>\n\t<meta name=\"twitter:data1\" content=\"Tourism Manager\" \/>\n\t<meta name=\"twitter:label2\" content=\"Tempo di lettura stimato\" \/>\n\t<meta name=\"twitter:data2\" content=\"4 minuti\" \/>\r\n<script type=\"application\/ld+json\" class=\"yoast-schema-graph\">{\"@context\":\"https:\\\/\\\/schema.org\",\"@graph\":[{\"@type\":\"Article\",\"@id\":\"https:\\\/\\\/www.isoleolie.it\\\/eolie\\\/continuano-le-vacanze-in-italia-meteo-e-tariffe-bassa-stagione-spingono-le-ferie-a-settembre\\\/eolie-news\\\/#article\",\"isPartOf\":{\"@id\":\"https:\\\/\\\/www.isoleolie.it\\\/eolie\\\/continuano-le-vacanze-in-italia-meteo-e-tariffe-bassa-stagione-spingono-le-ferie-a-settembre\\\/eolie-news\\\/\"},\"author\":{\"name\":\"Tourism Manager\",\"@id\":\"https:\\\/\\\/www.isoleolie.it\\\/eolie\\\/#\\\/schema\\\/person\\\/4c400db26884d9f212712636db6c1746\"},\"headline\":\"Continuano le vacanze in Italia. Meteo e tariffe bassa stagione spingono le ferie a settembre\",\"datePublished\":\"2024-09-02T09:44:52+00:00\",\"dateModified\":\"2024-09-02T09:53:48+00:00\",\"mainEntityOfPage\":{\"@id\":\"https:\\\/\\\/www.isoleolie.it\\\/eolie\\\/continuano-le-vacanze-in-italia-meteo-e-tariffe-bassa-stagione-spingono-le-ferie-a-settembre\\\/eolie-news\\\/\"},\"wordCount\":570,\"publisher\":{\"@id\":\"https:\\\/\\\/www.isoleolie.it\\\/eolie\\\/#organization\"},\"image\":{\"@id\":\"https:\\\/\\\/www.isoleolie.it\\\/eolie\\\/continuano-le-vacanze-in-italia-meteo-e-tariffe-bassa-stagione-spingono-le-ferie-a-settembre\\\/eolie-news\\\/#primaryimage\"},\"thumbnailUrl\":\"https:\\\/\\\/www.isoleolie.it\\\/eolie\\\/wp-content\\\/uploads\\\/2024\\\/09\\\/Vacanza-2-610x3661-1.jpg\",\"articleSection\":[\"NEWS\"],\"inLanguage\":\"it-IT\"},{\"@type\":\"WebPage\",\"@id\":\"https:\\\/\\\/www.isoleolie.it\\\/eolie\\\/continuano-le-vacanze-in-italia-meteo-e-tariffe-bassa-stagione-spingono-le-ferie-a-settembre\\\/eolie-news\\\/\",\"url\":\"https:\\\/\\\/www.isoleolie.it\\\/eolie\\\/continuano-le-vacanze-in-italia-meteo-e-tariffe-bassa-stagione-spingono-le-ferie-a-settembre\\\/eolie-news\\\/\",\"name\":\"Continuano le vacanze in Italia. Meteo e tariffe bassa stagione spingono le ferie a settembre - ISOLE EOLIE Turismo e Vacanze Hotel B&amp;B Residence Case Vacanza\",\"isPartOf\":{\"@id\":\"https:\\\/\\\/www.isoleolie.it\\\/eolie\\\/#website\"},\"primaryImageOfPage\":{\"@id\":\"https:\\\/\\\/www.isoleolie.it\\\/eolie\\\/continuano-le-vacanze-in-italia-meteo-e-tariffe-bassa-stagione-spingono-le-ferie-a-settembre\\\/eolie-news\\\/#primaryimage\"},\"image\":{\"@id\":\"https:\\\/\\\/www.isoleolie.it\\\/eolie\\\/continuano-le-vacanze-in-italia-meteo-e-tariffe-bassa-stagione-spingono-le-ferie-a-settembre\\\/eolie-news\\\/#primaryimage\"},\"thumbnailUrl\":\"https:\\\/\\\/www.isoleolie.it\\\/eolie\\\/wp-content\\\/uploads\\\/2024\\\/09\\\/Vacanza-2-610x3661-1.jpg\",\"datePublished\":\"2024-09-02T09:44:52+00:00\",\"dateModified\":\"2024-09-02T09:53:48+00:00\",\"breadcrumb\":{\"@id\":\"https:\\\/\\\/www.isoleolie.it\\\/eolie\\\/continuano-le-vacanze-in-italia-meteo-e-tariffe-bassa-stagione-spingono-le-ferie-a-settembre\\\/eolie-news\\\/#breadcrumb\"},\"inLanguage\":\"it-IT\",\"potentialAction\":[{\"@type\":\"ReadAction\",\"target\":[\"https:\\\/\\\/www.isoleolie.it\\\/eolie\\\/continuano-le-vacanze-in-italia-meteo-e-tariffe-bassa-stagione-spingono-le-ferie-a-settembre\\\/eolie-news\\\/\"]}]},{\"@type\":\"ImageObject\",\"inLanguage\":\"it-IT\",\"@id\":\"https:\\\/\\\/www.isoleolie.it\\\/eolie\\\/continuano-le-vacanze-in-italia-meteo-e-tariffe-bassa-stagione-spingono-le-ferie-a-settembre\\\/eolie-news\\\/#primaryimage\",\"url\":\"https:\\\/\\\/www.isoleolie.it\\\/eolie\\\/wp-content\\\/uploads\\\/2024\\\/09\\\/Vacanza-2-610x3661-1.jpg\",\"contentUrl\":\"https:\\\/\\\/www.isoleolie.it\\\/eolie\\\/wp-content\\\/uploads\\\/2024\\\/09\\\/Vacanza-2-610x3661-1.jpg\",\"width\":610,\"height\":366},{\"@type\":\"BreadcrumbList\",\"@id\":\"https:\\\/\\\/www.isoleolie.it\\\/eolie\\\/continuano-le-vacanze-in-italia-meteo-e-tariffe-bassa-stagione-spingono-le-ferie-a-settembre\\\/eolie-news\\\/#breadcrumb\",\"itemListElement\":[{\"@type\":\"ListItem\",\"position\":1,\"name\":\"Home\",\"item\":\"https:\\\/\\\/www.isoleolie.it\\\/eolie\\\/\"},{\"@type\":\"ListItem\",\"position\":2,\"name\":\"Continuano le vacanze in Italia. Meteo e tariffe bassa stagione spingono le ferie a settembre\"}]},{\"@type\":\"WebSite\",\"@id\":\"https:\\\/\\\/www.isoleolie.it\\\/eolie\\\/#website\",\"url\":\"https:\\\/\\\/www.isoleolie.it\\\/eolie\\\/\",\"name\":\"ISOLE EOLIE Turismo e Vacanze alle Isole Eolie Hotel B&B Residence Case Vacanza\",\"description\":\"The first and official tourism site for the Aeolian Islands\",\"publisher\":{\"@id\":\"https:\\\/\\\/www.isoleolie.it\\\/eolie\\\/#organization\"},\"potentialAction\":[{\"@type\":\"SearchAction\",\"target\":{\"@type\":\"EntryPoint\",\"urlTemplate\":\"https:\\\/\\\/www.isoleolie.it\\\/eolie\\\/?s={search_term_string}\"},\"query-input\":{\"@type\":\"PropertyValueSpecification\",\"valueRequired\":true,\"valueName\":\"search_term_string\"}}],\"inLanguage\":\"it-IT\"},{\"@type\":\"Organization\",\"@id\":\"https:\\\/\\\/www.isoleolie.it\\\/eolie\\\/#organization\",\"name\":\"ISOLE EOLIE\",\"url\":\"https:\\\/\\\/www.isoleolie.it\\\/eolie\\\/\",\"logo\":{\"@type\":\"ImageObject\",\"inLanguage\":\"it-IT\",\"@id\":\"https:\\\/\\\/www.isoleolie.it\\\/eolie\\\/#\\\/schema\\\/logo\\\/image\\\/\",\"url\":\"https:\\\/\\\/www.isoleolie.it\\\/eolie\\\/wp-content\\\/uploads\\\/2024\\\/11\\\/oMv8p0-4_400x400.jpg\",\"contentUrl\":\"https:\\\/\\\/www.isoleolie.it\\\/eolie\\\/wp-content\\\/uploads\\\/2024\\\/11\\\/oMv8p0-4_400x400.jpg\",\"width\":400,\"height\":400,\"caption\":\"ISOLE EOLIE\"},\"image\":{\"@id\":\"https:\\\/\\\/www.isoleolie.it\\\/eolie\\\/#\\\/schema\\\/logo\\\/image\\\/\"}},{\"@type\":\"Person\",\"@id\":\"https:\\\/\\\/www.isoleolie.it\\\/eolie\\\/#\\\/schema\\\/person\\\/4c400db26884d9f212712636db6c1746\",\"name\":\"Tourism Manager\",\"image\":{\"@type\":\"ImageObject\",\"inLanguage\":\"it-IT\",\"@id\":\"https:\\\/\\\/secure.gravatar.com\\\/avatar\\\/3446a46a5f1bdb4055f313474780b529660445bd2d0364f2472d83fd63ed9bbc?s=96&d=mm&r=g\",\"url\":\"https:\\\/\\\/secure.gravatar.com\\\/avatar\\\/3446a46a5f1bdb4055f313474780b529660445bd2d0364f2472d83fd63ed9bbc?s=96&d=mm&r=g\",\"contentUrl\":\"https:\\\/\\\/secure.gravatar.com\\\/avatar\\\/3446a46a5f1bdb4055f313474780b529660445bd2d0364f2472d83fd63ed9bbc?s=96&d=mm&r=g\",\"caption\":\"Tourism Manager\"},\"description\":\"Che cos'\u00e8 un manager del turismo? Tecnicamente, un manager del turismo \u00e8 un nome dato a qualsiasi professionista della gestione che lavora in un'azienda collegata all'industria del turismo. Ci\u00f2 include i direttori generali, che si assumono la responsabilit\u00e0 generale di garantire che le operazioni quotidiane si svolgano senza intoppi, ma includono anche i singoli responsabili di reparto all'interno delle aziende. Il ruolo di manager del turismo implica la supervisione delle operazioni all'interno di un'impresa o organizzazione turistica. \u00c8 una posizione di alto livello, che richiede una comprensione approfondita dei concetti di gestione e dell'industria nel suo insieme.\",\"sameAs\":[\"https:\\\/\\\/www.isoleolie.it\\\/\"],\"url\":\"https:\\\/\\\/www.isoleolie.it\\\/eolie\\\/author\\\/isoleolie_2\\\/\"}]}<\/script>\r\n<!-- \/ Yoast SEO plugin. -->","yoast_head_json":{"title":"Continuano le vacanze in Italia. Meteo e tariffe bassa stagione spingono le ferie a settembre - ISOLE EOLIE Turismo e Vacanze Hotel B&amp;B Residence Case Vacanza","robots":{"index":"index","follow":"follow","max-snippet":"max-snippet:-1","max-image-preview":"max-image-preview:large","max-video-preview":"max-video-preview:-1"},"canonical":"https:\/\/www.isoleolie.it\/eolie\/continuano-le-vacanze-in-italia-meteo-e-tariffe-bassa-stagione-spingono-le-ferie-a-settembre\/eolie-news\/","og_locale":"it_IT","og_type":"article","og_title":"Continuano le vacanze in Italia. Meteo e tariffe bassa stagione spingono le ferie a settembre - ISOLE EOLIE Turismo e Vacanze Hotel B&amp;B Residence Case Vacanza","og_description":"Meteo caldo e tariffe da \u2018bassa stagione\u2019 danno una spinta al turismo di settembre. Per il mese si prevede l\u2019arrivo nelle strutture ricettive di 15 milioni di turisti per un totale di 50,2 milioni di pernottamenti, lo 0,6% in pi\u00f9 rispetto a settembre 2023. A stimarlo il Centro Studi Turistici per Assoturismo Confesercenti che per\u00f2 [&hellip;]","og_url":"https:\/\/www.isoleolie.it\/eolie\/continuano-le-vacanze-in-italia-meteo-e-tariffe-bassa-stagione-spingono-le-ferie-a-settembre\/eolie-news\/","og_site_name":"ISOLE EOLIE Turismo e Vacanze Hotel B&amp;B Residence Case Vacanza","article_published_time":"2024-09-02T09:44:52+00:00","article_modified_time":"2024-09-02T09:53:48+00:00","og_image":[{"width":610,"height":366,"url":"https:\/\/www.isoleolie.it\/eolie\/wp-content\/uploads\/2024\/09\/Vacanza-2-610x3661-1.jpg","type":"image\/jpeg"}],"author":"Tourism Manager","twitter_card":"summary_large_image","twitter_misc":{"Scritto da":"Tourism Manager","Tempo di lettura stimato":"4 minuti"},"schema":{"@context":"https:\/\/schema.org","@graph":[{"@type":"Article","@id":"https:\/\/www.isoleolie.it\/eolie\/continuano-le-vacanze-in-italia-meteo-e-tariffe-bassa-stagione-spingono-le-ferie-a-settembre\/eolie-news\/#article","isPartOf":{"@id":"https:\/\/www.isoleolie.it\/eolie\/continuano-le-vacanze-in-italia-meteo-e-tariffe-bassa-stagione-spingono-le-ferie-a-settembre\/eolie-news\/"},"author":{"name":"Tourism Manager","@id":"https:\/\/www.isoleolie.it\/eolie\/#\/schema\/person\/4c400db26884d9f212712636db6c1746"},"headline":"Continuano le vacanze in Italia. Meteo e tariffe bassa stagione spingono le ferie a settembre","datePublished":"2024-09-02T09:44:52+00:00","dateModified":"2024-09-02T09:53:48+00:00","mainEntityOfPage":{"@id":"https:\/\/www.isoleolie.it\/eolie\/continuano-le-vacanze-in-italia-meteo-e-tariffe-bassa-stagione-spingono-le-ferie-a-settembre\/eolie-news\/"},"wordCount":570,"publisher":{"@id":"https:\/\/www.isoleolie.it\/eolie\/#organization"},"image":{"@id":"https:\/\/www.isoleolie.it\/eolie\/continuano-le-vacanze-in-italia-meteo-e-tariffe-bassa-stagione-spingono-le-ferie-a-settembre\/eolie-news\/#primaryimage"},"thumbnailUrl":"https:\/\/www.isoleolie.it\/eolie\/wp-content\/uploads\/2024\/09\/Vacanza-2-610x3661-1.jpg","articleSection":["NEWS"],"inLanguage":"it-IT"},{"@type":"WebPage","@id":"https:\/\/www.isoleolie.it\/eolie\/continuano-le-vacanze-in-italia-meteo-e-tariffe-bassa-stagione-spingono-le-ferie-a-settembre\/eolie-news\/","url":"https:\/\/www.isoleolie.it\/eolie\/continuano-le-vacanze-in-italia-meteo-e-tariffe-bassa-stagione-spingono-le-ferie-a-settembre\/eolie-news\/","name":"Continuano le vacanze in Italia. Meteo e tariffe bassa stagione spingono le ferie a settembre - ISOLE EOLIE Turismo e Vacanze Hotel B&amp;B Residence Case Vacanza","isPartOf":{"@id":"https:\/\/www.isoleolie.it\/eolie\/#website"},"primaryImageOfPage":{"@id":"https:\/\/www.isoleolie.it\/eolie\/continuano-le-vacanze-in-italia-meteo-e-tariffe-bassa-stagione-spingono-le-ferie-a-settembre\/eolie-news\/#primaryimage"},"image":{"@id":"https:\/\/www.isoleolie.it\/eolie\/continuano-le-vacanze-in-italia-meteo-e-tariffe-bassa-stagione-spingono-le-ferie-a-settembre\/eolie-news\/#primaryimage"},"thumbnailUrl":"https:\/\/www.isoleolie.it\/eolie\/wp-content\/uploads\/2024\/09\/Vacanza-2-610x3661-1.jpg","datePublished":"2024-09-02T09:44:52+00:00","dateModified":"2024-09-02T09:53:48+00:00","breadcrumb":{"@id":"https:\/\/www.isoleolie.it\/eolie\/continuano-le-vacanze-in-italia-meteo-e-tariffe-bassa-stagione-spingono-le-ferie-a-settembre\/eolie-news\/#breadcrumb"},"inLanguage":"it-IT","potentialAction":[{"@type":"ReadAction","target":["https:\/\/www.isoleolie.it\/eolie\/continuano-le-vacanze-in-italia-meteo-e-tariffe-bassa-stagione-spingono-le-ferie-a-settembre\/eolie-news\/"]}]},{"@type":"ImageObject","inLanguage":"it-IT","@id":"https:\/\/www.isoleolie.it\/eolie\/continuano-le-vacanze-in-italia-meteo-e-tariffe-bassa-stagione-spingono-le-ferie-a-settembre\/eolie-news\/#primaryimage","url":"https:\/\/www.isoleolie.it\/eolie\/wp-content\/uploads\/2024\/09\/Vacanza-2-610x3661-1.jpg","contentUrl":"https:\/\/www.isoleolie.it\/eolie\/wp-content\/uploads\/2024\/09\/Vacanza-2-610x3661-1.jpg","width":610,"height":366},{"@type":"BreadcrumbList","@id":"https:\/\/www.isoleolie.it\/eolie\/continuano-le-vacanze-in-italia-meteo-e-tariffe-bassa-stagione-spingono-le-ferie-a-settembre\/eolie-news\/#breadcrumb","itemListElement":[{"@type":"ListItem","position":1,"name":"Home","item":"https:\/\/www.isoleolie.it\/eolie\/"},{"@type":"ListItem","position":2,"name":"Continuano le vacanze in Italia. Meteo e tariffe bassa stagione spingono le ferie a settembre"}]},{"@type":"WebSite","@id":"https:\/\/www.isoleolie.it\/eolie\/#website","url":"https:\/\/www.isoleolie.it\/eolie\/","name":"ISOLE EOLIE Turismo e Vacanze alle Isole Eolie Hotel B&B Residence Case Vacanza","description":"The first and official tourism site for the Aeolian Islands","publisher":{"@id":"https:\/\/www.isoleolie.it\/eolie\/#organization"},"potentialAction":[{"@type":"SearchAction","target":{"@type":"EntryPoint","urlTemplate":"https:\/\/www.isoleolie.it\/eolie\/?s={search_term_string}"},"query-input":{"@type":"PropertyValueSpecification","valueRequired":true,"valueName":"search_term_string"}}],"inLanguage":"it-IT"},{"@type":"Organization","@id":"https:\/\/www.isoleolie.it\/eolie\/#organization","name":"ISOLE EOLIE","url":"https:\/\/www.isoleolie.it\/eolie\/","logo":{"@type":"ImageObject","inLanguage":"it-IT","@id":"https:\/\/www.isoleolie.it\/eolie\/#\/schema\/logo\/image\/","url":"https:\/\/www.isoleolie.it\/eolie\/wp-content\/uploads\/2024\/11\/oMv8p0-4_400x400.jpg","contentUrl":"https:\/\/www.isoleolie.it\/eolie\/wp-content\/uploads\/2024\/11\/oMv8p0-4_400x400.jpg","width":400,"height":400,"caption":"ISOLE EOLIE"},"image":{"@id":"https:\/\/www.isoleolie.it\/eolie\/#\/schema\/logo\/image\/"}},{"@type":"Person","@id":"https:\/\/www.isoleolie.it\/eolie\/#\/schema\/person\/4c400db26884d9f212712636db6c1746","name":"Tourism Manager","image":{"@type":"ImageObject","inLanguage":"it-IT","@id":"https:\/\/secure.gravatar.com\/avatar\/3446a46a5f1bdb4055f313474780b529660445bd2d0364f2472d83fd63ed9bbc?s=96&d=mm&r=g","url":"https:\/\/secure.gravatar.com\/avatar\/3446a46a5f1bdb4055f313474780b529660445bd2d0364f2472d83fd63ed9bbc?s=96&d=mm&r=g","contentUrl":"https:\/\/secure.gravatar.com\/avatar\/3446a46a5f1bdb4055f313474780b529660445bd2d0364f2472d83fd63ed9bbc?s=96&d=mm&r=g","caption":"Tourism Manager"},"description":"Che cos'\u00e8 un manager del turismo? Tecnicamente, un manager del turismo \u00e8 un nome dato a qualsiasi professionista della gestione che lavora in un'azienda collegata all'industria del turismo. Ci\u00f2 include i direttori generali, che si assumono la responsabilit\u00e0 generale di garantire che le operazioni quotidiane si svolgano senza intoppi, ma includono anche i singoli responsabili di reparto all'interno delle aziende. Il ruolo di manager del turismo implica la supervisione delle operazioni all'interno di un'impresa o organizzazione turistica. \u00c8 una posizione di alto livello, che richiede una comprensione approfondita dei concetti di gestione e dell'industria nel suo insieme.","sameAs":["https:\/\/www.isoleolie.it\/"],"url":"https:\/\/www.isoleolie.it\/eolie\/author\/isoleolie_2\/"}]}},"_links":{"self":[{"href":"https:\/\/www.isoleolie.it\/eolie\/wp-json\/wp\/v2\/posts\/1812","targetHints":{"allow":["GET"]}}],"collection":[{"href":"https:\/\/www.isoleolie.it\/eolie\/wp-json\/wp\/v2\/posts"}],"about":[{"href":"https:\/\/www.isoleolie.it\/eolie\/wp-json\/wp\/v2\/types\/post"}],"author":[{"embeddable":true,"href":"https:\/\/www.isoleolie.it\/eolie\/wp-json\/wp\/v2\/users\/1"}],"replies":[{"embeddable":true,"href":"https:\/\/www.isoleolie.it\/eolie\/wp-json\/wp\/v2\/comments?post=1812"}],"version-history":[{"count":6,"href":"https:\/\/www.isoleolie.it\/eolie\/wp-json\/wp\/v2\/posts\/1812\/revisions"}],"predecessor-version":[{"id":1819,"href":"https:\/\/www.isoleolie.it\/eolie\/wp-json\/wp\/v2\/posts\/1812\/revisions\/1819"}],"wp:featuredmedia":[{"embeddable":true,"href":"https:\/\/www.isoleolie.it\/eolie\/wp-json\/wp\/v2\/media\/1814"}],"wp:attachment":[{"href":"https:\/\/www.isoleolie.it\/eolie\/wp-json\/wp\/v2\/media?parent=1812"}],"wp:term":[{"taxonomy":"category","embeddable":true,"href":"https:\/\/www.isoleolie.it\/eolie\/wp-json\/wp\/v2\/categories?post=1812"},{"taxonomy":"post_tag","embeddable":true,"href":"https:\/\/www.isoleolie.it\/eolie\/wp-json\/wp\/v2\/tags?post=1812"}],"curies":[{"name":"wp","href":"https:\/\/api.w.org\/{rel}","templated":true}]}}