{"id":1741,"date":"2024-02-06T11:54:03","date_gmt":"2024-02-06T10:54:03","guid":{"rendered":"https:\/\/www.isoleolie.it\/eolie\/?p=1741"},"modified":"2024-02-06T11:54:03","modified_gmt":"2024-02-06T10:54:03","slug":"le-isole-eolie-alla-bit-di-milano-allinsegna-della-valorizzazione-del-sito-unesco","status":"publish","type":"post","link":"https:\/\/www.isoleolie.it\/eolie\/le-isole-eolie-alla-bit-di-milano-allinsegna-della-valorizzazione-del-sito-unesco\/eolie-news\/","title":{"rendered":"Le Isole Eolie alla BIT di Milano all\u2019insegna della valorizzazione del sito UNESCO."},"content":{"rendered":"<h1>Alla Borsa Internazionale del Turismo di Milano, nel panel organizzato dalla Regione Siciliana, riservato ai siti UNESCO.<\/h1>\n<p><span style=\"font-size: 14pt;\">Alla presenza dell\u2019Assessore Regionale al Turismo, Elvira Amata, \u00e8 stato presentato \u201cExcover &#8211; Explore and Discover the Aeolian Islands\u201d, il progetto di valorizzazione del sito UNESCO delle Isole Eolie, il primo in Italia ad essere stato inserito, gi\u00e0 nel 2000, nella World Heritage List dell\u2019UNESCO per gli aspetti naturalistici.<\/span><\/p>\n<p><span style=\"font-size: 14pt;\">Il progetto, predisposto dal Comune di Lipari (capofila) assieme a quelli di Leni, Malfa e Santa Marina Salina, \u00e8 stato finanziato dal Ministero del Turismo e vedr\u00e0 i suoi effetti e le sue ricadute gi\u00e0 a partire dalla stagione turistica 2025. <\/span><br \/>\n<script async src=\"https:\/\/pagead2.googlesyndication.com\/pagead\/js\/adsbygoogle.js?client=ca-pub-0374348204273382\" crossorigin=\"anonymous\"><\/script><br \/>\n<ins class=\"adsbygoogle\" style=\"display: block; text-align: center;\" data-ad-layout=\"in-article\" data-ad-format=\"fluid\" data-ad-client=\"ca-pub-0374348204273382\" data-ad-slot=\"7701142189\"><\/ins><br \/>\n<script>\n     (adsbygoogle = window.adsbygoogle || []).push({});\n<\/script><\/p>\n<p><span style=\"font-size: 14pt;\">Dopo la prima fase di analisi e definizione del piano di comunicazione, prevede: interventi di recupero e miglioramento della fruizione sentieristica delle isole Eolie (su oltre 40 percorsi); azioni di digitalizzazione e promozione online dei contenuti; realizzazione di un\u2019App promo-informativa che utilizzi i contenuti messi gratuitamente a disposizione da Federalberghi Isole Eolie, attraverso loveolie.com; azioni di internazionalizzazione all\u2019estero volte ad attrarre visitatori quanto pi\u00f9 interessati alle peculiarit\u00e0 delle piccole isole; workshop ed educational sul territorio finalizzati alla creazione di contenuti di qualit\u00e0 opportunit\u00e0 di business per gli operatori turistici locali.<\/span><\/p>\n<p><span style=\"font-size: 14pt;\">In occasione del panel organizzato dalla DMO Islands of Sicily, sempre presso lo stand della Regione Siciliana, si \u00e8 inoltre avuta la possibilit\u00e0 di presentare l\u2019evoluzione dell\u2019Agenda Eventi di loveolie.com che adesso consente a tutti gli organizzatori (pubblici e privati) di caricare in autonomia i propri eventi sul portale di destinazione e che nel 2023 aveva gi\u00e0 registrato e reso consultabili per i visitatori ben 95 eventi per un totale di 145 giorni di programmazione.<\/span><\/p>\n","protected":false},"excerpt":{"rendered":"<p>Alla Borsa Internazionale del Turismo di Milano, nel panel organizzato dalla Regione Siciliana, riservato ai siti UNESCO. Alla presenza dell\u2019Assessore Regionale al Turismo, Elvira Amata, \u00e8 stato presentato \u201cExcover &#8211; Explore and Discover the Aeolian Islands\u201d, il progetto di valorizzazione del sito UNESCO delle Isole Eolie, il primo in Italia ad essere stato inserito, gi\u00e0 [&hellip;]<\/p>\n","protected":false},"author":1,"featured_media":1742,"comment_status":"closed","ping_status":"closed","sticky":false,"template":"","format":"standard","meta":{"footnotes":""},"categories":[22],"tags":[],"class_list":["post-1741","post","type-post","status-publish","format-standard","has-post-thumbnail","hentry","category-eolie-news"],"yoast_head":"<!-- This site is optimized with the Yoast SEO plugin v27.5 - https:\/\/yoast.com\/product\/yoast-seo-wordpress\/ -->\r\n<title>Le Isole Eolie alla BIT di Milano all\u2019insegna della valorizzazione del sito UNESCO. - ISOLE EOLIE Turismo e Vacanze Hotel B&amp;B Residence Case Vacanza<\/title>\r\n<meta name=\"robots\" content=\"index, follow, max-snippet:-1, max-image-preview:large, max-video-preview:-1\" \/>\r\n<link rel=\"canonical\" href=\"https:\/\/www.isoleolie.it\/eolie\/le-isole-eolie-alla-bit-di-milano-allinsegna-della-valorizzazione-del-sito-unesco\/eolie-news\/\" \/>\r\n<meta property=\"og:locale\" content=\"it_IT\" \/>\r\n<meta property=\"og:type\" content=\"article\" \/>\r\n<meta property=\"og:title\" content=\"Le Isole Eolie alla BIT di Milano all\u2019insegna della valorizzazione del sito UNESCO. - ISOLE EOLIE Turismo e Vacanze Hotel B&amp;B Residence Case Vacanza\" \/>\r\n<meta property=\"og:description\" content=\"Alla Borsa Internazionale del Turismo di Milano, nel panel organizzato dalla Regione Siciliana, riservato ai siti UNESCO. Alla presenza dell\u2019Assessore Regionale al Turismo, Elvira Amata, \u00e8 stato presentato \u201cExcover &#8211; Explore and Discover the Aeolian Islands\u201d, il progetto di valorizzazione del sito UNESCO delle Isole Eolie, il primo in Italia ad essere stato inserito, gi\u00e0 [&hellip;]\" \/>\r\n<meta property=\"og:url\" content=\"https:\/\/www.isoleolie.it\/eolie\/le-isole-eolie-alla-bit-di-milano-allinsegna-della-valorizzazione-del-sito-unesco\/eolie-news\/\" \/>\r\n<meta property=\"og:site_name\" content=\"ISOLE EOLIE Turismo e Vacanze Hotel B&amp;B Residence Case Vacanza\" \/>\r\n<meta property=\"article:published_time\" content=\"2024-02-06T10:54:03+00:00\" \/>\r\n<meta property=\"og:image\" content=\"https:\/\/www.isoleolie.it\/eolie\/wp-content\/uploads\/2024\/02\/cb7ac55b-e9a2-40b0-8248-32c3f4753aed_11.jpeg\" \/>\r\n\t<meta property=\"og:image:width\" content=\"1600\" \/>\r\n\t<meta property=\"og:image:height\" content=\"1200\" \/>\r\n\t<meta property=\"og:image:type\" content=\"image\/jpeg\" \/>\r\n<meta name=\"author\" content=\"Tourism Manager\" \/>\r\n<meta name=\"twitter:card\" content=\"summary_large_image\" \/>\r\n<meta name=\"twitter:label1\" content=\"Scritto da\" \/>\n\t<meta name=\"twitter:data1\" content=\"Tourism Manager\" \/>\n\t<meta name=\"twitter:label2\" content=\"Tempo di lettura stimato\" \/>\n\t<meta name=\"twitter:data2\" content=\"2 minuti\" \/>\r\n<script type=\"application\/ld+json\" class=\"yoast-schema-graph\">{\"@context\":\"https:\\\/\\\/schema.org\",\"@graph\":[{\"@type\":\"Article\",\"@id\":\"https:\\\/\\\/www.isoleolie.it\\\/eolie\\\/le-isole-eolie-alla-bit-di-milano-allinsegna-della-valorizzazione-del-sito-unesco\\\/eolie-news\\\/#article\",\"isPartOf\":{\"@id\":\"https:\\\/\\\/www.isoleolie.it\\\/eolie\\\/le-isole-eolie-alla-bit-di-milano-allinsegna-della-valorizzazione-del-sito-unesco\\\/eolie-news\\\/\"},\"author\":{\"name\":\"Tourism Manager\",\"@id\":\"https:\\\/\\\/www.isoleolie.it\\\/eolie\\\/#\\\/schema\\\/person\\\/4c400db26884d9f212712636db6c1746\"},\"headline\":\"Le Isole Eolie alla BIT di Milano all\u2019insegna della valorizzazione del sito UNESCO.\",\"datePublished\":\"2024-02-06T10:54:03+00:00\",\"mainEntityOfPage\":{\"@id\":\"https:\\\/\\\/www.isoleolie.it\\\/eolie\\\/le-isole-eolie-alla-bit-di-milano-allinsegna-della-valorizzazione-del-sito-unesco\\\/eolie-news\\\/\"},\"wordCount\":285,\"publisher\":{\"@id\":\"https:\\\/\\\/www.isoleolie.it\\\/eolie\\\/#organization\"},\"image\":{\"@id\":\"https:\\\/\\\/www.isoleolie.it\\\/eolie\\\/le-isole-eolie-alla-bit-di-milano-allinsegna-della-valorizzazione-del-sito-unesco\\\/eolie-news\\\/#primaryimage\"},\"thumbnailUrl\":\"https:\\\/\\\/www.isoleolie.it\\\/eolie\\\/wp-content\\\/uploads\\\/2024\\\/02\\\/cb7ac55b-e9a2-40b0-8248-32c3f4753aed_11.jpeg\",\"articleSection\":[\"NEWS\"],\"inLanguage\":\"it-IT\"},{\"@type\":\"WebPage\",\"@id\":\"https:\\\/\\\/www.isoleolie.it\\\/eolie\\\/le-isole-eolie-alla-bit-di-milano-allinsegna-della-valorizzazione-del-sito-unesco\\\/eolie-news\\\/\",\"url\":\"https:\\\/\\\/www.isoleolie.it\\\/eolie\\\/le-isole-eolie-alla-bit-di-milano-allinsegna-della-valorizzazione-del-sito-unesco\\\/eolie-news\\\/\",\"name\":\"Le Isole Eolie alla BIT di Milano all\u2019insegna della valorizzazione del sito UNESCO. - ISOLE EOLIE Turismo e Vacanze Hotel B&amp;B Residence Case Vacanza\",\"isPartOf\":{\"@id\":\"https:\\\/\\\/www.isoleolie.it\\\/eolie\\\/#website\"},\"primaryImageOfPage\":{\"@id\":\"https:\\\/\\\/www.isoleolie.it\\\/eolie\\\/le-isole-eolie-alla-bit-di-milano-allinsegna-della-valorizzazione-del-sito-unesco\\\/eolie-news\\\/#primaryimage\"},\"image\":{\"@id\":\"https:\\\/\\\/www.isoleolie.it\\\/eolie\\\/le-isole-eolie-alla-bit-di-milano-allinsegna-della-valorizzazione-del-sito-unesco\\\/eolie-news\\\/#primaryimage\"},\"thumbnailUrl\":\"https:\\\/\\\/www.isoleolie.it\\\/eolie\\\/wp-content\\\/uploads\\\/2024\\\/02\\\/cb7ac55b-e9a2-40b0-8248-32c3f4753aed_11.jpeg\",\"datePublished\":\"2024-02-06T10:54:03+00:00\",\"breadcrumb\":{\"@id\":\"https:\\\/\\\/www.isoleolie.it\\\/eolie\\\/le-isole-eolie-alla-bit-di-milano-allinsegna-della-valorizzazione-del-sito-unesco\\\/eolie-news\\\/#breadcrumb\"},\"inLanguage\":\"it-IT\",\"potentialAction\":[{\"@type\":\"ReadAction\",\"target\":[\"https:\\\/\\\/www.isoleolie.it\\\/eolie\\\/le-isole-eolie-alla-bit-di-milano-allinsegna-della-valorizzazione-del-sito-unesco\\\/eolie-news\\\/\"]}]},{\"@type\":\"ImageObject\",\"inLanguage\":\"it-IT\",\"@id\":\"https:\\\/\\\/www.isoleolie.it\\\/eolie\\\/le-isole-eolie-alla-bit-di-milano-allinsegna-della-valorizzazione-del-sito-unesco\\\/eolie-news\\\/#primaryimage\",\"url\":\"https:\\\/\\\/www.isoleolie.it\\\/eolie\\\/wp-content\\\/uploads\\\/2024\\\/02\\\/cb7ac55b-e9a2-40b0-8248-32c3f4753aed_11.jpeg\",\"contentUrl\":\"https:\\\/\\\/www.isoleolie.it\\\/eolie\\\/wp-content\\\/uploads\\\/2024\\\/02\\\/cb7ac55b-e9a2-40b0-8248-32c3f4753aed_11.jpeg\",\"width\":1600,\"height\":1200},{\"@type\":\"BreadcrumbList\",\"@id\":\"https:\\\/\\\/www.isoleolie.it\\\/eolie\\\/le-isole-eolie-alla-bit-di-milano-allinsegna-della-valorizzazione-del-sito-unesco\\\/eolie-news\\\/#breadcrumb\",\"itemListElement\":[{\"@type\":\"ListItem\",\"position\":1,\"name\":\"Home\",\"item\":\"https:\\\/\\\/www.isoleolie.it\\\/eolie\\\/\"},{\"@type\":\"ListItem\",\"position\":2,\"name\":\"Le Isole Eolie alla BIT di Milano all\u2019insegna della valorizzazione del sito UNESCO.\"}]},{\"@type\":\"WebSite\",\"@id\":\"https:\\\/\\\/www.isoleolie.it\\\/eolie\\\/#website\",\"url\":\"https:\\\/\\\/www.isoleolie.it\\\/eolie\\\/\",\"name\":\"ISOLE EOLIE Turismo e Vacanze alle Isole Eolie Hotel B&B Residence Case Vacanza\",\"description\":\"The first and official tourism site for the Aeolian Islands\",\"publisher\":{\"@id\":\"https:\\\/\\\/www.isoleolie.it\\\/eolie\\\/#organization\"},\"potentialAction\":[{\"@type\":\"SearchAction\",\"target\":{\"@type\":\"EntryPoint\",\"urlTemplate\":\"https:\\\/\\\/www.isoleolie.it\\\/eolie\\\/?s={search_term_string}\"},\"query-input\":{\"@type\":\"PropertyValueSpecification\",\"valueRequired\":true,\"valueName\":\"search_term_string\"}}],\"inLanguage\":\"it-IT\"},{\"@type\":\"Organization\",\"@id\":\"https:\\\/\\\/www.isoleolie.it\\\/eolie\\\/#organization\",\"name\":\"ISOLE EOLIE\",\"url\":\"https:\\\/\\\/www.isoleolie.it\\\/eolie\\\/\",\"logo\":{\"@type\":\"ImageObject\",\"inLanguage\":\"it-IT\",\"@id\":\"https:\\\/\\\/www.isoleolie.it\\\/eolie\\\/#\\\/schema\\\/logo\\\/image\\\/\",\"url\":\"https:\\\/\\\/www.isoleolie.it\\\/eolie\\\/wp-content\\\/uploads\\\/2024\\\/11\\\/oMv8p0-4_400x400.jpg\",\"contentUrl\":\"https:\\\/\\\/www.isoleolie.it\\\/eolie\\\/wp-content\\\/uploads\\\/2024\\\/11\\\/oMv8p0-4_400x400.jpg\",\"width\":400,\"height\":400,\"caption\":\"ISOLE EOLIE\"},\"image\":{\"@id\":\"https:\\\/\\\/www.isoleolie.it\\\/eolie\\\/#\\\/schema\\\/logo\\\/image\\\/\"}},{\"@type\":\"Person\",\"@id\":\"https:\\\/\\\/www.isoleolie.it\\\/eolie\\\/#\\\/schema\\\/person\\\/4c400db26884d9f212712636db6c1746\",\"name\":\"Tourism Manager\",\"image\":{\"@type\":\"ImageObject\",\"inLanguage\":\"it-IT\",\"@id\":\"https:\\\/\\\/secure.gravatar.com\\\/avatar\\\/3446a46a5f1bdb4055f313474780b529660445bd2d0364f2472d83fd63ed9bbc?s=96&d=mm&r=g\",\"url\":\"https:\\\/\\\/secure.gravatar.com\\\/avatar\\\/3446a46a5f1bdb4055f313474780b529660445bd2d0364f2472d83fd63ed9bbc?s=96&d=mm&r=g\",\"contentUrl\":\"https:\\\/\\\/secure.gravatar.com\\\/avatar\\\/3446a46a5f1bdb4055f313474780b529660445bd2d0364f2472d83fd63ed9bbc?s=96&d=mm&r=g\",\"caption\":\"Tourism Manager\"},\"description\":\"Che cos'\u00e8 un manager del turismo? Tecnicamente, un manager del turismo \u00e8 un nome dato a qualsiasi professionista della gestione che lavora in un'azienda collegata all'industria del turismo. Ci\u00f2 include i direttori generali, che si assumono la responsabilit\u00e0 generale di garantire che le operazioni quotidiane si svolgano senza intoppi, ma includono anche i singoli responsabili di reparto all'interno delle aziende. Il ruolo di manager del turismo implica la supervisione delle operazioni all'interno di un'impresa o organizzazione turistica. \u00c8 una posizione di alto livello, che richiede una comprensione approfondita dei concetti di gestione e dell'industria nel suo insieme.\",\"sameAs\":[\"https:\\\/\\\/www.isoleolie.it\\\/\"],\"url\":\"https:\\\/\\\/www.isoleolie.it\\\/eolie\\\/author\\\/isoleolie_2\\\/\"}]}<\/script>\r\n<!-- \/ Yoast SEO plugin. -->","yoast_head_json":{"title":"Le Isole Eolie alla BIT di Milano all\u2019insegna della valorizzazione del sito UNESCO. - ISOLE EOLIE Turismo e Vacanze Hotel B&amp;B Residence Case Vacanza","robots":{"index":"index","follow":"follow","max-snippet":"max-snippet:-1","max-image-preview":"max-image-preview:large","max-video-preview":"max-video-preview:-1"},"canonical":"https:\/\/www.isoleolie.it\/eolie\/le-isole-eolie-alla-bit-di-milano-allinsegna-della-valorizzazione-del-sito-unesco\/eolie-news\/","og_locale":"it_IT","og_type":"article","og_title":"Le Isole Eolie alla BIT di Milano all\u2019insegna della valorizzazione del sito UNESCO. - ISOLE EOLIE Turismo e Vacanze Hotel B&amp;B Residence Case Vacanza","og_description":"Alla Borsa Internazionale del Turismo di Milano, nel panel organizzato dalla Regione Siciliana, riservato ai siti UNESCO. Alla presenza dell\u2019Assessore Regionale al Turismo, Elvira Amata, \u00e8 stato presentato \u201cExcover &#8211; Explore and Discover the Aeolian Islands\u201d, il progetto di valorizzazione del sito UNESCO delle Isole Eolie, il primo in Italia ad essere stato inserito, gi\u00e0 [&hellip;]","og_url":"https:\/\/www.isoleolie.it\/eolie\/le-isole-eolie-alla-bit-di-milano-allinsegna-della-valorizzazione-del-sito-unesco\/eolie-news\/","og_site_name":"ISOLE EOLIE Turismo e Vacanze Hotel B&amp;B Residence Case Vacanza","article_published_time":"2024-02-06T10:54:03+00:00","og_image":[{"width":1600,"height":1200,"url":"https:\/\/www.isoleolie.it\/eolie\/wp-content\/uploads\/2024\/02\/cb7ac55b-e9a2-40b0-8248-32c3f4753aed_11.jpeg","type":"image\/jpeg"}],"author":"Tourism Manager","twitter_card":"summary_large_image","twitter_misc":{"Scritto da":"Tourism Manager","Tempo di lettura stimato":"2 minuti"},"schema":{"@context":"https:\/\/schema.org","@graph":[{"@type":"Article","@id":"https:\/\/www.isoleolie.it\/eolie\/le-isole-eolie-alla-bit-di-milano-allinsegna-della-valorizzazione-del-sito-unesco\/eolie-news\/#article","isPartOf":{"@id":"https:\/\/www.isoleolie.it\/eolie\/le-isole-eolie-alla-bit-di-milano-allinsegna-della-valorizzazione-del-sito-unesco\/eolie-news\/"},"author":{"name":"Tourism Manager","@id":"https:\/\/www.isoleolie.it\/eolie\/#\/schema\/person\/4c400db26884d9f212712636db6c1746"},"headline":"Le Isole Eolie alla BIT di Milano all\u2019insegna della valorizzazione del sito UNESCO.","datePublished":"2024-02-06T10:54:03+00:00","mainEntityOfPage":{"@id":"https:\/\/www.isoleolie.it\/eolie\/le-isole-eolie-alla-bit-di-milano-allinsegna-della-valorizzazione-del-sito-unesco\/eolie-news\/"},"wordCount":285,"publisher":{"@id":"https:\/\/www.isoleolie.it\/eolie\/#organization"},"image":{"@id":"https:\/\/www.isoleolie.it\/eolie\/le-isole-eolie-alla-bit-di-milano-allinsegna-della-valorizzazione-del-sito-unesco\/eolie-news\/#primaryimage"},"thumbnailUrl":"https:\/\/www.isoleolie.it\/eolie\/wp-content\/uploads\/2024\/02\/cb7ac55b-e9a2-40b0-8248-32c3f4753aed_11.jpeg","articleSection":["NEWS"],"inLanguage":"it-IT"},{"@type":"WebPage","@id":"https:\/\/www.isoleolie.it\/eolie\/le-isole-eolie-alla-bit-di-milano-allinsegna-della-valorizzazione-del-sito-unesco\/eolie-news\/","url":"https:\/\/www.isoleolie.it\/eolie\/le-isole-eolie-alla-bit-di-milano-allinsegna-della-valorizzazione-del-sito-unesco\/eolie-news\/","name":"Le Isole Eolie alla BIT di Milano all\u2019insegna della valorizzazione del sito UNESCO. - ISOLE EOLIE Turismo e Vacanze Hotel B&amp;B Residence Case Vacanza","isPartOf":{"@id":"https:\/\/www.isoleolie.it\/eolie\/#website"},"primaryImageOfPage":{"@id":"https:\/\/www.isoleolie.it\/eolie\/le-isole-eolie-alla-bit-di-milano-allinsegna-della-valorizzazione-del-sito-unesco\/eolie-news\/#primaryimage"},"image":{"@id":"https:\/\/www.isoleolie.it\/eolie\/le-isole-eolie-alla-bit-di-milano-allinsegna-della-valorizzazione-del-sito-unesco\/eolie-news\/#primaryimage"},"thumbnailUrl":"https:\/\/www.isoleolie.it\/eolie\/wp-content\/uploads\/2024\/02\/cb7ac55b-e9a2-40b0-8248-32c3f4753aed_11.jpeg","datePublished":"2024-02-06T10:54:03+00:00","breadcrumb":{"@id":"https:\/\/www.isoleolie.it\/eolie\/le-isole-eolie-alla-bit-di-milano-allinsegna-della-valorizzazione-del-sito-unesco\/eolie-news\/#breadcrumb"},"inLanguage":"it-IT","potentialAction":[{"@type":"ReadAction","target":["https:\/\/www.isoleolie.it\/eolie\/le-isole-eolie-alla-bit-di-milano-allinsegna-della-valorizzazione-del-sito-unesco\/eolie-news\/"]}]},{"@type":"ImageObject","inLanguage":"it-IT","@id":"https:\/\/www.isoleolie.it\/eolie\/le-isole-eolie-alla-bit-di-milano-allinsegna-della-valorizzazione-del-sito-unesco\/eolie-news\/#primaryimage","url":"https:\/\/www.isoleolie.it\/eolie\/wp-content\/uploads\/2024\/02\/cb7ac55b-e9a2-40b0-8248-32c3f4753aed_11.jpeg","contentUrl":"https:\/\/www.isoleolie.it\/eolie\/wp-content\/uploads\/2024\/02\/cb7ac55b-e9a2-40b0-8248-32c3f4753aed_11.jpeg","width":1600,"height":1200},{"@type":"BreadcrumbList","@id":"https:\/\/www.isoleolie.it\/eolie\/le-isole-eolie-alla-bit-di-milano-allinsegna-della-valorizzazione-del-sito-unesco\/eolie-news\/#breadcrumb","itemListElement":[{"@type":"ListItem","position":1,"name":"Home","item":"https:\/\/www.isoleolie.it\/eolie\/"},{"@type":"ListItem","position":2,"name":"Le Isole Eolie alla BIT di Milano all\u2019insegna della valorizzazione del sito UNESCO."}]},{"@type":"WebSite","@id":"https:\/\/www.isoleolie.it\/eolie\/#website","url":"https:\/\/www.isoleolie.it\/eolie\/","name":"ISOLE EOLIE Turismo e Vacanze alle Isole Eolie Hotel B&B Residence Case Vacanza","description":"The first and official tourism site for the Aeolian Islands","publisher":{"@id":"https:\/\/www.isoleolie.it\/eolie\/#organization"},"potentialAction":[{"@type":"SearchAction","target":{"@type":"EntryPoint","urlTemplate":"https:\/\/www.isoleolie.it\/eolie\/?s={search_term_string}"},"query-input":{"@type":"PropertyValueSpecification","valueRequired":true,"valueName":"search_term_string"}}],"inLanguage":"it-IT"},{"@type":"Organization","@id":"https:\/\/www.isoleolie.it\/eolie\/#organization","name":"ISOLE EOLIE","url":"https:\/\/www.isoleolie.it\/eolie\/","logo":{"@type":"ImageObject","inLanguage":"it-IT","@id":"https:\/\/www.isoleolie.it\/eolie\/#\/schema\/logo\/image\/","url":"https:\/\/www.isoleolie.it\/eolie\/wp-content\/uploads\/2024\/11\/oMv8p0-4_400x400.jpg","contentUrl":"https:\/\/www.isoleolie.it\/eolie\/wp-content\/uploads\/2024\/11\/oMv8p0-4_400x400.jpg","width":400,"height":400,"caption":"ISOLE EOLIE"},"image":{"@id":"https:\/\/www.isoleolie.it\/eolie\/#\/schema\/logo\/image\/"}},{"@type":"Person","@id":"https:\/\/www.isoleolie.it\/eolie\/#\/schema\/person\/4c400db26884d9f212712636db6c1746","name":"Tourism Manager","image":{"@type":"ImageObject","inLanguage":"it-IT","@id":"https:\/\/secure.gravatar.com\/avatar\/3446a46a5f1bdb4055f313474780b529660445bd2d0364f2472d83fd63ed9bbc?s=96&d=mm&r=g","url":"https:\/\/secure.gravatar.com\/avatar\/3446a46a5f1bdb4055f313474780b529660445bd2d0364f2472d83fd63ed9bbc?s=96&d=mm&r=g","contentUrl":"https:\/\/secure.gravatar.com\/avatar\/3446a46a5f1bdb4055f313474780b529660445bd2d0364f2472d83fd63ed9bbc?s=96&d=mm&r=g","caption":"Tourism Manager"},"description":"Che cos'\u00e8 un manager del turismo? Tecnicamente, un manager del turismo \u00e8 un nome dato a qualsiasi professionista della gestione che lavora in un'azienda collegata all'industria del turismo. Ci\u00f2 include i direttori generali, che si assumono la responsabilit\u00e0 generale di garantire che le operazioni quotidiane si svolgano senza intoppi, ma includono anche i singoli responsabili di reparto all'interno delle aziende. Il ruolo di manager del turismo implica la supervisione delle operazioni all'interno di un'impresa o organizzazione turistica. \u00c8 una posizione di alto livello, che richiede una comprensione approfondita dei concetti di gestione e dell'industria nel suo insieme.","sameAs":["https:\/\/www.isoleolie.it\/"],"url":"https:\/\/www.isoleolie.it\/eolie\/author\/isoleolie_2\/"}]}},"_links":{"self":[{"href":"https:\/\/www.isoleolie.it\/eolie\/wp-json\/wp\/v2\/posts\/1741","targetHints":{"allow":["GET"]}}],"collection":[{"href":"https:\/\/www.isoleolie.it\/eolie\/wp-json\/wp\/v2\/posts"}],"about":[{"href":"https:\/\/www.isoleolie.it\/eolie\/wp-json\/wp\/v2\/types\/post"}],"author":[{"embeddable":true,"href":"https:\/\/www.isoleolie.it\/eolie\/wp-json\/wp\/v2\/users\/1"}],"replies":[{"embeddable":true,"href":"https:\/\/www.isoleolie.it\/eolie\/wp-json\/wp\/v2\/comments?post=1741"}],"version-history":[{"count":1,"href":"https:\/\/www.isoleolie.it\/eolie\/wp-json\/wp\/v2\/posts\/1741\/revisions"}],"predecessor-version":[{"id":1743,"href":"https:\/\/www.isoleolie.it\/eolie\/wp-json\/wp\/v2\/posts\/1741\/revisions\/1743"}],"wp:featuredmedia":[{"embeddable":true,"href":"https:\/\/www.isoleolie.it\/eolie\/wp-json\/wp\/v2\/media\/1742"}],"wp:attachment":[{"href":"https:\/\/www.isoleolie.it\/eolie\/wp-json\/wp\/v2\/media?parent=1741"}],"wp:term":[{"taxonomy":"category","embeddable":true,"href":"https:\/\/www.isoleolie.it\/eolie\/wp-json\/wp\/v2\/categories?post=1741"},{"taxonomy":"post_tag","embeddable":true,"href":"https:\/\/www.isoleolie.it\/eolie\/wp-json\/wp\/v2\/tags?post=1741"}],"curies":[{"name":"wp","href":"https:\/\/api.w.org\/{rel}","templated":true}]}}