{"id":1628,"date":"2023-12-22T10:24:47","date_gmt":"2023-12-22T09:24:47","guid":{"rendered":"https:\/\/www.isoleolie.it\/eolie\/?p=1628"},"modified":"2023-12-22T15:32:21","modified_gmt":"2023-12-22T14:32:21","slug":"trasporti-isole-minori-la-protesta-dei-sindaci-governo-nazionale-ci-massacra","status":"publish","type":"post","link":"https:\/\/www.isoleolie.it\/eolie\/trasporti-isole-minori-la-protesta-dei-sindaci-governo-nazionale-ci-massacra\/eolie-news\/","title":{"rendered":"Trasporti Isole minori, la protesta dei sindaci: \u2018Governo nazionale ci massacra\u2019"},"content":{"rendered":"<div class=\"td_block_wrap tdb_single_subtitle tdi_10 td-pb-border-top td_block_template_1\" data-td-block-uid=\"tdi_10\">\n<div class=\"tdb-block-inner td-fix-index\">\n<p><span class=\"tdb-author-by\">Di<\/span> <a class=\"tdb-author-name\" href=\"https:\/\/focusicilia.it\/author\/giuseppebonaccorsi\/\">Giuseppe Bonaccorsi\u00a0<\/a><\/p>\n<h3>I primi cittadini delle Isole minori della Sicilia hanno effettuato una protesta davanti all&#8217;Assemblea regionale siciliana, per chiedere risposte sulla situazione dei trasporti e denunciare le responsabilit\u00e0 del Governo. Le parole del sindaco di Favignana Forgone e di Lipari Gullo<\/h3>\n<\/div>\n<\/div>\n<div class=\"td_block_wrap tdb_single_author tdi_11 td-pb-border-top td_block_template_1 tdb-post-meta\" data-td-block-uid=\"tdi_11\">\n<div>\n<p>\u201cQuesto\u00a0<strong>governo nazionale sta massacrando i trasporti per le Isole minori della Sicilia<\/strong>. Nell\u2019anno in cui entra in Costituzione il concetto di l\u2019insularit\u00e0, che garantisce la continuit\u00e0 territoriale, questo governo opera tagli che porteranno\u00a0<strong>al\u00a0<a href=\"https:\/\/focusicilia.it\/trasporti-nelle-isole-minori-e-un-disastro-per-cittadini-e-turisti\/\">disastro delle isole siciliane<\/a><\/strong>\u201c: lo ha detto il\u00a0<strong>sindaco di Favignana Francesco Forgione<\/strong>, gi\u00e0 deputato regionale del Pd in pi\u00f9 legislature, che insieme agli altri<a href=\"https:\/\/focusicilia.it\/isole-minori-sindaci-mattarella\/\">\u00a0primi cittadini delle piccole isole<\/a>\u00a0disseminate davanti alla Sicilia ha partecipato alla manifestazione di protesta oggi a Palermo, prima davanti all\u2019<a href=\"https:\/\/www.regione.sicilia.it\/istituzioni\/regione\/strutture-regionali\/assessorato-infrastrutture-mobilita\">assessorato regionale alle Infrastrutture<\/a>\u00a0e poi davanti alla sede\u00a0<strong>dell\u2019Assemblea regionale siciliana<\/strong>, per sensibilizzare soprattutto i gruppi parlamentari su quanto sta avvenendo nel silenzio pi\u00f9 totale delle istituzioni nelle isole, alcune delle quali patrimonio dell\u2019Unesco.<\/p>\n<h2 class=\"wp-block-heading\">\u201cGoverno regionale impotente sui trasporti\u201d<\/h2>\n<p>\u00c8 scattata cos\u00ec la<strong>\u00a0\u201crivolta\u201d dei primi cittadini\u00a0<\/strong>davanti a quello che definiscono \u201cil\u00a0<a href=\"https:\/\/focusicilia.it\/trasporti-nelle-isole-minori-e-un-disastro-per-cittadini-e-turisti\/\">disastro dei trasporti<\/a>\u201c. E intendono non fermarsi sino a quando arriveranno risposte concrete e non promesse finora non mantenute. \u201cIl governo nazionale ha tagliato tutte le linee sostenute dallo Stato\u201d, ha aggiunto Forgione,\u00a0<strong>\u201cil<a href=\"https:\/\/focusicilia.it\/navi-eolie-caronte\/\">\u00a0governo regionale, invece, \u00e8 impotente<\/a><\/strong>\u00a0rispetto a questa condizione, essendoci in Sicilia un regime di monopolio dei trasporti marittimi. Chi paga il prezzo di questa situazione? Le isole e i loro abitanti\u201d. \u201cUn\u00a0<strong>aumento del prezzo dei biglietti del 20 per cento<\/strong>, appena deciso, e un ulteriore aumento annunciato a partire da gennaio di un ulteriore 10 per cento, non vuol dire soltanto far fronte al costo della nave, vuol dire prevedere\u00a0<strong>un<a href=\"https:\/\/focusicilia.it\/guerra-tra-regione-e-caronte-pagano-i-cittadini-aumenti-del-500\/\">\u00a0aumento del 30 per cento sul costo dei generi alimentari,<\/a><\/strong>carburanti, delle costruzioni. Siamo quindi davanti a una situazione che in Sicilia non si era mai vista. Per questo siamo qui. Non soltanto per parlare col governo regionale che sino ad oggi \u00e8 stato impotente, ma per porre pure ai gruppi parlamentari dell\u2019Ars la necessit\u00e0 di sollevare un\u00a0<strong>caso politico nazionale<\/strong>, perch\u00e9 questo governo sta massacrando le isole minori ed \u00e8 un problema politico che va esaminato, affrontato e risolto\u201d.<br \/>\n<script async src=\"https:\/\/pagead2.googlesyndication.com\/pagead\/js\/adsbygoogle.js?client=ca-pub-0374348204273382\"\n     crossorigin=\"anonymous\"><\/script><br \/>\n<ins class=\"adsbygoogle\"\n     style=\"display:block; text-align:center;\"\n     data-ad-layout=\"in-article\"\n     data-ad-format=\"fluid\"\n     data-ad-client=\"ca-pub-0374348204273382\"\n     data-ad-slot=\"7701142189\"><\/ins><br \/>\n<script>\n     (adsbygoogle = window.adsbygoogle || []).push({});\n<\/script>\n<\/div>\n<h2 class=\"wp-block-heading\">I motivi della protesta: troppi guasti e poche navi<\/h2>\n<p>I sindaci alla manifestazione hanno presentato una serie di numeri. \u201cQuesta estate siamo passati dalla armatoria libera, con un\u00a0<strong>aumento del 500 per cento dei trasporti commerciali,<\/strong>\u00a0al perdurante \u2013 e ancora in vigore \u2013\u00a0<a href=\"https:\/\/focusicilia.it\/caronte-nuovo-sequestro\/\">sequestro di tre navi per la nota vicenda del trasporto disabili<\/a>\u201c, ha aggiunto Gullo. \u201cAl momento abbiamo soltanto tre navi in servizio, pi\u00f9 la\u00a0<em>Laurana\u00a0<\/em>che fa rotta una volta a settimana per Napoli. Siamo soggetti sempre a interruzioni e cancellazioni di corse, per problemi vari: guasti anche in navigazione, incendi a bordo, carenze di manutenzione e per altri problemi. Poco tempo fa la\u00a0<em>Laurana<\/em>, che fa servizio con Napoli, \u00e8 stata all\u2019\u00e0ncora a Lipari diversi giorni. Si \u00e8 scoperto che avevano a bordo un generatore guasto e l\u2019altro si era appena guastato. Per cui l\u2019Autorit\u00e0 marittima ha\u00a0<strong>fermato il traghetto non dando l\u2019autorizzazione per il viaggio<\/strong>. A questi continui disservizi si aggiunge la decisione della Caronte &amp; Tourist di aumentare all\u2019improvviso del 20 per cento le tariffe in vigore, nel silenzio pi\u00f9 totale, come se fosse un atto dovuto.<\/p>\n<h2 class=\"wp-block-heading\">\u201cTrattati come cittadini di serie B\u201d<\/h2>\n<p>\u201cLa compagnia voleva aumentare i prezzi de biglietti gi\u00e0 tempo fa\u201d, ha concluso Gullo insieme agli altri primi cittadini. \u201cPoi ha detto che non lo avrebbe fatto e poi invece ha deciso l\u2019aumento. Va sempre cos\u00ec. Noi ci chiediamo: quali autobus nelle citt\u00e0, quali treni, quali altri mezzi di trasporto subiscono all\u2019improvviso un aumento del 20 per cento senza che nessuno si muova?\u201d. Per questo oggi siamo a Palermo.\u00a0<strong>Se vedremo che\u00a0<a href=\"https:\/\/focusicilia.it\/navi-eolie-caronte\/\">in Sicilia non si muove foglia\u00a0<\/a><\/strong><a href=\"https:\/\/focusicilia.it\/navi-eolie-caronte\/\">allora andremo a\u00a0<strong>protestare a Roma<\/strong><\/a>. E se anche l\u00ec ci sar\u00e0 il silenzio allora decideremo in tutte le isole siciliane azioni eclatanti. Questa \u00e8 una vicenda che dire paradossale \u00e8 poco e finora i governi hanno fatto finta di nulla. Dove vogliamo andare? Gli abitanti non possono essere considerati polli da spennare e non pu\u00f2 essere negato loro il diritto alla libert\u00e0 di movimento. Devono avere pari diritti di tutti gli altri cittadini italiani. Oppure questi governi vogliono considerarli cittadini di serie B?\u201d.<\/p>\n<\/div>\n<p class=\"wp-embed-heading\"><a href=\"https:\/\/focusicilia.it\/isole-eolie-e-continuita-territoriale-di-nuovo-interrotta-sindaco-gullo-furioso\/\" target=\"_top\" rel=\"noopener\">Isole Eolie e continuit\u00e0 territoriale, di nuovo interrotta. Sindaco Gullo furioso<\/a><\/p>\n<div class=\"wp-embed-excerpt\">\n<p>Trasporti alle Eolie: si sta rischiando il paradosso dei paradossi. Sono passati solo pochi giorni dalle trionfalistiche dichiarazioni del governatore Renato Schifani e dell\u2019assessore regionale ai Trasporti, Alessandro Aric\u00f2, sulla soluzione della vertenza dei trasporti in convenzione regionale per tutte le isole siciliane, che arriva come un fulmine a ciel sereno un nuovo blocco. In \u2026\u00a0<a class=\"wp-embed-more\" href=\"https:\/\/focusicilia.it\/isole-eolie-e-continuita-territoriale-di-nuovo-interrotta-sindaco-gullo-furioso\/\" target=\"_top\" rel=\"noopener\">Leggi tutto\u00a0<\/a><\/p>\n<p>[Fonte: focusicilia.it\/]<\/p>\n<\/div>\n","protected":false},"excerpt":{"rendered":"<p>Di Giuseppe Bonaccorsi\u00a0 I primi cittadini delle Isole minori della Sicilia hanno effettuato una protesta davanti all&#8217;Assemblea regionale siciliana, per chiedere risposte sulla situazione dei trasporti e denunciare le responsabilit\u00e0 del Governo. Le parole del sindaco di Favignana Forgone e di Lipari Gullo \u201cQuesto\u00a0governo nazionale sta massacrando i trasporti per le Isole minori della Sicilia. [&hellip;]<\/p>\n","protected":false},"author":1,"featured_media":1634,"comment_status":"closed","ping_status":"closed","sticky":false,"template":"","format":"standard","meta":{"footnotes":""},"categories":[22],"tags":[],"class_list":["post-1628","post","type-post","status-publish","format-standard","has-post-thumbnail","hentry","category-eolie-news"],"yoast_head":"<!-- This site is optimized with the Yoast SEO plugin v27.5 - https:\/\/yoast.com\/product\/yoast-seo-wordpress\/ -->\r\n<title>Trasporti Isole minori, la protesta dei sindaci: \u2018Governo nazionale ci massacra\u2019 - ISOLE EOLIE Turismo e Vacanze Hotel B&amp;B Residence Case Vacanza<\/title>\r\n<meta name=\"robots\" content=\"index, follow, max-snippet:-1, max-image-preview:large, max-video-preview:-1\" \/>\r\n<link rel=\"canonical\" href=\"https:\/\/www.isoleolie.it\/eolie\/trasporti-isole-minori-la-protesta-dei-sindaci-governo-nazionale-ci-massacra\/eolie-news\/\" \/>\r\n<meta property=\"og:locale\" content=\"it_IT\" \/>\r\n<meta property=\"og:type\" content=\"article\" \/>\r\n<meta property=\"og:title\" content=\"Trasporti Isole minori, la protesta dei sindaci: \u2018Governo nazionale ci massacra\u2019 - ISOLE EOLIE Turismo e Vacanze Hotel B&amp;B Residence Case Vacanza\" \/>\r\n<meta property=\"og:description\" content=\"Di Giuseppe Bonaccorsi\u00a0 I primi cittadini delle Isole minori della Sicilia hanno effettuato una protesta davanti all&#8217;Assemblea regionale siciliana, per chiedere risposte sulla situazione dei trasporti e denunciare le responsabilit\u00e0 del Governo. Le parole del sindaco di Favignana Forgone e di Lipari Gullo \u201cQuesto\u00a0governo nazionale sta massacrando i trasporti per le Isole minori della Sicilia. [&hellip;]\" \/>\r\n<meta property=\"og:url\" content=\"https:\/\/www.isoleolie.it\/eolie\/trasporti-isole-minori-la-protesta-dei-sindaci-governo-nazionale-ci-massacra\/eolie-news\/\" \/>\r\n<meta property=\"og:site_name\" content=\"ISOLE EOLIE Turismo e Vacanze Hotel B&amp;B Residence Case Vacanza\" \/>\r\n<meta property=\"article:published_time\" content=\"2023-12-22T09:24:47+00:00\" \/>\r\n<meta property=\"article:modified_time\" content=\"2023-12-22T14:32:21+00:00\" \/>\r\n<meta property=\"og:image\" content=\"https:\/\/www.isoleolie.it\/eolie\/wp-content\/uploads\/2023\/12\/sindaci-isole-minori.jpeg\" \/>\r\n\t<meta property=\"og:image:width\" content=\"1198\" \/>\r\n\t<meta property=\"og:image:height\" content=\"710\" \/>\r\n\t<meta property=\"og:image:type\" content=\"image\/jpeg\" \/>\r\n<meta name=\"author\" content=\"Tourism Manager\" \/>\r\n<meta name=\"twitter:card\" content=\"summary_large_image\" \/>\r\n<meta name=\"twitter:label1\" content=\"Scritto da\" \/>\n\t<meta name=\"twitter:data1\" content=\"Tourism Manager\" \/>\n\t<meta name=\"twitter:label2\" content=\"Tempo di lettura stimato\" \/>\n\t<meta name=\"twitter:data2\" content=\"5 minuti\" \/>\r\n<script type=\"application\/ld+json\" class=\"yoast-schema-graph\">{\"@context\":\"https:\\\/\\\/schema.org\",\"@graph\":[{\"@type\":\"Article\",\"@id\":\"https:\\\/\\\/www.isoleolie.it\\\/eolie\\\/trasporti-isole-minori-la-protesta-dei-sindaci-governo-nazionale-ci-massacra\\\/eolie-news\\\/#article\",\"isPartOf\":{\"@id\":\"https:\\\/\\\/www.isoleolie.it\\\/eolie\\\/trasporti-isole-minori-la-protesta-dei-sindaci-governo-nazionale-ci-massacra\\\/eolie-news\\\/\"},\"author\":{\"name\":\"Tourism Manager\",\"@id\":\"https:\\\/\\\/www.isoleolie.it\\\/eolie\\\/#\\\/schema\\\/person\\\/4c400db26884d9f212712636db6c1746\"},\"headline\":\"Trasporti Isole minori, la protesta dei sindaci: \u2018Governo nazionale ci massacra\u2019\",\"datePublished\":\"2023-12-22T09:24:47+00:00\",\"dateModified\":\"2023-12-22T14:32:21+00:00\",\"mainEntityOfPage\":{\"@id\":\"https:\\\/\\\/www.isoleolie.it\\\/eolie\\\/trasporti-isole-minori-la-protesta-dei-sindaci-governo-nazionale-ci-massacra\\\/eolie-news\\\/\"},\"wordCount\":797,\"publisher\":{\"@id\":\"https:\\\/\\\/www.isoleolie.it\\\/eolie\\\/#organization\"},\"image\":{\"@id\":\"https:\\\/\\\/www.isoleolie.it\\\/eolie\\\/trasporti-isole-minori-la-protesta-dei-sindaci-governo-nazionale-ci-massacra\\\/eolie-news\\\/#primaryimage\"},\"thumbnailUrl\":\"https:\\\/\\\/www.isoleolie.it\\\/eolie\\\/wp-content\\\/uploads\\\/2023\\\/12\\\/sindaci-isole-minori.jpeg\",\"articleSection\":[\"NEWS\"],\"inLanguage\":\"it-IT\"},{\"@type\":\"WebPage\",\"@id\":\"https:\\\/\\\/www.isoleolie.it\\\/eolie\\\/trasporti-isole-minori-la-protesta-dei-sindaci-governo-nazionale-ci-massacra\\\/eolie-news\\\/\",\"url\":\"https:\\\/\\\/www.isoleolie.it\\\/eolie\\\/trasporti-isole-minori-la-protesta-dei-sindaci-governo-nazionale-ci-massacra\\\/eolie-news\\\/\",\"name\":\"Trasporti Isole minori, la protesta dei sindaci: \u2018Governo nazionale ci massacra\u2019 - ISOLE EOLIE Turismo e Vacanze Hotel B&amp;B Residence Case Vacanza\",\"isPartOf\":{\"@id\":\"https:\\\/\\\/www.isoleolie.it\\\/eolie\\\/#website\"},\"primaryImageOfPage\":{\"@id\":\"https:\\\/\\\/www.isoleolie.it\\\/eolie\\\/trasporti-isole-minori-la-protesta-dei-sindaci-governo-nazionale-ci-massacra\\\/eolie-news\\\/#primaryimage\"},\"image\":{\"@id\":\"https:\\\/\\\/www.isoleolie.it\\\/eolie\\\/trasporti-isole-minori-la-protesta-dei-sindaci-governo-nazionale-ci-massacra\\\/eolie-news\\\/#primaryimage\"},\"thumbnailUrl\":\"https:\\\/\\\/www.isoleolie.it\\\/eolie\\\/wp-content\\\/uploads\\\/2023\\\/12\\\/sindaci-isole-minori.jpeg\",\"datePublished\":\"2023-12-22T09:24:47+00:00\",\"dateModified\":\"2023-12-22T14:32:21+00:00\",\"breadcrumb\":{\"@id\":\"https:\\\/\\\/www.isoleolie.it\\\/eolie\\\/trasporti-isole-minori-la-protesta-dei-sindaci-governo-nazionale-ci-massacra\\\/eolie-news\\\/#breadcrumb\"},\"inLanguage\":\"it-IT\",\"potentialAction\":[{\"@type\":\"ReadAction\",\"target\":[\"https:\\\/\\\/www.isoleolie.it\\\/eolie\\\/trasporti-isole-minori-la-protesta-dei-sindaci-governo-nazionale-ci-massacra\\\/eolie-news\\\/\"]}]},{\"@type\":\"ImageObject\",\"inLanguage\":\"it-IT\",\"@id\":\"https:\\\/\\\/www.isoleolie.it\\\/eolie\\\/trasporti-isole-minori-la-protesta-dei-sindaci-governo-nazionale-ci-massacra\\\/eolie-news\\\/#primaryimage\",\"url\":\"https:\\\/\\\/www.isoleolie.it\\\/eolie\\\/wp-content\\\/uploads\\\/2023\\\/12\\\/sindaci-isole-minori.jpeg\",\"contentUrl\":\"https:\\\/\\\/www.isoleolie.it\\\/eolie\\\/wp-content\\\/uploads\\\/2023\\\/12\\\/sindaci-isole-minori.jpeg\",\"width\":1198,\"height\":710},{\"@type\":\"BreadcrumbList\",\"@id\":\"https:\\\/\\\/www.isoleolie.it\\\/eolie\\\/trasporti-isole-minori-la-protesta-dei-sindaci-governo-nazionale-ci-massacra\\\/eolie-news\\\/#breadcrumb\",\"itemListElement\":[{\"@type\":\"ListItem\",\"position\":1,\"name\":\"Home\",\"item\":\"https:\\\/\\\/www.isoleolie.it\\\/eolie\\\/\"},{\"@type\":\"ListItem\",\"position\":2,\"name\":\"Trasporti Isole minori, la protesta dei sindaci: \u2018Governo nazionale ci massacra\u2019\"}]},{\"@type\":\"WebSite\",\"@id\":\"https:\\\/\\\/www.isoleolie.it\\\/eolie\\\/#website\",\"url\":\"https:\\\/\\\/www.isoleolie.it\\\/eolie\\\/\",\"name\":\"ISOLE EOLIE Turismo e Vacanze alle Isole Eolie Hotel B&B Residence Case Vacanza\",\"description\":\"The first and official tourism site for the Aeolian Islands\",\"publisher\":{\"@id\":\"https:\\\/\\\/www.isoleolie.it\\\/eolie\\\/#organization\"},\"potentialAction\":[{\"@type\":\"SearchAction\",\"target\":{\"@type\":\"EntryPoint\",\"urlTemplate\":\"https:\\\/\\\/www.isoleolie.it\\\/eolie\\\/?s={search_term_string}\"},\"query-input\":{\"@type\":\"PropertyValueSpecification\",\"valueRequired\":true,\"valueName\":\"search_term_string\"}}],\"inLanguage\":\"it-IT\"},{\"@type\":\"Organization\",\"@id\":\"https:\\\/\\\/www.isoleolie.it\\\/eolie\\\/#organization\",\"name\":\"ISOLE EOLIE\",\"url\":\"https:\\\/\\\/www.isoleolie.it\\\/eolie\\\/\",\"logo\":{\"@type\":\"ImageObject\",\"inLanguage\":\"it-IT\",\"@id\":\"https:\\\/\\\/www.isoleolie.it\\\/eolie\\\/#\\\/schema\\\/logo\\\/image\\\/\",\"url\":\"https:\\\/\\\/www.isoleolie.it\\\/eolie\\\/wp-content\\\/uploads\\\/2024\\\/11\\\/oMv8p0-4_400x400.jpg\",\"contentUrl\":\"https:\\\/\\\/www.isoleolie.it\\\/eolie\\\/wp-content\\\/uploads\\\/2024\\\/11\\\/oMv8p0-4_400x400.jpg\",\"width\":400,\"height\":400,\"caption\":\"ISOLE EOLIE\"},\"image\":{\"@id\":\"https:\\\/\\\/www.isoleolie.it\\\/eolie\\\/#\\\/schema\\\/logo\\\/image\\\/\"}},{\"@type\":\"Person\",\"@id\":\"https:\\\/\\\/www.isoleolie.it\\\/eolie\\\/#\\\/schema\\\/person\\\/4c400db26884d9f212712636db6c1746\",\"name\":\"Tourism Manager\",\"image\":{\"@type\":\"ImageObject\",\"inLanguage\":\"it-IT\",\"@id\":\"https:\\\/\\\/secure.gravatar.com\\\/avatar\\\/3446a46a5f1bdb4055f313474780b529660445bd2d0364f2472d83fd63ed9bbc?s=96&d=mm&r=g\",\"url\":\"https:\\\/\\\/secure.gravatar.com\\\/avatar\\\/3446a46a5f1bdb4055f313474780b529660445bd2d0364f2472d83fd63ed9bbc?s=96&d=mm&r=g\",\"contentUrl\":\"https:\\\/\\\/secure.gravatar.com\\\/avatar\\\/3446a46a5f1bdb4055f313474780b529660445bd2d0364f2472d83fd63ed9bbc?s=96&d=mm&r=g\",\"caption\":\"Tourism Manager\"},\"description\":\"Che cos'\u00e8 un manager del turismo? Tecnicamente, un manager del turismo \u00e8 un nome dato a qualsiasi professionista della gestione che lavora in un'azienda collegata all'industria del turismo. Ci\u00f2 include i direttori generali, che si assumono la responsabilit\u00e0 generale di garantire che le operazioni quotidiane si svolgano senza intoppi, ma includono anche i singoli responsabili di reparto all'interno delle aziende. Il ruolo di manager del turismo implica la supervisione delle operazioni all'interno di un'impresa o organizzazione turistica. \u00c8 una posizione di alto livello, che richiede una comprensione approfondita dei concetti di gestione e dell'industria nel suo insieme.\",\"sameAs\":[\"https:\\\/\\\/www.isoleolie.it\\\/\"],\"url\":\"https:\\\/\\\/www.isoleolie.it\\\/eolie\\\/author\\\/isoleolie_2\\\/\"}]}<\/script>\r\n<!-- \/ Yoast SEO plugin. -->","yoast_head_json":{"title":"Trasporti Isole minori, la protesta dei sindaci: \u2018Governo nazionale ci massacra\u2019 - ISOLE EOLIE Turismo e Vacanze Hotel B&amp;B Residence Case Vacanza","robots":{"index":"index","follow":"follow","max-snippet":"max-snippet:-1","max-image-preview":"max-image-preview:large","max-video-preview":"max-video-preview:-1"},"canonical":"https:\/\/www.isoleolie.it\/eolie\/trasporti-isole-minori-la-protesta-dei-sindaci-governo-nazionale-ci-massacra\/eolie-news\/","og_locale":"it_IT","og_type":"article","og_title":"Trasporti Isole minori, la protesta dei sindaci: \u2018Governo nazionale ci massacra\u2019 - ISOLE EOLIE Turismo e Vacanze Hotel B&amp;B Residence Case Vacanza","og_description":"Di Giuseppe Bonaccorsi\u00a0 I primi cittadini delle Isole minori della Sicilia hanno effettuato una protesta davanti all&#8217;Assemblea regionale siciliana, per chiedere risposte sulla situazione dei trasporti e denunciare le responsabilit\u00e0 del Governo. Le parole del sindaco di Favignana Forgone e di Lipari Gullo \u201cQuesto\u00a0governo nazionale sta massacrando i trasporti per le Isole minori della Sicilia. [&hellip;]","og_url":"https:\/\/www.isoleolie.it\/eolie\/trasporti-isole-minori-la-protesta-dei-sindaci-governo-nazionale-ci-massacra\/eolie-news\/","og_site_name":"ISOLE EOLIE Turismo e Vacanze Hotel B&amp;B Residence Case Vacanza","article_published_time":"2023-12-22T09:24:47+00:00","article_modified_time":"2023-12-22T14:32:21+00:00","og_image":[{"width":1198,"height":710,"url":"https:\/\/www.isoleolie.it\/eolie\/wp-content\/uploads\/2023\/12\/sindaci-isole-minori.jpeg","type":"image\/jpeg"}],"author":"Tourism Manager","twitter_card":"summary_large_image","twitter_misc":{"Scritto da":"Tourism Manager","Tempo di lettura stimato":"5 minuti"},"schema":{"@context":"https:\/\/schema.org","@graph":[{"@type":"Article","@id":"https:\/\/www.isoleolie.it\/eolie\/trasporti-isole-minori-la-protesta-dei-sindaci-governo-nazionale-ci-massacra\/eolie-news\/#article","isPartOf":{"@id":"https:\/\/www.isoleolie.it\/eolie\/trasporti-isole-minori-la-protesta-dei-sindaci-governo-nazionale-ci-massacra\/eolie-news\/"},"author":{"name":"Tourism Manager","@id":"https:\/\/www.isoleolie.it\/eolie\/#\/schema\/person\/4c400db26884d9f212712636db6c1746"},"headline":"Trasporti Isole minori, la protesta dei sindaci: \u2018Governo nazionale ci massacra\u2019","datePublished":"2023-12-22T09:24:47+00:00","dateModified":"2023-12-22T14:32:21+00:00","mainEntityOfPage":{"@id":"https:\/\/www.isoleolie.it\/eolie\/trasporti-isole-minori-la-protesta-dei-sindaci-governo-nazionale-ci-massacra\/eolie-news\/"},"wordCount":797,"publisher":{"@id":"https:\/\/www.isoleolie.it\/eolie\/#organization"},"image":{"@id":"https:\/\/www.isoleolie.it\/eolie\/trasporti-isole-minori-la-protesta-dei-sindaci-governo-nazionale-ci-massacra\/eolie-news\/#primaryimage"},"thumbnailUrl":"https:\/\/www.isoleolie.it\/eolie\/wp-content\/uploads\/2023\/12\/sindaci-isole-minori.jpeg","articleSection":["NEWS"],"inLanguage":"it-IT"},{"@type":"WebPage","@id":"https:\/\/www.isoleolie.it\/eolie\/trasporti-isole-minori-la-protesta-dei-sindaci-governo-nazionale-ci-massacra\/eolie-news\/","url":"https:\/\/www.isoleolie.it\/eolie\/trasporti-isole-minori-la-protesta-dei-sindaci-governo-nazionale-ci-massacra\/eolie-news\/","name":"Trasporti Isole minori, la protesta dei sindaci: \u2018Governo nazionale ci massacra\u2019 - ISOLE EOLIE Turismo e Vacanze Hotel B&amp;B Residence Case Vacanza","isPartOf":{"@id":"https:\/\/www.isoleolie.it\/eolie\/#website"},"primaryImageOfPage":{"@id":"https:\/\/www.isoleolie.it\/eolie\/trasporti-isole-minori-la-protesta-dei-sindaci-governo-nazionale-ci-massacra\/eolie-news\/#primaryimage"},"image":{"@id":"https:\/\/www.isoleolie.it\/eolie\/trasporti-isole-minori-la-protesta-dei-sindaci-governo-nazionale-ci-massacra\/eolie-news\/#primaryimage"},"thumbnailUrl":"https:\/\/www.isoleolie.it\/eolie\/wp-content\/uploads\/2023\/12\/sindaci-isole-minori.jpeg","datePublished":"2023-12-22T09:24:47+00:00","dateModified":"2023-12-22T14:32:21+00:00","breadcrumb":{"@id":"https:\/\/www.isoleolie.it\/eolie\/trasporti-isole-minori-la-protesta-dei-sindaci-governo-nazionale-ci-massacra\/eolie-news\/#breadcrumb"},"inLanguage":"it-IT","potentialAction":[{"@type":"ReadAction","target":["https:\/\/www.isoleolie.it\/eolie\/trasporti-isole-minori-la-protesta-dei-sindaci-governo-nazionale-ci-massacra\/eolie-news\/"]}]},{"@type":"ImageObject","inLanguage":"it-IT","@id":"https:\/\/www.isoleolie.it\/eolie\/trasporti-isole-minori-la-protesta-dei-sindaci-governo-nazionale-ci-massacra\/eolie-news\/#primaryimage","url":"https:\/\/www.isoleolie.it\/eolie\/wp-content\/uploads\/2023\/12\/sindaci-isole-minori.jpeg","contentUrl":"https:\/\/www.isoleolie.it\/eolie\/wp-content\/uploads\/2023\/12\/sindaci-isole-minori.jpeg","width":1198,"height":710},{"@type":"BreadcrumbList","@id":"https:\/\/www.isoleolie.it\/eolie\/trasporti-isole-minori-la-protesta-dei-sindaci-governo-nazionale-ci-massacra\/eolie-news\/#breadcrumb","itemListElement":[{"@type":"ListItem","position":1,"name":"Home","item":"https:\/\/www.isoleolie.it\/eolie\/"},{"@type":"ListItem","position":2,"name":"Trasporti Isole minori, la protesta dei sindaci: \u2018Governo nazionale ci massacra\u2019"}]},{"@type":"WebSite","@id":"https:\/\/www.isoleolie.it\/eolie\/#website","url":"https:\/\/www.isoleolie.it\/eolie\/","name":"ISOLE EOLIE Turismo e Vacanze alle Isole Eolie Hotel B&B Residence Case Vacanza","description":"The first and official tourism site for the Aeolian Islands","publisher":{"@id":"https:\/\/www.isoleolie.it\/eolie\/#organization"},"potentialAction":[{"@type":"SearchAction","target":{"@type":"EntryPoint","urlTemplate":"https:\/\/www.isoleolie.it\/eolie\/?s={search_term_string}"},"query-input":{"@type":"PropertyValueSpecification","valueRequired":true,"valueName":"search_term_string"}}],"inLanguage":"it-IT"},{"@type":"Organization","@id":"https:\/\/www.isoleolie.it\/eolie\/#organization","name":"ISOLE EOLIE","url":"https:\/\/www.isoleolie.it\/eolie\/","logo":{"@type":"ImageObject","inLanguage":"it-IT","@id":"https:\/\/www.isoleolie.it\/eolie\/#\/schema\/logo\/image\/","url":"https:\/\/www.isoleolie.it\/eolie\/wp-content\/uploads\/2024\/11\/oMv8p0-4_400x400.jpg","contentUrl":"https:\/\/www.isoleolie.it\/eolie\/wp-content\/uploads\/2024\/11\/oMv8p0-4_400x400.jpg","width":400,"height":400,"caption":"ISOLE EOLIE"},"image":{"@id":"https:\/\/www.isoleolie.it\/eolie\/#\/schema\/logo\/image\/"}},{"@type":"Person","@id":"https:\/\/www.isoleolie.it\/eolie\/#\/schema\/person\/4c400db26884d9f212712636db6c1746","name":"Tourism Manager","image":{"@type":"ImageObject","inLanguage":"it-IT","@id":"https:\/\/secure.gravatar.com\/avatar\/3446a46a5f1bdb4055f313474780b529660445bd2d0364f2472d83fd63ed9bbc?s=96&d=mm&r=g","url":"https:\/\/secure.gravatar.com\/avatar\/3446a46a5f1bdb4055f313474780b529660445bd2d0364f2472d83fd63ed9bbc?s=96&d=mm&r=g","contentUrl":"https:\/\/secure.gravatar.com\/avatar\/3446a46a5f1bdb4055f313474780b529660445bd2d0364f2472d83fd63ed9bbc?s=96&d=mm&r=g","caption":"Tourism Manager"},"description":"Che cos'\u00e8 un manager del turismo? Tecnicamente, un manager del turismo \u00e8 un nome dato a qualsiasi professionista della gestione che lavora in un'azienda collegata all'industria del turismo. Ci\u00f2 include i direttori generali, che si assumono la responsabilit\u00e0 generale di garantire che le operazioni quotidiane si svolgano senza intoppi, ma includono anche i singoli responsabili di reparto all'interno delle aziende. Il ruolo di manager del turismo implica la supervisione delle operazioni all'interno di un'impresa o organizzazione turistica. \u00c8 una posizione di alto livello, che richiede una comprensione approfondita dei concetti di gestione e dell'industria nel suo insieme.","sameAs":["https:\/\/www.isoleolie.it\/"],"url":"https:\/\/www.isoleolie.it\/eolie\/author\/isoleolie_2\/"}]}},"_links":{"self":[{"href":"https:\/\/www.isoleolie.it\/eolie\/wp-json\/wp\/v2\/posts\/1628","targetHints":{"allow":["GET"]}}],"collection":[{"href":"https:\/\/www.isoleolie.it\/eolie\/wp-json\/wp\/v2\/posts"}],"about":[{"href":"https:\/\/www.isoleolie.it\/eolie\/wp-json\/wp\/v2\/types\/post"}],"author":[{"embeddable":true,"href":"https:\/\/www.isoleolie.it\/eolie\/wp-json\/wp\/v2\/users\/1"}],"replies":[{"embeddable":true,"href":"https:\/\/www.isoleolie.it\/eolie\/wp-json\/wp\/v2\/comments?post=1628"}],"version-history":[{"count":7,"href":"https:\/\/www.isoleolie.it\/eolie\/wp-json\/wp\/v2\/posts\/1628\/revisions"}],"predecessor-version":[{"id":1640,"href":"https:\/\/www.isoleolie.it\/eolie\/wp-json\/wp\/v2\/posts\/1628\/revisions\/1640"}],"wp:featuredmedia":[{"embeddable":true,"href":"https:\/\/www.isoleolie.it\/eolie\/wp-json\/wp\/v2\/media\/1634"}],"wp:attachment":[{"href":"https:\/\/www.isoleolie.it\/eolie\/wp-json\/wp\/v2\/media?parent=1628"}],"wp:term":[{"taxonomy":"category","embeddable":true,"href":"https:\/\/www.isoleolie.it\/eolie\/wp-json\/wp\/v2\/categories?post=1628"},{"taxonomy":"post_tag","embeddable":true,"href":"https:\/\/www.isoleolie.it\/eolie\/wp-json\/wp\/v2\/tags?post=1628"}],"curies":[{"name":"wp","href":"https:\/\/api.w.org\/{rel}","templated":true}]}}