{"id":1609,"date":"2023-11-11T11:18:08","date_gmt":"2023-11-11T10:18:08","guid":{"rendered":"https:\/\/www.isoleolie.it\/eolie\/?p=1609"},"modified":"2023-11-11T11:22:40","modified_gmt":"2023-11-11T10:22:40","slug":"caro-voli-schifani-da-dicembre-sconti-per-i-residenti-in-sicilia","status":"publish","type":"post","link":"https:\/\/www.isoleolie.it\/eolie\/caro-voli-schifani-da-dicembre-sconti-per-i-residenti-in-sicilia\/eolie-news\/","title":{"rendered":"Caro-voli, Schifani: da dicembre sconti per i residenti in Sicilia"},"content":{"rendered":"<h1>Da dicembre sconti del 25% sul costo dei biglietti aerei per tutti i residenti in Sicilia.<\/h1>\n<p><span style=\"font-size: 14pt;\">Cos\u00ec il governo Schifani punta a contrastare il caro-voli, soprattutto nei periodi di alta stagione e festivi. Il presidente Renato Schifani e l\u2019assessore alle Infrastrutture Alessandro Aric\u00f2 hanno illustrato a Palazzo d\u2019Orl\u00e9ans i contenuti della misura che ha come obiettivo il superamento degli svantaggi derivanti dall\u2019insularit\u00e0.<\/span><\/p>\n<p><span style=\"font-size: 14pt;\">Lo sconto arriver\u00e0 al 50% per le cosiddette categorie prioritarie: gli anziani con pi\u00f9 di 65 anni, i viaggiatori per ragioni sanitarie, gli studenti, i giovani under 26, i disabili con almeno il 67% di invalidit\u00e0, i residenti con un Isee inferiore a 9.360 euro, gli atleti agonisti, i dipendenti con sede di lavoro fuori dalla regione.<\/span><\/p>\n<p><span style=\"font-size: 14pt;\">\u201cQuella contro il caro-voli \u2013 ha affermato Schifani \u2013 \u00e8 stata una battaglia che mi sono intestato fin dal mio insediamento. Infatti, dopo il nostro impegno per favorire l\u2019arrivo di un nuovo vettore che ha rotto il duopolio di fatto nei collegamenti aerei con la nostra Isola e l\u2019istituzione di un osservatorio per il trasporto aereo, oggi manteniamo un altro impegno.<\/span><\/p>\n<p><span style=\"font-size: 14pt;\">Resta ancora molto da fare come dimostra l\u2019ennesimo balzo dei prezzi per le prossime festivit\u00e0 natalizie, ma mi conforta il fatto che, dopo i nostri esposti all\u2019Antitrust e all\u2019Unione europea, sia Roma che Bruxelles abbiano avviato istruttorie sulle condotte delle compagnie aeree\u201d.<\/span><\/p>\n<p><script async src=\"https:\/\/pagead2.googlesyndication.com\/pagead\/js\/adsbygoogle.js?client=ca-pub-0374348204273382\" crossorigin=\"anonymous\"><\/script><br \/>\n<ins class=\"adsbygoogle\" style=\"display: block; text-align: center;\" data-ad-layout=\"in-article\" data-ad-format=\"fluid\" data-ad-client=\"ca-pub-0374348204273382\" data-ad-slot=\"7701142189\"><\/ins><br \/>\n<script>\n     (adsbygoogle = window.adsbygoogle || []).push({});\n<\/script><\/p>\n<p><span style=\"font-size: 14pt;\">Nel dettaglio, per usufruire della riduzione, il prezzo del biglietto deve essere superiore a 62,50 euro. Qualora, invece, il costo sia compreso tra 50,01 e 62,50 euro, lo sconto sar\u00e0 calcolato in modo da portarlo a 50 euro. La riduzione del costo totale del biglietto potr\u00e0 arrivare fino a un massimo di 75 euro per singola tratta. Fino a 50 euro, invece, non sar\u00e0 applicato alcun ribasso. Per le categorie prioritarie, l\u2019ulteriore scontro del 25% sar\u00e0 applicato sui biglietti di costo superiore a 50 euro.<\/span><\/p>\n<p><span style=\"font-size: 14pt;\">\u201cInvieremo subito \u2013 ha aggiunto Aric\u00f2 \u2013 l\u2019invito alle compagnie aeree affinch\u00e9 aderiscano a questa iniziativa e sono molto fiducioso sulla loro disponibilit\u00e0 a sposare questo progetto che non incide sui loro bilanci, ma che ha un forte impatto sociale. I tempi saranno serrati perch\u00e9 vogliamo partire gi\u00e0 dal primo dicembre in modo che i siciliani che vogliono tornare a casa per le festivit\u00e0 possano usufruire di queste agevolazioni\u201d.<\/span><\/p>\n<p><span style=\"font-size: 14pt;\">In questa prima fase, i collegamenti interessati sono quelli tra gli aeroporti siciliani e quelli di Roma (Fiumicino e Ciampino) e di Milano (Malpensa, Linate e Orio al Serio), sia in andata che in ritorno. Lo sconto sar\u00e0 applicato automaticamente gi\u00e0 al momento dell\u2019acquisto del biglietto.<\/span><\/p>\n<p><span style=\"font-size: 14pt;\">Le compagnie, infatti, dovranno adeguare i propri sistemi di vendita online inserendo una casella da spuntare per i residenti in Sicilia. L\u2019assessorato delle Infrastrutture ha emanato un avviso esplorativo rivolto alle compagnie aeree che intendono aderire all\u2019iniziativa entro dieci giorni. Per quanto riguarda la dotazione finanziaria, \u00e8 pari a circa 27,5 milioni, di cui 15 stanziati dalla Regione.<\/span><\/p>\n<p>[travelnostop.com]<\/p>\n<h1>OFFERTE<\/h1>\n<p><ins class=\"bookingaff\" data-aid=\"2056245\" data-target_aid=\"2056245\" data-prod=\"dfl2\" data-width=\"100%\" data-height=\"auto\" data-lang=\"it\" data-dest_id=\"2322\" data-dest_type=\"region\" data-df_num_properties=\"6\"><br \/>\n<!-- Anything inside will go away once widget is loaded. --><br \/>\n<a href=\"\/\/www.booking.com?aid=2056245\">Booking.com<\/a><br \/>\n<\/ins><br \/>\n<script type=\"text\/javascript\">\n    (function(d, sc, u) {\n      var s = d.createElement(sc), p = d.getElementsByTagName(sc)[0];\n      s.type = 'text\/javascript';\n      s.async = true;\n      s.src = u + '?v=' + (+new Date());\n      p.parentNode.insertBefore(s,p);\n      })(document, 'script', '\/\/aff.bstatic.com\/static\/affiliate_base\/js\/flexiproduct.js');\n<\/script><\/p>\n","protected":false},"excerpt":{"rendered":"<p>Da dicembre sconti del 25% sul costo dei biglietti aerei per tutti i residenti in Sicilia. Cos\u00ec il governo Schifani punta a contrastare il caro-voli, soprattutto nei periodi di alta stagione e festivi. Il presidente Renato Schifani e l\u2019assessore alle Infrastrutture Alessandro Aric\u00f2 hanno illustrato a Palazzo d\u2019Orl\u00e9ans i contenuti della misura che ha come [&hellip;]<\/p>\n","protected":false},"author":1,"featured_media":1610,"comment_status":"closed","ping_status":"closed","sticky":false,"template":"","format":"standard","meta":{"footnotes":""},"categories":[22,31],"tags":[],"class_list":["post-1609","post","type-post","status-publish","format-standard","has-post-thumbnail","hentry","category-eolie-news","category-trasporti"],"yoast_head":"<!-- This site is optimized with the Yoast SEO plugin v27.5 - https:\/\/yoast.com\/product\/yoast-seo-wordpress\/ -->\r\n<title>Caro-voli, Schifani: da dicembre sconti per i residenti in Sicilia - ISOLE EOLIE Turismo e Vacanze Hotel B&amp;B Residence Case Vacanza<\/title>\r\n<meta name=\"robots\" content=\"index, follow, max-snippet:-1, max-image-preview:large, max-video-preview:-1\" \/>\r\n<link rel=\"canonical\" href=\"https:\/\/www.isoleolie.it\/eolie\/caro-voli-schifani-da-dicembre-sconti-per-i-residenti-in-sicilia\/eolie-news\/\" \/>\r\n<meta property=\"og:locale\" content=\"it_IT\" \/>\r\n<meta property=\"og:type\" content=\"article\" \/>\r\n<meta property=\"og:title\" content=\"Caro-voli, Schifani: da dicembre sconti per i residenti in Sicilia - ISOLE EOLIE Turismo e Vacanze Hotel B&amp;B Residence Case Vacanza\" \/>\r\n<meta property=\"og:description\" content=\"Da dicembre sconti del 25% sul costo dei biglietti aerei per tutti i residenti in Sicilia. Cos\u00ec il governo Schifani punta a contrastare il caro-voli, soprattutto nei periodi di alta stagione e festivi. Il presidente Renato Schifani e l\u2019assessore alle Infrastrutture Alessandro Aric\u00f2 hanno illustrato a Palazzo d\u2019Orl\u00e9ans i contenuti della misura che ha come [&hellip;]\" \/>\r\n<meta property=\"og:url\" content=\"https:\/\/www.isoleolie.it\/eolie\/caro-voli-schifani-da-dicembre-sconti-per-i-residenti-in-sicilia\/eolie-news\/\" \/>\r\n<meta property=\"og:site_name\" content=\"ISOLE EOLIE Turismo e Vacanze Hotel B&amp;B Residence Case Vacanza\" \/>\r\n<meta property=\"article:published_time\" content=\"2023-11-11T10:18:08+00:00\" \/>\r\n<meta property=\"article:modified_time\" content=\"2023-11-11T10:22:40+00:00\" \/>\r\n<meta property=\"og:image\" content=\"https:\/\/www.isoleolie.it\/eolie\/wp-content\/uploads\/2023\/11\/Presidente-Schifani-e-assessore-Arico-Conferenza-stampa-Caro-voli-610x3661-1.jpeg\" \/>\r\n\t<meta property=\"og:image:width\" content=\"610\" \/>\r\n\t<meta property=\"og:image:height\" content=\"366\" \/>\r\n\t<meta property=\"og:image:type\" content=\"image\/jpeg\" \/>\r\n<meta name=\"author\" content=\"Tourism Manager\" \/>\r\n<meta name=\"twitter:card\" content=\"summary_large_image\" \/>\r\n<meta name=\"twitter:label1\" content=\"Scritto da\" \/>\n\t<meta name=\"twitter:data1\" content=\"Tourism Manager\" \/>\n\t<meta name=\"twitter:label2\" content=\"Tempo di lettura stimato\" \/>\n\t<meta name=\"twitter:data2\" content=\"3 minuti\" \/>\r\n<script type=\"application\/ld+json\" class=\"yoast-schema-graph\">{\"@context\":\"https:\\\/\\\/schema.org\",\"@graph\":[{\"@type\":\"Article\",\"@id\":\"https:\\\/\\\/www.isoleolie.it\\\/eolie\\\/caro-voli-schifani-da-dicembre-sconti-per-i-residenti-in-sicilia\\\/eolie-news\\\/#article\",\"isPartOf\":{\"@id\":\"https:\\\/\\\/www.isoleolie.it\\\/eolie\\\/caro-voli-schifani-da-dicembre-sconti-per-i-residenti-in-sicilia\\\/eolie-news\\\/\"},\"author\":{\"name\":\"Tourism Manager\",\"@id\":\"https:\\\/\\\/www.isoleolie.it\\\/eolie\\\/#\\\/schema\\\/person\\\/4c400db26884d9f212712636db6c1746\"},\"headline\":\"Caro-voli, Schifani: da dicembre sconti per i residenti in Sicilia\",\"datePublished\":\"2023-11-11T10:18:08+00:00\",\"dateModified\":\"2023-11-11T10:22:40+00:00\",\"mainEntityOfPage\":{\"@id\":\"https:\\\/\\\/www.isoleolie.it\\\/eolie\\\/caro-voli-schifani-da-dicembre-sconti-per-i-residenti-in-sicilia\\\/eolie-news\\\/\"},\"wordCount\":487,\"publisher\":{\"@id\":\"https:\\\/\\\/www.isoleolie.it\\\/eolie\\\/#organization\"},\"image\":{\"@id\":\"https:\\\/\\\/www.isoleolie.it\\\/eolie\\\/caro-voli-schifani-da-dicembre-sconti-per-i-residenti-in-sicilia\\\/eolie-news\\\/#primaryimage\"},\"thumbnailUrl\":\"https:\\\/\\\/www.isoleolie.it\\\/eolie\\\/wp-content\\\/uploads\\\/2023\\\/11\\\/Presidente-Schifani-e-assessore-Arico-Conferenza-stampa-Caro-voli-610x3661-1.jpeg\",\"articleSection\":[\"NEWS\",\"TRASPORTI\"],\"inLanguage\":\"it-IT\"},{\"@type\":\"WebPage\",\"@id\":\"https:\\\/\\\/www.isoleolie.it\\\/eolie\\\/caro-voli-schifani-da-dicembre-sconti-per-i-residenti-in-sicilia\\\/eolie-news\\\/\",\"url\":\"https:\\\/\\\/www.isoleolie.it\\\/eolie\\\/caro-voli-schifani-da-dicembre-sconti-per-i-residenti-in-sicilia\\\/eolie-news\\\/\",\"name\":\"Caro-voli, Schifani: da dicembre sconti per i residenti in Sicilia - ISOLE EOLIE Turismo e Vacanze Hotel B&amp;B Residence Case Vacanza\",\"isPartOf\":{\"@id\":\"https:\\\/\\\/www.isoleolie.it\\\/eolie\\\/#website\"},\"primaryImageOfPage\":{\"@id\":\"https:\\\/\\\/www.isoleolie.it\\\/eolie\\\/caro-voli-schifani-da-dicembre-sconti-per-i-residenti-in-sicilia\\\/eolie-news\\\/#primaryimage\"},\"image\":{\"@id\":\"https:\\\/\\\/www.isoleolie.it\\\/eolie\\\/caro-voli-schifani-da-dicembre-sconti-per-i-residenti-in-sicilia\\\/eolie-news\\\/#primaryimage\"},\"thumbnailUrl\":\"https:\\\/\\\/www.isoleolie.it\\\/eolie\\\/wp-content\\\/uploads\\\/2023\\\/11\\\/Presidente-Schifani-e-assessore-Arico-Conferenza-stampa-Caro-voli-610x3661-1.jpeg\",\"datePublished\":\"2023-11-11T10:18:08+00:00\",\"dateModified\":\"2023-11-11T10:22:40+00:00\",\"breadcrumb\":{\"@id\":\"https:\\\/\\\/www.isoleolie.it\\\/eolie\\\/caro-voli-schifani-da-dicembre-sconti-per-i-residenti-in-sicilia\\\/eolie-news\\\/#breadcrumb\"},\"inLanguage\":\"it-IT\",\"potentialAction\":[{\"@type\":\"ReadAction\",\"target\":[\"https:\\\/\\\/www.isoleolie.it\\\/eolie\\\/caro-voli-schifani-da-dicembre-sconti-per-i-residenti-in-sicilia\\\/eolie-news\\\/\"]}]},{\"@type\":\"ImageObject\",\"inLanguage\":\"it-IT\",\"@id\":\"https:\\\/\\\/www.isoleolie.it\\\/eolie\\\/caro-voli-schifani-da-dicembre-sconti-per-i-residenti-in-sicilia\\\/eolie-news\\\/#primaryimage\",\"url\":\"https:\\\/\\\/www.isoleolie.it\\\/eolie\\\/wp-content\\\/uploads\\\/2023\\\/11\\\/Presidente-Schifani-e-assessore-Arico-Conferenza-stampa-Caro-voli-610x3661-1.jpeg\",\"contentUrl\":\"https:\\\/\\\/www.isoleolie.it\\\/eolie\\\/wp-content\\\/uploads\\\/2023\\\/11\\\/Presidente-Schifani-e-assessore-Arico-Conferenza-stampa-Caro-voli-610x3661-1.jpeg\",\"width\":610,\"height\":366,\"caption\":\"Caro-voli, da dicembre sconti per i residenti in Sicilia\"},{\"@type\":\"BreadcrumbList\",\"@id\":\"https:\\\/\\\/www.isoleolie.it\\\/eolie\\\/caro-voli-schifani-da-dicembre-sconti-per-i-residenti-in-sicilia\\\/eolie-news\\\/#breadcrumb\",\"itemListElement\":[{\"@type\":\"ListItem\",\"position\":1,\"name\":\"Home\",\"item\":\"https:\\\/\\\/www.isoleolie.it\\\/eolie\\\/\"},{\"@type\":\"ListItem\",\"position\":2,\"name\":\"Caro-voli, Schifani: da dicembre sconti per i residenti in Sicilia\"}]},{\"@type\":\"WebSite\",\"@id\":\"https:\\\/\\\/www.isoleolie.it\\\/eolie\\\/#website\",\"url\":\"https:\\\/\\\/www.isoleolie.it\\\/eolie\\\/\",\"name\":\"ISOLE EOLIE Turismo e Vacanze alle Isole Eolie Hotel B&B Residence Case Vacanza\",\"description\":\"The first and official tourism site for the Aeolian Islands\",\"publisher\":{\"@id\":\"https:\\\/\\\/www.isoleolie.it\\\/eolie\\\/#organization\"},\"potentialAction\":[{\"@type\":\"SearchAction\",\"target\":{\"@type\":\"EntryPoint\",\"urlTemplate\":\"https:\\\/\\\/www.isoleolie.it\\\/eolie\\\/?s={search_term_string}\"},\"query-input\":{\"@type\":\"PropertyValueSpecification\",\"valueRequired\":true,\"valueName\":\"search_term_string\"}}],\"inLanguage\":\"it-IT\"},{\"@type\":\"Organization\",\"@id\":\"https:\\\/\\\/www.isoleolie.it\\\/eolie\\\/#organization\",\"name\":\"ISOLE EOLIE\",\"url\":\"https:\\\/\\\/www.isoleolie.it\\\/eolie\\\/\",\"logo\":{\"@type\":\"ImageObject\",\"inLanguage\":\"it-IT\",\"@id\":\"https:\\\/\\\/www.isoleolie.it\\\/eolie\\\/#\\\/schema\\\/logo\\\/image\\\/\",\"url\":\"https:\\\/\\\/www.isoleolie.it\\\/eolie\\\/wp-content\\\/uploads\\\/2024\\\/11\\\/oMv8p0-4_400x400.jpg\",\"contentUrl\":\"https:\\\/\\\/www.isoleolie.it\\\/eolie\\\/wp-content\\\/uploads\\\/2024\\\/11\\\/oMv8p0-4_400x400.jpg\",\"width\":400,\"height\":400,\"caption\":\"ISOLE EOLIE\"},\"image\":{\"@id\":\"https:\\\/\\\/www.isoleolie.it\\\/eolie\\\/#\\\/schema\\\/logo\\\/image\\\/\"}},{\"@type\":\"Person\",\"@id\":\"https:\\\/\\\/www.isoleolie.it\\\/eolie\\\/#\\\/schema\\\/person\\\/4c400db26884d9f212712636db6c1746\",\"name\":\"Tourism Manager\",\"image\":{\"@type\":\"ImageObject\",\"inLanguage\":\"it-IT\",\"@id\":\"https:\\\/\\\/secure.gravatar.com\\\/avatar\\\/3446a46a5f1bdb4055f313474780b529660445bd2d0364f2472d83fd63ed9bbc?s=96&d=mm&r=g\",\"url\":\"https:\\\/\\\/secure.gravatar.com\\\/avatar\\\/3446a46a5f1bdb4055f313474780b529660445bd2d0364f2472d83fd63ed9bbc?s=96&d=mm&r=g\",\"contentUrl\":\"https:\\\/\\\/secure.gravatar.com\\\/avatar\\\/3446a46a5f1bdb4055f313474780b529660445bd2d0364f2472d83fd63ed9bbc?s=96&d=mm&r=g\",\"caption\":\"Tourism Manager\"},\"description\":\"Che cos'\u00e8 un manager del turismo? Tecnicamente, un manager del turismo \u00e8 un nome dato a qualsiasi professionista della gestione che lavora in un'azienda collegata all'industria del turismo. Ci\u00f2 include i direttori generali, che si assumono la responsabilit\u00e0 generale di garantire che le operazioni quotidiane si svolgano senza intoppi, ma includono anche i singoli responsabili di reparto all'interno delle aziende. Il ruolo di manager del turismo implica la supervisione delle operazioni all'interno di un'impresa o organizzazione turistica. \u00c8 una posizione di alto livello, che richiede una comprensione approfondita dei concetti di gestione e dell'industria nel suo insieme.\",\"sameAs\":[\"https:\\\/\\\/www.isoleolie.it\\\/\"],\"url\":\"https:\\\/\\\/www.isoleolie.it\\\/eolie\\\/author\\\/isoleolie_2\\\/\"}]}<\/script>\r\n<!-- \/ Yoast SEO plugin. -->","yoast_head_json":{"title":"Caro-voli, Schifani: da dicembre sconti per i residenti in Sicilia - ISOLE EOLIE Turismo e Vacanze Hotel B&amp;B Residence Case Vacanza","robots":{"index":"index","follow":"follow","max-snippet":"max-snippet:-1","max-image-preview":"max-image-preview:large","max-video-preview":"max-video-preview:-1"},"canonical":"https:\/\/www.isoleolie.it\/eolie\/caro-voli-schifani-da-dicembre-sconti-per-i-residenti-in-sicilia\/eolie-news\/","og_locale":"it_IT","og_type":"article","og_title":"Caro-voli, Schifani: da dicembre sconti per i residenti in Sicilia - ISOLE EOLIE Turismo e Vacanze Hotel B&amp;B Residence Case Vacanza","og_description":"Da dicembre sconti del 25% sul costo dei biglietti aerei per tutti i residenti in Sicilia. Cos\u00ec il governo Schifani punta a contrastare il caro-voli, soprattutto nei periodi di alta stagione e festivi. Il presidente Renato Schifani e l\u2019assessore alle Infrastrutture Alessandro Aric\u00f2 hanno illustrato a Palazzo d\u2019Orl\u00e9ans i contenuti della misura che ha come [&hellip;]","og_url":"https:\/\/www.isoleolie.it\/eolie\/caro-voli-schifani-da-dicembre-sconti-per-i-residenti-in-sicilia\/eolie-news\/","og_site_name":"ISOLE EOLIE Turismo e Vacanze Hotel B&amp;B Residence Case Vacanza","article_published_time":"2023-11-11T10:18:08+00:00","article_modified_time":"2023-11-11T10:22:40+00:00","og_image":[{"width":610,"height":366,"url":"https:\/\/www.isoleolie.it\/eolie\/wp-content\/uploads\/2023\/11\/Presidente-Schifani-e-assessore-Arico-Conferenza-stampa-Caro-voli-610x3661-1.jpeg","type":"image\/jpeg"}],"author":"Tourism Manager","twitter_card":"summary_large_image","twitter_misc":{"Scritto da":"Tourism Manager","Tempo di lettura stimato":"3 minuti"},"schema":{"@context":"https:\/\/schema.org","@graph":[{"@type":"Article","@id":"https:\/\/www.isoleolie.it\/eolie\/caro-voli-schifani-da-dicembre-sconti-per-i-residenti-in-sicilia\/eolie-news\/#article","isPartOf":{"@id":"https:\/\/www.isoleolie.it\/eolie\/caro-voli-schifani-da-dicembre-sconti-per-i-residenti-in-sicilia\/eolie-news\/"},"author":{"name":"Tourism Manager","@id":"https:\/\/www.isoleolie.it\/eolie\/#\/schema\/person\/4c400db26884d9f212712636db6c1746"},"headline":"Caro-voli, Schifani: da dicembre sconti per i residenti in Sicilia","datePublished":"2023-11-11T10:18:08+00:00","dateModified":"2023-11-11T10:22:40+00:00","mainEntityOfPage":{"@id":"https:\/\/www.isoleolie.it\/eolie\/caro-voli-schifani-da-dicembre-sconti-per-i-residenti-in-sicilia\/eolie-news\/"},"wordCount":487,"publisher":{"@id":"https:\/\/www.isoleolie.it\/eolie\/#organization"},"image":{"@id":"https:\/\/www.isoleolie.it\/eolie\/caro-voli-schifani-da-dicembre-sconti-per-i-residenti-in-sicilia\/eolie-news\/#primaryimage"},"thumbnailUrl":"https:\/\/www.isoleolie.it\/eolie\/wp-content\/uploads\/2023\/11\/Presidente-Schifani-e-assessore-Arico-Conferenza-stampa-Caro-voli-610x3661-1.jpeg","articleSection":["NEWS","TRASPORTI"],"inLanguage":"it-IT"},{"@type":"WebPage","@id":"https:\/\/www.isoleolie.it\/eolie\/caro-voli-schifani-da-dicembre-sconti-per-i-residenti-in-sicilia\/eolie-news\/","url":"https:\/\/www.isoleolie.it\/eolie\/caro-voli-schifani-da-dicembre-sconti-per-i-residenti-in-sicilia\/eolie-news\/","name":"Caro-voli, Schifani: da dicembre sconti per i residenti in Sicilia - ISOLE EOLIE Turismo e Vacanze Hotel B&amp;B Residence Case Vacanza","isPartOf":{"@id":"https:\/\/www.isoleolie.it\/eolie\/#website"},"primaryImageOfPage":{"@id":"https:\/\/www.isoleolie.it\/eolie\/caro-voli-schifani-da-dicembre-sconti-per-i-residenti-in-sicilia\/eolie-news\/#primaryimage"},"image":{"@id":"https:\/\/www.isoleolie.it\/eolie\/caro-voli-schifani-da-dicembre-sconti-per-i-residenti-in-sicilia\/eolie-news\/#primaryimage"},"thumbnailUrl":"https:\/\/www.isoleolie.it\/eolie\/wp-content\/uploads\/2023\/11\/Presidente-Schifani-e-assessore-Arico-Conferenza-stampa-Caro-voli-610x3661-1.jpeg","datePublished":"2023-11-11T10:18:08+00:00","dateModified":"2023-11-11T10:22:40+00:00","breadcrumb":{"@id":"https:\/\/www.isoleolie.it\/eolie\/caro-voli-schifani-da-dicembre-sconti-per-i-residenti-in-sicilia\/eolie-news\/#breadcrumb"},"inLanguage":"it-IT","potentialAction":[{"@type":"ReadAction","target":["https:\/\/www.isoleolie.it\/eolie\/caro-voli-schifani-da-dicembre-sconti-per-i-residenti-in-sicilia\/eolie-news\/"]}]},{"@type":"ImageObject","inLanguage":"it-IT","@id":"https:\/\/www.isoleolie.it\/eolie\/caro-voli-schifani-da-dicembre-sconti-per-i-residenti-in-sicilia\/eolie-news\/#primaryimage","url":"https:\/\/www.isoleolie.it\/eolie\/wp-content\/uploads\/2023\/11\/Presidente-Schifani-e-assessore-Arico-Conferenza-stampa-Caro-voli-610x3661-1.jpeg","contentUrl":"https:\/\/www.isoleolie.it\/eolie\/wp-content\/uploads\/2023\/11\/Presidente-Schifani-e-assessore-Arico-Conferenza-stampa-Caro-voli-610x3661-1.jpeg","width":610,"height":366,"caption":"Caro-voli, da dicembre sconti per i residenti in Sicilia"},{"@type":"BreadcrumbList","@id":"https:\/\/www.isoleolie.it\/eolie\/caro-voli-schifani-da-dicembre-sconti-per-i-residenti-in-sicilia\/eolie-news\/#breadcrumb","itemListElement":[{"@type":"ListItem","position":1,"name":"Home","item":"https:\/\/www.isoleolie.it\/eolie\/"},{"@type":"ListItem","position":2,"name":"Caro-voli, Schifani: da dicembre sconti per i residenti in Sicilia"}]},{"@type":"WebSite","@id":"https:\/\/www.isoleolie.it\/eolie\/#website","url":"https:\/\/www.isoleolie.it\/eolie\/","name":"ISOLE EOLIE Turismo e Vacanze alle Isole Eolie Hotel B&B Residence Case Vacanza","description":"The first and official tourism site for the Aeolian Islands","publisher":{"@id":"https:\/\/www.isoleolie.it\/eolie\/#organization"},"potentialAction":[{"@type":"SearchAction","target":{"@type":"EntryPoint","urlTemplate":"https:\/\/www.isoleolie.it\/eolie\/?s={search_term_string}"},"query-input":{"@type":"PropertyValueSpecification","valueRequired":true,"valueName":"search_term_string"}}],"inLanguage":"it-IT"},{"@type":"Organization","@id":"https:\/\/www.isoleolie.it\/eolie\/#organization","name":"ISOLE EOLIE","url":"https:\/\/www.isoleolie.it\/eolie\/","logo":{"@type":"ImageObject","inLanguage":"it-IT","@id":"https:\/\/www.isoleolie.it\/eolie\/#\/schema\/logo\/image\/","url":"https:\/\/www.isoleolie.it\/eolie\/wp-content\/uploads\/2024\/11\/oMv8p0-4_400x400.jpg","contentUrl":"https:\/\/www.isoleolie.it\/eolie\/wp-content\/uploads\/2024\/11\/oMv8p0-4_400x400.jpg","width":400,"height":400,"caption":"ISOLE EOLIE"},"image":{"@id":"https:\/\/www.isoleolie.it\/eolie\/#\/schema\/logo\/image\/"}},{"@type":"Person","@id":"https:\/\/www.isoleolie.it\/eolie\/#\/schema\/person\/4c400db26884d9f212712636db6c1746","name":"Tourism Manager","image":{"@type":"ImageObject","inLanguage":"it-IT","@id":"https:\/\/secure.gravatar.com\/avatar\/3446a46a5f1bdb4055f313474780b529660445bd2d0364f2472d83fd63ed9bbc?s=96&d=mm&r=g","url":"https:\/\/secure.gravatar.com\/avatar\/3446a46a5f1bdb4055f313474780b529660445bd2d0364f2472d83fd63ed9bbc?s=96&d=mm&r=g","contentUrl":"https:\/\/secure.gravatar.com\/avatar\/3446a46a5f1bdb4055f313474780b529660445bd2d0364f2472d83fd63ed9bbc?s=96&d=mm&r=g","caption":"Tourism Manager"},"description":"Che cos'\u00e8 un manager del turismo? Tecnicamente, un manager del turismo \u00e8 un nome dato a qualsiasi professionista della gestione che lavora in un'azienda collegata all'industria del turismo. Ci\u00f2 include i direttori generali, che si assumono la responsabilit\u00e0 generale di garantire che le operazioni quotidiane si svolgano senza intoppi, ma includono anche i singoli responsabili di reparto all'interno delle aziende. Il ruolo di manager del turismo implica la supervisione delle operazioni all'interno di un'impresa o organizzazione turistica. \u00c8 una posizione di alto livello, che richiede una comprensione approfondita dei concetti di gestione e dell'industria nel suo insieme.","sameAs":["https:\/\/www.isoleolie.it\/"],"url":"https:\/\/www.isoleolie.it\/eolie\/author\/isoleolie_2\/"}]}},"_links":{"self":[{"href":"https:\/\/www.isoleolie.it\/eolie\/wp-json\/wp\/v2\/posts\/1609","targetHints":{"allow":["GET"]}}],"collection":[{"href":"https:\/\/www.isoleolie.it\/eolie\/wp-json\/wp\/v2\/posts"}],"about":[{"href":"https:\/\/www.isoleolie.it\/eolie\/wp-json\/wp\/v2\/types\/post"}],"author":[{"embeddable":true,"href":"https:\/\/www.isoleolie.it\/eolie\/wp-json\/wp\/v2\/users\/1"}],"replies":[{"embeddable":true,"href":"https:\/\/www.isoleolie.it\/eolie\/wp-json\/wp\/v2\/comments?post=1609"}],"version-history":[{"count":3,"href":"https:\/\/www.isoleolie.it\/eolie\/wp-json\/wp\/v2\/posts\/1609\/revisions"}],"predecessor-version":[{"id":1613,"href":"https:\/\/www.isoleolie.it\/eolie\/wp-json\/wp\/v2\/posts\/1609\/revisions\/1613"}],"wp:featuredmedia":[{"embeddable":true,"href":"https:\/\/www.isoleolie.it\/eolie\/wp-json\/wp\/v2\/media\/1610"}],"wp:attachment":[{"href":"https:\/\/www.isoleolie.it\/eolie\/wp-json\/wp\/v2\/media?parent=1609"}],"wp:term":[{"taxonomy":"category","embeddable":true,"href":"https:\/\/www.isoleolie.it\/eolie\/wp-json\/wp\/v2\/categories?post=1609"},{"taxonomy":"post_tag","embeddable":true,"href":"https:\/\/www.isoleolie.it\/eolie\/wp-json\/wp\/v2\/tags?post=1609"}],"curies":[{"name":"wp","href":"https:\/\/api.w.org\/{rel}","templated":true}]}}