{"id":1521,"date":"2023-09-01T10:48:47","date_gmt":"2023-09-01T08:48:47","guid":{"rendered":"https:\/\/www.isoleolie.it\/eolie\/?p=1521"},"modified":"2023-09-01T10:48:47","modified_gmt":"2023-09-01T08:48:47","slug":"record-ad-agosto-per-dat-volidisicilia-oltre-38-mln-di-passeggeri","status":"publish","type":"post","link":"https:\/\/www.isoleolie.it\/eolie\/record-ad-agosto-per-dat-volidisicilia-oltre-38-mln-di-passeggeri\/eolie-news\/","title":{"rendered":"Record ad agosto per Dat VolidiSicilia, oltre 38 mln di passeggeri"},"content":{"rendered":"<p><span style=\"font-size: 14pt;\">Ad agosto Dat VolidiSicilia ha raggiunto il record di trasporto mensile su tutti i voli in continuit\u00e0 territoriale da e per Lampedusa e Pantelleria, con oltre 38 mila passeggeri.<\/span><\/p>\n<p><span style=\"font-size: 14pt;\">\u201cNonostante le difficolt\u00e0 operative \u2013 dicono dalla compagnia \u2013 che hanno contraddistinto lo scenario siciliano abbiamo operato con un tasso di regolarit\u00e0 molto alto, superiore al 97%, in linea con la media delle principali compagnie aeree europee, con grande soddisfazione degli operatori della filiera turistica con cui operiamo e collaboriamo da ormai oltre cinque anni\u201d.<\/span><br \/>\n<script async src=\"https:\/\/pagead2.googlesyndication.com\/pagead\/js\/adsbygoogle.js?client=ca-pub-0374348204273382\"\n     crossorigin=\"anonymous\"><\/script><br \/>\n<ins class=\"adsbygoogle\"\n     style=\"display:block; text-align:center;\"\n     data-ad-layout=\"in-article\"\n     data-ad-format=\"fluid\"\n     data-ad-client=\"ca-pub-0374348204273382\"\n     data-ad-slot=\"7701142189\"><\/ins><br \/>\n<script>\n     (adsbygoogle = window.adsbygoogle || []).push({});\n<\/script><br \/>\n<span style=\"font-size: 14pt;\">Dat \u00a0Volidisicilia opera dal primo luglio 2018 come assegnataria fino al 31 Ottobre 2025 dei collegamenti in oneri di servizio pubblico tra la Sicilia e le isole minori di Lampedusa e Pantelleria. <\/span><\/p>\n<p><span style=\"font-size: 14pt;\">In Italia utilizza fino a 4 aeromobili a seconda della stagione operando pi\u00f9 di 6 mila voli all\u2019anno. In Italia impiega direttamente circa 25 risorse e supporta oltre un centinaio di posti di lavoro indiretti.<\/span><\/p>\n<h1>OFFERTE LAST MINUTE<\/h1>\n<p><ins class=\"bookingaff\" data-aid=\"2056245\" data-target_aid=\"2056245\" data-prod=\"dfl2\" data-width=\"100%\" data-height=\"auto\" data-lang=\"it\" data-dest_id=\"2322\" data-dest_type=\"region\" data-df_num_properties=\"6\"><br \/>\n    <!-- Anything inside will go away once widget is loaded. --><br \/>\n        <a href=\"\/\/www.booking.com?aid=2056245\">Booking.com<\/a><br \/>\n<\/ins><br \/>\n<script type=\"text\/javascript\">\n    (function(d, sc, u) {\n      var s = d.createElement(sc), p = d.getElementsByTagName(sc)[0];\n      s.type = 'text\/javascript';\n      s.async = true;\n      s.src = u + '?v=' + (+new Date());\n      p.parentNode.insertBefore(s,p);\n      })(document, 'script', '\/\/aff.bstatic.com\/static\/affiliate_base\/js\/flexiproduct.js');\n<\/script><\/p>\n","protected":false},"excerpt":{"rendered":"<p>Ad agosto Dat VolidiSicilia ha raggiunto il record di trasporto mensile su tutti i voli in continuit\u00e0 territoriale da e per Lampedusa e Pantelleria, con oltre 38 mila passeggeri. \u201cNonostante le difficolt\u00e0 operative \u2013 dicono dalla compagnia \u2013 che hanno contraddistinto lo scenario siciliano abbiamo operato con un tasso di regolarit\u00e0 molto alto, superiore al [&hellip;]<\/p>\n","protected":false},"author":1,"featured_media":1522,"comment_status":"closed","ping_status":"closed","sticky":false,"template":"","format":"standard","meta":{"footnotes":""},"categories":[22,31],"tags":[],"class_list":["post-1521","post","type-post","status-publish","format-standard","has-post-thumbnail","hentry","category-eolie-news","category-trasporti"],"yoast_head":"<!-- This site is optimized with the Yoast SEO plugin v27.5 - https:\/\/yoast.com\/product\/yoast-seo-wordpress\/ -->\r\n<title>Record ad agosto per Dat VolidiSicilia, oltre 38 mln di passeggeri - ISOLE EOLIE Turismo e Vacanze Hotel B&amp;B Residence Case Vacanza<\/title>\r\n<meta name=\"robots\" content=\"index, follow, max-snippet:-1, max-image-preview:large, max-video-preview:-1\" \/>\r\n<link rel=\"canonical\" href=\"https:\/\/www.isoleolie.it\/eolie\/record-ad-agosto-per-dat-volidisicilia-oltre-38-mln-di-passeggeri\/eolie-news\/\" \/>\r\n<meta property=\"og:locale\" content=\"it_IT\" \/>\r\n<meta property=\"og:type\" content=\"article\" \/>\r\n<meta property=\"og:title\" content=\"Record ad agosto per Dat VolidiSicilia, oltre 38 mln di passeggeri - ISOLE EOLIE Turismo e Vacanze Hotel B&amp;B Residence Case Vacanza\" \/>\r\n<meta property=\"og:description\" content=\"Ad agosto Dat VolidiSicilia ha raggiunto il record di trasporto mensile su tutti i voli in continuit\u00e0 territoriale da e per Lampedusa e Pantelleria, con oltre 38 mila passeggeri. \u201cNonostante le difficolt\u00e0 operative \u2013 dicono dalla compagnia \u2013 che hanno contraddistinto lo scenario siciliano abbiamo operato con un tasso di regolarit\u00e0 molto alto, superiore al [&hellip;]\" \/>\r\n<meta property=\"og:url\" content=\"https:\/\/www.isoleolie.it\/eolie\/record-ad-agosto-per-dat-volidisicilia-oltre-38-mln-di-passeggeri\/eolie-news\/\" \/>\r\n<meta property=\"og:site_name\" content=\"ISOLE EOLIE Turismo e Vacanze Hotel B&amp;B Residence Case Vacanza\" \/>\r\n<meta property=\"article:published_time\" content=\"2023-09-01T08:48:47+00:00\" \/>\r\n<meta property=\"og:image\" content=\"https:\/\/www.isoleolie.it\/eolie\/wp-content\/uploads\/2023\/09\/DAT-fly-610x3661-1.jpg\" \/>\r\n\t<meta property=\"og:image:width\" content=\"610\" \/>\r\n\t<meta property=\"og:image:height\" content=\"366\" \/>\r\n\t<meta property=\"og:image:type\" content=\"image\/jpeg\" \/>\r\n<meta name=\"author\" content=\"Tourism Manager\" \/>\r\n<meta name=\"twitter:card\" content=\"summary_large_image\" \/>\r\n<meta name=\"twitter:label1\" content=\"Scritto da\" \/>\n\t<meta name=\"twitter:data1\" content=\"Tourism Manager\" \/>\n\t<meta name=\"twitter:label2\" content=\"Tempo di lettura stimato\" \/>\n\t<meta name=\"twitter:data2\" content=\"1 minuto\" \/>\r\n<script type=\"application\/ld+json\" class=\"yoast-schema-graph\">{\"@context\":\"https:\\\/\\\/schema.org\",\"@graph\":[{\"@type\":\"Article\",\"@id\":\"https:\\\/\\\/www.isoleolie.it\\\/eolie\\\/record-ad-agosto-per-dat-volidisicilia-oltre-38-mln-di-passeggeri\\\/eolie-news\\\/#article\",\"isPartOf\":{\"@id\":\"https:\\\/\\\/www.isoleolie.it\\\/eolie\\\/record-ad-agosto-per-dat-volidisicilia-oltre-38-mln-di-passeggeri\\\/eolie-news\\\/\"},\"author\":{\"name\":\"Tourism Manager\",\"@id\":\"https:\\\/\\\/www.isoleolie.it\\\/eolie\\\/#\\\/schema\\\/person\\\/4c400db26884d9f212712636db6c1746\"},\"headline\":\"Record ad agosto per Dat VolidiSicilia, oltre 38 mln di passeggeri\",\"datePublished\":\"2023-09-01T08:48:47+00:00\",\"mainEntityOfPage\":{\"@id\":\"https:\\\/\\\/www.isoleolie.it\\\/eolie\\\/record-ad-agosto-per-dat-volidisicilia-oltre-38-mln-di-passeggeri\\\/eolie-news\\\/\"},\"wordCount\":157,\"publisher\":{\"@id\":\"https:\\\/\\\/www.isoleolie.it\\\/eolie\\\/#organization\"},\"image\":{\"@id\":\"https:\\\/\\\/www.isoleolie.it\\\/eolie\\\/record-ad-agosto-per-dat-volidisicilia-oltre-38-mln-di-passeggeri\\\/eolie-news\\\/#primaryimage\"},\"thumbnailUrl\":\"https:\\\/\\\/www.isoleolie.it\\\/eolie\\\/wp-content\\\/uploads\\\/2023\\\/09\\\/DAT-fly-610x3661-1.jpg\",\"articleSection\":[\"NEWS\",\"TRASPORTI\"],\"inLanguage\":\"it-IT\"},{\"@type\":\"WebPage\",\"@id\":\"https:\\\/\\\/www.isoleolie.it\\\/eolie\\\/record-ad-agosto-per-dat-volidisicilia-oltre-38-mln-di-passeggeri\\\/eolie-news\\\/\",\"url\":\"https:\\\/\\\/www.isoleolie.it\\\/eolie\\\/record-ad-agosto-per-dat-volidisicilia-oltre-38-mln-di-passeggeri\\\/eolie-news\\\/\",\"name\":\"Record ad agosto per Dat VolidiSicilia, oltre 38 mln di passeggeri - ISOLE EOLIE Turismo e Vacanze Hotel B&amp;B Residence Case Vacanza\",\"isPartOf\":{\"@id\":\"https:\\\/\\\/www.isoleolie.it\\\/eolie\\\/#website\"},\"primaryImageOfPage\":{\"@id\":\"https:\\\/\\\/www.isoleolie.it\\\/eolie\\\/record-ad-agosto-per-dat-volidisicilia-oltre-38-mln-di-passeggeri\\\/eolie-news\\\/#primaryimage\"},\"image\":{\"@id\":\"https:\\\/\\\/www.isoleolie.it\\\/eolie\\\/record-ad-agosto-per-dat-volidisicilia-oltre-38-mln-di-passeggeri\\\/eolie-news\\\/#primaryimage\"},\"thumbnailUrl\":\"https:\\\/\\\/www.isoleolie.it\\\/eolie\\\/wp-content\\\/uploads\\\/2023\\\/09\\\/DAT-fly-610x3661-1.jpg\",\"datePublished\":\"2023-09-01T08:48:47+00:00\",\"breadcrumb\":{\"@id\":\"https:\\\/\\\/www.isoleolie.it\\\/eolie\\\/record-ad-agosto-per-dat-volidisicilia-oltre-38-mln-di-passeggeri\\\/eolie-news\\\/#breadcrumb\"},\"inLanguage\":\"it-IT\",\"potentialAction\":[{\"@type\":\"ReadAction\",\"target\":[\"https:\\\/\\\/www.isoleolie.it\\\/eolie\\\/record-ad-agosto-per-dat-volidisicilia-oltre-38-mln-di-passeggeri\\\/eolie-news\\\/\"]}]},{\"@type\":\"ImageObject\",\"inLanguage\":\"it-IT\",\"@id\":\"https:\\\/\\\/www.isoleolie.it\\\/eolie\\\/record-ad-agosto-per-dat-volidisicilia-oltre-38-mln-di-passeggeri\\\/eolie-news\\\/#primaryimage\",\"url\":\"https:\\\/\\\/www.isoleolie.it\\\/eolie\\\/wp-content\\\/uploads\\\/2023\\\/09\\\/DAT-fly-610x3661-1.jpg\",\"contentUrl\":\"https:\\\/\\\/www.isoleolie.it\\\/eolie\\\/wp-content\\\/uploads\\\/2023\\\/09\\\/DAT-fly-610x3661-1.jpg\",\"width\":610,\"height\":366,\"caption\":\"voli sicilia\"},{\"@type\":\"BreadcrumbList\",\"@id\":\"https:\\\/\\\/www.isoleolie.it\\\/eolie\\\/record-ad-agosto-per-dat-volidisicilia-oltre-38-mln-di-passeggeri\\\/eolie-news\\\/#breadcrumb\",\"itemListElement\":[{\"@type\":\"ListItem\",\"position\":1,\"name\":\"Home\",\"item\":\"https:\\\/\\\/www.isoleolie.it\\\/eolie\\\/\"},{\"@type\":\"ListItem\",\"position\":2,\"name\":\"Record ad agosto per Dat VolidiSicilia, oltre 38 mln di passeggeri\"}]},{\"@type\":\"WebSite\",\"@id\":\"https:\\\/\\\/www.isoleolie.it\\\/eolie\\\/#website\",\"url\":\"https:\\\/\\\/www.isoleolie.it\\\/eolie\\\/\",\"name\":\"ISOLE EOLIE Turismo e Vacanze alle Isole Eolie Hotel B&B Residence Case Vacanza\",\"description\":\"The first and official tourism site for the Aeolian Islands\",\"publisher\":{\"@id\":\"https:\\\/\\\/www.isoleolie.it\\\/eolie\\\/#organization\"},\"potentialAction\":[{\"@type\":\"SearchAction\",\"target\":{\"@type\":\"EntryPoint\",\"urlTemplate\":\"https:\\\/\\\/www.isoleolie.it\\\/eolie\\\/?s={search_term_string}\"},\"query-input\":{\"@type\":\"PropertyValueSpecification\",\"valueRequired\":true,\"valueName\":\"search_term_string\"}}],\"inLanguage\":\"it-IT\"},{\"@type\":\"Organization\",\"@id\":\"https:\\\/\\\/www.isoleolie.it\\\/eolie\\\/#organization\",\"name\":\"ISOLE EOLIE\",\"url\":\"https:\\\/\\\/www.isoleolie.it\\\/eolie\\\/\",\"logo\":{\"@type\":\"ImageObject\",\"inLanguage\":\"it-IT\",\"@id\":\"https:\\\/\\\/www.isoleolie.it\\\/eolie\\\/#\\\/schema\\\/logo\\\/image\\\/\",\"url\":\"https:\\\/\\\/www.isoleolie.it\\\/eolie\\\/wp-content\\\/uploads\\\/2024\\\/11\\\/oMv8p0-4_400x400.jpg\",\"contentUrl\":\"https:\\\/\\\/www.isoleolie.it\\\/eolie\\\/wp-content\\\/uploads\\\/2024\\\/11\\\/oMv8p0-4_400x400.jpg\",\"width\":400,\"height\":400,\"caption\":\"ISOLE EOLIE\"},\"image\":{\"@id\":\"https:\\\/\\\/www.isoleolie.it\\\/eolie\\\/#\\\/schema\\\/logo\\\/image\\\/\"}},{\"@type\":\"Person\",\"@id\":\"https:\\\/\\\/www.isoleolie.it\\\/eolie\\\/#\\\/schema\\\/person\\\/4c400db26884d9f212712636db6c1746\",\"name\":\"Tourism Manager\",\"image\":{\"@type\":\"ImageObject\",\"inLanguage\":\"it-IT\",\"@id\":\"https:\\\/\\\/secure.gravatar.com\\\/avatar\\\/3446a46a5f1bdb4055f313474780b529660445bd2d0364f2472d83fd63ed9bbc?s=96&d=mm&r=g\",\"url\":\"https:\\\/\\\/secure.gravatar.com\\\/avatar\\\/3446a46a5f1bdb4055f313474780b529660445bd2d0364f2472d83fd63ed9bbc?s=96&d=mm&r=g\",\"contentUrl\":\"https:\\\/\\\/secure.gravatar.com\\\/avatar\\\/3446a46a5f1bdb4055f313474780b529660445bd2d0364f2472d83fd63ed9bbc?s=96&d=mm&r=g\",\"caption\":\"Tourism Manager\"},\"description\":\"Che cos'\u00e8 un manager del turismo? Tecnicamente, un manager del turismo \u00e8 un nome dato a qualsiasi professionista della gestione che lavora in un'azienda collegata all'industria del turismo. Ci\u00f2 include i direttori generali, che si assumono la responsabilit\u00e0 generale di garantire che le operazioni quotidiane si svolgano senza intoppi, ma includono anche i singoli responsabili di reparto all'interno delle aziende. Il ruolo di manager del turismo implica la supervisione delle operazioni all'interno di un'impresa o organizzazione turistica. \u00c8 una posizione di alto livello, che richiede una comprensione approfondita dei concetti di gestione e dell'industria nel suo insieme.\",\"sameAs\":[\"https:\\\/\\\/www.isoleolie.it\\\/\"],\"url\":\"https:\\\/\\\/www.isoleolie.it\\\/eolie\\\/author\\\/isoleolie_2\\\/\"}]}<\/script>\r\n<!-- \/ Yoast SEO plugin. -->","yoast_head_json":{"title":"Record ad agosto per Dat VolidiSicilia, oltre 38 mln di passeggeri - ISOLE EOLIE Turismo e Vacanze Hotel B&amp;B Residence Case Vacanza","robots":{"index":"index","follow":"follow","max-snippet":"max-snippet:-1","max-image-preview":"max-image-preview:large","max-video-preview":"max-video-preview:-1"},"canonical":"https:\/\/www.isoleolie.it\/eolie\/record-ad-agosto-per-dat-volidisicilia-oltre-38-mln-di-passeggeri\/eolie-news\/","og_locale":"it_IT","og_type":"article","og_title":"Record ad agosto per Dat VolidiSicilia, oltre 38 mln di passeggeri - ISOLE EOLIE Turismo e Vacanze Hotel B&amp;B Residence Case Vacanza","og_description":"Ad agosto Dat VolidiSicilia ha raggiunto il record di trasporto mensile su tutti i voli in continuit\u00e0 territoriale da e per Lampedusa e Pantelleria, con oltre 38 mila passeggeri. \u201cNonostante le difficolt\u00e0 operative \u2013 dicono dalla compagnia \u2013 che hanno contraddistinto lo scenario siciliano abbiamo operato con un tasso di regolarit\u00e0 molto alto, superiore al [&hellip;]","og_url":"https:\/\/www.isoleolie.it\/eolie\/record-ad-agosto-per-dat-volidisicilia-oltre-38-mln-di-passeggeri\/eolie-news\/","og_site_name":"ISOLE EOLIE Turismo e Vacanze Hotel B&amp;B Residence Case Vacanza","article_published_time":"2023-09-01T08:48:47+00:00","og_image":[{"width":610,"height":366,"url":"https:\/\/www.isoleolie.it\/eolie\/wp-content\/uploads\/2023\/09\/DAT-fly-610x3661-1.jpg","type":"image\/jpeg"}],"author":"Tourism Manager","twitter_card":"summary_large_image","twitter_misc":{"Scritto da":"Tourism Manager","Tempo di lettura stimato":"1 minuto"},"schema":{"@context":"https:\/\/schema.org","@graph":[{"@type":"Article","@id":"https:\/\/www.isoleolie.it\/eolie\/record-ad-agosto-per-dat-volidisicilia-oltre-38-mln-di-passeggeri\/eolie-news\/#article","isPartOf":{"@id":"https:\/\/www.isoleolie.it\/eolie\/record-ad-agosto-per-dat-volidisicilia-oltre-38-mln-di-passeggeri\/eolie-news\/"},"author":{"name":"Tourism Manager","@id":"https:\/\/www.isoleolie.it\/eolie\/#\/schema\/person\/4c400db26884d9f212712636db6c1746"},"headline":"Record ad agosto per Dat VolidiSicilia, oltre 38 mln di passeggeri","datePublished":"2023-09-01T08:48:47+00:00","mainEntityOfPage":{"@id":"https:\/\/www.isoleolie.it\/eolie\/record-ad-agosto-per-dat-volidisicilia-oltre-38-mln-di-passeggeri\/eolie-news\/"},"wordCount":157,"publisher":{"@id":"https:\/\/www.isoleolie.it\/eolie\/#organization"},"image":{"@id":"https:\/\/www.isoleolie.it\/eolie\/record-ad-agosto-per-dat-volidisicilia-oltre-38-mln-di-passeggeri\/eolie-news\/#primaryimage"},"thumbnailUrl":"https:\/\/www.isoleolie.it\/eolie\/wp-content\/uploads\/2023\/09\/DAT-fly-610x3661-1.jpg","articleSection":["NEWS","TRASPORTI"],"inLanguage":"it-IT"},{"@type":"WebPage","@id":"https:\/\/www.isoleolie.it\/eolie\/record-ad-agosto-per-dat-volidisicilia-oltre-38-mln-di-passeggeri\/eolie-news\/","url":"https:\/\/www.isoleolie.it\/eolie\/record-ad-agosto-per-dat-volidisicilia-oltre-38-mln-di-passeggeri\/eolie-news\/","name":"Record ad agosto per Dat VolidiSicilia, oltre 38 mln di passeggeri - ISOLE EOLIE Turismo e Vacanze Hotel B&amp;B Residence Case Vacanza","isPartOf":{"@id":"https:\/\/www.isoleolie.it\/eolie\/#website"},"primaryImageOfPage":{"@id":"https:\/\/www.isoleolie.it\/eolie\/record-ad-agosto-per-dat-volidisicilia-oltre-38-mln-di-passeggeri\/eolie-news\/#primaryimage"},"image":{"@id":"https:\/\/www.isoleolie.it\/eolie\/record-ad-agosto-per-dat-volidisicilia-oltre-38-mln-di-passeggeri\/eolie-news\/#primaryimage"},"thumbnailUrl":"https:\/\/www.isoleolie.it\/eolie\/wp-content\/uploads\/2023\/09\/DAT-fly-610x3661-1.jpg","datePublished":"2023-09-01T08:48:47+00:00","breadcrumb":{"@id":"https:\/\/www.isoleolie.it\/eolie\/record-ad-agosto-per-dat-volidisicilia-oltre-38-mln-di-passeggeri\/eolie-news\/#breadcrumb"},"inLanguage":"it-IT","potentialAction":[{"@type":"ReadAction","target":["https:\/\/www.isoleolie.it\/eolie\/record-ad-agosto-per-dat-volidisicilia-oltre-38-mln-di-passeggeri\/eolie-news\/"]}]},{"@type":"ImageObject","inLanguage":"it-IT","@id":"https:\/\/www.isoleolie.it\/eolie\/record-ad-agosto-per-dat-volidisicilia-oltre-38-mln-di-passeggeri\/eolie-news\/#primaryimage","url":"https:\/\/www.isoleolie.it\/eolie\/wp-content\/uploads\/2023\/09\/DAT-fly-610x3661-1.jpg","contentUrl":"https:\/\/www.isoleolie.it\/eolie\/wp-content\/uploads\/2023\/09\/DAT-fly-610x3661-1.jpg","width":610,"height":366,"caption":"voli sicilia"},{"@type":"BreadcrumbList","@id":"https:\/\/www.isoleolie.it\/eolie\/record-ad-agosto-per-dat-volidisicilia-oltre-38-mln-di-passeggeri\/eolie-news\/#breadcrumb","itemListElement":[{"@type":"ListItem","position":1,"name":"Home","item":"https:\/\/www.isoleolie.it\/eolie\/"},{"@type":"ListItem","position":2,"name":"Record ad agosto per Dat VolidiSicilia, oltre 38 mln di passeggeri"}]},{"@type":"WebSite","@id":"https:\/\/www.isoleolie.it\/eolie\/#website","url":"https:\/\/www.isoleolie.it\/eolie\/","name":"ISOLE EOLIE Turismo e Vacanze alle Isole Eolie Hotel B&B Residence Case Vacanza","description":"The first and official tourism site for the Aeolian Islands","publisher":{"@id":"https:\/\/www.isoleolie.it\/eolie\/#organization"},"potentialAction":[{"@type":"SearchAction","target":{"@type":"EntryPoint","urlTemplate":"https:\/\/www.isoleolie.it\/eolie\/?s={search_term_string}"},"query-input":{"@type":"PropertyValueSpecification","valueRequired":true,"valueName":"search_term_string"}}],"inLanguage":"it-IT"},{"@type":"Organization","@id":"https:\/\/www.isoleolie.it\/eolie\/#organization","name":"ISOLE EOLIE","url":"https:\/\/www.isoleolie.it\/eolie\/","logo":{"@type":"ImageObject","inLanguage":"it-IT","@id":"https:\/\/www.isoleolie.it\/eolie\/#\/schema\/logo\/image\/","url":"https:\/\/www.isoleolie.it\/eolie\/wp-content\/uploads\/2024\/11\/oMv8p0-4_400x400.jpg","contentUrl":"https:\/\/www.isoleolie.it\/eolie\/wp-content\/uploads\/2024\/11\/oMv8p0-4_400x400.jpg","width":400,"height":400,"caption":"ISOLE EOLIE"},"image":{"@id":"https:\/\/www.isoleolie.it\/eolie\/#\/schema\/logo\/image\/"}},{"@type":"Person","@id":"https:\/\/www.isoleolie.it\/eolie\/#\/schema\/person\/4c400db26884d9f212712636db6c1746","name":"Tourism Manager","image":{"@type":"ImageObject","inLanguage":"it-IT","@id":"https:\/\/secure.gravatar.com\/avatar\/3446a46a5f1bdb4055f313474780b529660445bd2d0364f2472d83fd63ed9bbc?s=96&d=mm&r=g","url":"https:\/\/secure.gravatar.com\/avatar\/3446a46a5f1bdb4055f313474780b529660445bd2d0364f2472d83fd63ed9bbc?s=96&d=mm&r=g","contentUrl":"https:\/\/secure.gravatar.com\/avatar\/3446a46a5f1bdb4055f313474780b529660445bd2d0364f2472d83fd63ed9bbc?s=96&d=mm&r=g","caption":"Tourism Manager"},"description":"Che cos'\u00e8 un manager del turismo? Tecnicamente, un manager del turismo \u00e8 un nome dato a qualsiasi professionista della gestione che lavora in un'azienda collegata all'industria del turismo. Ci\u00f2 include i direttori generali, che si assumono la responsabilit\u00e0 generale di garantire che le operazioni quotidiane si svolgano senza intoppi, ma includono anche i singoli responsabili di reparto all'interno delle aziende. Il ruolo di manager del turismo implica la supervisione delle operazioni all'interno di un'impresa o organizzazione turistica. \u00c8 una posizione di alto livello, che richiede una comprensione approfondita dei concetti di gestione e dell'industria nel suo insieme.","sameAs":["https:\/\/www.isoleolie.it\/"],"url":"https:\/\/www.isoleolie.it\/eolie\/author\/isoleolie_2\/"}]}},"_links":{"self":[{"href":"https:\/\/www.isoleolie.it\/eolie\/wp-json\/wp\/v2\/posts\/1521","targetHints":{"allow":["GET"]}}],"collection":[{"href":"https:\/\/www.isoleolie.it\/eolie\/wp-json\/wp\/v2\/posts"}],"about":[{"href":"https:\/\/www.isoleolie.it\/eolie\/wp-json\/wp\/v2\/types\/post"}],"author":[{"embeddable":true,"href":"https:\/\/www.isoleolie.it\/eolie\/wp-json\/wp\/v2\/users\/1"}],"replies":[{"embeddable":true,"href":"https:\/\/www.isoleolie.it\/eolie\/wp-json\/wp\/v2\/comments?post=1521"}],"version-history":[{"count":2,"href":"https:\/\/www.isoleolie.it\/eolie\/wp-json\/wp\/v2\/posts\/1521\/revisions"}],"predecessor-version":[{"id":1524,"href":"https:\/\/www.isoleolie.it\/eolie\/wp-json\/wp\/v2\/posts\/1521\/revisions\/1524"}],"wp:featuredmedia":[{"embeddable":true,"href":"https:\/\/www.isoleolie.it\/eolie\/wp-json\/wp\/v2\/media\/1522"}],"wp:attachment":[{"href":"https:\/\/www.isoleolie.it\/eolie\/wp-json\/wp\/v2\/media?parent=1521"}],"wp:term":[{"taxonomy":"category","embeddable":true,"href":"https:\/\/www.isoleolie.it\/eolie\/wp-json\/wp\/v2\/categories?post=1521"},{"taxonomy":"post_tag","embeddable":true,"href":"https:\/\/www.isoleolie.it\/eolie\/wp-json\/wp\/v2\/tags?post=1521"}],"curies":[{"name":"wp","href":"https:\/\/api.w.org\/{rel}","templated":true}]}}