{"id":1453,"date":"2023-04-03T10:31:58","date_gmt":"2023-04-03T08:31:58","guid":{"rendered":"https:\/\/www.isoleolie.it\/eolie\/?p=1453"},"modified":"2023-04-03T10:58:35","modified_gmt":"2023-04-03T08:58:35","slug":"dat-si-aggiudica-i-voli-per-lampedusa-e-pantelleria-fino-al-2027","status":"publish","type":"post","link":"https:\/\/www.isoleolie.it\/eolie\/dat-si-aggiudica-i-voli-per-lampedusa-e-pantelleria-fino-al-2027\/eolie-news\/","title":{"rendered":"DAT si aggiudica i voli per Lampedusa e Pantelleria fino al 2027"},"content":{"rendered":"<p><span style=\"font-size: 14pt;\">DAT Volidisicilia si \u00e8 aggiudicata l\u2019attribuzione dei collegamenti aerei da\/per le isole di Lampedusa e Pantelleria nell\u2019ambito del nuovo bando di Continuit\u00e0 Territoriale Sicilia-Isole Minori. A breve, nei sistemi di prenotazione e sul sito della compagnia, saranno visibili e prenotabili i voli dal 1\u00b0 luglio fino al 31 ottobre 2023.<\/span><\/p>\n<p><span style=\"font-size: 14pt;\">\u201cSiamo molto soddisfatti dell\u2019eccellente risultato conseguito \u2013 commenta Luigi Vallero, direttore generale di DAT Volidisicilia \u2013 che consolida il forte legame sviluppatosi in questi quasi cinque anni tra DAT Volidisicilia e il territorio, cui siamo arrivati anche grazie all\u2019elevatissimo livello di affidabilit\u00e0, regolarit\u00e0 e puntualit\u00e0 offerti al pubblico.<\/span><\/p>\n<p><span style=\"font-size: 14pt;\">Ora siamo finalmente in grado di mettere in vendita i nostri voli a partire dal 1\u00b0 luglio 2023 per tutta la stagione estiva, e potremo successivamente proseguire sino alla scadenza naturale del bando, prevista per il 3 ottobre 2025, con possibile estensione massima al 30 giugno 2027.<\/span><\/p>\n<p><span style=\"font-size: 14pt;\">Si potranno cos\u00ec pianificare fin d\u2019ora i viaggi per la prossima stagione estiva, evitando gli inconvenienti che si erano generati nella passata estate 2022, supportando l\u2019intera filiera turistica nella pianificazione e nella programmazione dell\u2019alta stagione, elementi di vitale importanza nel nostro settore\u201d.<\/span><\/p>\n<p><img decoding=\"async\" src=\"https:\/\/travelnostop.com\/wp-content\/uploads\/2023\/04\/luigi-vallero-dat-300x200.jpg\" \/><br \/>\n<script async src=\"https:\/\/pagead2.googlesyndication.com\/pagead\/js\/adsbygoogle.js?client=ca-pub-0374348204273382\" crossorigin=\"anonymous\"><\/script><br \/>\n<ins class=\"adsbygoogle\" style=\"display: block; text-align: center;\" data-ad-layout=\"in-article\" data-ad-format=\"fluid\" data-ad-client=\"ca-pub-0374348204273382\" data-ad-slot=\"7701142189\"><\/ins><br \/>\n<script>\n     (adsbygoogle = window.adsbygoogle || []).push({});\n<\/script><\/p>\n<p><span style=\"font-size: 14pt;\">Le tariffe per residenti e visitatori sono quelle gi\u00e0 in vigore dal 1\u00b0 dicembre 2023, ridotte del 34% rispetto al bando che si era concluso il 30 novembre. Gli orari ricalcano quelli gi\u00e0 operati in passato con alcune importanti novit\u00e0 quali la conferma durante la stagione invernale del collegamento Pantelleria-Catania e viceversa con frequenza bisettimanale (quattro volte la settimana in estate) e una modulazione ottimizzata delle frequenze in alta stagione tra Lampedusa e Catania, che arriveranno a tre corse al giorno andata e ritorno nei fine settimana di picco estivo.<\/span><\/p>\n<p><span style=\"font-size: 14pt;\">\u201cCon un orizzonte temporale pi\u00f9 ampio \u2013 conclude Vallero \u2013 possiamo ora guardare al futuro di DAT Volidisicilia con maggiori certezze sia per le nostre risorse che per i sempre crescenti partner commerciali e fornitori con cui collaboriamo ormai da diversi anni.<\/span><\/p>\n<p><span style=\"font-size: 14pt;\">Alcuni nuovi progetti di espansione e sviluppo sul territorio nazionale sono allo studio, potendo contare su una flotta che oggi annovera 14 aeromobili di tipologia ATR 42\/72 e 6 Airbus A320\/A321, in buona parte di propriet\u00e0 del gruppo DAT Holding A\/S, elemento che rende molto rapida la capacit\u00e0 decisionale nel cogliere le opportunit\u00e0 offerte dal mercato\u201d.<\/span><\/p>\n<p>(Fonte: travelnostop.com<\/p>\n","protected":false},"excerpt":{"rendered":"<p>DAT Volidisicilia si \u00e8 aggiudicata l\u2019attribuzione dei collegamenti aerei da\/per le isole di Lampedusa e Pantelleria nell\u2019ambito del nuovo bando di Continuit\u00e0 Territoriale Sicilia-Isole Minori. A breve, nei sistemi di prenotazione e sul sito della compagnia, saranno visibili e prenotabili i voli dal 1\u00b0 luglio fino al 31 ottobre 2023. \u201cSiamo molto soddisfatti dell\u2019eccellente risultato [&hellip;]<\/p>\n","protected":false},"author":1,"featured_media":1454,"comment_status":"closed","ping_status":"closed","sticky":false,"template":"","format":"standard","meta":{"footnotes":""},"categories":[22],"tags":[],"class_list":["post-1453","post","type-post","status-publish","format-standard","has-post-thumbnail","hentry","category-eolie-news"],"yoast_head":"<!-- This site is optimized with the Yoast SEO plugin v27.5 - https:\/\/yoast.com\/product\/yoast-seo-wordpress\/ -->\r\n<title>DAT si aggiudica i voli per Lampedusa e Pantelleria fino al 2027 - ISOLE EOLIE Turismo e Vacanze Hotel B&amp;B Residence Case Vacanza<\/title>\r\n<meta name=\"description\" content=\"le isole di Lampedusa e Pantelleria nell\u2019ambito del nuovo bando di Continuit\u00e0 Territoriale Sicilia-Isole Minori...\" \/>\r\n<meta name=\"robots\" content=\"index, follow, max-snippet:-1, max-image-preview:large, max-video-preview:-1\" \/>\r\n<link rel=\"canonical\" href=\"https:\/\/www.isoleolie.it\/eolie\/dat-si-aggiudica-i-voli-per-lampedusa-e-pantelleria-fino-al-2027\/eolie-news\/\" \/>\r\n<meta property=\"og:locale\" content=\"it_IT\" \/>\r\n<meta property=\"og:type\" content=\"article\" \/>\r\n<meta property=\"og:title\" content=\"DAT si aggiudica i voli per Lampedusa e Pantelleria fino al 2027 - ISOLE EOLIE Turismo e Vacanze Hotel B&amp;B Residence Case Vacanza\" \/>\r\n<meta property=\"og:description\" content=\"le isole di Lampedusa e Pantelleria nell\u2019ambito del nuovo bando di Continuit\u00e0 Territoriale Sicilia-Isole Minori...\" \/>\r\n<meta property=\"og:url\" content=\"https:\/\/www.isoleolie.it\/eolie\/dat-si-aggiudica-i-voli-per-lampedusa-e-pantelleria-fino-al-2027\/eolie-news\/\" \/>\r\n<meta property=\"og:site_name\" content=\"ISOLE EOLIE Turismo e Vacanze Hotel B&amp;B Residence Case Vacanza\" \/>\r\n<meta property=\"article:published_time\" content=\"2023-04-03T08:31:58+00:00\" \/>\r\n<meta property=\"article:modified_time\" content=\"2023-04-03T08:58:35+00:00\" \/>\r\n<meta property=\"og:image\" content=\"https:\/\/www.isoleolie.it\/eolie\/wp-content\/uploads\/2023\/04\/dat-volidisiclia-610x3661-1.jpg\" \/>\r\n\t<meta property=\"og:image:width\" content=\"610\" \/>\r\n\t<meta property=\"og:image:height\" content=\"366\" \/>\r\n\t<meta property=\"og:image:type\" content=\"image\/jpeg\" \/>\r\n<meta name=\"author\" content=\"Tourism Manager\" \/>\r\n<meta name=\"twitter:card\" content=\"summary_large_image\" \/>\r\n<meta name=\"twitter:label1\" content=\"Scritto da\" \/>\n\t<meta name=\"twitter:data1\" content=\"Tourism Manager\" \/>\n\t<meta name=\"twitter:label2\" content=\"Tempo di lettura stimato\" \/>\n\t<meta name=\"twitter:data2\" content=\"3 minuti\" \/>\r\n<script type=\"application\/ld+json\" class=\"yoast-schema-graph\">{\"@context\":\"https:\\\/\\\/schema.org\",\"@graph\":[{\"@type\":\"Article\",\"@id\":\"https:\\\/\\\/www.isoleolie.it\\\/eolie\\\/dat-si-aggiudica-i-voli-per-lampedusa-e-pantelleria-fino-al-2027\\\/eolie-news\\\/#article\",\"isPartOf\":{\"@id\":\"https:\\\/\\\/www.isoleolie.it\\\/eolie\\\/dat-si-aggiudica-i-voli-per-lampedusa-e-pantelleria-fino-al-2027\\\/eolie-news\\\/\"},\"author\":{\"name\":\"Tourism Manager\",\"@id\":\"https:\\\/\\\/www.isoleolie.it\\\/eolie\\\/#\\\/schema\\\/person\\\/4c400db26884d9f212712636db6c1746\"},\"headline\":\"DAT si aggiudica i voli per Lampedusa e Pantelleria fino al 2027\",\"datePublished\":\"2023-04-03T08:31:58+00:00\",\"dateModified\":\"2023-04-03T08:58:35+00:00\",\"mainEntityOfPage\":{\"@id\":\"https:\\\/\\\/www.isoleolie.it\\\/eolie\\\/dat-si-aggiudica-i-voli-per-lampedusa-e-pantelleria-fino-al-2027\\\/eolie-news\\\/\"},\"wordCount\":377,\"publisher\":{\"@id\":\"https:\\\/\\\/www.isoleolie.it\\\/eolie\\\/#organization\"},\"image\":{\"@id\":\"https:\\\/\\\/www.isoleolie.it\\\/eolie\\\/dat-si-aggiudica-i-voli-per-lampedusa-e-pantelleria-fino-al-2027\\\/eolie-news\\\/#primaryimage\"},\"thumbnailUrl\":\"https:\\\/\\\/www.isoleolie.it\\\/eolie\\\/wp-content\\\/uploads\\\/2023\\\/04\\\/dat-volidisiclia-610x3661-1.jpg\",\"articleSection\":[\"NEWS\"],\"inLanguage\":\"it-IT\"},{\"@type\":\"WebPage\",\"@id\":\"https:\\\/\\\/www.isoleolie.it\\\/eolie\\\/dat-si-aggiudica-i-voli-per-lampedusa-e-pantelleria-fino-al-2027\\\/eolie-news\\\/\",\"url\":\"https:\\\/\\\/www.isoleolie.it\\\/eolie\\\/dat-si-aggiudica-i-voli-per-lampedusa-e-pantelleria-fino-al-2027\\\/eolie-news\\\/\",\"name\":\"DAT si aggiudica i voli per Lampedusa e Pantelleria fino al 2027 - ISOLE EOLIE Turismo e Vacanze Hotel B&amp;B Residence Case Vacanza\",\"isPartOf\":{\"@id\":\"https:\\\/\\\/www.isoleolie.it\\\/eolie\\\/#website\"},\"primaryImageOfPage\":{\"@id\":\"https:\\\/\\\/www.isoleolie.it\\\/eolie\\\/dat-si-aggiudica-i-voli-per-lampedusa-e-pantelleria-fino-al-2027\\\/eolie-news\\\/#primaryimage\"},\"image\":{\"@id\":\"https:\\\/\\\/www.isoleolie.it\\\/eolie\\\/dat-si-aggiudica-i-voli-per-lampedusa-e-pantelleria-fino-al-2027\\\/eolie-news\\\/#primaryimage\"},\"thumbnailUrl\":\"https:\\\/\\\/www.isoleolie.it\\\/eolie\\\/wp-content\\\/uploads\\\/2023\\\/04\\\/dat-volidisiclia-610x3661-1.jpg\",\"datePublished\":\"2023-04-03T08:31:58+00:00\",\"dateModified\":\"2023-04-03T08:58:35+00:00\",\"description\":\"le isole di Lampedusa e Pantelleria nell\u2019ambito del nuovo bando di Continuit\u00e0 Territoriale Sicilia-Isole Minori...\",\"breadcrumb\":{\"@id\":\"https:\\\/\\\/www.isoleolie.it\\\/eolie\\\/dat-si-aggiudica-i-voli-per-lampedusa-e-pantelleria-fino-al-2027\\\/eolie-news\\\/#breadcrumb\"},\"inLanguage\":\"it-IT\",\"potentialAction\":[{\"@type\":\"ReadAction\",\"target\":[\"https:\\\/\\\/www.isoleolie.it\\\/eolie\\\/dat-si-aggiudica-i-voli-per-lampedusa-e-pantelleria-fino-al-2027\\\/eolie-news\\\/\"]}]},{\"@type\":\"ImageObject\",\"inLanguage\":\"it-IT\",\"@id\":\"https:\\\/\\\/www.isoleolie.it\\\/eolie\\\/dat-si-aggiudica-i-voli-per-lampedusa-e-pantelleria-fino-al-2027\\\/eolie-news\\\/#primaryimage\",\"url\":\"https:\\\/\\\/www.isoleolie.it\\\/eolie\\\/wp-content\\\/uploads\\\/2023\\\/04\\\/dat-volidisiclia-610x3661-1.jpg\",\"contentUrl\":\"https:\\\/\\\/www.isoleolie.it\\\/eolie\\\/wp-content\\\/uploads\\\/2023\\\/04\\\/dat-volidisiclia-610x3661-1.jpg\",\"width\":610,\"height\":366},{\"@type\":\"BreadcrumbList\",\"@id\":\"https:\\\/\\\/www.isoleolie.it\\\/eolie\\\/dat-si-aggiudica-i-voli-per-lampedusa-e-pantelleria-fino-al-2027\\\/eolie-news\\\/#breadcrumb\",\"itemListElement\":[{\"@type\":\"ListItem\",\"position\":1,\"name\":\"Home\",\"item\":\"https:\\\/\\\/www.isoleolie.it\\\/eolie\\\/\"},{\"@type\":\"ListItem\",\"position\":2,\"name\":\"DAT si aggiudica i voli per Lampedusa e Pantelleria fino al 2027\"}]},{\"@type\":\"WebSite\",\"@id\":\"https:\\\/\\\/www.isoleolie.it\\\/eolie\\\/#website\",\"url\":\"https:\\\/\\\/www.isoleolie.it\\\/eolie\\\/\",\"name\":\"ISOLE EOLIE Turismo e Vacanze alle Isole Eolie Hotel B&B Residence Case Vacanza\",\"description\":\"The first and official tourism site for the Aeolian Islands\",\"publisher\":{\"@id\":\"https:\\\/\\\/www.isoleolie.it\\\/eolie\\\/#organization\"},\"potentialAction\":[{\"@type\":\"SearchAction\",\"target\":{\"@type\":\"EntryPoint\",\"urlTemplate\":\"https:\\\/\\\/www.isoleolie.it\\\/eolie\\\/?s={search_term_string}\"},\"query-input\":{\"@type\":\"PropertyValueSpecification\",\"valueRequired\":true,\"valueName\":\"search_term_string\"}}],\"inLanguage\":\"it-IT\"},{\"@type\":\"Organization\",\"@id\":\"https:\\\/\\\/www.isoleolie.it\\\/eolie\\\/#organization\",\"name\":\"ISOLE EOLIE\",\"url\":\"https:\\\/\\\/www.isoleolie.it\\\/eolie\\\/\",\"logo\":{\"@type\":\"ImageObject\",\"inLanguage\":\"it-IT\",\"@id\":\"https:\\\/\\\/www.isoleolie.it\\\/eolie\\\/#\\\/schema\\\/logo\\\/image\\\/\",\"url\":\"https:\\\/\\\/www.isoleolie.it\\\/eolie\\\/wp-content\\\/uploads\\\/2024\\\/11\\\/oMv8p0-4_400x400.jpg\",\"contentUrl\":\"https:\\\/\\\/www.isoleolie.it\\\/eolie\\\/wp-content\\\/uploads\\\/2024\\\/11\\\/oMv8p0-4_400x400.jpg\",\"width\":400,\"height\":400,\"caption\":\"ISOLE EOLIE\"},\"image\":{\"@id\":\"https:\\\/\\\/www.isoleolie.it\\\/eolie\\\/#\\\/schema\\\/logo\\\/image\\\/\"}},{\"@type\":\"Person\",\"@id\":\"https:\\\/\\\/www.isoleolie.it\\\/eolie\\\/#\\\/schema\\\/person\\\/4c400db26884d9f212712636db6c1746\",\"name\":\"Tourism Manager\",\"image\":{\"@type\":\"ImageObject\",\"inLanguage\":\"it-IT\",\"@id\":\"https:\\\/\\\/secure.gravatar.com\\\/avatar\\\/3446a46a5f1bdb4055f313474780b529660445bd2d0364f2472d83fd63ed9bbc?s=96&d=mm&r=g\",\"url\":\"https:\\\/\\\/secure.gravatar.com\\\/avatar\\\/3446a46a5f1bdb4055f313474780b529660445bd2d0364f2472d83fd63ed9bbc?s=96&d=mm&r=g\",\"contentUrl\":\"https:\\\/\\\/secure.gravatar.com\\\/avatar\\\/3446a46a5f1bdb4055f313474780b529660445bd2d0364f2472d83fd63ed9bbc?s=96&d=mm&r=g\",\"caption\":\"Tourism Manager\"},\"description\":\"Che cos'\u00e8 un manager del turismo? Tecnicamente, un manager del turismo \u00e8 un nome dato a qualsiasi professionista della gestione che lavora in un'azienda collegata all'industria del turismo. Ci\u00f2 include i direttori generali, che si assumono la responsabilit\u00e0 generale di garantire che le operazioni quotidiane si svolgano senza intoppi, ma includono anche i singoli responsabili di reparto all'interno delle aziende. Il ruolo di manager del turismo implica la supervisione delle operazioni all'interno di un'impresa o organizzazione turistica. \u00c8 una posizione di alto livello, che richiede una comprensione approfondita dei concetti di gestione e dell'industria nel suo insieme.\",\"sameAs\":[\"https:\\\/\\\/www.isoleolie.it\\\/\"],\"url\":\"https:\\\/\\\/www.isoleolie.it\\\/eolie\\\/author\\\/isoleolie_2\\\/\"}]}<\/script>\r\n<!-- \/ Yoast SEO plugin. -->","yoast_head_json":{"title":"DAT si aggiudica i voli per Lampedusa e Pantelleria fino al 2027 - ISOLE EOLIE Turismo e Vacanze Hotel B&amp;B Residence Case Vacanza","description":"le isole di Lampedusa e Pantelleria nell\u2019ambito del nuovo bando di Continuit\u00e0 Territoriale Sicilia-Isole Minori...","robots":{"index":"index","follow":"follow","max-snippet":"max-snippet:-1","max-image-preview":"max-image-preview:large","max-video-preview":"max-video-preview:-1"},"canonical":"https:\/\/www.isoleolie.it\/eolie\/dat-si-aggiudica-i-voli-per-lampedusa-e-pantelleria-fino-al-2027\/eolie-news\/","og_locale":"it_IT","og_type":"article","og_title":"DAT si aggiudica i voli per Lampedusa e Pantelleria fino al 2027 - ISOLE EOLIE Turismo e Vacanze Hotel B&amp;B Residence Case Vacanza","og_description":"le isole di Lampedusa e Pantelleria nell\u2019ambito del nuovo bando di Continuit\u00e0 Territoriale Sicilia-Isole Minori...","og_url":"https:\/\/www.isoleolie.it\/eolie\/dat-si-aggiudica-i-voli-per-lampedusa-e-pantelleria-fino-al-2027\/eolie-news\/","og_site_name":"ISOLE EOLIE Turismo e Vacanze Hotel B&amp;B Residence Case Vacanza","article_published_time":"2023-04-03T08:31:58+00:00","article_modified_time":"2023-04-03T08:58:35+00:00","og_image":[{"width":610,"height":366,"url":"https:\/\/www.isoleolie.it\/eolie\/wp-content\/uploads\/2023\/04\/dat-volidisiclia-610x3661-1.jpg","type":"image\/jpeg"}],"author":"Tourism Manager","twitter_card":"summary_large_image","twitter_misc":{"Scritto da":"Tourism Manager","Tempo di lettura stimato":"3 minuti"},"schema":{"@context":"https:\/\/schema.org","@graph":[{"@type":"Article","@id":"https:\/\/www.isoleolie.it\/eolie\/dat-si-aggiudica-i-voli-per-lampedusa-e-pantelleria-fino-al-2027\/eolie-news\/#article","isPartOf":{"@id":"https:\/\/www.isoleolie.it\/eolie\/dat-si-aggiudica-i-voli-per-lampedusa-e-pantelleria-fino-al-2027\/eolie-news\/"},"author":{"name":"Tourism Manager","@id":"https:\/\/www.isoleolie.it\/eolie\/#\/schema\/person\/4c400db26884d9f212712636db6c1746"},"headline":"DAT si aggiudica i voli per Lampedusa e Pantelleria fino al 2027","datePublished":"2023-04-03T08:31:58+00:00","dateModified":"2023-04-03T08:58:35+00:00","mainEntityOfPage":{"@id":"https:\/\/www.isoleolie.it\/eolie\/dat-si-aggiudica-i-voli-per-lampedusa-e-pantelleria-fino-al-2027\/eolie-news\/"},"wordCount":377,"publisher":{"@id":"https:\/\/www.isoleolie.it\/eolie\/#organization"},"image":{"@id":"https:\/\/www.isoleolie.it\/eolie\/dat-si-aggiudica-i-voli-per-lampedusa-e-pantelleria-fino-al-2027\/eolie-news\/#primaryimage"},"thumbnailUrl":"https:\/\/www.isoleolie.it\/eolie\/wp-content\/uploads\/2023\/04\/dat-volidisiclia-610x3661-1.jpg","articleSection":["NEWS"],"inLanguage":"it-IT"},{"@type":"WebPage","@id":"https:\/\/www.isoleolie.it\/eolie\/dat-si-aggiudica-i-voli-per-lampedusa-e-pantelleria-fino-al-2027\/eolie-news\/","url":"https:\/\/www.isoleolie.it\/eolie\/dat-si-aggiudica-i-voli-per-lampedusa-e-pantelleria-fino-al-2027\/eolie-news\/","name":"DAT si aggiudica i voli per Lampedusa e Pantelleria fino al 2027 - ISOLE EOLIE Turismo e Vacanze Hotel B&amp;B Residence Case Vacanza","isPartOf":{"@id":"https:\/\/www.isoleolie.it\/eolie\/#website"},"primaryImageOfPage":{"@id":"https:\/\/www.isoleolie.it\/eolie\/dat-si-aggiudica-i-voli-per-lampedusa-e-pantelleria-fino-al-2027\/eolie-news\/#primaryimage"},"image":{"@id":"https:\/\/www.isoleolie.it\/eolie\/dat-si-aggiudica-i-voli-per-lampedusa-e-pantelleria-fino-al-2027\/eolie-news\/#primaryimage"},"thumbnailUrl":"https:\/\/www.isoleolie.it\/eolie\/wp-content\/uploads\/2023\/04\/dat-volidisiclia-610x3661-1.jpg","datePublished":"2023-04-03T08:31:58+00:00","dateModified":"2023-04-03T08:58:35+00:00","description":"le isole di Lampedusa e Pantelleria nell\u2019ambito del nuovo bando di Continuit\u00e0 Territoriale Sicilia-Isole Minori...","breadcrumb":{"@id":"https:\/\/www.isoleolie.it\/eolie\/dat-si-aggiudica-i-voli-per-lampedusa-e-pantelleria-fino-al-2027\/eolie-news\/#breadcrumb"},"inLanguage":"it-IT","potentialAction":[{"@type":"ReadAction","target":["https:\/\/www.isoleolie.it\/eolie\/dat-si-aggiudica-i-voli-per-lampedusa-e-pantelleria-fino-al-2027\/eolie-news\/"]}]},{"@type":"ImageObject","inLanguage":"it-IT","@id":"https:\/\/www.isoleolie.it\/eolie\/dat-si-aggiudica-i-voli-per-lampedusa-e-pantelleria-fino-al-2027\/eolie-news\/#primaryimage","url":"https:\/\/www.isoleolie.it\/eolie\/wp-content\/uploads\/2023\/04\/dat-volidisiclia-610x3661-1.jpg","contentUrl":"https:\/\/www.isoleolie.it\/eolie\/wp-content\/uploads\/2023\/04\/dat-volidisiclia-610x3661-1.jpg","width":610,"height":366},{"@type":"BreadcrumbList","@id":"https:\/\/www.isoleolie.it\/eolie\/dat-si-aggiudica-i-voli-per-lampedusa-e-pantelleria-fino-al-2027\/eolie-news\/#breadcrumb","itemListElement":[{"@type":"ListItem","position":1,"name":"Home","item":"https:\/\/www.isoleolie.it\/eolie\/"},{"@type":"ListItem","position":2,"name":"DAT si aggiudica i voli per Lampedusa e Pantelleria fino al 2027"}]},{"@type":"WebSite","@id":"https:\/\/www.isoleolie.it\/eolie\/#website","url":"https:\/\/www.isoleolie.it\/eolie\/","name":"ISOLE EOLIE Turismo e Vacanze alle Isole Eolie Hotel B&B Residence Case Vacanza","description":"The first and official tourism site for the Aeolian Islands","publisher":{"@id":"https:\/\/www.isoleolie.it\/eolie\/#organization"},"potentialAction":[{"@type":"SearchAction","target":{"@type":"EntryPoint","urlTemplate":"https:\/\/www.isoleolie.it\/eolie\/?s={search_term_string}"},"query-input":{"@type":"PropertyValueSpecification","valueRequired":true,"valueName":"search_term_string"}}],"inLanguage":"it-IT"},{"@type":"Organization","@id":"https:\/\/www.isoleolie.it\/eolie\/#organization","name":"ISOLE EOLIE","url":"https:\/\/www.isoleolie.it\/eolie\/","logo":{"@type":"ImageObject","inLanguage":"it-IT","@id":"https:\/\/www.isoleolie.it\/eolie\/#\/schema\/logo\/image\/","url":"https:\/\/www.isoleolie.it\/eolie\/wp-content\/uploads\/2024\/11\/oMv8p0-4_400x400.jpg","contentUrl":"https:\/\/www.isoleolie.it\/eolie\/wp-content\/uploads\/2024\/11\/oMv8p0-4_400x400.jpg","width":400,"height":400,"caption":"ISOLE EOLIE"},"image":{"@id":"https:\/\/www.isoleolie.it\/eolie\/#\/schema\/logo\/image\/"}},{"@type":"Person","@id":"https:\/\/www.isoleolie.it\/eolie\/#\/schema\/person\/4c400db26884d9f212712636db6c1746","name":"Tourism Manager","image":{"@type":"ImageObject","inLanguage":"it-IT","@id":"https:\/\/secure.gravatar.com\/avatar\/3446a46a5f1bdb4055f313474780b529660445bd2d0364f2472d83fd63ed9bbc?s=96&d=mm&r=g","url":"https:\/\/secure.gravatar.com\/avatar\/3446a46a5f1bdb4055f313474780b529660445bd2d0364f2472d83fd63ed9bbc?s=96&d=mm&r=g","contentUrl":"https:\/\/secure.gravatar.com\/avatar\/3446a46a5f1bdb4055f313474780b529660445bd2d0364f2472d83fd63ed9bbc?s=96&d=mm&r=g","caption":"Tourism Manager"},"description":"Che cos'\u00e8 un manager del turismo? Tecnicamente, un manager del turismo \u00e8 un nome dato a qualsiasi professionista della gestione che lavora in un'azienda collegata all'industria del turismo. Ci\u00f2 include i direttori generali, che si assumono la responsabilit\u00e0 generale di garantire che le operazioni quotidiane si svolgano senza intoppi, ma includono anche i singoli responsabili di reparto all'interno delle aziende. Il ruolo di manager del turismo implica la supervisione delle operazioni all'interno di un'impresa o organizzazione turistica. \u00c8 una posizione di alto livello, che richiede una comprensione approfondita dei concetti di gestione e dell'industria nel suo insieme.","sameAs":["https:\/\/www.isoleolie.it\/"],"url":"https:\/\/www.isoleolie.it\/eolie\/author\/isoleolie_2\/"}]}},"_links":{"self":[{"href":"https:\/\/www.isoleolie.it\/eolie\/wp-json\/wp\/v2\/posts\/1453","targetHints":{"allow":["GET"]}}],"collection":[{"href":"https:\/\/www.isoleolie.it\/eolie\/wp-json\/wp\/v2\/posts"}],"about":[{"href":"https:\/\/www.isoleolie.it\/eolie\/wp-json\/wp\/v2\/types\/post"}],"author":[{"embeddable":true,"href":"https:\/\/www.isoleolie.it\/eolie\/wp-json\/wp\/v2\/users\/1"}],"replies":[{"embeddable":true,"href":"https:\/\/www.isoleolie.it\/eolie\/wp-json\/wp\/v2\/comments?post=1453"}],"version-history":[{"count":2,"href":"https:\/\/www.isoleolie.it\/eolie\/wp-json\/wp\/v2\/posts\/1453\/revisions"}],"predecessor-version":[{"id":1456,"href":"https:\/\/www.isoleolie.it\/eolie\/wp-json\/wp\/v2\/posts\/1453\/revisions\/1456"}],"wp:featuredmedia":[{"embeddable":true,"href":"https:\/\/www.isoleolie.it\/eolie\/wp-json\/wp\/v2\/media\/1454"}],"wp:attachment":[{"href":"https:\/\/www.isoleolie.it\/eolie\/wp-json\/wp\/v2\/media?parent=1453"}],"wp:term":[{"taxonomy":"category","embeddable":true,"href":"https:\/\/www.isoleolie.it\/eolie\/wp-json\/wp\/v2\/categories?post=1453"},{"taxonomy":"post_tag","embeddable":true,"href":"https:\/\/www.isoleolie.it\/eolie\/wp-json\/wp\/v2\/tags?post=1453"}],"curies":[{"name":"wp","href":"https:\/\/api.w.org\/{rel}","templated":true}]}}