{"id":1442,"date":"2023-03-22T09:34:26","date_gmt":"2023-03-22T08:34:26","guid":{"rendered":"https:\/\/www.isoleolie.it\/eolie\/?p=1442"},"modified":"2023-03-22T09:34:26","modified_gmt":"2023-03-22T08:34:26","slug":"caro-voli-schifani-venduti-gia-3-4-mila-biglietti-di-aeroitalia","status":"publish","type":"post","link":"https:\/\/www.isoleolie.it\/eolie\/caro-voli-schifani-venduti-gia-3-4-mila-biglietti-di-aeroitalia\/eolie-news\/","title":{"rendered":"Caro-voli, Schifani: venduti gi\u00e0 3\/4 mila biglietti di Aeroitalia"},"content":{"rendered":"<p><span style=\"font-size: 14pt;\">\u201cLa nostra battaglia contro il caro-voli va avanti. Dal 1 giugno partiranno i collegamenti da Catania e Palermo verso Milano e Roma gestiti da Aeroitalia, che ha gi\u00e0 venduto 3-4 mila biglietti a tariffe eque. Finalmente ci sar\u00e0 un terzo vettore che rompe il cartello che ho denunciato all\u2019Antitrust.<\/span><\/p>\n<p><span style=\"font-size: 14pt;\">\u00c8 inconcepibile che una societ\u00e0 a capitale pubblico come Ita, ricapitalizzata dallo Stato e dunque dai cittadini per 700 milioni a copertura delle perdite accumulate, due giorni fa mi abbia risposto dicendomi che devono obbedire alle logiche di mercato. Se pensano che far pagare a un siciliano 400 euro per raggiungere Roma stia in una logica di mercato si sbagliano.<\/span><\/p>\n<p><span style=\"font-size: 14pt;\">Se tariffe cos\u00ec elevate devono servire a recuperare errori strategici che hanno portato a buchi di bilancio, noi non ci stiamo. Non possono essere i siciliani a pagare gli errori di chi ha amministrato la compagnia in passato\u201d. Lo ha detto il presidente della Regione Siciliana, Renato Schifani.<\/span><\/p>\n<p><span style=\"font-size: 14pt;\">\u201cDa parte di Ita \u2013 ha aggiunto il governatore \u2013 ho registrato un margine di disponibilit\u00e0, aumenteranno il numero dei voli ad aprile, ma non basta. Noi andremo avanti in una battaglia di civilt\u00e0 per garantire principi costituzionali come la libert\u00e0 di movimento. Abbiamo il diritto-dovere di pretenderla, per far tornare i nostri ragazzi che studiano fuori, fare arrivare i turisti e accrescere il nostro Pil. Su questo siamo impegnati quotidianamente\u201d.<\/span><br \/>\n<script async src=\"https:\/\/pagead2.googlesyndication.com\/pagead\/js\/adsbygoogle.js?client=ca-pub-0374348204273382\" crossorigin=\"anonymous\"><\/script><br \/>\n<ins class=\"adsbygoogle\" style=\"display: block; text-align: center;\" data-ad-layout=\"in-article\" data-ad-format=\"fluid\" data-ad-client=\"ca-pub-0374348204273382\" data-ad-slot=\"7701142189\"><\/ins><br \/>\n<script>\n     (adsbygoogle = window.adsbygoogle || []).push({});\n<\/script><\/p>\n<p>Fonte travelnostop.com<\/p>\n","protected":false},"excerpt":{"rendered":"<p>\u201cLa nostra battaglia contro il caro-voli va avanti. Dal 1 giugno partiranno i collegamenti da Catania e Palermo verso Milano e Roma gestiti da Aeroitalia, che ha gi\u00e0 venduto 3-4 mila biglietti a tariffe eque. Finalmente ci sar\u00e0 un terzo vettore che rompe il cartello che ho denunciato all\u2019Antitrust. \u00c8 inconcepibile che una societ\u00e0 a [&hellip;]<\/p>\n","protected":false},"author":1,"featured_media":1443,"comment_status":"closed","ping_status":"closed","sticky":false,"template":"","format":"standard","meta":{"footnotes":""},"categories":[22,31],"tags":[],"class_list":["post-1442","post","type-post","status-publish","format-standard","has-post-thumbnail","hentry","category-eolie-news","category-trasporti"],"yoast_head":"<!-- This site is optimized with the Yoast SEO plugin v27.5 - https:\/\/yoast.com\/product\/yoast-seo-wordpress\/ -->\r\n<title>Caro-voli, Schifani: venduti gi\u00e0 3\/4 mila biglietti di Aeroitalia - ISOLE EOLIE Turismo e Vacanze Hotel B&amp;B Residence Case Vacanza<\/title>\r\n<meta name=\"robots\" content=\"index, follow, max-snippet:-1, max-image-preview:large, max-video-preview:-1\" \/>\r\n<link rel=\"canonical\" href=\"https:\/\/www.isoleolie.it\/eolie\/caro-voli-schifani-venduti-gia-3-4-mila-biglietti-di-aeroitalia\/eolie-news\/\" \/>\r\n<meta property=\"og:locale\" content=\"it_IT\" \/>\r\n<meta property=\"og:type\" content=\"article\" \/>\r\n<meta property=\"og:title\" content=\"Caro-voli, Schifani: venduti gi\u00e0 3\/4 mila biglietti di Aeroitalia - ISOLE EOLIE Turismo e Vacanze Hotel B&amp;B Residence Case Vacanza\" \/>\r\n<meta property=\"og:description\" content=\"\u201cLa nostra battaglia contro il caro-voli va avanti. Dal 1 giugno partiranno i collegamenti da Catania e Palermo verso Milano e Roma gestiti da Aeroitalia, che ha gi\u00e0 venduto 3-4 mila biglietti a tariffe eque. Finalmente ci sar\u00e0 un terzo vettore che rompe il cartello che ho denunciato all\u2019Antitrust. \u00c8 inconcepibile che una societ\u00e0 a [&hellip;]\" \/>\r\n<meta property=\"og:url\" content=\"https:\/\/www.isoleolie.it\/eolie\/caro-voli-schifani-venduti-gia-3-4-mila-biglietti-di-aeroitalia\/eolie-news\/\" \/>\r\n<meta property=\"og:site_name\" content=\"ISOLE EOLIE Turismo e Vacanze Hotel B&amp;B Residence Case Vacanza\" \/>\r\n<meta property=\"article:published_time\" content=\"2023-03-22T08:34:26+00:00\" \/>\r\n<meta property=\"og:image\" content=\"https:\/\/www.isoleolie.it\/eolie\/wp-content\/uploads\/2023\/03\/Aeroitalia-610x3661-1.jpg\" \/>\r\n\t<meta property=\"og:image:width\" content=\"610\" \/>\r\n\t<meta property=\"og:image:height\" content=\"366\" \/>\r\n\t<meta property=\"og:image:type\" content=\"image\/jpeg\" \/>\r\n<meta name=\"author\" content=\"Tourism Manager\" \/>\r\n<meta name=\"twitter:card\" content=\"summary_large_image\" \/>\r\n<meta name=\"twitter:label1\" content=\"Scritto da\" \/>\n\t<meta name=\"twitter:data1\" content=\"Tourism Manager\" \/>\n\t<meta name=\"twitter:label2\" content=\"Tempo di lettura stimato\" \/>\n\t<meta name=\"twitter:data2\" content=\"2 minuti\" \/>\r\n<script type=\"application\/ld+json\" class=\"yoast-schema-graph\">{\"@context\":\"https:\\\/\\\/schema.org\",\"@graph\":[{\"@type\":\"Article\",\"@id\":\"https:\\\/\\\/www.isoleolie.it\\\/eolie\\\/caro-voli-schifani-venduti-gia-3-4-mila-biglietti-di-aeroitalia\\\/eolie-news\\\/#article\",\"isPartOf\":{\"@id\":\"https:\\\/\\\/www.isoleolie.it\\\/eolie\\\/caro-voli-schifani-venduti-gia-3-4-mila-biglietti-di-aeroitalia\\\/eolie-news\\\/\"},\"author\":{\"name\":\"Tourism Manager\",\"@id\":\"https:\\\/\\\/www.isoleolie.it\\\/eolie\\\/#\\\/schema\\\/person\\\/4c400db26884d9f212712636db6c1746\"},\"headline\":\"Caro-voli, Schifani: venduti gi\u00e0 3\\\/4 mila biglietti di Aeroitalia\",\"datePublished\":\"2023-03-22T08:34:26+00:00\",\"mainEntityOfPage\":{\"@id\":\"https:\\\/\\\/www.isoleolie.it\\\/eolie\\\/caro-voli-schifani-venduti-gia-3-4-mila-biglietti-di-aeroitalia\\\/eolie-news\\\/\"},\"wordCount\":234,\"publisher\":{\"@id\":\"https:\\\/\\\/www.isoleolie.it\\\/eolie\\\/#organization\"},\"image\":{\"@id\":\"https:\\\/\\\/www.isoleolie.it\\\/eolie\\\/caro-voli-schifani-venduti-gia-3-4-mila-biglietti-di-aeroitalia\\\/eolie-news\\\/#primaryimage\"},\"thumbnailUrl\":\"https:\\\/\\\/www.isoleolie.it\\\/eolie\\\/wp-content\\\/uploads\\\/2023\\\/03\\\/Aeroitalia-610x3661-1.jpg\",\"articleSection\":[\"NEWS\",\"TRASPORTI\"],\"inLanguage\":\"it-IT\"},{\"@type\":\"WebPage\",\"@id\":\"https:\\\/\\\/www.isoleolie.it\\\/eolie\\\/caro-voli-schifani-venduti-gia-3-4-mila-biglietti-di-aeroitalia\\\/eolie-news\\\/\",\"url\":\"https:\\\/\\\/www.isoleolie.it\\\/eolie\\\/caro-voli-schifani-venduti-gia-3-4-mila-biglietti-di-aeroitalia\\\/eolie-news\\\/\",\"name\":\"Caro-voli, Schifani: venduti gi\u00e0 3\\\/4 mila biglietti di Aeroitalia - ISOLE EOLIE Turismo e Vacanze Hotel B&amp;B Residence Case Vacanza\",\"isPartOf\":{\"@id\":\"https:\\\/\\\/www.isoleolie.it\\\/eolie\\\/#website\"},\"primaryImageOfPage\":{\"@id\":\"https:\\\/\\\/www.isoleolie.it\\\/eolie\\\/caro-voli-schifani-venduti-gia-3-4-mila-biglietti-di-aeroitalia\\\/eolie-news\\\/#primaryimage\"},\"image\":{\"@id\":\"https:\\\/\\\/www.isoleolie.it\\\/eolie\\\/caro-voli-schifani-venduti-gia-3-4-mila-biglietti-di-aeroitalia\\\/eolie-news\\\/#primaryimage\"},\"thumbnailUrl\":\"https:\\\/\\\/www.isoleolie.it\\\/eolie\\\/wp-content\\\/uploads\\\/2023\\\/03\\\/Aeroitalia-610x3661-1.jpg\",\"datePublished\":\"2023-03-22T08:34:26+00:00\",\"breadcrumb\":{\"@id\":\"https:\\\/\\\/www.isoleolie.it\\\/eolie\\\/caro-voli-schifani-venduti-gia-3-4-mila-biglietti-di-aeroitalia\\\/eolie-news\\\/#breadcrumb\"},\"inLanguage\":\"it-IT\",\"potentialAction\":[{\"@type\":\"ReadAction\",\"target\":[\"https:\\\/\\\/www.isoleolie.it\\\/eolie\\\/caro-voli-schifani-venduti-gia-3-4-mila-biglietti-di-aeroitalia\\\/eolie-news\\\/\"]}]},{\"@type\":\"ImageObject\",\"inLanguage\":\"it-IT\",\"@id\":\"https:\\\/\\\/www.isoleolie.it\\\/eolie\\\/caro-voli-schifani-venduti-gia-3-4-mila-biglietti-di-aeroitalia\\\/eolie-news\\\/#primaryimage\",\"url\":\"https:\\\/\\\/www.isoleolie.it\\\/eolie\\\/wp-content\\\/uploads\\\/2023\\\/03\\\/Aeroitalia-610x3661-1.jpg\",\"contentUrl\":\"https:\\\/\\\/www.isoleolie.it\\\/eolie\\\/wp-content\\\/uploads\\\/2023\\\/03\\\/Aeroitalia-610x3661-1.jpg\",\"width\":610,\"height\":366},{\"@type\":\"BreadcrumbList\",\"@id\":\"https:\\\/\\\/www.isoleolie.it\\\/eolie\\\/caro-voli-schifani-venduti-gia-3-4-mila-biglietti-di-aeroitalia\\\/eolie-news\\\/#breadcrumb\",\"itemListElement\":[{\"@type\":\"ListItem\",\"position\":1,\"name\":\"Home\",\"item\":\"https:\\\/\\\/www.isoleolie.it\\\/eolie\\\/\"},{\"@type\":\"ListItem\",\"position\":2,\"name\":\"Caro-voli, Schifani: venduti gi\u00e0 3\\\/4 mila biglietti di Aeroitalia\"}]},{\"@type\":\"WebSite\",\"@id\":\"https:\\\/\\\/www.isoleolie.it\\\/eolie\\\/#website\",\"url\":\"https:\\\/\\\/www.isoleolie.it\\\/eolie\\\/\",\"name\":\"ISOLE EOLIE Turismo e Vacanze alle Isole Eolie Hotel B&B Residence Case Vacanza\",\"description\":\"The first and official tourism site for the Aeolian Islands\",\"publisher\":{\"@id\":\"https:\\\/\\\/www.isoleolie.it\\\/eolie\\\/#organization\"},\"potentialAction\":[{\"@type\":\"SearchAction\",\"target\":{\"@type\":\"EntryPoint\",\"urlTemplate\":\"https:\\\/\\\/www.isoleolie.it\\\/eolie\\\/?s={search_term_string}\"},\"query-input\":{\"@type\":\"PropertyValueSpecification\",\"valueRequired\":true,\"valueName\":\"search_term_string\"}}],\"inLanguage\":\"it-IT\"},{\"@type\":\"Organization\",\"@id\":\"https:\\\/\\\/www.isoleolie.it\\\/eolie\\\/#organization\",\"name\":\"ISOLE EOLIE\",\"url\":\"https:\\\/\\\/www.isoleolie.it\\\/eolie\\\/\",\"logo\":{\"@type\":\"ImageObject\",\"inLanguage\":\"it-IT\",\"@id\":\"https:\\\/\\\/www.isoleolie.it\\\/eolie\\\/#\\\/schema\\\/logo\\\/image\\\/\",\"url\":\"https:\\\/\\\/www.isoleolie.it\\\/eolie\\\/wp-content\\\/uploads\\\/2024\\\/11\\\/oMv8p0-4_400x400.jpg\",\"contentUrl\":\"https:\\\/\\\/www.isoleolie.it\\\/eolie\\\/wp-content\\\/uploads\\\/2024\\\/11\\\/oMv8p0-4_400x400.jpg\",\"width\":400,\"height\":400,\"caption\":\"ISOLE EOLIE\"},\"image\":{\"@id\":\"https:\\\/\\\/www.isoleolie.it\\\/eolie\\\/#\\\/schema\\\/logo\\\/image\\\/\"}},{\"@type\":\"Person\",\"@id\":\"https:\\\/\\\/www.isoleolie.it\\\/eolie\\\/#\\\/schema\\\/person\\\/4c400db26884d9f212712636db6c1746\",\"name\":\"Tourism Manager\",\"image\":{\"@type\":\"ImageObject\",\"inLanguage\":\"it-IT\",\"@id\":\"https:\\\/\\\/secure.gravatar.com\\\/avatar\\\/3446a46a5f1bdb4055f313474780b529660445bd2d0364f2472d83fd63ed9bbc?s=96&d=mm&r=g\",\"url\":\"https:\\\/\\\/secure.gravatar.com\\\/avatar\\\/3446a46a5f1bdb4055f313474780b529660445bd2d0364f2472d83fd63ed9bbc?s=96&d=mm&r=g\",\"contentUrl\":\"https:\\\/\\\/secure.gravatar.com\\\/avatar\\\/3446a46a5f1bdb4055f313474780b529660445bd2d0364f2472d83fd63ed9bbc?s=96&d=mm&r=g\",\"caption\":\"Tourism Manager\"},\"description\":\"Che cos'\u00e8 un manager del turismo? Tecnicamente, un manager del turismo \u00e8 un nome dato a qualsiasi professionista della gestione che lavora in un'azienda collegata all'industria del turismo. Ci\u00f2 include i direttori generali, che si assumono la responsabilit\u00e0 generale di garantire che le operazioni quotidiane si svolgano senza intoppi, ma includono anche i singoli responsabili di reparto all'interno delle aziende. Il ruolo di manager del turismo implica la supervisione delle operazioni all'interno di un'impresa o organizzazione turistica. \u00c8 una posizione di alto livello, che richiede una comprensione approfondita dei concetti di gestione e dell'industria nel suo insieme.\",\"sameAs\":[\"https:\\\/\\\/www.isoleolie.it\\\/\"],\"url\":\"https:\\\/\\\/www.isoleolie.it\\\/eolie\\\/author\\\/isoleolie_2\\\/\"}]}<\/script>\r\n<!-- \/ Yoast SEO plugin. -->","yoast_head_json":{"title":"Caro-voli, Schifani: venduti gi\u00e0 3\/4 mila biglietti di Aeroitalia - ISOLE EOLIE Turismo e Vacanze Hotel B&amp;B Residence Case Vacanza","robots":{"index":"index","follow":"follow","max-snippet":"max-snippet:-1","max-image-preview":"max-image-preview:large","max-video-preview":"max-video-preview:-1"},"canonical":"https:\/\/www.isoleolie.it\/eolie\/caro-voli-schifani-venduti-gia-3-4-mila-biglietti-di-aeroitalia\/eolie-news\/","og_locale":"it_IT","og_type":"article","og_title":"Caro-voli, Schifani: venduti gi\u00e0 3\/4 mila biglietti di Aeroitalia - ISOLE EOLIE Turismo e Vacanze Hotel B&amp;B Residence Case Vacanza","og_description":"\u201cLa nostra battaglia contro il caro-voli va avanti. Dal 1 giugno partiranno i collegamenti da Catania e Palermo verso Milano e Roma gestiti da Aeroitalia, che ha gi\u00e0 venduto 3-4 mila biglietti a tariffe eque. Finalmente ci sar\u00e0 un terzo vettore che rompe il cartello che ho denunciato all\u2019Antitrust. \u00c8 inconcepibile che una societ\u00e0 a [&hellip;]","og_url":"https:\/\/www.isoleolie.it\/eolie\/caro-voli-schifani-venduti-gia-3-4-mila-biglietti-di-aeroitalia\/eolie-news\/","og_site_name":"ISOLE EOLIE Turismo e Vacanze Hotel B&amp;B Residence Case Vacanza","article_published_time":"2023-03-22T08:34:26+00:00","og_image":[{"width":610,"height":366,"url":"https:\/\/www.isoleolie.it\/eolie\/wp-content\/uploads\/2023\/03\/Aeroitalia-610x3661-1.jpg","type":"image\/jpeg"}],"author":"Tourism Manager","twitter_card":"summary_large_image","twitter_misc":{"Scritto da":"Tourism Manager","Tempo di lettura stimato":"2 minuti"},"schema":{"@context":"https:\/\/schema.org","@graph":[{"@type":"Article","@id":"https:\/\/www.isoleolie.it\/eolie\/caro-voli-schifani-venduti-gia-3-4-mila-biglietti-di-aeroitalia\/eolie-news\/#article","isPartOf":{"@id":"https:\/\/www.isoleolie.it\/eolie\/caro-voli-schifani-venduti-gia-3-4-mila-biglietti-di-aeroitalia\/eolie-news\/"},"author":{"name":"Tourism Manager","@id":"https:\/\/www.isoleolie.it\/eolie\/#\/schema\/person\/4c400db26884d9f212712636db6c1746"},"headline":"Caro-voli, Schifani: venduti gi\u00e0 3\/4 mila biglietti di Aeroitalia","datePublished":"2023-03-22T08:34:26+00:00","mainEntityOfPage":{"@id":"https:\/\/www.isoleolie.it\/eolie\/caro-voli-schifani-venduti-gia-3-4-mila-biglietti-di-aeroitalia\/eolie-news\/"},"wordCount":234,"publisher":{"@id":"https:\/\/www.isoleolie.it\/eolie\/#organization"},"image":{"@id":"https:\/\/www.isoleolie.it\/eolie\/caro-voli-schifani-venduti-gia-3-4-mila-biglietti-di-aeroitalia\/eolie-news\/#primaryimage"},"thumbnailUrl":"https:\/\/www.isoleolie.it\/eolie\/wp-content\/uploads\/2023\/03\/Aeroitalia-610x3661-1.jpg","articleSection":["NEWS","TRASPORTI"],"inLanguage":"it-IT"},{"@type":"WebPage","@id":"https:\/\/www.isoleolie.it\/eolie\/caro-voli-schifani-venduti-gia-3-4-mila-biglietti-di-aeroitalia\/eolie-news\/","url":"https:\/\/www.isoleolie.it\/eolie\/caro-voli-schifani-venduti-gia-3-4-mila-biglietti-di-aeroitalia\/eolie-news\/","name":"Caro-voli, Schifani: venduti gi\u00e0 3\/4 mila biglietti di Aeroitalia - ISOLE EOLIE Turismo e Vacanze Hotel B&amp;B Residence Case Vacanza","isPartOf":{"@id":"https:\/\/www.isoleolie.it\/eolie\/#website"},"primaryImageOfPage":{"@id":"https:\/\/www.isoleolie.it\/eolie\/caro-voli-schifani-venduti-gia-3-4-mila-biglietti-di-aeroitalia\/eolie-news\/#primaryimage"},"image":{"@id":"https:\/\/www.isoleolie.it\/eolie\/caro-voli-schifani-venduti-gia-3-4-mila-biglietti-di-aeroitalia\/eolie-news\/#primaryimage"},"thumbnailUrl":"https:\/\/www.isoleolie.it\/eolie\/wp-content\/uploads\/2023\/03\/Aeroitalia-610x3661-1.jpg","datePublished":"2023-03-22T08:34:26+00:00","breadcrumb":{"@id":"https:\/\/www.isoleolie.it\/eolie\/caro-voli-schifani-venduti-gia-3-4-mila-biglietti-di-aeroitalia\/eolie-news\/#breadcrumb"},"inLanguage":"it-IT","potentialAction":[{"@type":"ReadAction","target":["https:\/\/www.isoleolie.it\/eolie\/caro-voli-schifani-venduti-gia-3-4-mila-biglietti-di-aeroitalia\/eolie-news\/"]}]},{"@type":"ImageObject","inLanguage":"it-IT","@id":"https:\/\/www.isoleolie.it\/eolie\/caro-voli-schifani-venduti-gia-3-4-mila-biglietti-di-aeroitalia\/eolie-news\/#primaryimage","url":"https:\/\/www.isoleolie.it\/eolie\/wp-content\/uploads\/2023\/03\/Aeroitalia-610x3661-1.jpg","contentUrl":"https:\/\/www.isoleolie.it\/eolie\/wp-content\/uploads\/2023\/03\/Aeroitalia-610x3661-1.jpg","width":610,"height":366},{"@type":"BreadcrumbList","@id":"https:\/\/www.isoleolie.it\/eolie\/caro-voli-schifani-venduti-gia-3-4-mila-biglietti-di-aeroitalia\/eolie-news\/#breadcrumb","itemListElement":[{"@type":"ListItem","position":1,"name":"Home","item":"https:\/\/www.isoleolie.it\/eolie\/"},{"@type":"ListItem","position":2,"name":"Caro-voli, Schifani: venduti gi\u00e0 3\/4 mila biglietti di Aeroitalia"}]},{"@type":"WebSite","@id":"https:\/\/www.isoleolie.it\/eolie\/#website","url":"https:\/\/www.isoleolie.it\/eolie\/","name":"ISOLE EOLIE Turismo e Vacanze alle Isole Eolie Hotel B&B Residence Case Vacanza","description":"The first and official tourism site for the Aeolian Islands","publisher":{"@id":"https:\/\/www.isoleolie.it\/eolie\/#organization"},"potentialAction":[{"@type":"SearchAction","target":{"@type":"EntryPoint","urlTemplate":"https:\/\/www.isoleolie.it\/eolie\/?s={search_term_string}"},"query-input":{"@type":"PropertyValueSpecification","valueRequired":true,"valueName":"search_term_string"}}],"inLanguage":"it-IT"},{"@type":"Organization","@id":"https:\/\/www.isoleolie.it\/eolie\/#organization","name":"ISOLE EOLIE","url":"https:\/\/www.isoleolie.it\/eolie\/","logo":{"@type":"ImageObject","inLanguage":"it-IT","@id":"https:\/\/www.isoleolie.it\/eolie\/#\/schema\/logo\/image\/","url":"https:\/\/www.isoleolie.it\/eolie\/wp-content\/uploads\/2024\/11\/oMv8p0-4_400x400.jpg","contentUrl":"https:\/\/www.isoleolie.it\/eolie\/wp-content\/uploads\/2024\/11\/oMv8p0-4_400x400.jpg","width":400,"height":400,"caption":"ISOLE EOLIE"},"image":{"@id":"https:\/\/www.isoleolie.it\/eolie\/#\/schema\/logo\/image\/"}},{"@type":"Person","@id":"https:\/\/www.isoleolie.it\/eolie\/#\/schema\/person\/4c400db26884d9f212712636db6c1746","name":"Tourism Manager","image":{"@type":"ImageObject","inLanguage":"it-IT","@id":"https:\/\/secure.gravatar.com\/avatar\/3446a46a5f1bdb4055f313474780b529660445bd2d0364f2472d83fd63ed9bbc?s=96&d=mm&r=g","url":"https:\/\/secure.gravatar.com\/avatar\/3446a46a5f1bdb4055f313474780b529660445bd2d0364f2472d83fd63ed9bbc?s=96&d=mm&r=g","contentUrl":"https:\/\/secure.gravatar.com\/avatar\/3446a46a5f1bdb4055f313474780b529660445bd2d0364f2472d83fd63ed9bbc?s=96&d=mm&r=g","caption":"Tourism Manager"},"description":"Che cos'\u00e8 un manager del turismo? Tecnicamente, un manager del turismo \u00e8 un nome dato a qualsiasi professionista della gestione che lavora in un'azienda collegata all'industria del turismo. Ci\u00f2 include i direttori generali, che si assumono la responsabilit\u00e0 generale di garantire che le operazioni quotidiane si svolgano senza intoppi, ma includono anche i singoli responsabili di reparto all'interno delle aziende. Il ruolo di manager del turismo implica la supervisione delle operazioni all'interno di un'impresa o organizzazione turistica. \u00c8 una posizione di alto livello, che richiede una comprensione approfondita dei concetti di gestione e dell'industria nel suo insieme.","sameAs":["https:\/\/www.isoleolie.it\/"],"url":"https:\/\/www.isoleolie.it\/eolie\/author\/isoleolie_2\/"}]}},"_links":{"self":[{"href":"https:\/\/www.isoleolie.it\/eolie\/wp-json\/wp\/v2\/posts\/1442","targetHints":{"allow":["GET"]}}],"collection":[{"href":"https:\/\/www.isoleolie.it\/eolie\/wp-json\/wp\/v2\/posts"}],"about":[{"href":"https:\/\/www.isoleolie.it\/eolie\/wp-json\/wp\/v2\/types\/post"}],"author":[{"embeddable":true,"href":"https:\/\/www.isoleolie.it\/eolie\/wp-json\/wp\/v2\/users\/1"}],"replies":[{"embeddable":true,"href":"https:\/\/www.isoleolie.it\/eolie\/wp-json\/wp\/v2\/comments?post=1442"}],"version-history":[{"count":1,"href":"https:\/\/www.isoleolie.it\/eolie\/wp-json\/wp\/v2\/posts\/1442\/revisions"}],"predecessor-version":[{"id":1444,"href":"https:\/\/www.isoleolie.it\/eolie\/wp-json\/wp\/v2\/posts\/1442\/revisions\/1444"}],"wp:featuredmedia":[{"embeddable":true,"href":"https:\/\/www.isoleolie.it\/eolie\/wp-json\/wp\/v2\/media\/1443"}],"wp:attachment":[{"href":"https:\/\/www.isoleolie.it\/eolie\/wp-json\/wp\/v2\/media?parent=1442"}],"wp:term":[{"taxonomy":"category","embeddable":true,"href":"https:\/\/www.isoleolie.it\/eolie\/wp-json\/wp\/v2\/categories?post=1442"},{"taxonomy":"post_tag","embeddable":true,"href":"https:\/\/www.isoleolie.it\/eolie\/wp-json\/wp\/v2\/tags?post=1442"}],"curies":[{"name":"wp","href":"https:\/\/api.w.org\/{rel}","templated":true}]}}