{"id":1398,"date":"2022-12-01T11:17:49","date_gmt":"2022-12-01T10:17:49","guid":{"rendered":"https:\/\/www.isoleolie.it\/eolie\/?p=1398"},"modified":"2022-12-01T11:20:37","modified_gmt":"2022-12-01T10:20:37","slug":"seesicily-lo-spot-in-versione-natalizia-arriva-sulle-emittenti-nazionali","status":"publish","type":"post","link":"https:\/\/www.isoleolie.it\/eolie\/seesicily-lo-spot-in-versione-natalizia-arriva-sulle-emittenti-nazionali\/eolie-news\/","title":{"rendered":"SeeSicily, lo spot in versione natalizia arriva sulle emittenti nazionali"},"content":{"rendered":"<h1>Le meraviglie della Sicilia d\u2019inverno, tra Etna e Madonie innevate, centri storici addobbati a festa per il Natale, bont\u00e0 gastronomiche e patrimonio archeologico fruibile tutto l\u2019anno.<\/h1>\n<p><span style=\"font-size: 14pt;\">\u00c8 in programmazione sulle emittenti televisive nazionali lo spot della Regione Siciliana che suggerisce di visitare l\u2019Isola anche nel corso della stagione invernale.<\/span><\/p>\n<p><span style=\"font-size: 14pt;\">Si tratta della campagna promozionale di fine anno, realizzata dall\u2019assessorato regionale al Turismo, per promuovere la destagionalizzazione dei flussi turistici e gli incentivi previsti dal programma See Sicily, varato dal precedente governo regionale e valido sino a settembre 2023, che prevede sconti su pernottamenti e trasporti per chi sceglie di trascorrere almeno tre notti nell\u2019Isola.<\/span><\/p>\n<p><span style=\"font-size: 14pt;\">\u201cProseguiamo \u2013 sottolinea l\u2019assessore al Turismo Francesco Paolo Scarpinato \u2013 nella promozione turistica dei tesori culturali e paesaggistici di cui \u00e8 ricco il nostro territorio, per valorizzarli anche al di fuori della \u201cclassica\u201d stagione estiva. La strategia adottata con SeeSicly ha gi\u00e0 dato frutti molto positivi in termini di presenze turistiche la scorsa estate. <\/span><br \/>\n<script async src=\"https:\/\/pagead2.googlesyndication.com\/pagead\/js\/adsbygoogle.js?client=ca-pub-0374348204273382\"\n     crossorigin=\"anonymous\"><\/script><br \/>\n<ins class=\"adsbygoogle\"\n     style=\"display:block; text-align:center;\"\n     data-ad-layout=\"in-article\"\n     data-ad-format=\"fluid\"\n     data-ad-client=\"ca-pub-0374348204273382\"\n     data-ad-slot=\"7701142189\"><\/ins><br \/>\n<script>\n     (adsbygoogle = window.adsbygoogle || []).push({});\n<\/script><\/p>\n<p><span style=\"font-size: 14pt;\">Adesso \u2013 aggiunge \u2013 puntiamo alle vacanze natalizie e invernali. Stiamo avviando anche una campagna informativa sulle testate regionali che evidenzier\u00e0 tradizioni e appuntamenti rilevanti in tutte le province della nostra Isola, che ha tutte le potenzialit\u00e0 per essere una meta attrattiva 365 giorni all\u2019anno\u201d.<\/span><\/p>\n<p><span style=\"font-size: 14pt;\">La campagna tv appena avviata si inserisce nel pi\u00f9 ampio programma di promozione, per un budget complessivo di circa 7 milioni di euro, a valere sulle risorse del Po Fesr 2014-2020, alla base dello specifico avviso di manifestazione d\u2019interesse pubblicato dall\u2019assessorato al Turismo, sport e spettacolo. <\/span><\/p>\n<p><span style=\"font-size: 14pt;\">Il Piano prevede tre linee d\u2019intervento: le iniziative sulle emittenti televisive nazionali con spot, realizzazione di programmi ad hoc sulla Sicilia, partnership con programmi specifici (come \u201cBallando con le stelle\u201d di Rai 1, in cui la formula ha riscosso grande successo); la campagna visuale su impianti fissi nelle grandi stazioni ferroviarie italiane, che ha preso il via lo scorso ottobre; la campagna all\u2019estero (Francia, Germania e Stati Uniti) presso aeroporti, stazioni ferroviarie e della metropolitana.\u00a0<\/span><\/p>\n<p><iframe loading=\"lazy\" style=\"border: none; overflow: hidden;\" src=\"https:\/\/www.facebook.com\/plugins\/video.php?height=314&amp;href=https%3A%2F%2Fwww.facebook.com%2Fvisitsicily.info%2Fvideos%2F532101622110710%2F&amp;show_text=false&amp;width=560&amp;t=0\" width=\"560\" height=\"314\" frameborder=\"0\" scrolling=\"no\" allowfullscreen=\"allowfullscreen\"><\/iframe><\/p>\n","protected":false},"excerpt":{"rendered":"<p>Le meraviglie della Sicilia d\u2019inverno, tra Etna e Madonie innevate, centri storici addobbati a festa per il Natale, bont\u00e0 gastronomiche e patrimonio archeologico fruibile tutto l\u2019anno. \u00c8 in programmazione sulle emittenti televisive nazionali lo spot della Regione Siciliana che suggerisce di visitare l\u2019Isola anche nel corso della stagione invernale. Si tratta della campagna promozionale di [&hellip;]<\/p>\n","protected":false},"author":1,"featured_media":864,"comment_status":"closed","ping_status":"closed","sticky":false,"template":"","format":"standard","meta":{"footnotes":""},"categories":[22],"tags":[],"class_list":["post-1398","post","type-post","status-publish","format-standard","has-post-thumbnail","hentry","category-eolie-news"],"yoast_head":"<!-- This site is optimized with the Yoast SEO plugin v27.5 - https:\/\/yoast.com\/product\/yoast-seo-wordpress\/ -->\r\n<title>SeeSicily, lo spot in versione natalizia arriva sulle emittenti nazionali - ISOLE EOLIE Turismo e Vacanze Hotel B&amp;B Residence Case Vacanza<\/title>\r\n<meta name=\"robots\" content=\"index, follow, max-snippet:-1, max-image-preview:large, max-video-preview:-1\" \/>\r\n<link rel=\"canonical\" href=\"https:\/\/www.isoleolie.it\/eolie\/seesicily-lo-spot-in-versione-natalizia-arriva-sulle-emittenti-nazionali\/eolie-news\/\" \/>\r\n<meta property=\"og:locale\" content=\"it_IT\" \/>\r\n<meta property=\"og:type\" content=\"article\" \/>\r\n<meta property=\"og:title\" content=\"SeeSicily, lo spot in versione natalizia arriva sulle emittenti nazionali - ISOLE EOLIE Turismo e Vacanze Hotel B&amp;B Residence Case Vacanza\" \/>\r\n<meta property=\"og:description\" content=\"Le meraviglie della Sicilia d\u2019inverno, tra Etna e Madonie innevate, centri storici addobbati a festa per il Natale, bont\u00e0 gastronomiche e patrimonio archeologico fruibile tutto l\u2019anno. \u00c8 in programmazione sulle emittenti televisive nazionali lo spot della Regione Siciliana che suggerisce di visitare l\u2019Isola anche nel corso della stagione invernale. Si tratta della campagna promozionale di [&hellip;]\" \/>\r\n<meta property=\"og:url\" content=\"https:\/\/www.isoleolie.it\/eolie\/seesicily-lo-spot-in-versione-natalizia-arriva-sulle-emittenti-nazionali\/eolie-news\/\" \/>\r\n<meta property=\"og:site_name\" content=\"ISOLE EOLIE Turismo e Vacanze Hotel B&amp;B Residence Case Vacanza\" \/>\r\n<meta property=\"article:published_time\" content=\"2022-12-01T10:17:49+00:00\" \/>\r\n<meta property=\"article:modified_time\" content=\"2022-12-01T10:20:37+00:00\" \/>\r\n<meta property=\"og:image\" content=\"https:\/\/www.isoleolie.it\/eolie\/wp-content\/uploads\/2022\/01\/Immagine-2022-01-08-120105.jpg\" \/>\r\n\t<meta property=\"og:image:width\" content=\"1372\" \/>\r\n\t<meta property=\"og:image:height\" content=\"596\" \/>\r\n\t<meta property=\"og:image:type\" content=\"image\/jpeg\" \/>\r\n<meta name=\"author\" content=\"Tourism Manager\" \/>\r\n<meta name=\"twitter:card\" content=\"summary_large_image\" \/>\r\n<meta name=\"twitter:label1\" content=\"Scritto da\" \/>\n\t<meta name=\"twitter:data1\" content=\"Tourism Manager\" \/>\n\t<meta name=\"twitter:label2\" content=\"Tempo di lettura stimato\" \/>\n\t<meta name=\"twitter:data2\" content=\"2 minuti\" \/>\r\n<script type=\"application\/ld+json\" class=\"yoast-schema-graph\">{\"@context\":\"https:\\\/\\\/schema.org\",\"@graph\":[{\"@type\":\"Article\",\"@id\":\"https:\\\/\\\/www.isoleolie.it\\\/eolie\\\/seesicily-lo-spot-in-versione-natalizia-arriva-sulle-emittenti-nazionali\\\/eolie-news\\\/#article\",\"isPartOf\":{\"@id\":\"https:\\\/\\\/www.isoleolie.it\\\/eolie\\\/seesicily-lo-spot-in-versione-natalizia-arriva-sulle-emittenti-nazionali\\\/eolie-news\\\/\"},\"author\":{\"name\":\"Tourism Manager\",\"@id\":\"https:\\\/\\\/www.isoleolie.it\\\/eolie\\\/#\\\/schema\\\/person\\\/4c400db26884d9f212712636db6c1746\"},\"headline\":\"SeeSicily, lo spot in versione natalizia arriva sulle emittenti nazionali\",\"datePublished\":\"2022-12-01T10:17:49+00:00\",\"dateModified\":\"2022-12-01T10:20:37+00:00\",\"mainEntityOfPage\":{\"@id\":\"https:\\\/\\\/www.isoleolie.it\\\/eolie\\\/seesicily-lo-spot-in-versione-natalizia-arriva-sulle-emittenti-nazionali\\\/eolie-news\\\/\"},\"wordCount\":335,\"publisher\":{\"@id\":\"https:\\\/\\\/www.isoleolie.it\\\/eolie\\\/#organization\"},\"image\":{\"@id\":\"https:\\\/\\\/www.isoleolie.it\\\/eolie\\\/seesicily-lo-spot-in-versione-natalizia-arriva-sulle-emittenti-nazionali\\\/eolie-news\\\/#primaryimage\"},\"thumbnailUrl\":\"https:\\\/\\\/www.isoleolie.it\\\/eolie\\\/wp-content\\\/uploads\\\/2022\\\/01\\\/Immagine-2022-01-08-120105.jpg\",\"articleSection\":[\"NEWS\"],\"inLanguage\":\"it-IT\"},{\"@type\":\"WebPage\",\"@id\":\"https:\\\/\\\/www.isoleolie.it\\\/eolie\\\/seesicily-lo-spot-in-versione-natalizia-arriva-sulle-emittenti-nazionali\\\/eolie-news\\\/\",\"url\":\"https:\\\/\\\/www.isoleolie.it\\\/eolie\\\/seesicily-lo-spot-in-versione-natalizia-arriva-sulle-emittenti-nazionali\\\/eolie-news\\\/\",\"name\":\"SeeSicily, lo spot in versione natalizia arriva sulle emittenti nazionali - ISOLE EOLIE Turismo e Vacanze Hotel B&amp;B Residence Case Vacanza\",\"isPartOf\":{\"@id\":\"https:\\\/\\\/www.isoleolie.it\\\/eolie\\\/#website\"},\"primaryImageOfPage\":{\"@id\":\"https:\\\/\\\/www.isoleolie.it\\\/eolie\\\/seesicily-lo-spot-in-versione-natalizia-arriva-sulle-emittenti-nazionali\\\/eolie-news\\\/#primaryimage\"},\"image\":{\"@id\":\"https:\\\/\\\/www.isoleolie.it\\\/eolie\\\/seesicily-lo-spot-in-versione-natalizia-arriva-sulle-emittenti-nazionali\\\/eolie-news\\\/#primaryimage\"},\"thumbnailUrl\":\"https:\\\/\\\/www.isoleolie.it\\\/eolie\\\/wp-content\\\/uploads\\\/2022\\\/01\\\/Immagine-2022-01-08-120105.jpg\",\"datePublished\":\"2022-12-01T10:17:49+00:00\",\"dateModified\":\"2022-12-01T10:20:37+00:00\",\"breadcrumb\":{\"@id\":\"https:\\\/\\\/www.isoleolie.it\\\/eolie\\\/seesicily-lo-spot-in-versione-natalizia-arriva-sulle-emittenti-nazionali\\\/eolie-news\\\/#breadcrumb\"},\"inLanguage\":\"it-IT\",\"potentialAction\":[{\"@type\":\"ReadAction\",\"target\":[\"https:\\\/\\\/www.isoleolie.it\\\/eolie\\\/seesicily-lo-spot-in-versione-natalizia-arriva-sulle-emittenti-nazionali\\\/eolie-news\\\/\"]}]},{\"@type\":\"ImageObject\",\"inLanguage\":\"it-IT\",\"@id\":\"https:\\\/\\\/www.isoleolie.it\\\/eolie\\\/seesicily-lo-spot-in-versione-natalizia-arriva-sulle-emittenti-nazionali\\\/eolie-news\\\/#primaryimage\",\"url\":\"https:\\\/\\\/www.isoleolie.it\\\/eolie\\\/wp-content\\\/uploads\\\/2022\\\/01\\\/Immagine-2022-01-08-120105.jpg\",\"contentUrl\":\"https:\\\/\\\/www.isoleolie.it\\\/eolie\\\/wp-content\\\/uploads\\\/2022\\\/01\\\/Immagine-2022-01-08-120105.jpg\",\"width\":1372,\"height\":596,\"caption\":\"isole eolie\"},{\"@type\":\"BreadcrumbList\",\"@id\":\"https:\\\/\\\/www.isoleolie.it\\\/eolie\\\/seesicily-lo-spot-in-versione-natalizia-arriva-sulle-emittenti-nazionali\\\/eolie-news\\\/#breadcrumb\",\"itemListElement\":[{\"@type\":\"ListItem\",\"position\":1,\"name\":\"Home\",\"item\":\"https:\\\/\\\/www.isoleolie.it\\\/eolie\\\/\"},{\"@type\":\"ListItem\",\"position\":2,\"name\":\"SeeSicily, lo spot in versione natalizia arriva sulle emittenti nazionali\"}]},{\"@type\":\"WebSite\",\"@id\":\"https:\\\/\\\/www.isoleolie.it\\\/eolie\\\/#website\",\"url\":\"https:\\\/\\\/www.isoleolie.it\\\/eolie\\\/\",\"name\":\"ISOLE EOLIE Turismo e Vacanze alle Isole Eolie Hotel B&B Residence Case Vacanza\",\"description\":\"The first and official tourism site for the Aeolian Islands\",\"publisher\":{\"@id\":\"https:\\\/\\\/www.isoleolie.it\\\/eolie\\\/#organization\"},\"potentialAction\":[{\"@type\":\"SearchAction\",\"target\":{\"@type\":\"EntryPoint\",\"urlTemplate\":\"https:\\\/\\\/www.isoleolie.it\\\/eolie\\\/?s={search_term_string}\"},\"query-input\":{\"@type\":\"PropertyValueSpecification\",\"valueRequired\":true,\"valueName\":\"search_term_string\"}}],\"inLanguage\":\"it-IT\"},{\"@type\":\"Organization\",\"@id\":\"https:\\\/\\\/www.isoleolie.it\\\/eolie\\\/#organization\",\"name\":\"ISOLE EOLIE\",\"url\":\"https:\\\/\\\/www.isoleolie.it\\\/eolie\\\/\",\"logo\":{\"@type\":\"ImageObject\",\"inLanguage\":\"it-IT\",\"@id\":\"https:\\\/\\\/www.isoleolie.it\\\/eolie\\\/#\\\/schema\\\/logo\\\/image\\\/\",\"url\":\"https:\\\/\\\/www.isoleolie.it\\\/eolie\\\/wp-content\\\/uploads\\\/2024\\\/11\\\/oMv8p0-4_400x400.jpg\",\"contentUrl\":\"https:\\\/\\\/www.isoleolie.it\\\/eolie\\\/wp-content\\\/uploads\\\/2024\\\/11\\\/oMv8p0-4_400x400.jpg\",\"width\":400,\"height\":400,\"caption\":\"ISOLE EOLIE\"},\"image\":{\"@id\":\"https:\\\/\\\/www.isoleolie.it\\\/eolie\\\/#\\\/schema\\\/logo\\\/image\\\/\"}},{\"@type\":\"Person\",\"@id\":\"https:\\\/\\\/www.isoleolie.it\\\/eolie\\\/#\\\/schema\\\/person\\\/4c400db26884d9f212712636db6c1746\",\"name\":\"Tourism Manager\",\"image\":{\"@type\":\"ImageObject\",\"inLanguage\":\"it-IT\",\"@id\":\"https:\\\/\\\/secure.gravatar.com\\\/avatar\\\/3446a46a5f1bdb4055f313474780b529660445bd2d0364f2472d83fd63ed9bbc?s=96&d=mm&r=g\",\"url\":\"https:\\\/\\\/secure.gravatar.com\\\/avatar\\\/3446a46a5f1bdb4055f313474780b529660445bd2d0364f2472d83fd63ed9bbc?s=96&d=mm&r=g\",\"contentUrl\":\"https:\\\/\\\/secure.gravatar.com\\\/avatar\\\/3446a46a5f1bdb4055f313474780b529660445bd2d0364f2472d83fd63ed9bbc?s=96&d=mm&r=g\",\"caption\":\"Tourism Manager\"},\"description\":\"Che cos'\u00e8 un manager del turismo? Tecnicamente, un manager del turismo \u00e8 un nome dato a qualsiasi professionista della gestione che lavora in un'azienda collegata all'industria del turismo. Ci\u00f2 include i direttori generali, che si assumono la responsabilit\u00e0 generale di garantire che le operazioni quotidiane si svolgano senza intoppi, ma includono anche i singoli responsabili di reparto all'interno delle aziende. Il ruolo di manager del turismo implica la supervisione delle operazioni all'interno di un'impresa o organizzazione turistica. \u00c8 una posizione di alto livello, che richiede una comprensione approfondita dei concetti di gestione e dell'industria nel suo insieme.\",\"sameAs\":[\"https:\\\/\\\/www.isoleolie.it\\\/\"],\"url\":\"https:\\\/\\\/www.isoleolie.it\\\/eolie\\\/author\\\/isoleolie_2\\\/\"}]}<\/script>\r\n<!-- \/ Yoast SEO plugin. -->","yoast_head_json":{"title":"SeeSicily, lo spot in versione natalizia arriva sulle emittenti nazionali - ISOLE EOLIE Turismo e Vacanze Hotel B&amp;B Residence Case Vacanza","robots":{"index":"index","follow":"follow","max-snippet":"max-snippet:-1","max-image-preview":"max-image-preview:large","max-video-preview":"max-video-preview:-1"},"canonical":"https:\/\/www.isoleolie.it\/eolie\/seesicily-lo-spot-in-versione-natalizia-arriva-sulle-emittenti-nazionali\/eolie-news\/","og_locale":"it_IT","og_type":"article","og_title":"SeeSicily, lo spot in versione natalizia arriva sulle emittenti nazionali - ISOLE EOLIE Turismo e Vacanze Hotel B&amp;B Residence Case Vacanza","og_description":"Le meraviglie della Sicilia d\u2019inverno, tra Etna e Madonie innevate, centri storici addobbati a festa per il Natale, bont\u00e0 gastronomiche e patrimonio archeologico fruibile tutto l\u2019anno. \u00c8 in programmazione sulle emittenti televisive nazionali lo spot della Regione Siciliana che suggerisce di visitare l\u2019Isola anche nel corso della stagione invernale. Si tratta della campagna promozionale di [&hellip;]","og_url":"https:\/\/www.isoleolie.it\/eolie\/seesicily-lo-spot-in-versione-natalizia-arriva-sulle-emittenti-nazionali\/eolie-news\/","og_site_name":"ISOLE EOLIE Turismo e Vacanze Hotel B&amp;B Residence Case Vacanza","article_published_time":"2022-12-01T10:17:49+00:00","article_modified_time":"2022-12-01T10:20:37+00:00","og_image":[{"width":1372,"height":596,"url":"https:\/\/www.isoleolie.it\/eolie\/wp-content\/uploads\/2022\/01\/Immagine-2022-01-08-120105.jpg","type":"image\/jpeg"}],"author":"Tourism Manager","twitter_card":"summary_large_image","twitter_misc":{"Scritto da":"Tourism Manager","Tempo di lettura stimato":"2 minuti"},"schema":{"@context":"https:\/\/schema.org","@graph":[{"@type":"Article","@id":"https:\/\/www.isoleolie.it\/eolie\/seesicily-lo-spot-in-versione-natalizia-arriva-sulle-emittenti-nazionali\/eolie-news\/#article","isPartOf":{"@id":"https:\/\/www.isoleolie.it\/eolie\/seesicily-lo-spot-in-versione-natalizia-arriva-sulle-emittenti-nazionali\/eolie-news\/"},"author":{"name":"Tourism Manager","@id":"https:\/\/www.isoleolie.it\/eolie\/#\/schema\/person\/4c400db26884d9f212712636db6c1746"},"headline":"SeeSicily, lo spot in versione natalizia arriva sulle emittenti nazionali","datePublished":"2022-12-01T10:17:49+00:00","dateModified":"2022-12-01T10:20:37+00:00","mainEntityOfPage":{"@id":"https:\/\/www.isoleolie.it\/eolie\/seesicily-lo-spot-in-versione-natalizia-arriva-sulle-emittenti-nazionali\/eolie-news\/"},"wordCount":335,"publisher":{"@id":"https:\/\/www.isoleolie.it\/eolie\/#organization"},"image":{"@id":"https:\/\/www.isoleolie.it\/eolie\/seesicily-lo-spot-in-versione-natalizia-arriva-sulle-emittenti-nazionali\/eolie-news\/#primaryimage"},"thumbnailUrl":"https:\/\/www.isoleolie.it\/eolie\/wp-content\/uploads\/2022\/01\/Immagine-2022-01-08-120105.jpg","articleSection":["NEWS"],"inLanguage":"it-IT"},{"@type":"WebPage","@id":"https:\/\/www.isoleolie.it\/eolie\/seesicily-lo-spot-in-versione-natalizia-arriva-sulle-emittenti-nazionali\/eolie-news\/","url":"https:\/\/www.isoleolie.it\/eolie\/seesicily-lo-spot-in-versione-natalizia-arriva-sulle-emittenti-nazionali\/eolie-news\/","name":"SeeSicily, lo spot in versione natalizia arriva sulle emittenti nazionali - ISOLE EOLIE Turismo e Vacanze Hotel B&amp;B Residence Case Vacanza","isPartOf":{"@id":"https:\/\/www.isoleolie.it\/eolie\/#website"},"primaryImageOfPage":{"@id":"https:\/\/www.isoleolie.it\/eolie\/seesicily-lo-spot-in-versione-natalizia-arriva-sulle-emittenti-nazionali\/eolie-news\/#primaryimage"},"image":{"@id":"https:\/\/www.isoleolie.it\/eolie\/seesicily-lo-spot-in-versione-natalizia-arriva-sulle-emittenti-nazionali\/eolie-news\/#primaryimage"},"thumbnailUrl":"https:\/\/www.isoleolie.it\/eolie\/wp-content\/uploads\/2022\/01\/Immagine-2022-01-08-120105.jpg","datePublished":"2022-12-01T10:17:49+00:00","dateModified":"2022-12-01T10:20:37+00:00","breadcrumb":{"@id":"https:\/\/www.isoleolie.it\/eolie\/seesicily-lo-spot-in-versione-natalizia-arriva-sulle-emittenti-nazionali\/eolie-news\/#breadcrumb"},"inLanguage":"it-IT","potentialAction":[{"@type":"ReadAction","target":["https:\/\/www.isoleolie.it\/eolie\/seesicily-lo-spot-in-versione-natalizia-arriva-sulle-emittenti-nazionali\/eolie-news\/"]}]},{"@type":"ImageObject","inLanguage":"it-IT","@id":"https:\/\/www.isoleolie.it\/eolie\/seesicily-lo-spot-in-versione-natalizia-arriva-sulle-emittenti-nazionali\/eolie-news\/#primaryimage","url":"https:\/\/www.isoleolie.it\/eolie\/wp-content\/uploads\/2022\/01\/Immagine-2022-01-08-120105.jpg","contentUrl":"https:\/\/www.isoleolie.it\/eolie\/wp-content\/uploads\/2022\/01\/Immagine-2022-01-08-120105.jpg","width":1372,"height":596,"caption":"isole eolie"},{"@type":"BreadcrumbList","@id":"https:\/\/www.isoleolie.it\/eolie\/seesicily-lo-spot-in-versione-natalizia-arriva-sulle-emittenti-nazionali\/eolie-news\/#breadcrumb","itemListElement":[{"@type":"ListItem","position":1,"name":"Home","item":"https:\/\/www.isoleolie.it\/eolie\/"},{"@type":"ListItem","position":2,"name":"SeeSicily, lo spot in versione natalizia arriva sulle emittenti nazionali"}]},{"@type":"WebSite","@id":"https:\/\/www.isoleolie.it\/eolie\/#website","url":"https:\/\/www.isoleolie.it\/eolie\/","name":"ISOLE EOLIE Turismo e Vacanze alle Isole Eolie Hotel B&B Residence Case Vacanza","description":"The first and official tourism site for the Aeolian Islands","publisher":{"@id":"https:\/\/www.isoleolie.it\/eolie\/#organization"},"potentialAction":[{"@type":"SearchAction","target":{"@type":"EntryPoint","urlTemplate":"https:\/\/www.isoleolie.it\/eolie\/?s={search_term_string}"},"query-input":{"@type":"PropertyValueSpecification","valueRequired":true,"valueName":"search_term_string"}}],"inLanguage":"it-IT"},{"@type":"Organization","@id":"https:\/\/www.isoleolie.it\/eolie\/#organization","name":"ISOLE EOLIE","url":"https:\/\/www.isoleolie.it\/eolie\/","logo":{"@type":"ImageObject","inLanguage":"it-IT","@id":"https:\/\/www.isoleolie.it\/eolie\/#\/schema\/logo\/image\/","url":"https:\/\/www.isoleolie.it\/eolie\/wp-content\/uploads\/2024\/11\/oMv8p0-4_400x400.jpg","contentUrl":"https:\/\/www.isoleolie.it\/eolie\/wp-content\/uploads\/2024\/11\/oMv8p0-4_400x400.jpg","width":400,"height":400,"caption":"ISOLE EOLIE"},"image":{"@id":"https:\/\/www.isoleolie.it\/eolie\/#\/schema\/logo\/image\/"}},{"@type":"Person","@id":"https:\/\/www.isoleolie.it\/eolie\/#\/schema\/person\/4c400db26884d9f212712636db6c1746","name":"Tourism Manager","image":{"@type":"ImageObject","inLanguage":"it-IT","@id":"https:\/\/secure.gravatar.com\/avatar\/3446a46a5f1bdb4055f313474780b529660445bd2d0364f2472d83fd63ed9bbc?s=96&d=mm&r=g","url":"https:\/\/secure.gravatar.com\/avatar\/3446a46a5f1bdb4055f313474780b529660445bd2d0364f2472d83fd63ed9bbc?s=96&d=mm&r=g","contentUrl":"https:\/\/secure.gravatar.com\/avatar\/3446a46a5f1bdb4055f313474780b529660445bd2d0364f2472d83fd63ed9bbc?s=96&d=mm&r=g","caption":"Tourism Manager"},"description":"Che cos'\u00e8 un manager del turismo? Tecnicamente, un manager del turismo \u00e8 un nome dato a qualsiasi professionista della gestione che lavora in un'azienda collegata all'industria del turismo. Ci\u00f2 include i direttori generali, che si assumono la responsabilit\u00e0 generale di garantire che le operazioni quotidiane si svolgano senza intoppi, ma includono anche i singoli responsabili di reparto all'interno delle aziende. Il ruolo di manager del turismo implica la supervisione delle operazioni all'interno di un'impresa o organizzazione turistica. \u00c8 una posizione di alto livello, che richiede una comprensione approfondita dei concetti di gestione e dell'industria nel suo insieme.","sameAs":["https:\/\/www.isoleolie.it\/"],"url":"https:\/\/www.isoleolie.it\/eolie\/author\/isoleolie_2\/"}]}},"_links":{"self":[{"href":"https:\/\/www.isoleolie.it\/eolie\/wp-json\/wp\/v2\/posts\/1398","targetHints":{"allow":["GET"]}}],"collection":[{"href":"https:\/\/www.isoleolie.it\/eolie\/wp-json\/wp\/v2\/posts"}],"about":[{"href":"https:\/\/www.isoleolie.it\/eolie\/wp-json\/wp\/v2\/types\/post"}],"author":[{"embeddable":true,"href":"https:\/\/www.isoleolie.it\/eolie\/wp-json\/wp\/v2\/users\/1"}],"replies":[{"embeddable":true,"href":"https:\/\/www.isoleolie.it\/eolie\/wp-json\/wp\/v2\/comments?post=1398"}],"version-history":[{"count":2,"href":"https:\/\/www.isoleolie.it\/eolie\/wp-json\/wp\/v2\/posts\/1398\/revisions"}],"predecessor-version":[{"id":1400,"href":"https:\/\/www.isoleolie.it\/eolie\/wp-json\/wp\/v2\/posts\/1398\/revisions\/1400"}],"wp:featuredmedia":[{"embeddable":true,"href":"https:\/\/www.isoleolie.it\/eolie\/wp-json\/wp\/v2\/media\/864"}],"wp:attachment":[{"href":"https:\/\/www.isoleolie.it\/eolie\/wp-json\/wp\/v2\/media?parent=1398"}],"wp:term":[{"taxonomy":"category","embeddable":true,"href":"https:\/\/www.isoleolie.it\/eolie\/wp-json\/wp\/v2\/categories?post=1398"},{"taxonomy":"post_tag","embeddable":true,"href":"https:\/\/www.isoleolie.it\/eolie\/wp-json\/wp\/v2\/tags?post=1398"}],"curies":[{"name":"wp","href":"https:\/\/api.w.org\/{rel}","templated":true}]}}