{"id":1127,"date":"2022-05-27T09:28:36","date_gmt":"2022-05-27T07:28:36","guid":{"rendered":"https:\/\/www.isoleolie.it\/eolie\/?p=1127"},"modified":"2022-05-27T09:28:36","modified_gmt":"2022-05-27T07:28:36","slug":"trasporti-maria-stella-gelmini-bene-proroga-dat-per-collegamento-aereo-sicilia-isole-minori","status":"publish","type":"post","link":"https:\/\/www.isoleolie.it\/eolie\/trasporti-maria-stella-gelmini-bene-proroga-dat-per-collegamento-aereo-sicilia-isole-minori\/eolie-news\/","title":{"rendered":"Trasporti: Maria Stella Gelmini, bene proroga Dat per collegamento aereo Sicilia-isole minori"},"content":{"rendered":"<div>\n<h1>\u201cLa firma del decreto di proroga della continuit\u00e0 territoriale per le isole di Lampedusa e Pantelleria \u00e8 un\u2019ottima notizia.<\/h1>\n<div><span style=\"font-size: 14pt;\">Diamo cos\u00ec certezza di poter contare sui collegamenti aerei, attraverso la compagnia Dat, con la Sicilia in apertura della stagione estiva. \u00c8 la soluzione alla quale abbiamo lavorato da mesi assieme al collega Giovannini, all\u2019assessore Falcone, e in stretto contatto con la Regione Siciliana.<\/span><\/div>\n<div><span style=\"font-size: 14pt;\">Non potevamo pregiudicare le opportunit\u00e0 per questi territori di sfruttare i flussi turistici di prossimit\u00e0.\u00a0<\/span><\/div>\n<div><\/div>\n<div><span style=\"font-size: 14pt;\">Per le loro caratteristiche e variet\u00e0, le isole italiane rappresentano una risorsa naturalistica, economica, sociale, su cui dobbiamo investire sfruttando tutte le possibilit\u00e0 consentite dal Pnrr e dalle altre programmazioni comunitarie destinate alle aree interne\u201d.<\/span><\/div>\n<div dir=\"ltr\"><\/div>\n<p><span style=\"font-size: 14pt;\">Lo afferma in una nota Mariastella Gelmini, ministro per gli Affari regionali e le autonomie.<\/span><\/div>\n<div dir=\"ltr\"><\/div>\n<div id=\"ms-outlook-mobile-signature\">Fabrizio Augimeri<\/p>\n<div dir=\"auto\">Portavoce e Capo Ufficio Stampa del Ministro per gli Affari Regionali e le Autonomie, Mariastella Gelmini<\/div>\n<div dir=\"auto\">Presidenza del Consiglio dei Ministri<\/div>\n<div dir=\"auto\">Palazzo Cornaro &#8211; Via della Stamperia, 8 &#8211; 00187 &#8211; ROMA<\/div>\n<\/div>\n","protected":false},"excerpt":{"rendered":"<p>\u201cLa firma del decreto di proroga della continuit\u00e0 territoriale per le isole di Lampedusa e Pantelleria \u00e8 un\u2019ottima notizia. Diamo cos\u00ec certezza di poter contare sui collegamenti aerei, attraverso la compagnia Dat, con la Sicilia in apertura della stagione estiva. \u00c8 la soluzione alla quale abbiamo lavorato da mesi assieme al collega Giovannini, all\u2019assessore Falcone, [&hellip;]<\/p>\n","protected":false},"author":1,"featured_media":1128,"comment_status":"closed","ping_status":"closed","sticky":false,"template":"","format":"standard","meta":{"footnotes":""},"categories":[22],"tags":[],"class_list":["post-1127","post","type-post","status-publish","format-standard","has-post-thumbnail","hentry","category-eolie-news"],"yoast_head":"<!-- This site is optimized with the Yoast SEO plugin v27.5 - https:\/\/yoast.com\/product\/yoast-seo-wordpress\/ -->\r\n<title>Trasporti: Maria Stella Gelmini, bene proroga Dat per collegamento aereo Sicilia-isole minori - ISOLE EOLIE Turismo e Vacanze Hotel B&amp;B Residence Case Vacanza<\/title>\r\n<meta name=\"robots\" content=\"index, follow, max-snippet:-1, max-image-preview:large, max-video-preview:-1\" \/>\r\n<link rel=\"canonical\" href=\"https:\/\/www.isoleolie.it\/eolie\/trasporti-maria-stella-gelmini-bene-proroga-dat-per-collegamento-aereo-sicilia-isole-minori\/eolie-news\/\" \/>\r\n<meta property=\"og:locale\" content=\"it_IT\" \/>\r\n<meta property=\"og:type\" content=\"article\" \/>\r\n<meta property=\"og:title\" content=\"Trasporti: Maria Stella Gelmini, bene proroga Dat per collegamento aereo Sicilia-isole minori - ISOLE EOLIE Turismo e Vacanze Hotel B&amp;B Residence Case Vacanza\" \/>\r\n<meta property=\"og:description\" content=\"\u201cLa firma del decreto di proroga della continuit\u00e0 territoriale per le isole di Lampedusa e Pantelleria \u00e8 un\u2019ottima notizia. Diamo cos\u00ec certezza di poter contare sui collegamenti aerei, attraverso la compagnia Dat, con la Sicilia in apertura della stagione estiva. \u00c8 la soluzione alla quale abbiamo lavorato da mesi assieme al collega Giovannini, all\u2019assessore Falcone, [&hellip;]\" \/>\r\n<meta property=\"og:url\" content=\"https:\/\/www.isoleolie.it\/eolie\/trasporti-maria-stella-gelmini-bene-proroga-dat-per-collegamento-aereo-sicilia-isole-minori\/eolie-news\/\" \/>\r\n<meta property=\"og:site_name\" content=\"ISOLE EOLIE Turismo e Vacanze Hotel B&amp;B Residence Case Vacanza\" \/>\r\n<meta property=\"article:published_time\" content=\"2022-05-27T07:28:36+00:00\" \/>\r\n<meta property=\"og:image\" content=\"https:\/\/www.isoleolie.it\/eolie\/wp-content\/uploads\/2022\/05\/212920049_4418020781575772_2673700898734408092_n.jpg\" \/>\r\n\t<meta property=\"og:image:width\" content=\"601\" \/>\r\n\t<meta property=\"og:image:height\" content=\"600\" \/>\r\n\t<meta property=\"og:image:type\" content=\"image\/jpeg\" \/>\r\n<meta name=\"author\" content=\"Tourism Manager\" \/>\r\n<meta name=\"twitter:card\" content=\"summary_large_image\" \/>\r\n<meta name=\"twitter:label1\" content=\"Scritto da\" \/>\n\t<meta name=\"twitter:data1\" content=\"Tourism Manager\" \/>\n\t<meta name=\"twitter:label2\" content=\"Tempo di lettura stimato\" \/>\n\t<meta name=\"twitter:data2\" content=\"1 minuto\" \/>\r\n<script type=\"application\/ld+json\" class=\"yoast-schema-graph\">{\"@context\":\"https:\\\/\\\/schema.org\",\"@graph\":[{\"@type\":\"Article\",\"@id\":\"https:\\\/\\\/www.isoleolie.it\\\/eolie\\\/trasporti-maria-stella-gelmini-bene-proroga-dat-per-collegamento-aereo-sicilia-isole-minori\\\/eolie-news\\\/#article\",\"isPartOf\":{\"@id\":\"https:\\\/\\\/www.isoleolie.it\\\/eolie\\\/trasporti-maria-stella-gelmini-bene-proroga-dat-per-collegamento-aereo-sicilia-isole-minori\\\/eolie-news\\\/\"},\"author\":{\"name\":\"Tourism Manager\",\"@id\":\"https:\\\/\\\/www.isoleolie.it\\\/eolie\\\/#\\\/schema\\\/person\\\/4c400db26884d9f212712636db6c1746\"},\"headline\":\"Trasporti: Maria Stella Gelmini, bene proroga Dat per collegamento aereo Sicilia-isole minori\",\"datePublished\":\"2022-05-27T07:28:36+00:00\",\"mainEntityOfPage\":{\"@id\":\"https:\\\/\\\/www.isoleolie.it\\\/eolie\\\/trasporti-maria-stella-gelmini-bene-proroga-dat-per-collegamento-aereo-sicilia-isole-minori\\\/eolie-news\\\/\"},\"wordCount\":172,\"publisher\":{\"@id\":\"https:\\\/\\\/www.isoleolie.it\\\/eolie\\\/#organization\"},\"image\":{\"@id\":\"https:\\\/\\\/www.isoleolie.it\\\/eolie\\\/trasporti-maria-stella-gelmini-bene-proroga-dat-per-collegamento-aereo-sicilia-isole-minori\\\/eolie-news\\\/#primaryimage\"},\"thumbnailUrl\":\"https:\\\/\\\/www.isoleolie.it\\\/eolie\\\/wp-content\\\/uploads\\\/2022\\\/05\\\/212920049_4418020781575772_2673700898734408092_n.jpg\",\"articleSection\":[\"NEWS\"],\"inLanguage\":\"it-IT\"},{\"@type\":\"WebPage\",\"@id\":\"https:\\\/\\\/www.isoleolie.it\\\/eolie\\\/trasporti-maria-stella-gelmini-bene-proroga-dat-per-collegamento-aereo-sicilia-isole-minori\\\/eolie-news\\\/\",\"url\":\"https:\\\/\\\/www.isoleolie.it\\\/eolie\\\/trasporti-maria-stella-gelmini-bene-proroga-dat-per-collegamento-aereo-sicilia-isole-minori\\\/eolie-news\\\/\",\"name\":\"Trasporti: Maria Stella Gelmini, bene proroga Dat per collegamento aereo Sicilia-isole minori - ISOLE EOLIE Turismo e Vacanze Hotel B&amp;B Residence Case Vacanza\",\"isPartOf\":{\"@id\":\"https:\\\/\\\/www.isoleolie.it\\\/eolie\\\/#website\"},\"primaryImageOfPage\":{\"@id\":\"https:\\\/\\\/www.isoleolie.it\\\/eolie\\\/trasporti-maria-stella-gelmini-bene-proroga-dat-per-collegamento-aereo-sicilia-isole-minori\\\/eolie-news\\\/#primaryimage\"},\"image\":{\"@id\":\"https:\\\/\\\/www.isoleolie.it\\\/eolie\\\/trasporti-maria-stella-gelmini-bene-proroga-dat-per-collegamento-aereo-sicilia-isole-minori\\\/eolie-news\\\/#primaryimage\"},\"thumbnailUrl\":\"https:\\\/\\\/www.isoleolie.it\\\/eolie\\\/wp-content\\\/uploads\\\/2022\\\/05\\\/212920049_4418020781575772_2673700898734408092_n.jpg\",\"datePublished\":\"2022-05-27T07:28:36+00:00\",\"breadcrumb\":{\"@id\":\"https:\\\/\\\/www.isoleolie.it\\\/eolie\\\/trasporti-maria-stella-gelmini-bene-proroga-dat-per-collegamento-aereo-sicilia-isole-minori\\\/eolie-news\\\/#breadcrumb\"},\"inLanguage\":\"it-IT\",\"potentialAction\":[{\"@type\":\"ReadAction\",\"target\":[\"https:\\\/\\\/www.isoleolie.it\\\/eolie\\\/trasporti-maria-stella-gelmini-bene-proroga-dat-per-collegamento-aereo-sicilia-isole-minori\\\/eolie-news\\\/\"]}]},{\"@type\":\"ImageObject\",\"inLanguage\":\"it-IT\",\"@id\":\"https:\\\/\\\/www.isoleolie.it\\\/eolie\\\/trasporti-maria-stella-gelmini-bene-proroga-dat-per-collegamento-aereo-sicilia-isole-minori\\\/eolie-news\\\/#primaryimage\",\"url\":\"https:\\\/\\\/www.isoleolie.it\\\/eolie\\\/wp-content\\\/uploads\\\/2022\\\/05\\\/212920049_4418020781575772_2673700898734408092_n.jpg\",\"contentUrl\":\"https:\\\/\\\/www.isoleolie.it\\\/eolie\\\/wp-content\\\/uploads\\\/2022\\\/05\\\/212920049_4418020781575772_2673700898734408092_n.jpg\",\"width\":601,\"height\":600},{\"@type\":\"BreadcrumbList\",\"@id\":\"https:\\\/\\\/www.isoleolie.it\\\/eolie\\\/trasporti-maria-stella-gelmini-bene-proroga-dat-per-collegamento-aereo-sicilia-isole-minori\\\/eolie-news\\\/#breadcrumb\",\"itemListElement\":[{\"@type\":\"ListItem\",\"position\":1,\"name\":\"Home\",\"item\":\"https:\\\/\\\/www.isoleolie.it\\\/eolie\\\/\"},{\"@type\":\"ListItem\",\"position\":2,\"name\":\"Trasporti: Maria Stella Gelmini, bene proroga Dat per collegamento aereo Sicilia-isole minori\"}]},{\"@type\":\"WebSite\",\"@id\":\"https:\\\/\\\/www.isoleolie.it\\\/eolie\\\/#website\",\"url\":\"https:\\\/\\\/www.isoleolie.it\\\/eolie\\\/\",\"name\":\"ISOLE EOLIE Turismo e Vacanze alle Isole Eolie Hotel B&B Residence Case Vacanza\",\"description\":\"The first and official tourism site for the Aeolian Islands\",\"publisher\":{\"@id\":\"https:\\\/\\\/www.isoleolie.it\\\/eolie\\\/#organization\"},\"potentialAction\":[{\"@type\":\"SearchAction\",\"target\":{\"@type\":\"EntryPoint\",\"urlTemplate\":\"https:\\\/\\\/www.isoleolie.it\\\/eolie\\\/?s={search_term_string}\"},\"query-input\":{\"@type\":\"PropertyValueSpecification\",\"valueRequired\":true,\"valueName\":\"search_term_string\"}}],\"inLanguage\":\"it-IT\"},{\"@type\":\"Organization\",\"@id\":\"https:\\\/\\\/www.isoleolie.it\\\/eolie\\\/#organization\",\"name\":\"ISOLE EOLIE\",\"url\":\"https:\\\/\\\/www.isoleolie.it\\\/eolie\\\/\",\"logo\":{\"@type\":\"ImageObject\",\"inLanguage\":\"it-IT\",\"@id\":\"https:\\\/\\\/www.isoleolie.it\\\/eolie\\\/#\\\/schema\\\/logo\\\/image\\\/\",\"url\":\"https:\\\/\\\/www.isoleolie.it\\\/eolie\\\/wp-content\\\/uploads\\\/2024\\\/11\\\/oMv8p0-4_400x400.jpg\",\"contentUrl\":\"https:\\\/\\\/www.isoleolie.it\\\/eolie\\\/wp-content\\\/uploads\\\/2024\\\/11\\\/oMv8p0-4_400x400.jpg\",\"width\":400,\"height\":400,\"caption\":\"ISOLE EOLIE\"},\"image\":{\"@id\":\"https:\\\/\\\/www.isoleolie.it\\\/eolie\\\/#\\\/schema\\\/logo\\\/image\\\/\"}},{\"@type\":\"Person\",\"@id\":\"https:\\\/\\\/www.isoleolie.it\\\/eolie\\\/#\\\/schema\\\/person\\\/4c400db26884d9f212712636db6c1746\",\"name\":\"Tourism Manager\",\"image\":{\"@type\":\"ImageObject\",\"inLanguage\":\"it-IT\",\"@id\":\"https:\\\/\\\/secure.gravatar.com\\\/avatar\\\/3446a46a5f1bdb4055f313474780b529660445bd2d0364f2472d83fd63ed9bbc?s=96&d=mm&r=g\",\"url\":\"https:\\\/\\\/secure.gravatar.com\\\/avatar\\\/3446a46a5f1bdb4055f313474780b529660445bd2d0364f2472d83fd63ed9bbc?s=96&d=mm&r=g\",\"contentUrl\":\"https:\\\/\\\/secure.gravatar.com\\\/avatar\\\/3446a46a5f1bdb4055f313474780b529660445bd2d0364f2472d83fd63ed9bbc?s=96&d=mm&r=g\",\"caption\":\"Tourism Manager\"},\"description\":\"Che cos'\u00e8 un manager del turismo? Tecnicamente, un manager del turismo \u00e8 un nome dato a qualsiasi professionista della gestione che lavora in un'azienda collegata all'industria del turismo. Ci\u00f2 include i direttori generali, che si assumono la responsabilit\u00e0 generale di garantire che le operazioni quotidiane si svolgano senza intoppi, ma includono anche i singoli responsabili di reparto all'interno delle aziende. Il ruolo di manager del turismo implica la supervisione delle operazioni all'interno di un'impresa o organizzazione turistica. \u00c8 una posizione di alto livello, che richiede una comprensione approfondita dei concetti di gestione e dell'industria nel suo insieme.\",\"sameAs\":[\"https:\\\/\\\/www.isoleolie.it\\\/\"],\"url\":\"https:\\\/\\\/www.isoleolie.it\\\/eolie\\\/author\\\/isoleolie_2\\\/\"}]}<\/script>\r\n<!-- \/ Yoast SEO plugin. -->","yoast_head_json":{"title":"Trasporti: Maria Stella Gelmini, bene proroga Dat per collegamento aereo Sicilia-isole minori - ISOLE EOLIE Turismo e Vacanze Hotel B&amp;B Residence Case Vacanza","robots":{"index":"index","follow":"follow","max-snippet":"max-snippet:-1","max-image-preview":"max-image-preview:large","max-video-preview":"max-video-preview:-1"},"canonical":"https:\/\/www.isoleolie.it\/eolie\/trasporti-maria-stella-gelmini-bene-proroga-dat-per-collegamento-aereo-sicilia-isole-minori\/eolie-news\/","og_locale":"it_IT","og_type":"article","og_title":"Trasporti: Maria Stella Gelmini, bene proroga Dat per collegamento aereo Sicilia-isole minori - ISOLE EOLIE Turismo e Vacanze Hotel B&amp;B Residence Case Vacanza","og_description":"\u201cLa firma del decreto di proroga della continuit\u00e0 territoriale per le isole di Lampedusa e Pantelleria \u00e8 un\u2019ottima notizia. Diamo cos\u00ec certezza di poter contare sui collegamenti aerei, attraverso la compagnia Dat, con la Sicilia in apertura della stagione estiva. \u00c8 la soluzione alla quale abbiamo lavorato da mesi assieme al collega Giovannini, all\u2019assessore Falcone, [&hellip;]","og_url":"https:\/\/www.isoleolie.it\/eolie\/trasporti-maria-stella-gelmini-bene-proroga-dat-per-collegamento-aereo-sicilia-isole-minori\/eolie-news\/","og_site_name":"ISOLE EOLIE Turismo e Vacanze Hotel B&amp;B Residence Case Vacanza","article_published_time":"2022-05-27T07:28:36+00:00","og_image":[{"width":601,"height":600,"url":"https:\/\/www.isoleolie.it\/eolie\/wp-content\/uploads\/2022\/05\/212920049_4418020781575772_2673700898734408092_n.jpg","type":"image\/jpeg"}],"author":"Tourism Manager","twitter_card":"summary_large_image","twitter_misc":{"Scritto da":"Tourism Manager","Tempo di lettura stimato":"1 minuto"},"schema":{"@context":"https:\/\/schema.org","@graph":[{"@type":"Article","@id":"https:\/\/www.isoleolie.it\/eolie\/trasporti-maria-stella-gelmini-bene-proroga-dat-per-collegamento-aereo-sicilia-isole-minori\/eolie-news\/#article","isPartOf":{"@id":"https:\/\/www.isoleolie.it\/eolie\/trasporti-maria-stella-gelmini-bene-proroga-dat-per-collegamento-aereo-sicilia-isole-minori\/eolie-news\/"},"author":{"name":"Tourism Manager","@id":"https:\/\/www.isoleolie.it\/eolie\/#\/schema\/person\/4c400db26884d9f212712636db6c1746"},"headline":"Trasporti: Maria Stella Gelmini, bene proroga Dat per collegamento aereo Sicilia-isole minori","datePublished":"2022-05-27T07:28:36+00:00","mainEntityOfPage":{"@id":"https:\/\/www.isoleolie.it\/eolie\/trasporti-maria-stella-gelmini-bene-proroga-dat-per-collegamento-aereo-sicilia-isole-minori\/eolie-news\/"},"wordCount":172,"publisher":{"@id":"https:\/\/www.isoleolie.it\/eolie\/#organization"},"image":{"@id":"https:\/\/www.isoleolie.it\/eolie\/trasporti-maria-stella-gelmini-bene-proroga-dat-per-collegamento-aereo-sicilia-isole-minori\/eolie-news\/#primaryimage"},"thumbnailUrl":"https:\/\/www.isoleolie.it\/eolie\/wp-content\/uploads\/2022\/05\/212920049_4418020781575772_2673700898734408092_n.jpg","articleSection":["NEWS"],"inLanguage":"it-IT"},{"@type":"WebPage","@id":"https:\/\/www.isoleolie.it\/eolie\/trasporti-maria-stella-gelmini-bene-proroga-dat-per-collegamento-aereo-sicilia-isole-minori\/eolie-news\/","url":"https:\/\/www.isoleolie.it\/eolie\/trasporti-maria-stella-gelmini-bene-proroga-dat-per-collegamento-aereo-sicilia-isole-minori\/eolie-news\/","name":"Trasporti: Maria Stella Gelmini, bene proroga Dat per collegamento aereo Sicilia-isole minori - ISOLE EOLIE Turismo e Vacanze Hotel B&amp;B Residence Case Vacanza","isPartOf":{"@id":"https:\/\/www.isoleolie.it\/eolie\/#website"},"primaryImageOfPage":{"@id":"https:\/\/www.isoleolie.it\/eolie\/trasporti-maria-stella-gelmini-bene-proroga-dat-per-collegamento-aereo-sicilia-isole-minori\/eolie-news\/#primaryimage"},"image":{"@id":"https:\/\/www.isoleolie.it\/eolie\/trasporti-maria-stella-gelmini-bene-proroga-dat-per-collegamento-aereo-sicilia-isole-minori\/eolie-news\/#primaryimage"},"thumbnailUrl":"https:\/\/www.isoleolie.it\/eolie\/wp-content\/uploads\/2022\/05\/212920049_4418020781575772_2673700898734408092_n.jpg","datePublished":"2022-05-27T07:28:36+00:00","breadcrumb":{"@id":"https:\/\/www.isoleolie.it\/eolie\/trasporti-maria-stella-gelmini-bene-proroga-dat-per-collegamento-aereo-sicilia-isole-minori\/eolie-news\/#breadcrumb"},"inLanguage":"it-IT","potentialAction":[{"@type":"ReadAction","target":["https:\/\/www.isoleolie.it\/eolie\/trasporti-maria-stella-gelmini-bene-proroga-dat-per-collegamento-aereo-sicilia-isole-minori\/eolie-news\/"]}]},{"@type":"ImageObject","inLanguage":"it-IT","@id":"https:\/\/www.isoleolie.it\/eolie\/trasporti-maria-stella-gelmini-bene-proroga-dat-per-collegamento-aereo-sicilia-isole-minori\/eolie-news\/#primaryimage","url":"https:\/\/www.isoleolie.it\/eolie\/wp-content\/uploads\/2022\/05\/212920049_4418020781575772_2673700898734408092_n.jpg","contentUrl":"https:\/\/www.isoleolie.it\/eolie\/wp-content\/uploads\/2022\/05\/212920049_4418020781575772_2673700898734408092_n.jpg","width":601,"height":600},{"@type":"BreadcrumbList","@id":"https:\/\/www.isoleolie.it\/eolie\/trasporti-maria-stella-gelmini-bene-proroga-dat-per-collegamento-aereo-sicilia-isole-minori\/eolie-news\/#breadcrumb","itemListElement":[{"@type":"ListItem","position":1,"name":"Home","item":"https:\/\/www.isoleolie.it\/eolie\/"},{"@type":"ListItem","position":2,"name":"Trasporti: Maria Stella Gelmini, bene proroga Dat per collegamento aereo Sicilia-isole minori"}]},{"@type":"WebSite","@id":"https:\/\/www.isoleolie.it\/eolie\/#website","url":"https:\/\/www.isoleolie.it\/eolie\/","name":"ISOLE EOLIE Turismo e Vacanze alle Isole Eolie Hotel B&B Residence Case Vacanza","description":"The first and official tourism site for the Aeolian Islands","publisher":{"@id":"https:\/\/www.isoleolie.it\/eolie\/#organization"},"potentialAction":[{"@type":"SearchAction","target":{"@type":"EntryPoint","urlTemplate":"https:\/\/www.isoleolie.it\/eolie\/?s={search_term_string}"},"query-input":{"@type":"PropertyValueSpecification","valueRequired":true,"valueName":"search_term_string"}}],"inLanguage":"it-IT"},{"@type":"Organization","@id":"https:\/\/www.isoleolie.it\/eolie\/#organization","name":"ISOLE EOLIE","url":"https:\/\/www.isoleolie.it\/eolie\/","logo":{"@type":"ImageObject","inLanguage":"it-IT","@id":"https:\/\/www.isoleolie.it\/eolie\/#\/schema\/logo\/image\/","url":"https:\/\/www.isoleolie.it\/eolie\/wp-content\/uploads\/2024\/11\/oMv8p0-4_400x400.jpg","contentUrl":"https:\/\/www.isoleolie.it\/eolie\/wp-content\/uploads\/2024\/11\/oMv8p0-4_400x400.jpg","width":400,"height":400,"caption":"ISOLE EOLIE"},"image":{"@id":"https:\/\/www.isoleolie.it\/eolie\/#\/schema\/logo\/image\/"}},{"@type":"Person","@id":"https:\/\/www.isoleolie.it\/eolie\/#\/schema\/person\/4c400db26884d9f212712636db6c1746","name":"Tourism Manager","image":{"@type":"ImageObject","inLanguage":"it-IT","@id":"https:\/\/secure.gravatar.com\/avatar\/3446a46a5f1bdb4055f313474780b529660445bd2d0364f2472d83fd63ed9bbc?s=96&d=mm&r=g","url":"https:\/\/secure.gravatar.com\/avatar\/3446a46a5f1bdb4055f313474780b529660445bd2d0364f2472d83fd63ed9bbc?s=96&d=mm&r=g","contentUrl":"https:\/\/secure.gravatar.com\/avatar\/3446a46a5f1bdb4055f313474780b529660445bd2d0364f2472d83fd63ed9bbc?s=96&d=mm&r=g","caption":"Tourism Manager"},"description":"Che cos'\u00e8 un manager del turismo? Tecnicamente, un manager del turismo \u00e8 un nome dato a qualsiasi professionista della gestione che lavora in un'azienda collegata all'industria del turismo. Ci\u00f2 include i direttori generali, che si assumono la responsabilit\u00e0 generale di garantire che le operazioni quotidiane si svolgano senza intoppi, ma includono anche i singoli responsabili di reparto all'interno delle aziende. Il ruolo di manager del turismo implica la supervisione delle operazioni all'interno di un'impresa o organizzazione turistica. \u00c8 una posizione di alto livello, che richiede una comprensione approfondita dei concetti di gestione e dell'industria nel suo insieme.","sameAs":["https:\/\/www.isoleolie.it\/"],"url":"https:\/\/www.isoleolie.it\/eolie\/author\/isoleolie_2\/"}]}},"_links":{"self":[{"href":"https:\/\/www.isoleolie.it\/eolie\/wp-json\/wp\/v2\/posts\/1127","targetHints":{"allow":["GET"]}}],"collection":[{"href":"https:\/\/www.isoleolie.it\/eolie\/wp-json\/wp\/v2\/posts"}],"about":[{"href":"https:\/\/www.isoleolie.it\/eolie\/wp-json\/wp\/v2\/types\/post"}],"author":[{"embeddable":true,"href":"https:\/\/www.isoleolie.it\/eolie\/wp-json\/wp\/v2\/users\/1"}],"replies":[{"embeddable":true,"href":"https:\/\/www.isoleolie.it\/eolie\/wp-json\/wp\/v2\/comments?post=1127"}],"version-history":[{"count":1,"href":"https:\/\/www.isoleolie.it\/eolie\/wp-json\/wp\/v2\/posts\/1127\/revisions"}],"predecessor-version":[{"id":1129,"href":"https:\/\/www.isoleolie.it\/eolie\/wp-json\/wp\/v2\/posts\/1127\/revisions\/1129"}],"wp:featuredmedia":[{"embeddable":true,"href":"https:\/\/www.isoleolie.it\/eolie\/wp-json\/wp\/v2\/media\/1128"}],"wp:attachment":[{"href":"https:\/\/www.isoleolie.it\/eolie\/wp-json\/wp\/v2\/media?parent=1127"}],"wp:term":[{"taxonomy":"category","embeddable":true,"href":"https:\/\/www.isoleolie.it\/eolie\/wp-json\/wp\/v2\/categories?post=1127"},{"taxonomy":"post_tag","embeddable":true,"href":"https:\/\/www.isoleolie.it\/eolie\/wp-json\/wp\/v2\/tags?post=1127"}],"curies":[{"name":"wp","href":"https:\/\/api.w.org\/{rel}","templated":true}]}}