{"id":1070,"date":"2022-03-17T19:23:33","date_gmt":"2022-03-17T18:23:33","guid":{"rendered":"https:\/\/www.isoleolie.it\/eolie\/?p=1070"},"modified":"2022-03-17T19:23:33","modified_gmt":"2022-03-17T18:23:33","slug":"bit-di-milano-ecco-lavviso-della-regione-per-la-partecipazione-degli-operatori","status":"publish","type":"post","link":"https:\/\/www.isoleolie.it\/eolie\/bit-di-milano-ecco-lavviso-della-regione-per-la-partecipazione-degli-operatori\/eolie-news\/","title":{"rendered":"Bit di Milano, ecco l\u2019avviso della Regione per la partecipazione degli operatori"},"content":{"rendered":"<p>Sul sito dell\u2019assessorato regionale al Turismo \u00e8 stato pubblicato l\u2019Avviso per gli operatori per la partecipazione alla prossima BIT \u2013 Borsa internazionale del Turismo, che si svolger\u00e0 dal 10 al 12 aprile. Alla Bit la Regione parteciper\u00e0 con un proprio stand per promuovre il brand Sicilia e il progetto \u201cSee Sicily\u201d.<\/p>\n<p>Gli operatori turistici siciliani interessati a partecipare alla fiera e all\u2019apertura delle agende dovranno compilare l\u2019apposito\u00a0<strong><a href=\"https:\/\/bit.fieramilano.it\/content\/dam\/man-bit\/doc\/BIT_ISCRIZIONE_SELLER_ITA_edit.pdf\">modulo<\/a><\/strong>\u00a0di iscrizione che potr\u00e0 essere scaricato dal seguente link\u00a0<strong><a href=\"https:\/\/bit.fieramilano.it\/utility\/info-utili\/formulario.html\">https:\/\/bit.fieramilano.it\/utility\/info-utili\/formulario.html<\/a><\/strong> e inviarlo all\u2019indirizzo\u00a0 <a href=\"mailto:bit@fieramilano.it\">bit@fieramilano.it<\/a>.<\/p>\n<p>La segreteria di manifestazione invier\u00e0 alle candidature selezionate a suo insindacabile giudizio una e-mail di conferma con i dati bancari per il versamento della quota di adesione, pari a 25 euro (+iva). L\u2019operatore avr\u00e0 tre giorni di tempo per effettuare il pagamento, pena l\u2019invalidit\u00e0 della richiesta stessa. L\u2019organizzatore avr\u00e0 facolt\u00e0 di declinare l\u2019adesione agli operatori il cui formulario non sia completo e firmato in tutte le sue parti e il cui versamento della quota di partecipazione non sia effettuato nei tempi richiesti.\u00a0Le adesioni verranno accettate in numero limitato, compatibilmente con l\u2019area espositiva e sulla base dell\u2019ordine cronologico di arrivo della documentazione.<\/p>\n<p><script async src=\"https:\/\/pagead2.googlesyndication.com\/pagead\/js\/adsbygoogle.js?client=ca-pub-0374348204273382\" crossorigin=\"anonymous\"><\/script><br \/>\n<ins class=\"adsbygoogle\" style=\"display: block; text-align: center;\" data-ad-layout=\"in-article\" data-ad-format=\"fluid\" data-ad-client=\"ca-pub-0374348204273382\" data-ad-slot=\"7701142189\"><\/ins><br \/>\n<script>\n     (adsbygoogle = window.adsbygoogle || []).push({});\n<\/script><\/p>\n<h1>OFFERTE LAST MINUTE<\/h1>\n<p><ins class=\"bookingaff\" data-aid=\"2056245\" data-target_aid=\"2056245\" data-prod=\"dfl2\" data-width=\"100%\" data-height=\"auto\" data-lang=\"it\" data-dest_id=\"2322\" data-dest_type=\"region\" data-df_num_properties=\"6\"><br \/>\n<!-- Anything inside will go away once widget is loaded. --><br \/>\n<a href=\"\/\/www.booking.com?aid=2056245\">Booking.com<\/a><br \/>\n<\/ins><br \/>\n<script type=\"text\/javascript\">\n    (function(d, sc, u) {\n      var s = d.createElement(sc), p = d.getElementsByTagName(sc)[0];\n      s.type = 'text\/javascript';\n      s.async = true;\n      s.src = u + '?v=' + (+new Date());\n      p.parentNode.insertBefore(s,p);\n      })(document, 'script', '\/\/aff.bstatic.com\/static\/affiliate_base\/js\/flexiproduct.js');\n<\/script><\/p>\n","protected":false},"excerpt":{"rendered":"<p>Sul sito dell\u2019assessorato regionale al Turismo \u00e8 stato pubblicato l\u2019Avviso per gli operatori per la partecipazione alla prossima BIT \u2013 Borsa internazionale del Turismo, che si svolger\u00e0 dal 10 al 12 aprile. Alla Bit la Regione parteciper\u00e0 con un proprio stand per promuovre il brand Sicilia e il progetto \u201cSee Sicily\u201d. Gli operatori turistici siciliani [&hellip;]<\/p>\n","protected":false},"author":1,"featured_media":1039,"comment_status":"closed","ping_status":"closed","sticky":false,"template":"","format":"standard","meta":{"footnotes":""},"categories":[22],"tags":[],"class_list":["post-1070","post","type-post","status-publish","format-standard","has-post-thumbnail","hentry","category-eolie-news"],"yoast_head":"<!-- This site is optimized with the Yoast SEO plugin v27.5 - https:\/\/yoast.com\/product\/yoast-seo-wordpress\/ -->\r\n<title>Bit di Milano, ecco l\u2019avviso della Regione per la partecipazione degli operatori - ISOLE EOLIE Turismo e Vacanze Hotel B&amp;B Residence Case Vacanza<\/title>\r\n<meta name=\"description\" content=\"Borsa internazionale del Turismo, che si svolger\u00e0 dal 10 al 12 aprile. Alla Bit la Regione parteciper\u00e0 con un proprio stand per promuovre il brand Sicilia e il progetto \u201cSee Sicily\u201d.\" \/>\r\n<meta name=\"robots\" content=\"index, follow, max-snippet:-1, max-image-preview:large, max-video-preview:-1\" \/>\r\n<link rel=\"canonical\" href=\"https:\/\/www.isoleolie.it\/eolie\/bit-di-milano-ecco-lavviso-della-regione-per-la-partecipazione-degli-operatori\/eolie-news\/\" \/>\r\n<meta property=\"og:locale\" content=\"it_IT\" \/>\r\n<meta property=\"og:type\" content=\"article\" \/>\r\n<meta property=\"og:title\" content=\"Bit di Milano, ecco l\u2019avviso della Regione per la partecipazione degli operatori - ISOLE EOLIE Turismo e Vacanze Hotel B&amp;B Residence Case Vacanza\" \/>\r\n<meta property=\"og:description\" content=\"Borsa internazionale del Turismo, che si svolger\u00e0 dal 10 al 12 aprile. Alla Bit la Regione parteciper\u00e0 con un proprio stand per promuovre il brand Sicilia e il progetto \u201cSee Sicily\u201d.\" \/>\r\n<meta property=\"og:url\" content=\"https:\/\/www.isoleolie.it\/eolie\/bit-di-milano-ecco-lavviso-della-regione-per-la-partecipazione-degli-operatori\/eolie-news\/\" \/>\r\n<meta property=\"og:site_name\" content=\"ISOLE EOLIE Turismo e Vacanze Hotel B&amp;B Residence Case Vacanza\" \/>\r\n<meta property=\"article:published_time\" content=\"2022-03-17T18:23:33+00:00\" \/>\r\n<meta property=\"og:image\" content=\"https:\/\/www.isoleolie.it\/eolie\/wp-content\/uploads\/2022\/03\/BIT-2022-aprile-11.jpg\" \/>\r\n\t<meta property=\"og:image:width\" content=\"640\" \/>\r\n\t<meta property=\"og:image:height\" content=\"480\" \/>\r\n\t<meta property=\"og:image:type\" content=\"image\/jpeg\" \/>\r\n<meta name=\"author\" content=\"Tourism Manager\" \/>\r\n<meta name=\"twitter:card\" content=\"summary_large_image\" \/>\r\n<meta name=\"twitter:label1\" content=\"Scritto da\" \/>\n\t<meta name=\"twitter:data1\" content=\"Tourism Manager\" \/>\n\t<meta name=\"twitter:label2\" content=\"Tempo di lettura stimato\" \/>\n\t<meta name=\"twitter:data2\" content=\"2 minuti\" \/>\r\n<script type=\"application\/ld+json\" class=\"yoast-schema-graph\">{\"@context\":\"https:\\\/\\\/schema.org\",\"@graph\":[{\"@type\":\"Article\",\"@id\":\"https:\\\/\\\/www.isoleolie.it\\\/eolie\\\/bit-di-milano-ecco-lavviso-della-regione-per-la-partecipazione-degli-operatori\\\/eolie-news\\\/#article\",\"isPartOf\":{\"@id\":\"https:\\\/\\\/www.isoleolie.it\\\/eolie\\\/bit-di-milano-ecco-lavviso-della-regione-per-la-partecipazione-degli-operatori\\\/eolie-news\\\/\"},\"author\":{\"name\":\"Tourism Manager\",\"@id\":\"https:\\\/\\\/www.isoleolie.it\\\/eolie\\\/#\\\/schema\\\/person\\\/4c400db26884d9f212712636db6c1746\"},\"headline\":\"Bit di Milano, ecco l\u2019avviso della Regione per la partecipazione degli operatori\",\"datePublished\":\"2022-03-17T18:23:33+00:00\",\"mainEntityOfPage\":{\"@id\":\"https:\\\/\\\/www.isoleolie.it\\\/eolie\\\/bit-di-milano-ecco-lavviso-della-regione-per-la-partecipazione-degli-operatori\\\/eolie-news\\\/\"},\"wordCount\":217,\"publisher\":{\"@id\":\"https:\\\/\\\/www.isoleolie.it\\\/eolie\\\/#organization\"},\"image\":{\"@id\":\"https:\\\/\\\/www.isoleolie.it\\\/eolie\\\/bit-di-milano-ecco-lavviso-della-regione-per-la-partecipazione-degli-operatori\\\/eolie-news\\\/#primaryimage\"},\"thumbnailUrl\":\"https:\\\/\\\/www.isoleolie.it\\\/eolie\\\/wp-content\\\/uploads\\\/2022\\\/03\\\/BIT-2022-aprile-11.jpg\",\"articleSection\":[\"NEWS\"],\"inLanguage\":\"it-IT\"},{\"@type\":\"WebPage\",\"@id\":\"https:\\\/\\\/www.isoleolie.it\\\/eolie\\\/bit-di-milano-ecco-lavviso-della-regione-per-la-partecipazione-degli-operatori\\\/eolie-news\\\/\",\"url\":\"https:\\\/\\\/www.isoleolie.it\\\/eolie\\\/bit-di-milano-ecco-lavviso-della-regione-per-la-partecipazione-degli-operatori\\\/eolie-news\\\/\",\"name\":\"Bit di Milano, ecco l\u2019avviso della Regione per la partecipazione degli operatori - ISOLE EOLIE Turismo e Vacanze Hotel B&amp;B Residence Case Vacanza\",\"isPartOf\":{\"@id\":\"https:\\\/\\\/www.isoleolie.it\\\/eolie\\\/#website\"},\"primaryImageOfPage\":{\"@id\":\"https:\\\/\\\/www.isoleolie.it\\\/eolie\\\/bit-di-milano-ecco-lavviso-della-regione-per-la-partecipazione-degli-operatori\\\/eolie-news\\\/#primaryimage\"},\"image\":{\"@id\":\"https:\\\/\\\/www.isoleolie.it\\\/eolie\\\/bit-di-milano-ecco-lavviso-della-regione-per-la-partecipazione-degli-operatori\\\/eolie-news\\\/#primaryimage\"},\"thumbnailUrl\":\"https:\\\/\\\/www.isoleolie.it\\\/eolie\\\/wp-content\\\/uploads\\\/2022\\\/03\\\/BIT-2022-aprile-11.jpg\",\"datePublished\":\"2022-03-17T18:23:33+00:00\",\"description\":\"Borsa internazionale del Turismo, che si svolger\u00e0 dal 10 al 12 aprile. Alla Bit la Regione parteciper\u00e0 con un proprio stand per promuovre il brand Sicilia e il progetto \u201cSee Sicily\u201d.\",\"breadcrumb\":{\"@id\":\"https:\\\/\\\/www.isoleolie.it\\\/eolie\\\/bit-di-milano-ecco-lavviso-della-regione-per-la-partecipazione-degli-operatori\\\/eolie-news\\\/#breadcrumb\"},\"inLanguage\":\"it-IT\",\"potentialAction\":[{\"@type\":\"ReadAction\",\"target\":[\"https:\\\/\\\/www.isoleolie.it\\\/eolie\\\/bit-di-milano-ecco-lavviso-della-regione-per-la-partecipazione-degli-operatori\\\/eolie-news\\\/\"]}]},{\"@type\":\"ImageObject\",\"inLanguage\":\"it-IT\",\"@id\":\"https:\\\/\\\/www.isoleolie.it\\\/eolie\\\/bit-di-milano-ecco-lavviso-della-regione-per-la-partecipazione-degli-operatori\\\/eolie-news\\\/#primaryimage\",\"url\":\"https:\\\/\\\/www.isoleolie.it\\\/eolie\\\/wp-content\\\/uploads\\\/2022\\\/03\\\/BIT-2022-aprile-11.jpg\",\"contentUrl\":\"https:\\\/\\\/www.isoleolie.it\\\/eolie\\\/wp-content\\\/uploads\\\/2022\\\/03\\\/BIT-2022-aprile-11.jpg\",\"width\":640,\"height\":480},{\"@type\":\"BreadcrumbList\",\"@id\":\"https:\\\/\\\/www.isoleolie.it\\\/eolie\\\/bit-di-milano-ecco-lavviso-della-regione-per-la-partecipazione-degli-operatori\\\/eolie-news\\\/#breadcrumb\",\"itemListElement\":[{\"@type\":\"ListItem\",\"position\":1,\"name\":\"Home\",\"item\":\"https:\\\/\\\/www.isoleolie.it\\\/eolie\\\/\"},{\"@type\":\"ListItem\",\"position\":2,\"name\":\"Bit di Milano, ecco l\u2019avviso della Regione per la partecipazione degli operatori\"}]},{\"@type\":\"WebSite\",\"@id\":\"https:\\\/\\\/www.isoleolie.it\\\/eolie\\\/#website\",\"url\":\"https:\\\/\\\/www.isoleolie.it\\\/eolie\\\/\",\"name\":\"ISOLE EOLIE Turismo e Vacanze alle Isole Eolie Hotel B&B Residence Case Vacanza\",\"description\":\"The first and official tourism site for the Aeolian Islands\",\"publisher\":{\"@id\":\"https:\\\/\\\/www.isoleolie.it\\\/eolie\\\/#organization\"},\"potentialAction\":[{\"@type\":\"SearchAction\",\"target\":{\"@type\":\"EntryPoint\",\"urlTemplate\":\"https:\\\/\\\/www.isoleolie.it\\\/eolie\\\/?s={search_term_string}\"},\"query-input\":{\"@type\":\"PropertyValueSpecification\",\"valueRequired\":true,\"valueName\":\"search_term_string\"}}],\"inLanguage\":\"it-IT\"},{\"@type\":\"Organization\",\"@id\":\"https:\\\/\\\/www.isoleolie.it\\\/eolie\\\/#organization\",\"name\":\"ISOLE EOLIE\",\"url\":\"https:\\\/\\\/www.isoleolie.it\\\/eolie\\\/\",\"logo\":{\"@type\":\"ImageObject\",\"inLanguage\":\"it-IT\",\"@id\":\"https:\\\/\\\/www.isoleolie.it\\\/eolie\\\/#\\\/schema\\\/logo\\\/image\\\/\",\"url\":\"https:\\\/\\\/www.isoleolie.it\\\/eolie\\\/wp-content\\\/uploads\\\/2024\\\/11\\\/oMv8p0-4_400x400.jpg\",\"contentUrl\":\"https:\\\/\\\/www.isoleolie.it\\\/eolie\\\/wp-content\\\/uploads\\\/2024\\\/11\\\/oMv8p0-4_400x400.jpg\",\"width\":400,\"height\":400,\"caption\":\"ISOLE EOLIE\"},\"image\":{\"@id\":\"https:\\\/\\\/www.isoleolie.it\\\/eolie\\\/#\\\/schema\\\/logo\\\/image\\\/\"}},{\"@type\":\"Person\",\"@id\":\"https:\\\/\\\/www.isoleolie.it\\\/eolie\\\/#\\\/schema\\\/person\\\/4c400db26884d9f212712636db6c1746\",\"name\":\"Tourism Manager\",\"image\":{\"@type\":\"ImageObject\",\"inLanguage\":\"it-IT\",\"@id\":\"https:\\\/\\\/secure.gravatar.com\\\/avatar\\\/3446a46a5f1bdb4055f313474780b529660445bd2d0364f2472d83fd63ed9bbc?s=96&d=mm&r=g\",\"url\":\"https:\\\/\\\/secure.gravatar.com\\\/avatar\\\/3446a46a5f1bdb4055f313474780b529660445bd2d0364f2472d83fd63ed9bbc?s=96&d=mm&r=g\",\"contentUrl\":\"https:\\\/\\\/secure.gravatar.com\\\/avatar\\\/3446a46a5f1bdb4055f313474780b529660445bd2d0364f2472d83fd63ed9bbc?s=96&d=mm&r=g\",\"caption\":\"Tourism Manager\"},\"description\":\"Che cos'\u00e8 un manager del turismo? Tecnicamente, un manager del turismo \u00e8 un nome dato a qualsiasi professionista della gestione che lavora in un'azienda collegata all'industria del turismo. Ci\u00f2 include i direttori generali, che si assumono la responsabilit\u00e0 generale di garantire che le operazioni quotidiane si svolgano senza intoppi, ma includono anche i singoli responsabili di reparto all'interno delle aziende. Il ruolo di manager del turismo implica la supervisione delle operazioni all'interno di un'impresa o organizzazione turistica. \u00c8 una posizione di alto livello, che richiede una comprensione approfondita dei concetti di gestione e dell'industria nel suo insieme.\",\"sameAs\":[\"https:\\\/\\\/www.isoleolie.it\\\/\"],\"url\":\"https:\\\/\\\/www.isoleolie.it\\\/eolie\\\/author\\\/isoleolie_2\\\/\"}]}<\/script>\r\n<!-- \/ Yoast SEO plugin. -->","yoast_head_json":{"title":"Bit di Milano, ecco l\u2019avviso della Regione per la partecipazione degli operatori - ISOLE EOLIE Turismo e Vacanze Hotel B&amp;B Residence Case Vacanza","description":"Borsa internazionale del Turismo, che si svolger\u00e0 dal 10 al 12 aprile. Alla Bit la Regione parteciper\u00e0 con un proprio stand per promuovre il brand Sicilia e il progetto \u201cSee Sicily\u201d.","robots":{"index":"index","follow":"follow","max-snippet":"max-snippet:-1","max-image-preview":"max-image-preview:large","max-video-preview":"max-video-preview:-1"},"canonical":"https:\/\/www.isoleolie.it\/eolie\/bit-di-milano-ecco-lavviso-della-regione-per-la-partecipazione-degli-operatori\/eolie-news\/","og_locale":"it_IT","og_type":"article","og_title":"Bit di Milano, ecco l\u2019avviso della Regione per la partecipazione degli operatori - ISOLE EOLIE Turismo e Vacanze Hotel B&amp;B Residence Case Vacanza","og_description":"Borsa internazionale del Turismo, che si svolger\u00e0 dal 10 al 12 aprile. Alla Bit la Regione parteciper\u00e0 con un proprio stand per promuovre il brand Sicilia e il progetto \u201cSee Sicily\u201d.","og_url":"https:\/\/www.isoleolie.it\/eolie\/bit-di-milano-ecco-lavviso-della-regione-per-la-partecipazione-degli-operatori\/eolie-news\/","og_site_name":"ISOLE EOLIE Turismo e Vacanze Hotel B&amp;B Residence Case Vacanza","article_published_time":"2022-03-17T18:23:33+00:00","og_image":[{"width":640,"height":480,"url":"https:\/\/www.isoleolie.it\/eolie\/wp-content\/uploads\/2022\/03\/BIT-2022-aprile-11.jpg","type":"image\/jpeg"}],"author":"Tourism Manager","twitter_card":"summary_large_image","twitter_misc":{"Scritto da":"Tourism Manager","Tempo di lettura stimato":"2 minuti"},"schema":{"@context":"https:\/\/schema.org","@graph":[{"@type":"Article","@id":"https:\/\/www.isoleolie.it\/eolie\/bit-di-milano-ecco-lavviso-della-regione-per-la-partecipazione-degli-operatori\/eolie-news\/#article","isPartOf":{"@id":"https:\/\/www.isoleolie.it\/eolie\/bit-di-milano-ecco-lavviso-della-regione-per-la-partecipazione-degli-operatori\/eolie-news\/"},"author":{"name":"Tourism Manager","@id":"https:\/\/www.isoleolie.it\/eolie\/#\/schema\/person\/4c400db26884d9f212712636db6c1746"},"headline":"Bit di Milano, ecco l\u2019avviso della Regione per la partecipazione degli operatori","datePublished":"2022-03-17T18:23:33+00:00","mainEntityOfPage":{"@id":"https:\/\/www.isoleolie.it\/eolie\/bit-di-milano-ecco-lavviso-della-regione-per-la-partecipazione-degli-operatori\/eolie-news\/"},"wordCount":217,"publisher":{"@id":"https:\/\/www.isoleolie.it\/eolie\/#organization"},"image":{"@id":"https:\/\/www.isoleolie.it\/eolie\/bit-di-milano-ecco-lavviso-della-regione-per-la-partecipazione-degli-operatori\/eolie-news\/#primaryimage"},"thumbnailUrl":"https:\/\/www.isoleolie.it\/eolie\/wp-content\/uploads\/2022\/03\/BIT-2022-aprile-11.jpg","articleSection":["NEWS"],"inLanguage":"it-IT"},{"@type":"WebPage","@id":"https:\/\/www.isoleolie.it\/eolie\/bit-di-milano-ecco-lavviso-della-regione-per-la-partecipazione-degli-operatori\/eolie-news\/","url":"https:\/\/www.isoleolie.it\/eolie\/bit-di-milano-ecco-lavviso-della-regione-per-la-partecipazione-degli-operatori\/eolie-news\/","name":"Bit di Milano, ecco l\u2019avviso della Regione per la partecipazione degli operatori - ISOLE EOLIE Turismo e Vacanze Hotel B&amp;B Residence Case Vacanza","isPartOf":{"@id":"https:\/\/www.isoleolie.it\/eolie\/#website"},"primaryImageOfPage":{"@id":"https:\/\/www.isoleolie.it\/eolie\/bit-di-milano-ecco-lavviso-della-regione-per-la-partecipazione-degli-operatori\/eolie-news\/#primaryimage"},"image":{"@id":"https:\/\/www.isoleolie.it\/eolie\/bit-di-milano-ecco-lavviso-della-regione-per-la-partecipazione-degli-operatori\/eolie-news\/#primaryimage"},"thumbnailUrl":"https:\/\/www.isoleolie.it\/eolie\/wp-content\/uploads\/2022\/03\/BIT-2022-aprile-11.jpg","datePublished":"2022-03-17T18:23:33+00:00","description":"Borsa internazionale del Turismo, che si svolger\u00e0 dal 10 al 12 aprile. Alla Bit la Regione parteciper\u00e0 con un proprio stand per promuovre il brand Sicilia e il progetto \u201cSee Sicily\u201d.","breadcrumb":{"@id":"https:\/\/www.isoleolie.it\/eolie\/bit-di-milano-ecco-lavviso-della-regione-per-la-partecipazione-degli-operatori\/eolie-news\/#breadcrumb"},"inLanguage":"it-IT","potentialAction":[{"@type":"ReadAction","target":["https:\/\/www.isoleolie.it\/eolie\/bit-di-milano-ecco-lavviso-della-regione-per-la-partecipazione-degli-operatori\/eolie-news\/"]}]},{"@type":"ImageObject","inLanguage":"it-IT","@id":"https:\/\/www.isoleolie.it\/eolie\/bit-di-milano-ecco-lavviso-della-regione-per-la-partecipazione-degli-operatori\/eolie-news\/#primaryimage","url":"https:\/\/www.isoleolie.it\/eolie\/wp-content\/uploads\/2022\/03\/BIT-2022-aprile-11.jpg","contentUrl":"https:\/\/www.isoleolie.it\/eolie\/wp-content\/uploads\/2022\/03\/BIT-2022-aprile-11.jpg","width":640,"height":480},{"@type":"BreadcrumbList","@id":"https:\/\/www.isoleolie.it\/eolie\/bit-di-milano-ecco-lavviso-della-regione-per-la-partecipazione-degli-operatori\/eolie-news\/#breadcrumb","itemListElement":[{"@type":"ListItem","position":1,"name":"Home","item":"https:\/\/www.isoleolie.it\/eolie\/"},{"@type":"ListItem","position":2,"name":"Bit di Milano, ecco l\u2019avviso della Regione per la partecipazione degli operatori"}]},{"@type":"WebSite","@id":"https:\/\/www.isoleolie.it\/eolie\/#website","url":"https:\/\/www.isoleolie.it\/eolie\/","name":"ISOLE EOLIE Turismo e Vacanze alle Isole Eolie Hotel B&B Residence Case Vacanza","description":"The first and official tourism site for the Aeolian Islands","publisher":{"@id":"https:\/\/www.isoleolie.it\/eolie\/#organization"},"potentialAction":[{"@type":"SearchAction","target":{"@type":"EntryPoint","urlTemplate":"https:\/\/www.isoleolie.it\/eolie\/?s={search_term_string}"},"query-input":{"@type":"PropertyValueSpecification","valueRequired":true,"valueName":"search_term_string"}}],"inLanguage":"it-IT"},{"@type":"Organization","@id":"https:\/\/www.isoleolie.it\/eolie\/#organization","name":"ISOLE EOLIE","url":"https:\/\/www.isoleolie.it\/eolie\/","logo":{"@type":"ImageObject","inLanguage":"it-IT","@id":"https:\/\/www.isoleolie.it\/eolie\/#\/schema\/logo\/image\/","url":"https:\/\/www.isoleolie.it\/eolie\/wp-content\/uploads\/2024\/11\/oMv8p0-4_400x400.jpg","contentUrl":"https:\/\/www.isoleolie.it\/eolie\/wp-content\/uploads\/2024\/11\/oMv8p0-4_400x400.jpg","width":400,"height":400,"caption":"ISOLE EOLIE"},"image":{"@id":"https:\/\/www.isoleolie.it\/eolie\/#\/schema\/logo\/image\/"}},{"@type":"Person","@id":"https:\/\/www.isoleolie.it\/eolie\/#\/schema\/person\/4c400db26884d9f212712636db6c1746","name":"Tourism Manager","image":{"@type":"ImageObject","inLanguage":"it-IT","@id":"https:\/\/secure.gravatar.com\/avatar\/3446a46a5f1bdb4055f313474780b529660445bd2d0364f2472d83fd63ed9bbc?s=96&d=mm&r=g","url":"https:\/\/secure.gravatar.com\/avatar\/3446a46a5f1bdb4055f313474780b529660445bd2d0364f2472d83fd63ed9bbc?s=96&d=mm&r=g","contentUrl":"https:\/\/secure.gravatar.com\/avatar\/3446a46a5f1bdb4055f313474780b529660445bd2d0364f2472d83fd63ed9bbc?s=96&d=mm&r=g","caption":"Tourism Manager"},"description":"Che cos'\u00e8 un manager del turismo? Tecnicamente, un manager del turismo \u00e8 un nome dato a qualsiasi professionista della gestione che lavora in un'azienda collegata all'industria del turismo. Ci\u00f2 include i direttori generali, che si assumono la responsabilit\u00e0 generale di garantire che le operazioni quotidiane si svolgano senza intoppi, ma includono anche i singoli responsabili di reparto all'interno delle aziende. Il ruolo di manager del turismo implica la supervisione delle operazioni all'interno di un'impresa o organizzazione turistica. \u00c8 una posizione di alto livello, che richiede una comprensione approfondita dei concetti di gestione e dell'industria nel suo insieme.","sameAs":["https:\/\/www.isoleolie.it\/"],"url":"https:\/\/www.isoleolie.it\/eolie\/author\/isoleolie_2\/"}]}},"_links":{"self":[{"href":"https:\/\/www.isoleolie.it\/eolie\/wp-json\/wp\/v2\/posts\/1070","targetHints":{"allow":["GET"]}}],"collection":[{"href":"https:\/\/www.isoleolie.it\/eolie\/wp-json\/wp\/v2\/posts"}],"about":[{"href":"https:\/\/www.isoleolie.it\/eolie\/wp-json\/wp\/v2\/types\/post"}],"author":[{"embeddable":true,"href":"https:\/\/www.isoleolie.it\/eolie\/wp-json\/wp\/v2\/users\/1"}],"replies":[{"embeddable":true,"href":"https:\/\/www.isoleolie.it\/eolie\/wp-json\/wp\/v2\/comments?post=1070"}],"version-history":[{"count":1,"href":"https:\/\/www.isoleolie.it\/eolie\/wp-json\/wp\/v2\/posts\/1070\/revisions"}],"predecessor-version":[{"id":1071,"href":"https:\/\/www.isoleolie.it\/eolie\/wp-json\/wp\/v2\/posts\/1070\/revisions\/1071"}],"wp:featuredmedia":[{"embeddable":true,"href":"https:\/\/www.isoleolie.it\/eolie\/wp-json\/wp\/v2\/media\/1039"}],"wp:attachment":[{"href":"https:\/\/www.isoleolie.it\/eolie\/wp-json\/wp\/v2\/media?parent=1070"}],"wp:term":[{"taxonomy":"category","embeddable":true,"href":"https:\/\/www.isoleolie.it\/eolie\/wp-json\/wp\/v2\/categories?post=1070"},{"taxonomy":"post_tag","embeddable":true,"href":"https:\/\/www.isoleolie.it\/eolie\/wp-json\/wp\/v2\/tags?post=1070"}],"curies":[{"name":"wp","href":"https:\/\/api.w.org\/{rel}","templated":true}]}}